{"id":1248,"date":"2021-08-28T10:15:44","date_gmt":"2021-08-28T15:15:44","guid":{"rendered":"https:\/\/fai.org.co\/serintegral\/?p=1248"},"modified":"2021-08-31T01:00:20","modified_gmt":"2021-08-31T06:00:20","slug":"informarse-para-derribar-el-estigma-hepatitis-c","status":"publish","type":"post","link":"https:\/\/fai.org.co\/serintegral\/hepatitis-c\/informarse-para-derribar-el-estigma-hepatitis-c\/","title":{"rendered":"Informarse para derribar el estigma"},"content":{"rendered":"<h2>Mientras que algunas enfermedades cr\u00f3nicas despiertan la compasi\u00f3n y tolerancia de algunos, existen otras que, por el contrario, son percibidas de manera negativa causando un componente de discriminaci\u00f3n y estigma para las personas que viven con ellas, como el caso de las personas que viven con VIH y\/o hepatitis C (VHC). Debido a que las personas creen que estas son dolencias que las personas se han buscado, por pr\u00e1cticas sexuales o por el uso de drogas.<\/h2>\n<p>La discriminaci\u00f3n y el estigma hacen que para las personas que viven con VHC existan retos adicionales a los propios de la enfermedad. <strong><em>\u201cLos hallazgos muestran que el estigma no solo afecta la capacidad de una persona para acceder a diagn\u00f3sticos y tratamientos, sino que tambi\u00e9n afecta su vida personal, su salud mental y su capacidad para trabajar, aprender y mantener relaciones\u201d<\/em><\/strong>, afirma <a href=\"https:\/\/asscat-hepatitis.org\/el-presidente-de-world-hepatitis-alliance-michael-ninburg-habla-en-la-conferencia-sobre-hepatitis-viral-de-australasia-la-eliminacion-de-la-hepatitis-viral-no-se-lograra-sin-la-participacio\/\" target=\"_blank\" rel=\"noopener\"><em>Michael Ninburg, presidente de World Hepatitis Alliance, a Yahoo Lifestyle<\/em><\/a>.<\/p>\n<h4><strong>Aunque existen m\u00faltiples factores y situaciones de riesgo en las que las personas pueden contraer la infecci\u00f3n, en muchos casos se ven obligados a explicar su diagn\u00f3stico a\u00f1adiendo a su cuadro, el estr\u00e9s que puede causar la presi\u00f3n social.<\/strong><\/h4>\n<p><strong><em>\u201cEs una enfermedad que no discrimina y puede afectar a todos, sin importar la raza, el sexo o g\u00e9nero, la clase social y est\u00e1 en todas las comunidades\u201d<\/em><\/strong> dice Sheryl en un video de la <em><a href=\"https:\/\/liverfoundation.org\/es\/lori\/\" target=\"_blank\" rel=\"noopener\">Fundaci\u00f3n Americana del H\u00edgado<\/a><\/em> publicado en <em><a href=\"https:\/\/www.youtube.com\/watch?v=jImt2K4IgTE&amp;ab_channel=AmericanLiverFoundation\" target=\"_blank\" rel=\"noopener\">YouTube<\/a><\/em>. Y es importante reconocer que todas las enfermedades pueden ser contra\u00eddas por cualquier persona y la discriminaci\u00f3n puede ser un factor determinante en el tratamiento de las mismas.<\/p>\n<p><strong><em>\u201cNo se\u00f1ales a nadie, no juzgues, el estilo de vida de alguien no tiene que ser peligroso porque muchas personas con VHC pueden tener la enfermedad y no saberlo\u201d<\/em> <\/strong>dice Ewan en el mismo video publicado con diferentes testimonios enfocados en concientizar a las personas sobre la experiencia de vida de las personas con VHC.<\/p>\n<p><iframe loading=\"lazy\" title=\"YouTube video player\" src=\"https:\/\/www.youtube.com\/embed\/jImt2K4IgTE\" width=\"560\" height=\"315\" frameborder=\"0\" allowfullscreen=\"allowfullscreen\"><\/iframe><\/p>\n<p>Existe otro factor del estigma, que puede llegar a ser m\u00e1s dif\u00edcil y es cuando viene del mismo portador, ya que al conocer el estado muchas personas pueden caer en conductas recriminatorias y sentimientos de culpa, que se pueden ver representados en verg\u00fcenza, depresi\u00f3n o ver la enfermedad como un castigo.<\/p>\n<h4><strong>Hay que reconocer, que el diagn\u00f3stico puede ser una fuerte carga emocional para las personas con VHC, y de esta manera volvernos m\u00e1s emp\u00e1ticos cuando conozcamos el estado de alguien. Brindar una palabra de aliento, apoyo emocional o gu\u00eda en los momentos de tristeza puede hacer la diferencia para muchos.<\/strong><\/h4>\n<p>Reconocer que la Hepatitis C es una enfermedad m\u00e1s com\u00fan de la que muchos piensan y que debido a su naturaleza asintom\u00e1tica s\u00f3lo se puede identificar por medio de chequeos habituales. Y la prevenci\u00f3n est\u00e1 en implementar h\u00e1bitos saludables en nuestra cotidianidad y alejarnos de las situaciones de riesgo.<\/p>\n<hr \/>\n<h6 style=\"text-align: center;\"><em>Nota: Ser Integral-FAI es un proyecto acad\u00e9mico y cient\u00edfico sin \u00e1nimo de lucro, patrocinado por Grupo Biotoscana-GBT. Se autoriza su reproducci\u00f3n parcial o total, citando la fuente.<\/em><\/h6>\n<p><a href=\"https:\/\/www.quenocescondadeti.co\/\" target=\"_blank\" rel=\"noopener\"><img loading=\"lazy\" decoding=\"async\" class=\"aligncenter wp-image-1228 size-large\" src=\"https:\/\/fai.org.co\/serintegral\/wp-content\/uploads\/2021\/08\/boton_QueNoCEscondaDeTi_Ser-Integral-FAI_VHC01-1-1024x256.png\" alt=\"hepatitis\" width=\"800\" height=\"200\" srcset=\"https:\/\/fai.org.co\/serintegral\/wp-content\/uploads\/2021\/08\/boton_QueNoCEscondaDeTi_Ser-Integral-FAI_VHC01-1-1024x256.png 1024w, https:\/\/fai.org.co\/serintegral\/wp-content\/uploads\/2021\/08\/boton_QueNoCEscondaDeTi_Ser-Integral-FAI_VHC01-1-300x75.png 300w, https:\/\/fai.org.co\/serintegral\/wp-content\/uploads\/2021\/08\/boton_QueNoCEscondaDeTi_Ser-Integral-FAI_VHC01-1-768x192.png 768w, https:\/\/fai.org.co\/serintegral\/wp-content\/uploads\/2021\/08\/boton_QueNoCEscondaDeTi_Ser-Integral-FAI_VHC01-1-1536x384.png 1536w, https:\/\/fai.org.co\/serintegral\/wp-content\/uploads\/2021\/08\/boton_QueNoCEscondaDeTi_Ser-Integral-FAI_VHC01-1-2048x512.png 2048w\" sizes=\"auto, (max-width: 800px) 100vw, 800px\" \/><\/a><\/p>\n","protected":false},"excerpt":{"rendered":"<p>Mientras que algunas enfermedades cr\u00f3nicas despiertan la compasi\u00f3n y tolerancia de algunos, existen otras que, por el contrario, son percibidas de manera negativa causando un componente de discriminaci\u00f3n y estigma para las personas que viven con ellas, como el caso de las personas que viven con VIH y\/o hepatitis C (VHC). Debido a que las [&hellip;]<\/p>\n","protected":false},"author":2,"featured_media":1252,"comment_status":"open","ping_status":"open","sticky":false,"template":"","format":"standard","meta":{"_monsterinsights_skip_tracking":false,"_monsterinsights_sitenote_active":false,"_monsterinsights_sitenote_note":"","_monsterinsights_sitenote_category":0,"spay_email":"","footnotes":""},"categories":[8],"tags":[],"class_list":["post-1248","post","type-post","status-publish","format-standard","has-post-thumbnail","hentry","category-hepatitis-c"],"aioseo_notices":[],"yoast_head":"<!-- This site is optimized with the Yoast SEO plugin v17.5 - https:\/\/yoast.com\/wordpress\/plugins\/seo\/ -->\n<title>Informarse para derribar el estigma sobre la hepatitis c<\/title>\n<meta name=\"description\" content=\"Existen enfermedades percibidas de manera negativa causando discriminaci\u00f3n y estigma como para quienes viven con VIH y\/o hepatitis C (VHC).\" \/>\n<meta name=\"robots\" content=\"index, follow, max-snippet:-1, max-image-preview:large, max-video-preview:-1\" \/>\n<link rel=\"canonical\" href=\"https:\/\/fai.org.co\/serintegral\/hepatitis-c\/informarse-para-derribar-el-estigma-hepatitis-c\/\" \/>\n<meta property=\"og:locale\" content=\"es_ES\" \/>\n<meta property=\"og:type\" content=\"article\" \/>\n<meta property=\"og:title\" content=\"Informarse para derribar el estigma sobre la hepatitis c\" \/>\n<meta property=\"og:description\" content=\"Existen enfermedades percibidas de manera negativa causando discriminaci\u00f3n y estigma como para quienes viven con VIH y\/o hepatitis C (VHC).\" \/>\n<meta property=\"og:url\" content=\"https:\/\/fai.org.co\/serintegral\/hepatitis-c\/informarse-para-derribar-el-estigma-hepatitis-c\/\" \/>\n<meta property=\"og:site_name\" content=\"Ser integral\" \/>\n<meta property=\"article:published_time\" content=\"2021-08-28T15:15:44+00:00\" \/>\n<meta property=\"article:modified_time\" content=\"2021-08-31T06:00:20+00:00\" \/>\n<meta property=\"og:image\" content=\"https:\/\/fai.org.co\/serintegral\/wp-content\/uploads\/2021\/08\/informarse-para-derribar-el-estigma-hepatitis-c.jpg\" \/>\n\t<meta property=\"og:image:width\" content=\"539\" \/>\n\t<meta property=\"og:image:height\" content=\"369\" \/>\n<meta name=\"twitter:card\" content=\"summary_large_image\" \/>\n<meta name=\"twitter:label1\" content=\"Escrito por\" \/>\n\t<meta name=\"twitter:data1\" content=\"ser_integral\" \/>\n\t<meta name=\"twitter:label2\" content=\"Tiempo estimado de lectura\" \/>\n\t<meta name=\"twitter:data2\" content=\"3 minutos\" \/>\n<script type=\"application\/ld+json\" class=\"yoast-schema-graph\">{\"@context\":\"https:\/\/schema.org\",\"@graph\":[{\"@type\":\"WebSite\",\"@id\":\"https:\/\/fai.org.co\/serintegral\/#website\",\"url\":\"https:\/\/fai.org.co\/serintegral\/\",\"name\":\"Ser integral\",\"description\":\"\",\"potentialAction\":[{\"@type\":\"SearchAction\",\"target\":{\"@type\":\"EntryPoint\",\"urlTemplate\":\"https:\/\/fai.org.co\/serintegral\/?s={search_term_string}\"},\"query-input\":\"required name=search_term_string\"}],\"inLanguage\":\"es-CO\"},{\"@type\":\"ImageObject\",\"@id\":\"https:\/\/fai.org.co\/serintegral\/hepatitis-c\/informarse-para-derribar-el-estigma-hepatitis-c\/#primaryimage\",\"inLanguage\":\"es-CO\",\"url\":\"https:\/\/fai.org.co\/serintegral\/wp-content\/uploads\/2021\/08\/informarse-para-derribar-el-estigma-hepatitis-c.jpg\",\"contentUrl\":\"https:\/\/fai.org.co\/serintegral\/wp-content\/uploads\/2021\/08\/informarse-para-derribar-el-estigma-hepatitis-c.jpg\",\"width\":539,\"height\":369,\"caption\":\"hepatitis c\"},{\"@type\":\"WebPage\",\"@id\":\"https:\/\/fai.org.co\/serintegral\/hepatitis-c\/informarse-para-derribar-el-estigma-hepatitis-c\/#webpage\",\"url\":\"https:\/\/fai.org.co\/serintegral\/hepatitis-c\/informarse-para-derribar-el-estigma-hepatitis-c\/\",\"name\":\"Informarse para derribar el estigma sobre la hepatitis c\",\"isPartOf\":{\"@id\":\"https:\/\/fai.org.co\/serintegral\/#website\"},\"primaryImageOfPage\":{\"@id\":\"https:\/\/fai.org.co\/serintegral\/hepatitis-c\/informarse-para-derribar-el-estigma-hepatitis-c\/#primaryimage\"},\"datePublished\":\"2021-08-28T15:15:44+00:00\",\"dateModified\":\"2021-08-31T06:00:20+00:00\",\"author\":{\"@id\":\"https:\/\/fai.org.co\/serintegral\/#\/schema\/person\/07947feccb7e085e4a0897f398e7e09c\"},\"description\":\"Existen enfermedades percibidas de manera negativa causando discriminaci\\u00f3n y estigma como para quienes viven con VIH y\/o hepatitis C (VHC).\",\"breadcrumb\":{\"@id\":\"https:\/\/fai.org.co\/serintegral\/hepatitis-c\/informarse-para-derribar-el-estigma-hepatitis-c\/#breadcrumb\"},\"inLanguage\":\"es-CO\",\"potentialAction\":[{\"@type\":\"ReadAction\",\"target\":[\"https:\/\/fai.org.co\/serintegral\/hepatitis-c\/informarse-para-derribar-el-estigma-hepatitis-c\/\"]}]},{\"@type\":\"BreadcrumbList\",\"@id\":\"https:\/\/fai.org.co\/serintegral\/hepatitis-c\/informarse-para-derribar-el-estigma-hepatitis-c\/#breadcrumb\",\"itemListElement\":[{\"@type\":\"ListItem\",\"position\":1,\"name\":\"Inicio\",\"item\":\"https:\/\/fai.org.co\/serintegral\/\"},{\"@type\":\"ListItem\",\"position\":2,\"name\":\"Informarse para derribar el estigma\"}]},{\"@type\":\"Person\",\"@id\":\"https:\/\/fai.org.co\/serintegral\/#\/schema\/person\/07947feccb7e085e4a0897f398e7e09c\",\"name\":\"ser_integral\",\"image\":{\"@type\":\"ImageObject\",\"@id\":\"https:\/\/fai.org.co\/serintegral\/#personlogo\",\"inLanguage\":\"es-CO\",\"url\":\"https:\/\/secure.gravatar.com\/avatar\/d019f5050c26fda22d47330ce0f99cf86745e4f9d41b4f7de838ecf51eeb5eaa?s=96&d=mm&r=g\",\"contentUrl\":\"https:\/\/secure.gravatar.com\/avatar\/d019f5050c26fda22d47330ce0f99cf86745e4f9d41b4f7de838ecf51eeb5eaa?s=96&d=mm&r=g\",\"caption\":\"ser_integral\"},\"url\":\"https:\/\/fai.org.co\/serintegral\/author\/ser_integral\/\"}]}<\/script>\n<!-- \/ Yoast SEO plugin. -->","yoast_head_json":{"title":"Informarse para derribar el estigma sobre la hepatitis c","description":"Existen enfermedades percibidas de manera negativa causando discriminaci\u00f3n y estigma como para quienes viven con VIH y\/o hepatitis C (VHC).","robots":{"index":"index","follow":"follow","max-snippet":"max-snippet:-1","max-image-preview":"max-image-preview:large","max-video-preview":"max-video-preview:-1"},"canonical":"https:\/\/fai.org.co\/serintegral\/hepatitis-c\/informarse-para-derribar-el-estigma-hepatitis-c\/","og_locale":"es_ES","og_type":"article","og_title":"Informarse para derribar el estigma sobre la hepatitis c","og_description":"Existen enfermedades percibidas de manera negativa causando discriminaci\u00f3n y estigma como para quienes viven con VIH y\/o hepatitis C (VHC).","og_url":"https:\/\/fai.org.co\/serintegral\/hepatitis-c\/informarse-para-derribar-el-estigma-hepatitis-c\/","og_site_name":"Ser integral","article_published_time":"2021-08-28T15:15:44+00:00","article_modified_time":"2021-08-31T06:00:20+00:00","og_image":[{"width":539,"height":369,"url":"https:\/\/fai.org.co\/serintegral\/wp-content\/uploads\/2021\/08\/informarse-para-derribar-el-estigma-hepatitis-c.jpg","type":"image\/jpeg"}],"twitter_card":"summary_large_image","twitter_misc":{"Escrito por":"ser_integral","Tiempo estimado de lectura":"3 minutos"},"schema":{"@context":"https:\/\/schema.org","@graph":[{"@type":"WebSite","@id":"https:\/\/fai.org.co\/serintegral\/#website","url":"https:\/\/fai.org.co\/serintegral\/","name":"Ser integral","description":"","potentialAction":[{"@type":"SearchAction","target":{"@type":"EntryPoint","urlTemplate":"https:\/\/fai.org.co\/serintegral\/?s={search_term_string}"},"query-input":"required name=search_term_string"}],"inLanguage":"es-CO"},{"@type":"ImageObject","@id":"https:\/\/fai.org.co\/serintegral\/hepatitis-c\/informarse-para-derribar-el-estigma-hepatitis-c\/#primaryimage","inLanguage":"es-CO","url":"https:\/\/fai.org.co\/serintegral\/wp-content\/uploads\/2021\/08\/informarse-para-derribar-el-estigma-hepatitis-c.jpg","contentUrl":"https:\/\/fai.org.co\/serintegral\/wp-content\/uploads\/2021\/08\/informarse-para-derribar-el-estigma-hepatitis-c.jpg","width":539,"height":369,"caption":"hepatitis c"},{"@type":"WebPage","@id":"https:\/\/fai.org.co\/serintegral\/hepatitis-c\/informarse-para-derribar-el-estigma-hepatitis-c\/#webpage","url":"https:\/\/fai.org.co\/serintegral\/hepatitis-c\/informarse-para-derribar-el-estigma-hepatitis-c\/","name":"Informarse para derribar el estigma sobre la hepatitis c","isPartOf":{"@id":"https:\/\/fai.org.co\/serintegral\/#website"},"primaryImageOfPage":{"@id":"https:\/\/fai.org.co\/serintegral\/hepatitis-c\/informarse-para-derribar-el-estigma-hepatitis-c\/#primaryimage"},"datePublished":"2021-08-28T15:15:44+00:00","dateModified":"2021-08-31T06:00:20+00:00","author":{"@id":"https:\/\/fai.org.co\/serintegral\/#\/schema\/person\/07947feccb7e085e4a0897f398e7e09c"},"description":"Existen enfermedades percibidas de manera negativa causando discriminaci\u00f3n y estigma como para quienes viven con VIH y\/o hepatitis C (VHC).","breadcrumb":{"@id":"https:\/\/fai.org.co\/serintegral\/hepatitis-c\/informarse-para-derribar-el-estigma-hepatitis-c\/#breadcrumb"},"inLanguage":"es-CO","potentialAction":[{"@type":"ReadAction","target":["https:\/\/fai.org.co\/serintegral\/hepatitis-c\/informarse-para-derribar-el-estigma-hepatitis-c\/"]}]},{"@type":"BreadcrumbList","@id":"https:\/\/fai.org.co\/serintegral\/hepatitis-c\/informarse-para-derribar-el-estigma-hepatitis-c\/#breadcrumb","itemListElement":[{"@type":"ListItem","position":1,"name":"Inicio","item":"https:\/\/fai.org.co\/serintegral\/"},{"@type":"ListItem","position":2,"name":"Informarse para derribar el estigma"}]},{"@type":"Person","@id":"https:\/\/fai.org.co\/serintegral\/#\/schema\/person\/07947feccb7e085e4a0897f398e7e09c","name":"ser_integral","image":{"@type":"ImageObject","@id":"https:\/\/fai.org.co\/serintegral\/#personlogo","inLanguage":"es-CO","url":"https:\/\/secure.gravatar.com\/avatar\/d019f5050c26fda22d47330ce0f99cf86745e4f9d41b4f7de838ecf51eeb5eaa?s=96&d=mm&r=g","contentUrl":"https:\/\/secure.gravatar.com\/avatar\/d019f5050c26fda22d47330ce0f99cf86745e4f9d41b4f7de838ecf51eeb5eaa?s=96&d=mm&r=g","caption":"ser_integral"},"url":"https:\/\/fai.org.co\/serintegral\/author\/ser_integral\/"}]}},"jetpack_featured_media_url":"https:\/\/fai.org.co\/serintegral\/wp-content\/uploads\/2021\/08\/informarse-para-derribar-el-estigma-hepatitis-c.jpg","_links":{"self":[{"href":"https:\/\/fai.org.co\/serintegral\/wp-json\/wp\/v2\/posts\/1248","targetHints":{"allow":["GET"]}}],"collection":[{"href":"https:\/\/fai.org.co\/serintegral\/wp-json\/wp\/v2\/posts"}],"about":[{"href":"https:\/\/fai.org.co\/serintegral\/wp-json\/wp\/v2\/types\/post"}],"author":[{"embeddable":true,"href":"https:\/\/fai.org.co\/serintegral\/wp-json\/wp\/v2\/users\/2"}],"replies":[{"embeddable":true,"href":"https:\/\/fai.org.co\/serintegral\/wp-json\/wp\/v2\/comments?post=1248"}],"version-history":[{"count":3,"href":"https:\/\/fai.org.co\/serintegral\/wp-json\/wp\/v2\/posts\/1248\/revisions"}],"predecessor-version":[{"id":1260,"href":"https:\/\/fai.org.co\/serintegral\/wp-json\/wp\/v2\/posts\/1248\/revisions\/1260"}],"wp:featuredmedia":[{"embeddable":true,"href":"https:\/\/fai.org.co\/serintegral\/wp-json\/wp\/v2\/media\/1252"}],"wp:attachment":[{"href":"https:\/\/fai.org.co\/serintegral\/wp-json\/wp\/v2\/media?parent=1248"}],"wp:term":[{"taxonomy":"category","embeddable":true,"href":"https:\/\/fai.org.co\/serintegral\/wp-json\/wp\/v2\/categories?post=1248"},{"taxonomy":"post_tag","embeddable":true,"href":"https:\/\/fai.org.co\/serintegral\/wp-json\/wp\/v2\/tags?post=1248"}],"curies":[{"name":"wp","href":"https:\/\/api.w.org\/{rel}","templated":true}]}}