{"id":1262,"date":"2021-08-25T00:48:15","date_gmt":"2021-08-25T05:48:15","guid":{"rendered":"https:\/\/fai.org.co\/serintegral\/?p=1262"},"modified":"2021-08-31T01:02:03","modified_gmt":"2021-08-31T06:02:03","slug":"hepatitis-c-enemigo-silencioso","status":"publish","type":"post","link":"https:\/\/fai.org.co\/serintegral\/hepatitis-c\/hepatitis-c-enemigo-silencioso\/","title":{"rendered":"Hepatitis C, enemigo silencioso"},"content":{"rendered":"<h2>La hepatitis C es una enfermedad causada por un virus de su mismo nombre (VCH) que afecta principalmente al h\u00edgado, causando una inflamaci\u00f3n y afectaci\u00f3n de las funciones hep\u00e1ticas.<\/h2>\n<p>La hepatitis C puede ser aguda, es decir una infecci\u00f3n de corta duraci\u00f3n, <strong>o de tipo cr\u00f3nica que afecta al portador durante toda la vida<\/strong>, causando graves problemas de salud relacionados con el buen funcionamiento del h\u00edgado e incluso la muerte.<\/p>\n<h3>La infecci\u00f3n por el virus de la hepatitis C tiene una prevalencia en el mundo que llega casi al 3% y afecta a m\u00e1s de 185 millones de personas, con 3 a 4 millones de casos nuevos y 350.000 muertes que se presentan por a\u00f1o aproximadamente.<\/h3>\n<p>La propagaci\u00f3n del virus est\u00e1 ligada a diferentes situaciones de riesgo, entre las que se destacan la contaminaci\u00f3n de agujas y jeringas en pr\u00e1cticas de drogas intravenosas, en malas pr\u00e1cticas de tatuajes y piercings, relaciones sexuales, principalmente anales sin protecci\u00f3n y la transmisi\u00f3n vertical de la madre al hijo en el nacimiento, como nos cuenta el <em>doctor Juan Carlos Restrepo<\/em>, m\u00e9dico hepat\u00f3logo del <em><a href=\"https:\/\/www.hptu.org.co\/\" target=\"_blank\" rel=\"noopener\">Hospital Pablo Tob\u00f3n Uribe<\/a><\/em> y miembro del equipo asesor de la <em><a href=\"http:\/\/www.fai.org.co\/\" target=\"_blank\" rel=\"noopener\">Fundaci\u00f3n Antioque\u00f1a de Infectolog\u00eda<\/a><\/em>.<\/p>\n<p>Luego de la exposici\u00f3n al virus, se presenta una fase de infecci\u00f3n aguda; que usualmente no presenta s\u00edntomas para el infectado y un porcentaje que var\u00eda del 15% hasta el 30%, logran eliminar el virus de manera espont\u00e1nea. Pero en la mayor\u00eda de los casos el virus se instala en las c\u00e9lulas del h\u00edgado para convertirse en una enfermedad cr\u00f3nica.<\/p>\n<p>Se estima que en el mundo hay<strong> 71 millones de personas con infecci\u00f3n cr\u00f3nica por el virus de la hepatitis C<\/strong> y que <strong>un 50% de la poblaci\u00f3n infectada no sabe que lo est\u00e1<\/strong>. De esta manera la infecci\u00f3n puede continuar durante muchos a\u00f1os y causar complicaciones en el h\u00edgado como:<\/p>\n<ul>\n<li><strong>Cirrosis:<\/strong> La cicatrizaci\u00f3n en el h\u00edgado que dificulta su funcionamiento.<\/li>\n<li><strong>C\u00e1ncer de h\u00edgado.<\/strong><\/li>\n<li><strong>Insuficiencia hep\u00e1tica:<\/strong> La cirrosis avanzada puede hacer que el h\u00edgado deje de funcionar.<\/li>\n<\/ul>\n<p>Los s\u00edntomas que presentan los pacientes con hepatitis son variados, pueden ir desde el agotamiento inexplicable, v\u00f3mito, fiebre, pigmentaci\u00f3n amarillenta en la piel y en los ojos, dolores abdominales cansancio inexplicable, s\u00edntomas gripales (v\u00f3mitos, fiebre), color amarillento en la piel y en el blanco de los ojos, dolor de est\u00f3mago (en el lado derecho superior), orina color caf\u00e9 oscuro, heces claras, falta de apetito y\/o p\u00e9rdida de peso.<\/p>\n<p>Pero estos pueden aparecer en periodos que van desde los 6 meses hasta los 20 a\u00f1os o m\u00e1s, es decir una persona pudo ser infectada en su ni\u00f1ez y no presentar s\u00edntomas relevantes hasta su adultez. Por ello, la prevenci\u00f3n es el \u00fanico medio para combatir de manera efectiva la enfermedad, la realizaci\u00f3n oportuna de chequeos puede ser la diferencia entre un tratamiento a tiempo, a tener que lidiar con una causa fatal.<\/p>\n<p>Actualmente existen tratamientos que pueden curar m\u00e1s del 95% de los casos de infecci\u00f3n por el virus de la hepatitis C, reduciendo as\u00ed el riesgo de c\u00e1ncer de h\u00edgado y otras enfermedades resultantes del virus.<\/p>\n<hr \/>\n<h4>Fuentes:<\/h4>\n<ul>\n<li><a href=\"https:\/\/www.minsalud.gov.co\/sites\/rid\/Lists\/BibliotecaDigital\/RIDE\/VS\/MET\/Via-clinica-para-el-tratamiento-de-la-hepatitis-C.pdf\" target=\"_blank\" rel=\"noopener\">https:\/\/www.minsalud.gov.co\/sites\/rid\/Lists\/BibliotecaDigital\/RIDE\/VS\/MET\/Via-clinica-para-el-tratamiento-de-la-hepatitis-C.pdf<\/a><\/li>\n<li><a href=\"https:\/\/www.france24.com\/es\/20201005-la-hepatitis-c-una-enfermedad-silenciosa-y-subdiagnosticada\" target=\"_blank\" rel=\"noopener\">https:\/\/www.france24.com\/es\/20201005-la-hepatitis-c-una-enfermedad-silenciosa-y-subdiagnosticada<\/a><\/li>\n<li><a href=\"https:\/\/www.informacion.es\/vida-y-estilo\/salud\/2020\/02\/22\/hepatitis-c-enfermedad-silenciosa-curable-4832586.html\" target=\"_blank\" rel=\"noopener\">https:\/\/www.informacion.es\/vida-y-estilo\/salud\/2020\/02\/22\/hepatitis-c-enfermedad-silenciosa-curable-4832586.html<\/a><\/li>\n<li><a href=\"https:\/\/www.who.int\/es\/news-room\/fact-sheets\/detail\/hepatitis-c\" target=\"_blank\" rel=\"noopener\">https:\/\/www.who.int\/es\/news-room\/fact-sheets\/detail\/hepatitis-c<\/a><\/li>\n<\/ul>\n<h6 style=\"text-align: center;\"><em>Nota: Ser Integral-FAI es un proyecto acad\u00e9mico y cient\u00edfico sin \u00e1nimo de lucro, patrocinado por Grupo Biotoscana-GBT. Se autoriza su reproducci\u00f3n parcial o total, citando la fuente.<\/em><\/h6>\n<p><a href=\"https:\/\/www.quenocescondadeti.co\/\" target=\"_blank\" rel=\"noopener\"><img loading=\"lazy\" decoding=\"async\" class=\"aligncenter wp-image-1228 size-large\" src=\"https:\/\/fai.org.co\/serintegral\/wp-content\/uploads\/2021\/08\/boton_QueNoCEscondaDeTi_Ser-Integral-FAI_VHC01-1-1024x256.png\" alt=\"hepatitis\" width=\"800\" height=\"200\" srcset=\"https:\/\/fai.org.co\/serintegral\/wp-content\/uploads\/2021\/08\/boton_QueNoCEscondaDeTi_Ser-Integral-FAI_VHC01-1-1024x256.png 1024w, https:\/\/fai.org.co\/serintegral\/wp-content\/uploads\/2021\/08\/boton_QueNoCEscondaDeTi_Ser-Integral-FAI_VHC01-1-300x75.png 300w, https:\/\/fai.org.co\/serintegral\/wp-content\/uploads\/2021\/08\/boton_QueNoCEscondaDeTi_Ser-Integral-FAI_VHC01-1-768x192.png 768w, https:\/\/fai.org.co\/serintegral\/wp-content\/uploads\/2021\/08\/boton_QueNoCEscondaDeTi_Ser-Integral-FAI_VHC01-1-1536x384.png 1536w, https:\/\/fai.org.co\/serintegral\/wp-content\/uploads\/2021\/08\/boton_QueNoCEscondaDeTi_Ser-Integral-FAI_VHC01-1-2048x512.png 2048w\" sizes=\"auto, (max-width: 800px) 100vw, 800px\" \/><\/a><\/p>\n","protected":false},"excerpt":{"rendered":"<p>La hepatitis C es una enfermedad causada por un virus de su mismo nombre (VCH) que afecta principalmente al h\u00edgado, causando una inflamaci\u00f3n y afectaci\u00f3n de las funciones hep\u00e1ticas. La hepatitis C puede ser aguda, es decir una infecci\u00f3n de corta duraci\u00f3n, o de tipo cr\u00f3nica que afecta al portador durante toda la vida, causando [&hellip;]<\/p>\n","protected":false},"author":2,"featured_media":1264,"comment_status":"open","ping_status":"open","sticky":false,"template":"","format":"standard","meta":{"_monsterinsights_skip_tracking":false,"_monsterinsights_sitenote_active":false,"_monsterinsights_sitenote_note":"","_monsterinsights_sitenote_category":0,"spay_email":"","footnotes":""},"categories":[8],"tags":[],"class_list":["post-1262","post","type-post","status-publish","format-standard","has-post-thumbnail","hentry","category-hepatitis-c"],"aioseo_notices":[],"yoast_head":"<!-- This site is optimized with the Yoast SEO plugin v17.5 - https:\/\/yoast.com\/wordpress\/plugins\/seo\/ -->\n<title>Hepatitis C, un enemigo silencioso del que hay que hablar - Ser Integral<\/title>\n<meta name=\"description\" content=\"La hepatitis C es una enfermedad que afecta principalmente al h\u00edgado, causando una inflamaci\u00f3n y afectaci\u00f3n de las funciones hep\u00e1ticas.\" \/>\n<meta name=\"robots\" content=\"index, follow, max-snippet:-1, max-image-preview:large, max-video-preview:-1\" \/>\n<link rel=\"canonical\" href=\"https:\/\/fai.org.co\/serintegral\/hepatitis-c\/hepatitis-c-enemigo-silencioso\/\" \/>\n<meta property=\"og:locale\" content=\"es_ES\" \/>\n<meta property=\"og:type\" content=\"article\" \/>\n<meta property=\"og:title\" content=\"Hepatitis C, un enemigo silencioso del que hay que hablar - Ser Integral\" \/>\n<meta property=\"og:description\" content=\"La hepatitis C es una enfermedad que afecta principalmente al h\u00edgado, causando una inflamaci\u00f3n y afectaci\u00f3n de las funciones hep\u00e1ticas.\" \/>\n<meta property=\"og:url\" content=\"https:\/\/fai.org.co\/serintegral\/hepatitis-c\/hepatitis-c-enemigo-silencioso\/\" \/>\n<meta property=\"og:site_name\" content=\"Ser integral\" \/>\n<meta property=\"article:published_time\" content=\"2021-08-25T05:48:15+00:00\" \/>\n<meta property=\"article:modified_time\" content=\"2021-08-31T06:02:03+00:00\" \/>\n<meta property=\"og:image\" content=\"https:\/\/fai.org.co\/serintegral\/wp-content\/uploads\/2021\/08\/hepatitis-c-enemigo-silencioso.jpg\" \/>\n\t<meta property=\"og:image:width\" content=\"539\" \/>\n\t<meta property=\"og:image:height\" content=\"369\" \/>\n<meta name=\"twitter:card\" content=\"summary_large_image\" \/>\n<meta name=\"twitter:label1\" content=\"Escrito por\" \/>\n\t<meta name=\"twitter:data1\" content=\"ser_integral\" \/>\n\t<meta name=\"twitter:label2\" content=\"Tiempo estimado de lectura\" \/>\n\t<meta name=\"twitter:data2\" content=\"3 minutos\" \/>\n<script type=\"application\/ld+json\" class=\"yoast-schema-graph\">{\"@context\":\"https:\/\/schema.org\",\"@graph\":[{\"@type\":\"WebSite\",\"@id\":\"https:\/\/fai.org.co\/serintegral\/#website\",\"url\":\"https:\/\/fai.org.co\/serintegral\/\",\"name\":\"Ser integral\",\"description\":\"\",\"potentialAction\":[{\"@type\":\"SearchAction\",\"target\":{\"@type\":\"EntryPoint\",\"urlTemplate\":\"https:\/\/fai.org.co\/serintegral\/?s={search_term_string}\"},\"query-input\":\"required name=search_term_string\"}],\"inLanguage\":\"es-CO\"},{\"@type\":\"ImageObject\",\"@id\":\"https:\/\/fai.org.co\/serintegral\/hepatitis-c\/hepatitis-c-enemigo-silencioso\/#primaryimage\",\"inLanguage\":\"es-CO\",\"url\":\"https:\/\/fai.org.co\/serintegral\/wp-content\/uploads\/2021\/08\/hepatitis-c-enemigo-silencioso.jpg\",\"contentUrl\":\"https:\/\/fai.org.co\/serintegral\/wp-content\/uploads\/2021\/08\/hepatitis-c-enemigo-silencioso.jpg\",\"width\":539,\"height\":369,\"caption\":\"hepatitis\"},{\"@type\":\"WebPage\",\"@id\":\"https:\/\/fai.org.co\/serintegral\/hepatitis-c\/hepatitis-c-enemigo-silencioso\/#webpage\",\"url\":\"https:\/\/fai.org.co\/serintegral\/hepatitis-c\/hepatitis-c-enemigo-silencioso\/\",\"name\":\"Hepatitis C, un enemigo silencioso del que hay que hablar - Ser Integral\",\"isPartOf\":{\"@id\":\"https:\/\/fai.org.co\/serintegral\/#website\"},\"primaryImageOfPage\":{\"@id\":\"https:\/\/fai.org.co\/serintegral\/hepatitis-c\/hepatitis-c-enemigo-silencioso\/#primaryimage\"},\"datePublished\":\"2021-08-25T05:48:15+00:00\",\"dateModified\":\"2021-08-31T06:02:03+00:00\",\"author\":{\"@id\":\"https:\/\/fai.org.co\/serintegral\/#\/schema\/person\/07947feccb7e085e4a0897f398e7e09c\"},\"description\":\"La hepatitis C es una enfermedad que afecta principalmente al h\\u00edgado, causando una inflamaci\\u00f3n y afectaci\\u00f3n de las funciones hep\\u00e1ticas.\",\"breadcrumb\":{\"@id\":\"https:\/\/fai.org.co\/serintegral\/hepatitis-c\/hepatitis-c-enemigo-silencioso\/#breadcrumb\"},\"inLanguage\":\"es-CO\",\"potentialAction\":[{\"@type\":\"ReadAction\",\"target\":[\"https:\/\/fai.org.co\/serintegral\/hepatitis-c\/hepatitis-c-enemigo-silencioso\/\"]}]},{\"@type\":\"BreadcrumbList\",\"@id\":\"https:\/\/fai.org.co\/serintegral\/hepatitis-c\/hepatitis-c-enemigo-silencioso\/#breadcrumb\",\"itemListElement\":[{\"@type\":\"ListItem\",\"position\":1,\"name\":\"Inicio\",\"item\":\"https:\/\/fai.org.co\/serintegral\/\"},{\"@type\":\"ListItem\",\"position\":2,\"name\":\"Hepatitis C, enemigo silencioso\"}]},{\"@type\":\"Person\",\"@id\":\"https:\/\/fai.org.co\/serintegral\/#\/schema\/person\/07947feccb7e085e4a0897f398e7e09c\",\"name\":\"ser_integral\",\"image\":{\"@type\":\"ImageObject\",\"@id\":\"https:\/\/fai.org.co\/serintegral\/#personlogo\",\"inLanguage\":\"es-CO\",\"url\":\"https:\/\/secure.gravatar.com\/avatar\/d019f5050c26fda22d47330ce0f99cf86745e4f9d41b4f7de838ecf51eeb5eaa?s=96&d=mm&r=g\",\"contentUrl\":\"https:\/\/secure.gravatar.com\/avatar\/d019f5050c26fda22d47330ce0f99cf86745e4f9d41b4f7de838ecf51eeb5eaa?s=96&d=mm&r=g\",\"caption\":\"ser_integral\"},\"url\":\"https:\/\/fai.org.co\/serintegral\/author\/ser_integral\/\"}]}<\/script>\n<!-- \/ Yoast SEO plugin. -->","yoast_head_json":{"title":"Hepatitis C, un enemigo silencioso del que hay que hablar - Ser Integral","description":"La hepatitis C es una enfermedad que afecta principalmente al h\u00edgado, causando una inflamaci\u00f3n y afectaci\u00f3n de las funciones hep\u00e1ticas.","robots":{"index":"index","follow":"follow","max-snippet":"max-snippet:-1","max-image-preview":"max-image-preview:large","max-video-preview":"max-video-preview:-1"},"canonical":"https:\/\/fai.org.co\/serintegral\/hepatitis-c\/hepatitis-c-enemigo-silencioso\/","og_locale":"es_ES","og_type":"article","og_title":"Hepatitis C, un enemigo silencioso del que hay que hablar - Ser Integral","og_description":"La hepatitis C es una enfermedad que afecta principalmente al h\u00edgado, causando una inflamaci\u00f3n y afectaci\u00f3n de las funciones hep\u00e1ticas.","og_url":"https:\/\/fai.org.co\/serintegral\/hepatitis-c\/hepatitis-c-enemigo-silencioso\/","og_site_name":"Ser integral","article_published_time":"2021-08-25T05:48:15+00:00","article_modified_time":"2021-08-31T06:02:03+00:00","og_image":[{"width":539,"height":369,"url":"https:\/\/fai.org.co\/serintegral\/wp-content\/uploads\/2021\/08\/hepatitis-c-enemigo-silencioso.jpg","type":"image\/jpeg"}],"twitter_card":"summary_large_image","twitter_misc":{"Escrito por":"ser_integral","Tiempo estimado de lectura":"3 minutos"},"schema":{"@context":"https:\/\/schema.org","@graph":[{"@type":"WebSite","@id":"https:\/\/fai.org.co\/serintegral\/#website","url":"https:\/\/fai.org.co\/serintegral\/","name":"Ser integral","description":"","potentialAction":[{"@type":"SearchAction","target":{"@type":"EntryPoint","urlTemplate":"https:\/\/fai.org.co\/serintegral\/?s={search_term_string}"},"query-input":"required name=search_term_string"}],"inLanguage":"es-CO"},{"@type":"ImageObject","@id":"https:\/\/fai.org.co\/serintegral\/hepatitis-c\/hepatitis-c-enemigo-silencioso\/#primaryimage","inLanguage":"es-CO","url":"https:\/\/fai.org.co\/serintegral\/wp-content\/uploads\/2021\/08\/hepatitis-c-enemigo-silencioso.jpg","contentUrl":"https:\/\/fai.org.co\/serintegral\/wp-content\/uploads\/2021\/08\/hepatitis-c-enemigo-silencioso.jpg","width":539,"height":369,"caption":"hepatitis"},{"@type":"WebPage","@id":"https:\/\/fai.org.co\/serintegral\/hepatitis-c\/hepatitis-c-enemigo-silencioso\/#webpage","url":"https:\/\/fai.org.co\/serintegral\/hepatitis-c\/hepatitis-c-enemigo-silencioso\/","name":"Hepatitis C, un enemigo silencioso del que hay que hablar - Ser Integral","isPartOf":{"@id":"https:\/\/fai.org.co\/serintegral\/#website"},"primaryImageOfPage":{"@id":"https:\/\/fai.org.co\/serintegral\/hepatitis-c\/hepatitis-c-enemigo-silencioso\/#primaryimage"},"datePublished":"2021-08-25T05:48:15+00:00","dateModified":"2021-08-31T06:02:03+00:00","author":{"@id":"https:\/\/fai.org.co\/serintegral\/#\/schema\/person\/07947feccb7e085e4a0897f398e7e09c"},"description":"La hepatitis C es una enfermedad que afecta principalmente al h\u00edgado, causando una inflamaci\u00f3n y afectaci\u00f3n de las funciones hep\u00e1ticas.","breadcrumb":{"@id":"https:\/\/fai.org.co\/serintegral\/hepatitis-c\/hepatitis-c-enemigo-silencioso\/#breadcrumb"},"inLanguage":"es-CO","potentialAction":[{"@type":"ReadAction","target":["https:\/\/fai.org.co\/serintegral\/hepatitis-c\/hepatitis-c-enemigo-silencioso\/"]}]},{"@type":"BreadcrumbList","@id":"https:\/\/fai.org.co\/serintegral\/hepatitis-c\/hepatitis-c-enemigo-silencioso\/#breadcrumb","itemListElement":[{"@type":"ListItem","position":1,"name":"Inicio","item":"https:\/\/fai.org.co\/serintegral\/"},{"@type":"ListItem","position":2,"name":"Hepatitis C, enemigo silencioso"}]},{"@type":"Person","@id":"https:\/\/fai.org.co\/serintegral\/#\/schema\/person\/07947feccb7e085e4a0897f398e7e09c","name":"ser_integral","image":{"@type":"ImageObject","@id":"https:\/\/fai.org.co\/serintegral\/#personlogo","inLanguage":"es-CO","url":"https:\/\/secure.gravatar.com\/avatar\/d019f5050c26fda22d47330ce0f99cf86745e4f9d41b4f7de838ecf51eeb5eaa?s=96&d=mm&r=g","contentUrl":"https:\/\/secure.gravatar.com\/avatar\/d019f5050c26fda22d47330ce0f99cf86745e4f9d41b4f7de838ecf51eeb5eaa?s=96&d=mm&r=g","caption":"ser_integral"},"url":"https:\/\/fai.org.co\/serintegral\/author\/ser_integral\/"}]}},"jetpack_featured_media_url":"https:\/\/fai.org.co\/serintegral\/wp-content\/uploads\/2021\/08\/hepatitis-c-enemigo-silencioso.jpg","_links":{"self":[{"href":"https:\/\/fai.org.co\/serintegral\/wp-json\/wp\/v2\/posts\/1262","targetHints":{"allow":["GET"]}}],"collection":[{"href":"https:\/\/fai.org.co\/serintegral\/wp-json\/wp\/v2\/posts"}],"about":[{"href":"https:\/\/fai.org.co\/serintegral\/wp-json\/wp\/v2\/types\/post"}],"author":[{"embeddable":true,"href":"https:\/\/fai.org.co\/serintegral\/wp-json\/wp\/v2\/users\/2"}],"replies":[{"embeddable":true,"href":"https:\/\/fai.org.co\/serintegral\/wp-json\/wp\/v2\/comments?post=1262"}],"version-history":[{"count":3,"href":"https:\/\/fai.org.co\/serintegral\/wp-json\/wp\/v2\/posts\/1262\/revisions"}],"predecessor-version":[{"id":1317,"href":"https:\/\/fai.org.co\/serintegral\/wp-json\/wp\/v2\/posts\/1262\/revisions\/1317"}],"wp:featuredmedia":[{"embeddable":true,"href":"https:\/\/fai.org.co\/serintegral\/wp-json\/wp\/v2\/media\/1264"}],"wp:attachment":[{"href":"https:\/\/fai.org.co\/serintegral\/wp-json\/wp\/v2\/media?parent=1262"}],"wp:term":[{"taxonomy":"category","embeddable":true,"href":"https:\/\/fai.org.co\/serintegral\/wp-json\/wp\/v2\/categories?post=1262"},{"taxonomy":"post_tag","embeddable":true,"href":"https:\/\/fai.org.co\/serintegral\/wp-json\/wp\/v2\/tags?post=1262"}],"curies":[{"name":"wp","href":"https:\/\/api.w.org\/{rel}","templated":true}]}}