{"id":1315,"date":"2021-08-26T10:40:48","date_gmt":"2021-08-26T15:40:48","guid":{"rendered":"https:\/\/fai.org.co\/serintegral\/?p=1315"},"modified":"2021-08-31T02:40:07","modified_gmt":"2021-08-31T07:40:07","slug":"hepatitis-c-curable-si-se-diagnostica-a-tiempo","status":"publish","type":"post","link":"https:\/\/fai.org.co\/serintegral\/hepatitis-c\/hepatitis-c-curable-si-se-diagnostica-a-tiempo\/","title":{"rendered":"Hepatitis C: curable si se diagn\u00f3stica a tiempo"},"content":{"rendered":"<h2>La hepatitis C es una enfermedad en la que se ve afectado el h\u00edgado, y es causada por el virus del mismo nombre, VCH; que se ubica en las c\u00e9lulas del \u00f3rgano causando inflamaci\u00f3n e impidiendo el correcto funcionamiento del mismo.<\/h2>\n<p>Las infecciones causadas por el VHC pueden ser de dos tipos, agudas y cr\u00f3nicas. La primera trae como consecuencia una dolencia leve que se elimina espont\u00e1neamente, y la segunda puede ser una enfermedad cr\u00f3nica que afecta al portante de por vida.<\/p>\n<p>Cuando la infecci\u00f3n es de tipo cr\u00f3nica, puede que los s\u00edntomas aparezcan cuando la infecci\u00f3n est\u00e9 tan avanzada, que est\u00e9 causando complicaciones en el \u00f3rgano, pero esto puede tardar hasta despu\u00e9s de diez a\u00f1os o incluso m\u00e1s. <a href=\"https:\/\/bit.ly\/serintegral-vhc\" target=\"_blank\" rel=\"noopener\"><strong>Por eso es importante hacerse pruebas de detecci\u00f3n de la hepatitis C<\/strong><\/a>, incluso cuando no se tienen los s\u00edntomas, con miras a iniciar un tratamiento y evitar la propagaci\u00f3n de la enfermedad.<\/p>\n<h3>\u00bfC\u00f3mo se diagnostica la hepatitis C?<\/h3>\n<p>Al ser un virus de conducta asintom\u00e1tica, su propagaci\u00f3n suele ser m\u00e1s silenciosa que la de otras enfermedades, por esto aunque se recomienda la toma de pruebas a todos los mayores de edad, especialmente con las personas que est\u00e1n dentro los segmentos de m\u00e1s riesgo, tales como:<\/p>\n<ul>\n<li>Personas que usen o hayan usado drogas intravenosas.<\/li>\n<li>Beb\u00e9s nacidos de madres con hepatitis C.<\/li>\n<li>Personal de la salud que est\u00e9 expuesto a sangre u otros fluidos corporales.<\/li>\n<li>Personas que practiquen sexo sin preservativo.<\/li>\n<li>Personas que hayan recibido transfusiones de sangre antes de 1992.<\/li>\n<\/ul>\n<h3>\u00bfEs tratable la hepatitis C?<\/h3>\n<p>S\u00ed, la hepatitis C se trata con medicamentos antivirales, que pueden curar la enfermedad en la mayor\u00eda de los casos, s\u00ed son detectados tempranamente. El objetivo de los medicamentos es disminuir la carga de virus en el cuerpo.<\/p>\n<p>En casos en que la infecci\u00f3n sea de tipo aguda, es probable que se espere que llegue al estado cr\u00f3nico para empezar el tratamiento. Existen actualmente diferentes medicamentos y tratamientos, los cuales dependen del estado en el que se encuentre la enfermedad al momento del diagn\u00f3stico.<\/p>\n<p>Si la hepatitis C es cr\u00f3nica, se trata con medicamentos antivirales, los que pueden curar la enfermedad en la mayor\u00eda de los casos. Cuando la enfermedad est\u00e1 en un estad\u00edo muy avanzado y ha causado cirrosis, los tratamientos incluyen medicamentos, cirug\u00eda y otros procedimientos m\u00e9dicos. Si la hepatitis C provoca insuficiencia hep\u00e1tica o c\u00e1ncer de h\u00edgado, es posible que se necesite un trasplante de h\u00edgado.<\/p>\n<h3>\u00bfSe puede prevenir la hepatitis C?<\/h3>\n<p>En la actualidad, aunque se sigue buscando todav\u00eda no existe una vacuna para la hepatitis C. Pero la infecci\u00f3n se puede prevenir con acciones simples como:<\/p>\n<ul>\n<li>No compartir elementos de uso personal como agujas, cepillos de dientes, cuchillas de afeitar ni otros materiales de uso de drogas intravenosas.<\/li>\n<li>Cuidado y uso de guantes si tiene contacto con la sangre de otra persona o heridas abiertas.<\/li>\n<li>Asegurarse de los procesos sanitarios y as\u00e9pticos en pr\u00e1cticas como piercings y tatuajes.<\/li>\n<li>Usar cond\u00f3n de l\u00e1tex cuando tiene relaciones sexuales.<\/li>\n<li>Moderar el consumo de bebidas alcoh\u00f3licas.<\/li>\n<\/ul>\n<p>La hepatitis C es una enfermedad que puede ser intervenida y tratada, as\u00ed que es importante hacerse chequeos y pruebas constantes para hacerlo a tiempo.<\/p>\n<hr \/>\n<p>Fuentes:<br \/>\nJuan Carlos Restrepo Guti\u00e9rrez &#8211; Hepat\u00f3logo<br \/>\n<a href=\"https:\/\/medlineplus.gov\/spanish\/hepatitisc.html\" target=\"_blank\" rel=\"noopener\">https:\/\/medlineplus.gov\/spanish\/hepatitisc.html<\/a><br \/>\n<a href=\"https:\/\/www.kidneyfund.org\/en-espanol\/enfermedad-de-los-rinones\/hepatitis-c\/tratamiento-de-la-hepatitis-c\/\" target=\"_blank\" rel=\"noopener\">https:\/\/www.kidneyfund.org\/en-espanol\/enfermedad-de-los-rinones\/hepatitis-c\/tratamiento-de-la-hepatitis-c\/<\/a><\/p>\n<h6 style=\"text-align: center;\"><em>Nota: Ser Integral-FAI es un proyecto acad\u00e9mico y cient\u00edfico sin \u00e1nimo de lucro, patrocinado por Grupo Biotoscana-GBT. Se autoriza su reproducci\u00f3n parcial o total, citando la fuente.<\/em><\/h6>\n<p><a href=\"https:\/\/www.quenocescondadeti.co\/\" target=\"_blank\" rel=\"noopener\"><img loading=\"lazy\" decoding=\"async\" class=\"aligncenter wp-image-1228 size-large\" src=\"https:\/\/fai.org.co\/serintegral\/wp-content\/uploads\/2021\/08\/boton_QueNoCEscondaDeTi_Ser-Integral-FAI_VHC01-1-1024x256.png\" alt=\"hepatitis\" width=\"800\" height=\"200\" srcset=\"https:\/\/fai.org.co\/serintegral\/wp-content\/uploads\/2021\/08\/boton_QueNoCEscondaDeTi_Ser-Integral-FAI_VHC01-1-1024x256.png 1024w, https:\/\/fai.org.co\/serintegral\/wp-content\/uploads\/2021\/08\/boton_QueNoCEscondaDeTi_Ser-Integral-FAI_VHC01-1-300x75.png 300w, https:\/\/fai.org.co\/serintegral\/wp-content\/uploads\/2021\/08\/boton_QueNoCEscondaDeTi_Ser-Integral-FAI_VHC01-1-768x192.png 768w, https:\/\/fai.org.co\/serintegral\/wp-content\/uploads\/2021\/08\/boton_QueNoCEscondaDeTi_Ser-Integral-FAI_VHC01-1-1536x384.png 1536w, https:\/\/fai.org.co\/serintegral\/wp-content\/uploads\/2021\/08\/boton_QueNoCEscondaDeTi_Ser-Integral-FAI_VHC01-1-2048x512.png 2048w\" sizes=\"auto, (max-width: 800px) 100vw, 800px\" \/><\/a><\/p>\n","protected":false},"excerpt":{"rendered":"<p>La hepatitis C es una enfermedad en la que se ve afectado el h\u00edgado, y es causada por el virus del mismo nombre, VCH; que se ubica en las c\u00e9lulas del \u00f3rgano causando inflamaci\u00f3n e impidiendo el correcto funcionamiento del mismo. Las infecciones causadas por el VHC pueden ser de dos tipos, agudas y cr\u00f3nicas. [&hellip;]<\/p>\n","protected":false},"author":2,"featured_media":1335,"comment_status":"open","ping_status":"open","sticky":false,"template":"","format":"standard","meta":{"_monsterinsights_skip_tracking":false,"_monsterinsights_sitenote_active":false,"_monsterinsights_sitenote_note":"","_monsterinsights_sitenote_category":0,"spay_email":"","footnotes":""},"categories":[8],"tags":[],"class_list":["post-1315","post","type-post","status-publish","format-standard","has-post-thumbnail","hentry","category-hepatitis-c"],"aioseo_notices":[],"yoast_head":"<!-- This site is optimized with the Yoast SEO plugin v17.5 - https:\/\/yoast.com\/wordpress\/plugins\/seo\/ -->\n<title>Hepatitis C: curable si se diagn\u00f3stica a tiempo - Ser Integral<\/title>\n<meta name=\"description\" content=\"La hepatitis C es una enfermedad en la que se ve afectado el h\u00edgado, y es causada por el virus del mismo nombre, VCH;.\" \/>\n<meta name=\"robots\" content=\"index, follow, max-snippet:-1, max-image-preview:large, max-video-preview:-1\" \/>\n<link rel=\"canonical\" href=\"https:\/\/fai.org.co\/serintegral\/hepatitis-c\/hepatitis-c-curable-si-se-diagnostica-a-tiempo\/\" \/>\n<meta property=\"og:locale\" content=\"es_ES\" \/>\n<meta property=\"og:type\" content=\"article\" \/>\n<meta property=\"og:title\" content=\"Hepatitis C: curable si se diagn\u00f3stica a tiempo - Ser Integral\" \/>\n<meta property=\"og:description\" content=\"La hepatitis C es una enfermedad en la que se ve afectado el h\u00edgado, y es causada por el virus del mismo nombre, VCH;.\" \/>\n<meta property=\"og:url\" content=\"https:\/\/fai.org.co\/serintegral\/hepatitis-c\/hepatitis-c-curable-si-se-diagnostica-a-tiempo\/\" \/>\n<meta property=\"og:site_name\" content=\"Ser integral\" \/>\n<meta property=\"article:published_time\" content=\"2021-08-26T15:40:48+00:00\" \/>\n<meta property=\"article:modified_time\" content=\"2021-08-31T07:40:07+00:00\" \/>\n<meta property=\"og:image\" content=\"https:\/\/fai.org.co\/serintegral\/wp-content\/uploads\/2021\/08\/hepatitis-c-curable-si-se-diagnostica-tiempo.jpg\" \/>\n\t<meta property=\"og:image:width\" content=\"539\" \/>\n\t<meta property=\"og:image:height\" content=\"369\" \/>\n<meta name=\"twitter:card\" content=\"summary_large_image\" \/>\n<meta name=\"twitter:label1\" content=\"Escrito por\" \/>\n\t<meta name=\"twitter:data1\" content=\"ser_integral\" \/>\n\t<meta name=\"twitter:label2\" content=\"Tiempo estimado de lectura\" \/>\n\t<meta name=\"twitter:data2\" content=\"3 minutos\" \/>\n<script type=\"application\/ld+json\" class=\"yoast-schema-graph\">{\"@context\":\"https:\/\/schema.org\",\"@graph\":[{\"@type\":\"WebSite\",\"@id\":\"https:\/\/fai.org.co\/serintegral\/#website\",\"url\":\"https:\/\/fai.org.co\/serintegral\/\",\"name\":\"Ser integral\",\"description\":\"\",\"potentialAction\":[{\"@type\":\"SearchAction\",\"target\":{\"@type\":\"EntryPoint\",\"urlTemplate\":\"https:\/\/fai.org.co\/serintegral\/?s={search_term_string}\"},\"query-input\":\"required name=search_term_string\"}],\"inLanguage\":\"es-CO\"},{\"@type\":\"ImageObject\",\"@id\":\"https:\/\/fai.org.co\/serintegral\/hepatitis-c\/hepatitis-c-curable-si-se-diagnostica-a-tiempo\/#primaryimage\",\"inLanguage\":\"es-CO\",\"url\":\"https:\/\/fai.org.co\/serintegral\/wp-content\/uploads\/2021\/08\/hepatitis-c-curable-si-se-diagnostica-tiempo.jpg\",\"contentUrl\":\"https:\/\/fai.org.co\/serintegral\/wp-content\/uploads\/2021\/08\/hepatitis-c-curable-si-se-diagnostica-tiempo.jpg\",\"width\":539,\"height\":369,\"caption\":\"Foto de Artem Podrez en Pexels.\"},{\"@type\":\"WebPage\",\"@id\":\"https:\/\/fai.org.co\/serintegral\/hepatitis-c\/hepatitis-c-curable-si-se-diagnostica-a-tiempo\/#webpage\",\"url\":\"https:\/\/fai.org.co\/serintegral\/hepatitis-c\/hepatitis-c-curable-si-se-diagnostica-a-tiempo\/\",\"name\":\"Hepatitis C: curable si se diagn\\u00f3stica a tiempo - Ser Integral\",\"isPartOf\":{\"@id\":\"https:\/\/fai.org.co\/serintegral\/#website\"},\"primaryImageOfPage\":{\"@id\":\"https:\/\/fai.org.co\/serintegral\/hepatitis-c\/hepatitis-c-curable-si-se-diagnostica-a-tiempo\/#primaryimage\"},\"datePublished\":\"2021-08-26T15:40:48+00:00\",\"dateModified\":\"2021-08-31T07:40:07+00:00\",\"author\":{\"@id\":\"https:\/\/fai.org.co\/serintegral\/#\/schema\/person\/07947feccb7e085e4a0897f398e7e09c\"},\"description\":\"La hepatitis C es una enfermedad en la que se ve afectado el h\\u00edgado, y es causada por el virus del mismo nombre, VCH;.\",\"breadcrumb\":{\"@id\":\"https:\/\/fai.org.co\/serintegral\/hepatitis-c\/hepatitis-c-curable-si-se-diagnostica-a-tiempo\/#breadcrumb\"},\"inLanguage\":\"es-CO\",\"potentialAction\":[{\"@type\":\"ReadAction\",\"target\":[\"https:\/\/fai.org.co\/serintegral\/hepatitis-c\/hepatitis-c-curable-si-se-diagnostica-a-tiempo\/\"]}]},{\"@type\":\"BreadcrumbList\",\"@id\":\"https:\/\/fai.org.co\/serintegral\/hepatitis-c\/hepatitis-c-curable-si-se-diagnostica-a-tiempo\/#breadcrumb\",\"itemListElement\":[{\"@type\":\"ListItem\",\"position\":1,\"name\":\"Inicio\",\"item\":\"https:\/\/fai.org.co\/serintegral\/\"},{\"@type\":\"ListItem\",\"position\":2,\"name\":\"Hepatitis C: curable si se diagn\\u00f3stica a tiempo\"}]},{\"@type\":\"Person\",\"@id\":\"https:\/\/fai.org.co\/serintegral\/#\/schema\/person\/07947feccb7e085e4a0897f398e7e09c\",\"name\":\"ser_integral\",\"image\":{\"@type\":\"ImageObject\",\"@id\":\"https:\/\/fai.org.co\/serintegral\/#personlogo\",\"inLanguage\":\"es-CO\",\"url\":\"https:\/\/secure.gravatar.com\/avatar\/d019f5050c26fda22d47330ce0f99cf86745e4f9d41b4f7de838ecf51eeb5eaa?s=96&d=mm&r=g\",\"contentUrl\":\"https:\/\/secure.gravatar.com\/avatar\/d019f5050c26fda22d47330ce0f99cf86745e4f9d41b4f7de838ecf51eeb5eaa?s=96&d=mm&r=g\",\"caption\":\"ser_integral\"},\"url\":\"https:\/\/fai.org.co\/serintegral\/author\/ser_integral\/\"}]}<\/script>\n<!-- \/ Yoast SEO plugin. -->","yoast_head_json":{"title":"Hepatitis C: curable si se diagn\u00f3stica a tiempo - Ser Integral","description":"La hepatitis C es una enfermedad en la que se ve afectado el h\u00edgado, y es causada por el virus del mismo nombre, VCH;.","robots":{"index":"index","follow":"follow","max-snippet":"max-snippet:-1","max-image-preview":"max-image-preview:large","max-video-preview":"max-video-preview:-1"},"canonical":"https:\/\/fai.org.co\/serintegral\/hepatitis-c\/hepatitis-c-curable-si-se-diagnostica-a-tiempo\/","og_locale":"es_ES","og_type":"article","og_title":"Hepatitis C: curable si se diagn\u00f3stica a tiempo - Ser Integral","og_description":"La hepatitis C es una enfermedad en la que se ve afectado el h\u00edgado, y es causada por el virus del mismo nombre, VCH;.","og_url":"https:\/\/fai.org.co\/serintegral\/hepatitis-c\/hepatitis-c-curable-si-se-diagnostica-a-tiempo\/","og_site_name":"Ser integral","article_published_time":"2021-08-26T15:40:48+00:00","article_modified_time":"2021-08-31T07:40:07+00:00","og_image":[{"width":539,"height":369,"url":"https:\/\/fai.org.co\/serintegral\/wp-content\/uploads\/2021\/08\/hepatitis-c-curable-si-se-diagnostica-tiempo.jpg","type":"image\/jpeg"}],"twitter_card":"summary_large_image","twitter_misc":{"Escrito por":"ser_integral","Tiempo estimado de lectura":"3 minutos"},"schema":{"@context":"https:\/\/schema.org","@graph":[{"@type":"WebSite","@id":"https:\/\/fai.org.co\/serintegral\/#website","url":"https:\/\/fai.org.co\/serintegral\/","name":"Ser integral","description":"","potentialAction":[{"@type":"SearchAction","target":{"@type":"EntryPoint","urlTemplate":"https:\/\/fai.org.co\/serintegral\/?s={search_term_string}"},"query-input":"required name=search_term_string"}],"inLanguage":"es-CO"},{"@type":"ImageObject","@id":"https:\/\/fai.org.co\/serintegral\/hepatitis-c\/hepatitis-c-curable-si-se-diagnostica-a-tiempo\/#primaryimage","inLanguage":"es-CO","url":"https:\/\/fai.org.co\/serintegral\/wp-content\/uploads\/2021\/08\/hepatitis-c-curable-si-se-diagnostica-tiempo.jpg","contentUrl":"https:\/\/fai.org.co\/serintegral\/wp-content\/uploads\/2021\/08\/hepatitis-c-curable-si-se-diagnostica-tiempo.jpg","width":539,"height":369,"caption":"Foto de Artem Podrez en Pexels."},{"@type":"WebPage","@id":"https:\/\/fai.org.co\/serintegral\/hepatitis-c\/hepatitis-c-curable-si-se-diagnostica-a-tiempo\/#webpage","url":"https:\/\/fai.org.co\/serintegral\/hepatitis-c\/hepatitis-c-curable-si-se-diagnostica-a-tiempo\/","name":"Hepatitis C: curable si se diagn\u00f3stica a tiempo - Ser Integral","isPartOf":{"@id":"https:\/\/fai.org.co\/serintegral\/#website"},"primaryImageOfPage":{"@id":"https:\/\/fai.org.co\/serintegral\/hepatitis-c\/hepatitis-c-curable-si-se-diagnostica-a-tiempo\/#primaryimage"},"datePublished":"2021-08-26T15:40:48+00:00","dateModified":"2021-08-31T07:40:07+00:00","author":{"@id":"https:\/\/fai.org.co\/serintegral\/#\/schema\/person\/07947feccb7e085e4a0897f398e7e09c"},"description":"La hepatitis C es una enfermedad en la que se ve afectado el h\u00edgado, y es causada por el virus del mismo nombre, VCH;.","breadcrumb":{"@id":"https:\/\/fai.org.co\/serintegral\/hepatitis-c\/hepatitis-c-curable-si-se-diagnostica-a-tiempo\/#breadcrumb"},"inLanguage":"es-CO","potentialAction":[{"@type":"ReadAction","target":["https:\/\/fai.org.co\/serintegral\/hepatitis-c\/hepatitis-c-curable-si-se-diagnostica-a-tiempo\/"]}]},{"@type":"BreadcrumbList","@id":"https:\/\/fai.org.co\/serintegral\/hepatitis-c\/hepatitis-c-curable-si-se-diagnostica-a-tiempo\/#breadcrumb","itemListElement":[{"@type":"ListItem","position":1,"name":"Inicio","item":"https:\/\/fai.org.co\/serintegral\/"},{"@type":"ListItem","position":2,"name":"Hepatitis C: curable si se diagn\u00f3stica a tiempo"}]},{"@type":"Person","@id":"https:\/\/fai.org.co\/serintegral\/#\/schema\/person\/07947feccb7e085e4a0897f398e7e09c","name":"ser_integral","image":{"@type":"ImageObject","@id":"https:\/\/fai.org.co\/serintegral\/#personlogo","inLanguage":"es-CO","url":"https:\/\/secure.gravatar.com\/avatar\/d019f5050c26fda22d47330ce0f99cf86745e4f9d41b4f7de838ecf51eeb5eaa?s=96&d=mm&r=g","contentUrl":"https:\/\/secure.gravatar.com\/avatar\/d019f5050c26fda22d47330ce0f99cf86745e4f9d41b4f7de838ecf51eeb5eaa?s=96&d=mm&r=g","caption":"ser_integral"},"url":"https:\/\/fai.org.co\/serintegral\/author\/ser_integral\/"}]}},"jetpack_featured_media_url":"https:\/\/fai.org.co\/serintegral\/wp-content\/uploads\/2021\/08\/hepatitis-c-curable-si-se-diagnostica-tiempo.jpg","_links":{"self":[{"href":"https:\/\/fai.org.co\/serintegral\/wp-json\/wp\/v2\/posts\/1315","targetHints":{"allow":["GET"]}}],"collection":[{"href":"https:\/\/fai.org.co\/serintegral\/wp-json\/wp\/v2\/posts"}],"about":[{"href":"https:\/\/fai.org.co\/serintegral\/wp-json\/wp\/v2\/types\/post"}],"author":[{"embeddable":true,"href":"https:\/\/fai.org.co\/serintegral\/wp-json\/wp\/v2\/users\/2"}],"replies":[{"embeddable":true,"href":"https:\/\/fai.org.co\/serintegral\/wp-json\/wp\/v2\/comments?post=1315"}],"version-history":[{"count":1,"href":"https:\/\/fai.org.co\/serintegral\/wp-json\/wp\/v2\/posts\/1315\/revisions"}],"predecessor-version":[{"id":1318,"href":"https:\/\/fai.org.co\/serintegral\/wp-json\/wp\/v2\/posts\/1315\/revisions\/1318"}],"wp:featuredmedia":[{"embeddable":true,"href":"https:\/\/fai.org.co\/serintegral\/wp-json\/wp\/v2\/media\/1335"}],"wp:attachment":[{"href":"https:\/\/fai.org.co\/serintegral\/wp-json\/wp\/v2\/media?parent=1315"}],"wp:term":[{"taxonomy":"category","embeddable":true,"href":"https:\/\/fai.org.co\/serintegral\/wp-json\/wp\/v2\/categories?post=1315"},{"taxonomy":"post_tag","embeddable":true,"href":"https:\/\/fai.org.co\/serintegral\/wp-json\/wp\/v2\/tags?post=1315"}],"curies":[{"name":"wp","href":"https:\/\/api.w.org\/{rel}","templated":true}]}}