{"id":1333,"date":"2021-08-27T12:37:59","date_gmt":"2021-08-27T17:37:59","guid":{"rendered":"https:\/\/fai.org.co\/serintegral\/?p=1333"},"modified":"2021-08-31T14:41:21","modified_gmt":"2021-08-31T19:41:21","slug":"hepatitis-c-coinfeccion-con-otras-patologias","status":"publish","type":"post","link":"https:\/\/fai.org.co\/serintegral\/hepatitis-c\/hepatitis-c-coinfeccion-con-otras-patologias\/","title":{"rendered":"Hepatitis C y coinfecci\u00f3n con otras patolog\u00edas, un problema de salud p\u00fablica a nivel mundial"},"content":{"rendered":"<h2>La hepatitis C es una infecci\u00f3n al h\u00edgado causada por un virus de su mismo nombre de tipo (VHC) y que es transmitida por el contacto con la sangre o con fluidos corporales de una persona infectada. Pero la hepatitis no es la \u00fanica infecci\u00f3n con la que puede vivir una persona y los casos de coinfecci\u00f3n de otros virus en pacientes con diagn\u00f3sticos de hepatitis C, se han ido convirtiendo en un problema de salud p\u00fablica a nivel mundial.<\/h2>\n<p>La coinfecci\u00f3n implica la infecci\u00f3n simult\u00e1nea de una c\u00e9lula por diferentes entidades de virus, que puede empezar como una infecci\u00f3n simple y continuar con una sobreinfecci\u00f3n que causa complicaciones cr\u00f3nicas.<\/p>\n<p>Se ha evaluado la importancia de tratar a personas que viven con coinfecciones, ya que son m\u00e1s vulnerables debido a que los agentes pat\u00f3genos interact\u00faan en las c\u00e9lulas causando impactos negativos.<\/p>\n<h4>Una coinfecci\u00f3n habitual en el campo de la salud mundial es la de las personas que viven con VIH y se pueden infectar con hepatitis C y viceversa. Actualmente la poblaci\u00f3n con m\u00e1s riesgo de coinfecci\u00f3n, son aquellas personas que viven con VIH y son consumidoras de drogas intravenosas.<\/h4>\n<p>En casos de pacientes que conviven con VIH la evoluci\u00f3n de hepatitis a cirrosis es m\u00e1s elevada, o el desarrollo de otras infecciones por hepatitis B y D, aunque a\u00fan no es claro si el VHC tiene el mismo efecto en la infecci\u00f3n del VIH.<\/p>\n<p>Entre las afectaciones demostradas en casos de coinfecci\u00f3n, se han encontrado pron\u00f3sticos de mayor progresi\u00f3n en el da\u00f1o hep\u00e1tico, sumando factores como el consumo de alcohol y alteraciones producidas por el VIH, <strong>se aumenta la cantidad de virus en el tejido hep\u00e1tico lo que puede conllevar al mal funcionamiento de \u00f3rganos como el h\u00edgado y causas fatales<\/strong>.<\/p>\n<p>Se considera por esto mismo que la hepatitis C es una infecci\u00f3n oportunista para los pacientes que conviven con VIH y se calcula que en el mundo, aproximadamente,<strong> viven entre 4 y 5 millones de personas coinfectadas por VIH y VHC<\/strong>. Pero de la misma manera, en la actualidad existen tratamientos para la infecci\u00f3n por el VIH como contra la infecci\u00f3n del VHC y con un buen tratamiento,<strong> la terapia antirretroviral, puede ayudar a superar los riesgos potenciales de desarrollar efectos secundarios de ambas infecciones<\/strong>.<\/p>\n<p>Es por esto que se hace una invitaci\u00f3n a hacerse pruebas continuamente e identificar situaciones de riesgo para prevenir tanto el VIH como el VHC y adem\u00e1s a adaptar conductas que mejoren tu vida y h\u00e1bitos como:<\/p>\n<ul>\n<li>Disminuir el consumo de alcohol.<\/li>\n<li>Disminuir el consumo de drogas y nicotina.<\/li>\n<li>Cuidar tu dieta y alimentaci\u00f3n.<\/li>\n<li>Tener pr\u00e1cticas sexuales seguras.<\/li>\n<\/ul>\n<h3>Un diagn\u00f3stico precoz puede ayudar a prevenir los problemas de salud que se derivan de estas infecciones y tambi\u00e9n la propagaci\u00f3n de los mismos.<\/h3>\n<hr \/>\n<h4>Fuentes:<\/h4>\n<p><a href=\"http:\/\/ve.scielo.org\/scielo.php?script=sci_arttext&amp;pid=S1315-25562012000200014\" target=\"_blank\" rel=\"noopener\">http:\/\/ve.scielo.org\/scielo.php?script=sci_arttext&amp;pid=S1315-25562012000200014<\/a><br \/>\n<a href=\"https:\/\/www.unaids.org\/es\/resources\/presscentre\/featurestories\/2021\/april\/20210426_high-rates-hepatitis-c-hiv-coinfection-among-key-populations\" target=\"_blank\" rel=\"noopener\">https:\/\/www.unaids.org\/es\/resources\/presscentre\/featurestories\/2021\/april\/20210426_high-rates-hepatitis-c-hiv-coinfection-among-key-populations<\/a><\/p>\n<h6 style=\"text-align: center;\"><em>Nota: Ser Integral-FAI es un proyecto acad\u00e9mico y cient\u00edfico sin \u00e1nimo de lucro, patrocinado por Grupo Biotoscana-GBT. Se autoriza su reproducci\u00f3n parcial o total, citando la fuente.<\/em><\/h6>\n<p><a href=\"https:\/\/www.quenocescondadeti.co\/\" target=\"_blank\" rel=\"noopener\"><img loading=\"lazy\" decoding=\"async\" class=\"aligncenter wp-image-1228 size-large\" src=\"https:\/\/fai.org.co\/serintegral\/wp-content\/uploads\/2021\/08\/boton_QueNoCEscondaDeTi_Ser-Integral-FAI_VHC01-1-1024x256.png\" alt=\"hepatitis\" width=\"800\" height=\"200\" srcset=\"https:\/\/fai.org.co\/serintegral\/wp-content\/uploads\/2021\/08\/boton_QueNoCEscondaDeTi_Ser-Integral-FAI_VHC01-1-1024x256.png 1024w, https:\/\/fai.org.co\/serintegral\/wp-content\/uploads\/2021\/08\/boton_QueNoCEscondaDeTi_Ser-Integral-FAI_VHC01-1-300x75.png 300w, https:\/\/fai.org.co\/serintegral\/wp-content\/uploads\/2021\/08\/boton_QueNoCEscondaDeTi_Ser-Integral-FAI_VHC01-1-768x192.png 768w, https:\/\/fai.org.co\/serintegral\/wp-content\/uploads\/2021\/08\/boton_QueNoCEscondaDeTi_Ser-Integral-FAI_VHC01-1-1536x384.png 1536w, https:\/\/fai.org.co\/serintegral\/wp-content\/uploads\/2021\/08\/boton_QueNoCEscondaDeTi_Ser-Integral-FAI_VHC01-1-2048x512.png 2048w\" sizes=\"auto, (max-width: 800px) 100vw, 800px\" \/><\/a><\/p>\n","protected":false},"excerpt":{"rendered":"<p>La hepatitis C es una infecci\u00f3n al h\u00edgado causada por un virus de su mismo nombre de tipo (VHC) y que es transmitida por el contacto con la sangre o con fluidos corporales de una persona infectada. Pero la hepatitis no es la \u00fanica infecci\u00f3n con la que puede vivir una persona y los casos [&hellip;]<\/p>\n","protected":false},"author":2,"featured_media":1365,"comment_status":"open","ping_status":"open","sticky":false,"template":"","format":"standard","meta":{"_monsterinsights_skip_tracking":false,"_monsterinsights_sitenote_active":false,"_monsterinsights_sitenote_note":"","_monsterinsights_sitenote_category":0,"spay_email":"","footnotes":""},"categories":[8],"tags":[],"class_list":["post-1333","post","type-post","status-publish","format-standard","has-post-thumbnail","hentry","category-hepatitis-c"],"aioseo_notices":[],"yoast_head":"<!-- This site is optimized with the Yoast SEO plugin v17.5 - https:\/\/yoast.com\/wordpress\/plugins\/seo\/ -->\n<title>Hepatitis C y coinfecci\u00f3n con otras patolog\u00edas: Salud p\u00fablica<\/title>\n<meta name=\"description\" content=\"La hepatitis no es la \u00fanica infecci\u00f3n con la que se puede llegar a vivir, implica infecci\u00f3n simult\u00e1nea de la c\u00e9lula por diferentes virus.\" \/>\n<meta name=\"robots\" content=\"index, follow, max-snippet:-1, max-image-preview:large, max-video-preview:-1\" \/>\n<link rel=\"canonical\" href=\"https:\/\/fai.org.co\/serintegral\/hepatitis-c\/hepatitis-c-coinfeccion-con-otras-patologias\/\" \/>\n<meta property=\"og:locale\" content=\"es_ES\" \/>\n<meta property=\"og:type\" content=\"article\" \/>\n<meta property=\"og:title\" content=\"Hepatitis C y coinfecci\u00f3n con otras patolog\u00edas: Salud p\u00fablica\" \/>\n<meta property=\"og:description\" content=\"La hepatitis no es la \u00fanica infecci\u00f3n con la que se puede llegar a vivir, implica infecci\u00f3n simult\u00e1nea de la c\u00e9lula por diferentes virus.\" \/>\n<meta property=\"og:url\" content=\"https:\/\/fai.org.co\/serintegral\/hepatitis-c\/hepatitis-c-coinfeccion-con-otras-patologias\/\" \/>\n<meta property=\"og:site_name\" content=\"Ser integral\" \/>\n<meta property=\"article:published_time\" content=\"2021-08-27T17:37:59+00:00\" \/>\n<meta property=\"article:modified_time\" content=\"2021-08-31T19:41:21+00:00\" \/>\n<meta property=\"og:image\" content=\"https:\/\/fai.org.co\/serintegral\/wp-content\/uploads\/2021\/08\/hepatitis-c-coinfeccion-con-otras-patologias.jpg\" \/>\n\t<meta property=\"og:image:width\" content=\"539\" \/>\n\t<meta property=\"og:image:height\" content=\"369\" \/>\n<meta name=\"twitter:card\" content=\"summary_large_image\" \/>\n<meta name=\"twitter:label1\" content=\"Escrito por\" \/>\n\t<meta name=\"twitter:data1\" content=\"ser_integral\" \/>\n\t<meta name=\"twitter:label2\" content=\"Tiempo estimado de lectura\" \/>\n\t<meta name=\"twitter:data2\" content=\"3 minutos\" \/>\n<script type=\"application\/ld+json\" class=\"yoast-schema-graph\">{\"@context\":\"https:\/\/schema.org\",\"@graph\":[{\"@type\":\"WebSite\",\"@id\":\"https:\/\/fai.org.co\/serintegral\/#website\",\"url\":\"https:\/\/fai.org.co\/serintegral\/\",\"name\":\"Ser integral\",\"description\":\"\",\"potentialAction\":[{\"@type\":\"SearchAction\",\"target\":{\"@type\":\"EntryPoint\",\"urlTemplate\":\"https:\/\/fai.org.co\/serintegral\/?s={search_term_string}\"},\"query-input\":\"required name=search_term_string\"}],\"inLanguage\":\"es-CO\"},{\"@type\":\"ImageObject\",\"@id\":\"https:\/\/fai.org.co\/serintegral\/hepatitis-c\/hepatitis-c-coinfeccion-con-otras-patologias\/#primaryimage\",\"inLanguage\":\"es-CO\",\"url\":\"https:\/\/fai.org.co\/serintegral\/wp-content\/uploads\/2021\/08\/hepatitis-c-coinfeccion-con-otras-patologias.jpg\",\"contentUrl\":\"https:\/\/fai.org.co\/serintegral\/wp-content\/uploads\/2021\/08\/hepatitis-c-coinfeccion-con-otras-patologias.jpg\",\"width\":539,\"height\":369,\"caption\":\"hepatitis\"},{\"@type\":\"WebPage\",\"@id\":\"https:\/\/fai.org.co\/serintegral\/hepatitis-c\/hepatitis-c-coinfeccion-con-otras-patologias\/#webpage\",\"url\":\"https:\/\/fai.org.co\/serintegral\/hepatitis-c\/hepatitis-c-coinfeccion-con-otras-patologias\/\",\"name\":\"Hepatitis C y coinfecci\\u00f3n con otras patolog\\u00edas: Salud p\\u00fablica\",\"isPartOf\":{\"@id\":\"https:\/\/fai.org.co\/serintegral\/#website\"},\"primaryImageOfPage\":{\"@id\":\"https:\/\/fai.org.co\/serintegral\/hepatitis-c\/hepatitis-c-coinfeccion-con-otras-patologias\/#primaryimage\"},\"datePublished\":\"2021-08-27T17:37:59+00:00\",\"dateModified\":\"2021-08-31T19:41:21+00:00\",\"author\":{\"@id\":\"https:\/\/fai.org.co\/serintegral\/#\/schema\/person\/07947feccb7e085e4a0897f398e7e09c\"},\"description\":\"La hepatitis no es la \\u00fanica infecci\\u00f3n con la que se puede llegar a vivir, implica infecci\\u00f3n simult\\u00e1nea de la c\\u00e9lula por diferentes virus.\",\"breadcrumb\":{\"@id\":\"https:\/\/fai.org.co\/serintegral\/hepatitis-c\/hepatitis-c-coinfeccion-con-otras-patologias\/#breadcrumb\"},\"inLanguage\":\"es-CO\",\"potentialAction\":[{\"@type\":\"ReadAction\",\"target\":[\"https:\/\/fai.org.co\/serintegral\/hepatitis-c\/hepatitis-c-coinfeccion-con-otras-patologias\/\"]}]},{\"@type\":\"BreadcrumbList\",\"@id\":\"https:\/\/fai.org.co\/serintegral\/hepatitis-c\/hepatitis-c-coinfeccion-con-otras-patologias\/#breadcrumb\",\"itemListElement\":[{\"@type\":\"ListItem\",\"position\":1,\"name\":\"Inicio\",\"item\":\"https:\/\/fai.org.co\/serintegral\/\"},{\"@type\":\"ListItem\",\"position\":2,\"name\":\"Hepatitis C y coinfecci\\u00f3n con otras patolog\\u00edas, un problema de salud p\\u00fablica a nivel mundial\"}]},{\"@type\":\"Person\",\"@id\":\"https:\/\/fai.org.co\/serintegral\/#\/schema\/person\/07947feccb7e085e4a0897f398e7e09c\",\"name\":\"ser_integral\",\"image\":{\"@type\":\"ImageObject\",\"@id\":\"https:\/\/fai.org.co\/serintegral\/#personlogo\",\"inLanguage\":\"es-CO\",\"url\":\"https:\/\/secure.gravatar.com\/avatar\/d019f5050c26fda22d47330ce0f99cf86745e4f9d41b4f7de838ecf51eeb5eaa?s=96&d=mm&r=g\",\"contentUrl\":\"https:\/\/secure.gravatar.com\/avatar\/d019f5050c26fda22d47330ce0f99cf86745e4f9d41b4f7de838ecf51eeb5eaa?s=96&d=mm&r=g\",\"caption\":\"ser_integral\"},\"url\":\"https:\/\/fai.org.co\/serintegral\/author\/ser_integral\/\"}]}<\/script>\n<!-- \/ Yoast SEO plugin. -->","yoast_head_json":{"title":"Hepatitis C y coinfecci\u00f3n con otras patolog\u00edas: Salud p\u00fablica","description":"La hepatitis no es la \u00fanica infecci\u00f3n con la que se puede llegar a vivir, implica infecci\u00f3n simult\u00e1nea de la c\u00e9lula por diferentes virus.","robots":{"index":"index","follow":"follow","max-snippet":"max-snippet:-1","max-image-preview":"max-image-preview:large","max-video-preview":"max-video-preview:-1"},"canonical":"https:\/\/fai.org.co\/serintegral\/hepatitis-c\/hepatitis-c-coinfeccion-con-otras-patologias\/","og_locale":"es_ES","og_type":"article","og_title":"Hepatitis C y coinfecci\u00f3n con otras patolog\u00edas: Salud p\u00fablica","og_description":"La hepatitis no es la \u00fanica infecci\u00f3n con la que se puede llegar a vivir, implica infecci\u00f3n simult\u00e1nea de la c\u00e9lula por diferentes virus.","og_url":"https:\/\/fai.org.co\/serintegral\/hepatitis-c\/hepatitis-c-coinfeccion-con-otras-patologias\/","og_site_name":"Ser integral","article_published_time":"2021-08-27T17:37:59+00:00","article_modified_time":"2021-08-31T19:41:21+00:00","og_image":[{"width":539,"height":369,"url":"https:\/\/fai.org.co\/serintegral\/wp-content\/uploads\/2021\/08\/hepatitis-c-coinfeccion-con-otras-patologias.jpg","type":"image\/jpeg"}],"twitter_card":"summary_large_image","twitter_misc":{"Escrito por":"ser_integral","Tiempo estimado de lectura":"3 minutos"},"schema":{"@context":"https:\/\/schema.org","@graph":[{"@type":"WebSite","@id":"https:\/\/fai.org.co\/serintegral\/#website","url":"https:\/\/fai.org.co\/serintegral\/","name":"Ser integral","description":"","potentialAction":[{"@type":"SearchAction","target":{"@type":"EntryPoint","urlTemplate":"https:\/\/fai.org.co\/serintegral\/?s={search_term_string}"},"query-input":"required name=search_term_string"}],"inLanguage":"es-CO"},{"@type":"ImageObject","@id":"https:\/\/fai.org.co\/serintegral\/hepatitis-c\/hepatitis-c-coinfeccion-con-otras-patologias\/#primaryimage","inLanguage":"es-CO","url":"https:\/\/fai.org.co\/serintegral\/wp-content\/uploads\/2021\/08\/hepatitis-c-coinfeccion-con-otras-patologias.jpg","contentUrl":"https:\/\/fai.org.co\/serintegral\/wp-content\/uploads\/2021\/08\/hepatitis-c-coinfeccion-con-otras-patologias.jpg","width":539,"height":369,"caption":"hepatitis"},{"@type":"WebPage","@id":"https:\/\/fai.org.co\/serintegral\/hepatitis-c\/hepatitis-c-coinfeccion-con-otras-patologias\/#webpage","url":"https:\/\/fai.org.co\/serintegral\/hepatitis-c\/hepatitis-c-coinfeccion-con-otras-patologias\/","name":"Hepatitis C y coinfecci\u00f3n con otras patolog\u00edas: Salud p\u00fablica","isPartOf":{"@id":"https:\/\/fai.org.co\/serintegral\/#website"},"primaryImageOfPage":{"@id":"https:\/\/fai.org.co\/serintegral\/hepatitis-c\/hepatitis-c-coinfeccion-con-otras-patologias\/#primaryimage"},"datePublished":"2021-08-27T17:37:59+00:00","dateModified":"2021-08-31T19:41:21+00:00","author":{"@id":"https:\/\/fai.org.co\/serintegral\/#\/schema\/person\/07947feccb7e085e4a0897f398e7e09c"},"description":"La hepatitis no es la \u00fanica infecci\u00f3n con la que se puede llegar a vivir, implica infecci\u00f3n simult\u00e1nea de la c\u00e9lula por diferentes virus.","breadcrumb":{"@id":"https:\/\/fai.org.co\/serintegral\/hepatitis-c\/hepatitis-c-coinfeccion-con-otras-patologias\/#breadcrumb"},"inLanguage":"es-CO","potentialAction":[{"@type":"ReadAction","target":["https:\/\/fai.org.co\/serintegral\/hepatitis-c\/hepatitis-c-coinfeccion-con-otras-patologias\/"]}]},{"@type":"BreadcrumbList","@id":"https:\/\/fai.org.co\/serintegral\/hepatitis-c\/hepatitis-c-coinfeccion-con-otras-patologias\/#breadcrumb","itemListElement":[{"@type":"ListItem","position":1,"name":"Inicio","item":"https:\/\/fai.org.co\/serintegral\/"},{"@type":"ListItem","position":2,"name":"Hepatitis C y coinfecci\u00f3n con otras patolog\u00edas, un problema de salud p\u00fablica a nivel mundial"}]},{"@type":"Person","@id":"https:\/\/fai.org.co\/serintegral\/#\/schema\/person\/07947feccb7e085e4a0897f398e7e09c","name":"ser_integral","image":{"@type":"ImageObject","@id":"https:\/\/fai.org.co\/serintegral\/#personlogo","inLanguage":"es-CO","url":"https:\/\/secure.gravatar.com\/avatar\/d019f5050c26fda22d47330ce0f99cf86745e4f9d41b4f7de838ecf51eeb5eaa?s=96&d=mm&r=g","contentUrl":"https:\/\/secure.gravatar.com\/avatar\/d019f5050c26fda22d47330ce0f99cf86745e4f9d41b4f7de838ecf51eeb5eaa?s=96&d=mm&r=g","caption":"ser_integral"},"url":"https:\/\/fai.org.co\/serintegral\/author\/ser_integral\/"}]}},"jetpack_featured_media_url":"https:\/\/fai.org.co\/serintegral\/wp-content\/uploads\/2021\/08\/hepatitis-c-coinfeccion-con-otras-patologias.jpg","_links":{"self":[{"href":"https:\/\/fai.org.co\/serintegral\/wp-json\/wp\/v2\/posts\/1333","targetHints":{"allow":["GET"]}}],"collection":[{"href":"https:\/\/fai.org.co\/serintegral\/wp-json\/wp\/v2\/posts"}],"about":[{"href":"https:\/\/fai.org.co\/serintegral\/wp-json\/wp\/v2\/types\/post"}],"author":[{"embeddable":true,"href":"https:\/\/fai.org.co\/serintegral\/wp-json\/wp\/v2\/users\/2"}],"replies":[{"embeddable":true,"href":"https:\/\/fai.org.co\/serintegral\/wp-json\/wp\/v2\/comments?post=1333"}],"version-history":[{"count":1,"href":"https:\/\/fai.org.co\/serintegral\/wp-json\/wp\/v2\/posts\/1333\/revisions"}],"predecessor-version":[{"id":1334,"href":"https:\/\/fai.org.co\/serintegral\/wp-json\/wp\/v2\/posts\/1333\/revisions\/1334"}],"wp:featuredmedia":[{"embeddable":true,"href":"https:\/\/fai.org.co\/serintegral\/wp-json\/wp\/v2\/media\/1365"}],"wp:attachment":[{"href":"https:\/\/fai.org.co\/serintegral\/wp-json\/wp\/v2\/media?parent=1333"}],"wp:term":[{"taxonomy":"category","embeddable":true,"href":"https:\/\/fai.org.co\/serintegral\/wp-json\/wp\/v2\/categories?post=1333"},{"taxonomy":"post_tag","embeddable":true,"href":"https:\/\/fai.org.co\/serintegral\/wp-json\/wp\/v2\/tags?post=1333"}],"curies":[{"name":"wp","href":"https:\/\/api.w.org\/{rel}","templated":true}]}}