{"id":1387,"date":"2021-09-01T10:35:04","date_gmt":"2021-09-01T15:35:04","guid":{"rendered":"https:\/\/fai.org.co\/serintegral\/?p=1387"},"modified":"2022-05-31T11:53:38","modified_gmt":"2022-05-31T16:53:38","slug":"como-surge-la-influenza","status":"publish","type":"post","link":"https:\/\/fai.org.co\/serintegral\/influenza\/como-surge-la-influenza\/","title":{"rendered":"\u00bfC\u00f3mo surge la influenza?"},"content":{"rendered":"<h2>La influenza es un virus que causa una enfermedad respiratoria contagiosa que lleva su mismo nombre, el foco de infecci\u00f3n de esta es la nariz, la garganta y en algunos de los casos los pulmones. El virus puede variar en la presencia de cuadros sintom\u00e1ticos y en consecuencias, desde una enfermedad leve, una hospitalizaci\u00f3n y en ocasiones puede llevar a la muerte.<\/h2>\n<h3><strong>\u00bfC\u00f3mo surgi\u00f3 este virus? \u00bfCu\u00e1ntas veces ha aparecido en la historia?<\/strong><\/h3>\n<p>Durante la primera guerra mundial en <strong>1918<\/strong>, las tropas alemanas estaban haciendo un gran avance en el que se hac\u00edan m\u00e1s presentes en territorios y se predec\u00eda una victoria segura. Pero fue un agente ajeno a las condiciones pol\u00edticas el que logr\u00f3 detener el avance germano, la misteriosa aparici\u00f3n de una enfermedad que atac\u00f3 al mundo. <strong>Se estima que la pandemia por influenza fue responsable por de 20 a 40 millones de muertes en menos de un a\u00f1o<\/strong>.<\/p>\n<p>Luego de muchos estudios, infecciones y consecuencias mortales se pudo llegar a un punto de partida de la pandemia que estaba afectando a la humanidad. En el caso de la influenza en esta parte de la historia, este punto de partida estaba en los cerdos, perros cazadores, zorros y hurones.<\/p>\n<p>Aunque al principio estos hallazgos fueron refutados, principalmente por los productores de la industria de carne de cerdo pues se sent\u00edan se\u00f1alados y amenazados, fueron los a\u00f1os los que se encargaron de ir aclarando la conexi\u00f3n de la pandemia con estos animales.<\/p>\n<p>Pero hasta en <strong>1928<\/strong> se pudo hacer la primera prueba que demostraba la infecci\u00f3n entre cerdos enfermos a cerdos sanos, junto a una pandemia que afectaba a los perros cazadores que estaban muriendo por una enfermedad respiratoria, eran m\u00e1s los casos de enfermedades que se hac\u00edan similares a la pandemia de 1918.<\/p>\n<p>Y cuando en <strong>1933<\/strong> una nueva pandemia por influenza atac\u00f3 a una parte de la poblaci\u00f3n, el trabajo del doctor Wilson Smith comprob\u00f3 que esta pandemia era de tipo viral y afectaba o proced\u00eda de los animales. De esta manera y conociendo que los virus que causan influenza en los humanos, <strong>se dividen en tres serotipos: A, B y C<\/strong>; en donde la A es la que afecta a humanos, cerdos, focas, caballos y una variedad de aves.<\/p>\n<p>Se concluy\u00f3 que el origen puede ser de aves acu\u00e1ticas, que dif\u00edcilmente crecen para convertirse en virus peligrosos en humanos y aves, pero en los cerdos si se desarrollan de manera ideal. As\u00ed que la convivencia con cerdos y aves facilit\u00f3 la evoluci\u00f3n del virus, ya que los cerdos fueron un escenario propicio para la generaci\u00f3n de un virus con las caracter\u00edsticas de aquel que produjo la pandemia.<\/p>\n<p>Esta especie es de toda la atenci\u00f3n de la comunidad cient\u00edfica porque constantemente ha ido mutando, presentando diferentes condiciones que pueden afectar la salud de las personas si estas tienen contacto con ese virus y sus mutaciones; por eso es de vital importancia, mantener todas las medidas higi\u00e9nicas que nos alejen de infecciones y prevenir cualquier influenza por medio del cuadro de vacunaci\u00f3n anual.<\/p>\n<hr \/>\n<p><strong>Fuentes:<\/strong><\/p>\n<ul>\n<li><a href=\"https:\/\/www.scielo.cl\/scielo.php?script=sci_arttext&amp;pid=S0716-10182004000200012#:~:text=La%20primera%20descripci%C3%B3n%20clara%20de,1889%2D90%20y%20en%201918\" target=\"_blank\" rel=\"noopener\">https:\/\/www.scielo.cl\/scielo.php?script=sci_arttext&amp;pid=S0716-10182004000200012#:~:text=La%20primera%20descripci%C3%B3n%20clara%20de,1889%2D90%20y%20en%201918<\/a><\/li>\n<li><a href=\"https:\/\/scielo.conicyt.cl\/scielo.php?script=sci_arttext&amp;pid=S0716-10182004000200012&amp;lng=e&amp;nrm=iso\" target=\"_blank\" rel=\"noopener\">https:\/\/scielo.conicyt.cl\/scielo.php?script=sci_arttext&amp;pid=S0716-10182004000200012&amp;lng=e&amp;nrm=iso<\/a><\/li>\n<\/ul>\n<p><img loading=\"lazy\" decoding=\"async\" class=\" wp-image-2117 aligncenter\" src=\"https:\/\/fai.org.co\/serintegral\/wp-content\/uploads\/2021\/10\/Agregar-un-titulo-300x169.jpg\" alt=\"\" width=\"380\" height=\"214\" srcset=\"https:\/\/fai.org.co\/serintegral\/wp-content\/uploads\/2021\/10\/Agregar-un-titulo-300x169.jpg 300w, https:\/\/fai.org.co\/serintegral\/wp-content\/uploads\/2021\/10\/Agregar-un-titulo-1024x576.jpg 1024w, https:\/\/fai.org.co\/serintegral\/wp-content\/uploads\/2021\/10\/Agregar-un-titulo-768x432.jpg 768w, https:\/\/fai.org.co\/serintegral\/wp-content\/uploads\/2021\/10\/Agregar-un-titulo-1536x864.jpg 1536w, https:\/\/fai.org.co\/serintegral\/wp-content\/uploads\/2021\/10\/Agregar-un-titulo.jpg 1920w\" sizes=\"auto, (max-width: 380px) 100vw, 380px\" \/><\/p>\n","protected":false},"excerpt":{"rendered":"<p>La influenza es un virus que causa una enfermedad respiratoria contagiosa que lleva su mismo nombre, el foco de infecci\u00f3n de esta es la nariz, la garganta y en algunos de los casos los pulmones. El virus puede variar en la presencia de cuadros sintom\u00e1ticos y en consecuencias, desde una enfermedad leve, una hospitalizaci\u00f3n y [&hellip;]<\/p>\n","protected":false},"author":2,"featured_media":1390,"comment_status":"open","ping_status":"open","sticky":false,"template":"","format":"standard","meta":{"_monsterinsights_skip_tracking":false,"_monsterinsights_sitenote_active":false,"_monsterinsights_sitenote_note":"","_monsterinsights_sitenote_category":0,"spay_email":"","footnotes":""},"categories":[14],"tags":[],"class_list":["post-1387","post","type-post","status-publish","format-standard","has-post-thumbnail","hentry","category-influenza"],"aioseo_notices":[],"yoast_head":"<!-- This site is optimized with the Yoast SEO plugin v17.5 - https:\/\/yoast.com\/wordpress\/plugins\/seo\/ -->\n<title>\u00bfC\u00f3mo surge la influenza? - Datos para #SerIntegral<\/title>\n<meta name=\"description\" content=\"La influenza es un virus que causa una enfermedad respiratoria contagiosa del mismo nombre, el foco de infecci\u00f3n de esta es la nariz, la garganta y en algunos de los casos los pulmones.\" \/>\n<meta name=\"robots\" content=\"index, follow, max-snippet:-1, max-image-preview:large, max-video-preview:-1\" \/>\n<link rel=\"canonical\" href=\"https:\/\/fai.org.co\/serintegral\/influenza\/como-surge-la-influenza\/\" \/>\n<meta property=\"og:locale\" content=\"es_ES\" \/>\n<meta property=\"og:type\" content=\"article\" \/>\n<meta property=\"og:title\" content=\"\u00bfC\u00f3mo surge la influenza? - Datos para #SerIntegral\" \/>\n<meta property=\"og:description\" content=\"La influenza es un virus que causa una enfermedad respiratoria contagiosa del mismo nombre, el foco de infecci\u00f3n de esta es la nariz, la garganta y en algunos de los casos los pulmones.\" \/>\n<meta property=\"og:url\" content=\"https:\/\/fai.org.co\/serintegral\/influenza\/como-surge-la-influenza\/\" \/>\n<meta property=\"og:site_name\" content=\"Ser integral\" \/>\n<meta property=\"article:published_time\" content=\"2021-09-01T15:35:04+00:00\" \/>\n<meta property=\"article:modified_time\" content=\"2022-05-31T16:53:38+00:00\" \/>\n<meta property=\"og:image\" content=\"https:\/\/fai.org.co\/serintegral\/wp-content\/uploads\/2021\/09\/como-surge-la-influenza.jpg\" \/>\n\t<meta property=\"og:image:width\" content=\"539\" \/>\n\t<meta property=\"og:image:height\" content=\"369\" \/>\n<meta name=\"twitter:card\" content=\"summary_large_image\" \/>\n<meta name=\"twitter:label1\" content=\"Escrito por\" \/>\n\t<meta name=\"twitter:data1\" content=\"ser_integral\" \/>\n\t<meta name=\"twitter:label2\" content=\"Tiempo estimado de lectura\" \/>\n\t<meta name=\"twitter:data2\" content=\"3 minutos\" \/>\n<script type=\"application\/ld+json\" class=\"yoast-schema-graph\">{\"@context\":\"https:\/\/schema.org\",\"@graph\":[{\"@type\":\"WebSite\",\"@id\":\"https:\/\/fai.org.co\/serintegral\/#website\",\"url\":\"https:\/\/fai.org.co\/serintegral\/\",\"name\":\"Ser integral\",\"description\":\"\",\"potentialAction\":[{\"@type\":\"SearchAction\",\"target\":{\"@type\":\"EntryPoint\",\"urlTemplate\":\"https:\/\/fai.org.co\/serintegral\/?s={search_term_string}\"},\"query-input\":\"required name=search_term_string\"}],\"inLanguage\":\"es-CO\"},{\"@type\":\"ImageObject\",\"@id\":\"https:\/\/fai.org.co\/serintegral\/influenza\/como-surge-la-influenza\/#primaryimage\",\"inLanguage\":\"es-CO\",\"url\":\"https:\/\/fai.org.co\/serintegral\/wp-content\/uploads\/2021\/09\/como-surge-la-influenza.jpg\",\"contentUrl\":\"https:\/\/fai.org.co\/serintegral\/wp-content\/uploads\/2021\/09\/como-surge-la-influenza.jpg\",\"width\":539,\"height\":369,\"caption\":\"Foto de Anna Shvets en Pexels.\"},{\"@type\":\"WebPage\",\"@id\":\"https:\/\/fai.org.co\/serintegral\/influenza\/como-surge-la-influenza\/#webpage\",\"url\":\"https:\/\/fai.org.co\/serintegral\/influenza\/como-surge-la-influenza\/\",\"name\":\"\\u00bfC\\u00f3mo surge la influenza? - Datos para #SerIntegral\",\"isPartOf\":{\"@id\":\"https:\/\/fai.org.co\/serintegral\/#website\"},\"primaryImageOfPage\":{\"@id\":\"https:\/\/fai.org.co\/serintegral\/influenza\/como-surge-la-influenza\/#primaryimage\"},\"datePublished\":\"2021-09-01T15:35:04+00:00\",\"dateModified\":\"2022-05-31T16:53:38+00:00\",\"author\":{\"@id\":\"https:\/\/fai.org.co\/serintegral\/#\/schema\/person\/07947feccb7e085e4a0897f398e7e09c\"},\"description\":\"La influenza es un virus que causa una enfermedad respiratoria contagiosa del mismo nombre, el foco de infecci\\u00f3n de esta es la nariz, la garganta y en algunos de los casos los pulmones.\",\"breadcrumb\":{\"@id\":\"https:\/\/fai.org.co\/serintegral\/influenza\/como-surge-la-influenza\/#breadcrumb\"},\"inLanguage\":\"es-CO\",\"potentialAction\":[{\"@type\":\"ReadAction\",\"target\":[\"https:\/\/fai.org.co\/serintegral\/influenza\/como-surge-la-influenza\/\"]}]},{\"@type\":\"BreadcrumbList\",\"@id\":\"https:\/\/fai.org.co\/serintegral\/influenza\/como-surge-la-influenza\/#breadcrumb\",\"itemListElement\":[{\"@type\":\"ListItem\",\"position\":1,\"name\":\"Inicio\",\"item\":\"https:\/\/fai.org.co\/serintegral\/\"},{\"@type\":\"ListItem\",\"position\":2,\"name\":\"\\u00bfC\\u00f3mo surge la influenza?\"}]},{\"@type\":\"Person\",\"@id\":\"https:\/\/fai.org.co\/serintegral\/#\/schema\/person\/07947feccb7e085e4a0897f398e7e09c\",\"name\":\"ser_integral\",\"image\":{\"@type\":\"ImageObject\",\"@id\":\"https:\/\/fai.org.co\/serintegral\/#personlogo\",\"inLanguage\":\"es-CO\",\"url\":\"https:\/\/secure.gravatar.com\/avatar\/d019f5050c26fda22d47330ce0f99cf86745e4f9d41b4f7de838ecf51eeb5eaa?s=96&d=mm&r=g\",\"contentUrl\":\"https:\/\/secure.gravatar.com\/avatar\/d019f5050c26fda22d47330ce0f99cf86745e4f9d41b4f7de838ecf51eeb5eaa?s=96&d=mm&r=g\",\"caption\":\"ser_integral\"},\"url\":\"https:\/\/fai.org.co\/serintegral\/author\/ser_integral\/\"}]}<\/script>\n<!-- \/ Yoast SEO plugin. -->","yoast_head_json":{"title":"\u00bfC\u00f3mo surge la influenza? - Datos para #SerIntegral","description":"La influenza es un virus que causa una enfermedad respiratoria contagiosa del mismo nombre, el foco de infecci\u00f3n de esta es la nariz, la garganta y en algunos de los casos los pulmones.","robots":{"index":"index","follow":"follow","max-snippet":"max-snippet:-1","max-image-preview":"max-image-preview:large","max-video-preview":"max-video-preview:-1"},"canonical":"https:\/\/fai.org.co\/serintegral\/influenza\/como-surge-la-influenza\/","og_locale":"es_ES","og_type":"article","og_title":"\u00bfC\u00f3mo surge la influenza? - Datos para #SerIntegral","og_description":"La influenza es un virus que causa una enfermedad respiratoria contagiosa del mismo nombre, el foco de infecci\u00f3n de esta es la nariz, la garganta y en algunos de los casos los pulmones.","og_url":"https:\/\/fai.org.co\/serintegral\/influenza\/como-surge-la-influenza\/","og_site_name":"Ser integral","article_published_time":"2021-09-01T15:35:04+00:00","article_modified_time":"2022-05-31T16:53:38+00:00","og_image":[{"width":539,"height":369,"url":"https:\/\/fai.org.co\/serintegral\/wp-content\/uploads\/2021\/09\/como-surge-la-influenza.jpg","type":"image\/jpeg"}],"twitter_card":"summary_large_image","twitter_misc":{"Escrito por":"ser_integral","Tiempo estimado de lectura":"3 minutos"},"schema":{"@context":"https:\/\/schema.org","@graph":[{"@type":"WebSite","@id":"https:\/\/fai.org.co\/serintegral\/#website","url":"https:\/\/fai.org.co\/serintegral\/","name":"Ser integral","description":"","potentialAction":[{"@type":"SearchAction","target":{"@type":"EntryPoint","urlTemplate":"https:\/\/fai.org.co\/serintegral\/?s={search_term_string}"},"query-input":"required name=search_term_string"}],"inLanguage":"es-CO"},{"@type":"ImageObject","@id":"https:\/\/fai.org.co\/serintegral\/influenza\/como-surge-la-influenza\/#primaryimage","inLanguage":"es-CO","url":"https:\/\/fai.org.co\/serintegral\/wp-content\/uploads\/2021\/09\/como-surge-la-influenza.jpg","contentUrl":"https:\/\/fai.org.co\/serintegral\/wp-content\/uploads\/2021\/09\/como-surge-la-influenza.jpg","width":539,"height":369,"caption":"Foto de Anna Shvets en Pexels."},{"@type":"WebPage","@id":"https:\/\/fai.org.co\/serintegral\/influenza\/como-surge-la-influenza\/#webpage","url":"https:\/\/fai.org.co\/serintegral\/influenza\/como-surge-la-influenza\/","name":"\u00bfC\u00f3mo surge la influenza? - Datos para #SerIntegral","isPartOf":{"@id":"https:\/\/fai.org.co\/serintegral\/#website"},"primaryImageOfPage":{"@id":"https:\/\/fai.org.co\/serintegral\/influenza\/como-surge-la-influenza\/#primaryimage"},"datePublished":"2021-09-01T15:35:04+00:00","dateModified":"2022-05-31T16:53:38+00:00","author":{"@id":"https:\/\/fai.org.co\/serintegral\/#\/schema\/person\/07947feccb7e085e4a0897f398e7e09c"},"description":"La influenza es un virus que causa una enfermedad respiratoria contagiosa del mismo nombre, el foco de infecci\u00f3n de esta es la nariz, la garganta y en algunos de los casos los pulmones.","breadcrumb":{"@id":"https:\/\/fai.org.co\/serintegral\/influenza\/como-surge-la-influenza\/#breadcrumb"},"inLanguage":"es-CO","potentialAction":[{"@type":"ReadAction","target":["https:\/\/fai.org.co\/serintegral\/influenza\/como-surge-la-influenza\/"]}]},{"@type":"BreadcrumbList","@id":"https:\/\/fai.org.co\/serintegral\/influenza\/como-surge-la-influenza\/#breadcrumb","itemListElement":[{"@type":"ListItem","position":1,"name":"Inicio","item":"https:\/\/fai.org.co\/serintegral\/"},{"@type":"ListItem","position":2,"name":"\u00bfC\u00f3mo surge la influenza?"}]},{"@type":"Person","@id":"https:\/\/fai.org.co\/serintegral\/#\/schema\/person\/07947feccb7e085e4a0897f398e7e09c","name":"ser_integral","image":{"@type":"ImageObject","@id":"https:\/\/fai.org.co\/serintegral\/#personlogo","inLanguage":"es-CO","url":"https:\/\/secure.gravatar.com\/avatar\/d019f5050c26fda22d47330ce0f99cf86745e4f9d41b4f7de838ecf51eeb5eaa?s=96&d=mm&r=g","contentUrl":"https:\/\/secure.gravatar.com\/avatar\/d019f5050c26fda22d47330ce0f99cf86745e4f9d41b4f7de838ecf51eeb5eaa?s=96&d=mm&r=g","caption":"ser_integral"},"url":"https:\/\/fai.org.co\/serintegral\/author\/ser_integral\/"}]}},"jetpack_featured_media_url":"https:\/\/fai.org.co\/serintegral\/wp-content\/uploads\/2021\/09\/como-surge-la-influenza.jpg","_links":{"self":[{"href":"https:\/\/fai.org.co\/serintegral\/wp-json\/wp\/v2\/posts\/1387","targetHints":{"allow":["GET"]}}],"collection":[{"href":"https:\/\/fai.org.co\/serintegral\/wp-json\/wp\/v2\/posts"}],"about":[{"href":"https:\/\/fai.org.co\/serintegral\/wp-json\/wp\/v2\/types\/post"}],"author":[{"embeddable":true,"href":"https:\/\/fai.org.co\/serintegral\/wp-json\/wp\/v2\/users\/2"}],"replies":[{"embeddable":true,"href":"https:\/\/fai.org.co\/serintegral\/wp-json\/wp\/v2\/comments?post=1387"}],"version-history":[{"count":2,"href":"https:\/\/fai.org.co\/serintegral\/wp-json\/wp\/v2\/posts\/1387\/revisions"}],"predecessor-version":[{"id":2145,"href":"https:\/\/fai.org.co\/serintegral\/wp-json\/wp\/v2\/posts\/1387\/revisions\/2145"}],"wp:featuredmedia":[{"embeddable":true,"href":"https:\/\/fai.org.co\/serintegral\/wp-json\/wp\/v2\/media\/1390"}],"wp:attachment":[{"href":"https:\/\/fai.org.co\/serintegral\/wp-json\/wp\/v2\/media?parent=1387"}],"wp:term":[{"taxonomy":"category","embeddable":true,"href":"https:\/\/fai.org.co\/serintegral\/wp-json\/wp\/v2\/categories?post=1387"},{"taxonomy":"post_tag","embeddable":true,"href":"https:\/\/fai.org.co\/serintegral\/wp-json\/wp\/v2\/tags?post=1387"}],"curies":[{"name":"wp","href":"https:\/\/api.w.org\/{rel}","templated":true}]}}