{"id":1392,"date":"2021-09-02T11:15:24","date_gmt":"2021-09-02T16:15:24","guid":{"rendered":"https:\/\/fai.org.co\/serintegral\/?p=1392"},"modified":"2022-05-31T11:48:29","modified_gmt":"2022-05-31T16:48:29","slug":"cuidados-y-tratamientos-de-la-influenza","status":"publish","type":"post","link":"https:\/\/fai.org.co\/serintegral\/influenza\/cuidados-y-tratamientos-de-la-influenza\/","title":{"rendered":"Cuidados y tratamientos de la influenza"},"content":{"rendered":"<h2>Cuando se contrae el virus contagioso que causa la influenza, nuestro sistema respiratorio se ve comprometido, y aunque el contagio por este puede causar desde enfermedad leve a un cuadro m\u00e1s grave (que puede terminar en hospitalizaci\u00f3n o un suceso fatal) es importante que conozcamos, c\u00f3mo actuar y c\u00f3mo hacer un tratamiento efectivo en contra de la influenza.<\/h2>\n<p>El periodo de incubaci\u00f3n del virus desde la infecci\u00f3n, es de aproximadamente 2 a 4 d\u00edas, luego de los que empiezan a aparecer los s\u00edntomas comunes que pueden incluir fiebre alta, escalofr\u00edos, dolor de cabeza agudo, dolores musculares fuertes y en algunos casos v\u00f3mito o diarrea; acompa\u00f1ados de tos seca, complicaciones respiratorias y fatiga. A veces se presenta conjuntivitis y dolor para movilizar los ojos.<\/p>\n<h4>Generalmente en caso de que se presente infecci\u00f3n, solo se necesita descansar y tomar mucho l\u00edquido para combatir la enfermedad. Ya que la mayor\u00eda de las personas con influenza tienen una enfermedad leve y no necesitan atenci\u00f3n m\u00e9dica ni medicamentos antivirales para contrarrestar los s\u00edntomas.<\/h4>\n<p>Pero si se presenta una infecci\u00f3n m\u00e1s grave, o se percibe un riesgo m\u00e1s alto que pueda causar complicaciones por presentar un cuadro diferente, lo m\u00e1s probable es que el m\u00e9dico que est\u00e9 tratando recete un medicamento antiviral para tratar la gripe.<\/p>\n<p>Los antivirales son suministrados cuando los s\u00edntomas de la influenza se intensifican y ponen en riesgo nuestra salud, m\u00e1s si se tiene una condici\u00f3n preexistente como asma, diabetes o cualquier enfermedad cardiaca.<\/p>\n<h3>\u00bfQu\u00e9 hace un medicamento antiviral?<\/h3>\n<ul>\n<li>Puede tratar los virus que causan la influenza.<\/li>\n<li>Los medicamentos antivirales no son antibi\u00f3ticos.<\/li>\n<li>Los antivirales que tratan la influenza son medicamentos recetados por un profesional y que no se venden sin receta m\u00e9dica.<\/li>\n<li>Los medicamentos antivirales pueden hacer que la infecci\u00f3n y los s\u00edntomas que aparecen con este sean m\u00e1s leves y duren menos.<\/li>\n<li>Si el tratamiento se inicia a tiempo, estos pueden prevenir complicaciones graves como neumon\u00eda.<\/li>\n<\/ul>\n<p>Es importante tener en cuenta para casos de reinfecci\u00f3n del virus, que la influenza es un virus tratable y prevenible, ya que aunque los medicamentos antivirales no reemplazan a la vacuna contra la influenza. <strong>La vacunaci\u00f3n es la mejor manera de prevenir la influenza<\/strong>, as\u00ed su efectividad var\u00ede, es la manera de estar preparados para esta infecci\u00f3n del virus estacional y las posibles complicaciones graves.<\/p>\n<hr \/>\n<p><img loading=\"lazy\" decoding=\"async\" class=\" wp-image-2117 aligncenter\" src=\"https:\/\/fai.org.co\/serintegral\/wp-content\/uploads\/2021\/10\/Agregar-un-titulo-300x169.jpg\" alt=\"\" width=\"380\" height=\"214\" srcset=\"https:\/\/fai.org.co\/serintegral\/wp-content\/uploads\/2021\/10\/Agregar-un-titulo-300x169.jpg 300w, https:\/\/fai.org.co\/serintegral\/wp-content\/uploads\/2021\/10\/Agregar-un-titulo-1024x576.jpg 1024w, https:\/\/fai.org.co\/serintegral\/wp-content\/uploads\/2021\/10\/Agregar-un-titulo-768x432.jpg 768w, https:\/\/fai.org.co\/serintegral\/wp-content\/uploads\/2021\/10\/Agregar-un-titulo-1536x864.jpg 1536w, https:\/\/fai.org.co\/serintegral\/wp-content\/uploads\/2021\/10\/Agregar-un-titulo.jpg 1920w\" sizes=\"auto, (max-width: 380px) 100vw, 380px\" \/><\/p>\n","protected":false},"excerpt":{"rendered":"<p>Cuando se contrae el virus contagioso que causa la influenza, nuestro sistema respiratorio se ve comprometido, y aunque el contagio por este puede causar desde enfermedad leve a un cuadro m\u00e1s grave (que puede terminar en hospitalizaci\u00f3n o un suceso fatal) es importante que conozcamos, c\u00f3mo actuar y c\u00f3mo hacer un tratamiento efectivo en contra [&hellip;]<\/p>\n","protected":false},"author":2,"featured_media":1393,"comment_status":"open","ping_status":"open","sticky":false,"template":"","format":"standard","meta":{"_monsterinsights_skip_tracking":false,"_monsterinsights_sitenote_active":false,"_monsterinsights_sitenote_note":"","_monsterinsights_sitenote_category":0,"spay_email":"","footnotes":""},"categories":[14],"tags":[],"class_list":["post-1392","post","type-post","status-publish","format-standard","has-post-thumbnail","hentry","category-influenza"],"aioseo_notices":[],"yoast_head":"<!-- This site is optimized with the Yoast SEO plugin v17.5 - https:\/\/yoast.com\/wordpress\/plugins\/seo\/ -->\n<title>Cuidados y tratamientos de la influenza - Ser Integral<\/title>\n<meta name=\"description\" content=\"Cuando se contrae el virus de la influenza, es importante que conozcamos, c\u00f3mo actuar y c\u00f3mo hacer un tratamiento efectivo para hacerle frente\" \/>\n<meta name=\"robots\" content=\"index, follow, max-snippet:-1, max-image-preview:large, max-video-preview:-1\" \/>\n<link rel=\"canonical\" href=\"https:\/\/fai.org.co\/serintegral\/influenza\/cuidados-y-tratamientos-de-la-influenza\/\" \/>\n<meta property=\"og:locale\" content=\"es_ES\" \/>\n<meta property=\"og:type\" content=\"article\" \/>\n<meta property=\"og:title\" content=\"Cuidados y tratamientos de la influenza - Ser Integral\" \/>\n<meta property=\"og:description\" content=\"Cuando se contrae el virus de la influenza, es importante que conozcamos, c\u00f3mo actuar y c\u00f3mo hacer un tratamiento efectivo para hacerle frente\" \/>\n<meta property=\"og:url\" content=\"https:\/\/fai.org.co\/serintegral\/influenza\/cuidados-y-tratamientos-de-la-influenza\/\" \/>\n<meta property=\"og:site_name\" content=\"Ser integral\" \/>\n<meta property=\"article:published_time\" content=\"2021-09-02T16:15:24+00:00\" \/>\n<meta property=\"article:modified_time\" content=\"2022-05-31T16:48:29+00:00\" \/>\n<meta property=\"og:image\" content=\"https:\/\/fai.org.co\/serintegral\/wp-content\/uploads\/2021\/09\/cuidados-y-tratamientos-de-la-influenza.jpg\" \/>\n\t<meta property=\"og:image:width\" content=\"539\" \/>\n\t<meta property=\"og:image:height\" content=\"369\" \/>\n<meta name=\"twitter:card\" content=\"summary_large_image\" \/>\n<meta name=\"twitter:label1\" content=\"Escrito por\" \/>\n\t<meta name=\"twitter:data1\" content=\"ser_integral\" \/>\n\t<meta name=\"twitter:label2\" content=\"Tiempo estimado de lectura\" \/>\n\t<meta name=\"twitter:data2\" content=\"2 minutos\" \/>\n<script type=\"application\/ld+json\" class=\"yoast-schema-graph\">{\"@context\":\"https:\/\/schema.org\",\"@graph\":[{\"@type\":\"WebSite\",\"@id\":\"https:\/\/fai.org.co\/serintegral\/#website\",\"url\":\"https:\/\/fai.org.co\/serintegral\/\",\"name\":\"Ser integral\",\"description\":\"\",\"potentialAction\":[{\"@type\":\"SearchAction\",\"target\":{\"@type\":\"EntryPoint\",\"urlTemplate\":\"https:\/\/fai.org.co\/serintegral\/?s={search_term_string}\"},\"query-input\":\"required name=search_term_string\"}],\"inLanguage\":\"es-CO\"},{\"@type\":\"ImageObject\",\"@id\":\"https:\/\/fai.org.co\/serintegral\/influenza\/cuidados-y-tratamientos-de-la-influenza\/#primaryimage\",\"inLanguage\":\"es-CO\",\"url\":\"https:\/\/fai.org.co\/serintegral\/wp-content\/uploads\/2021\/09\/cuidados-y-tratamientos-de-la-influenza.jpg\",\"contentUrl\":\"https:\/\/fai.org.co\/serintegral\/wp-content\/uploads\/2021\/09\/cuidados-y-tratamientos-de-la-influenza.jpg\",\"width\":539,\"height\":369,\"caption\":\"Foto de rawpixel.com en Freepik.es\"},{\"@type\":\"WebPage\",\"@id\":\"https:\/\/fai.org.co\/serintegral\/influenza\/cuidados-y-tratamientos-de-la-influenza\/#webpage\",\"url\":\"https:\/\/fai.org.co\/serintegral\/influenza\/cuidados-y-tratamientos-de-la-influenza\/\",\"name\":\"Cuidados y tratamientos de la influenza - Ser Integral\",\"isPartOf\":{\"@id\":\"https:\/\/fai.org.co\/serintegral\/#website\"},\"primaryImageOfPage\":{\"@id\":\"https:\/\/fai.org.co\/serintegral\/influenza\/cuidados-y-tratamientos-de-la-influenza\/#primaryimage\"},\"datePublished\":\"2021-09-02T16:15:24+00:00\",\"dateModified\":\"2022-05-31T16:48:29+00:00\",\"author\":{\"@id\":\"https:\/\/fai.org.co\/serintegral\/#\/schema\/person\/07947feccb7e085e4a0897f398e7e09c\"},\"description\":\"Cuando se contrae el virus de la influenza, es importante que conozcamos, c\\u00f3mo actuar y c\\u00f3mo hacer un tratamiento efectivo para hacerle frente\",\"breadcrumb\":{\"@id\":\"https:\/\/fai.org.co\/serintegral\/influenza\/cuidados-y-tratamientos-de-la-influenza\/#breadcrumb\"},\"inLanguage\":\"es-CO\",\"potentialAction\":[{\"@type\":\"ReadAction\",\"target\":[\"https:\/\/fai.org.co\/serintegral\/influenza\/cuidados-y-tratamientos-de-la-influenza\/\"]}]},{\"@type\":\"BreadcrumbList\",\"@id\":\"https:\/\/fai.org.co\/serintegral\/influenza\/cuidados-y-tratamientos-de-la-influenza\/#breadcrumb\",\"itemListElement\":[{\"@type\":\"ListItem\",\"position\":1,\"name\":\"Inicio\",\"item\":\"https:\/\/fai.org.co\/serintegral\/\"},{\"@type\":\"ListItem\",\"position\":2,\"name\":\"Cuidados y tratamientos de la influenza\"}]},{\"@type\":\"Person\",\"@id\":\"https:\/\/fai.org.co\/serintegral\/#\/schema\/person\/07947feccb7e085e4a0897f398e7e09c\",\"name\":\"ser_integral\",\"image\":{\"@type\":\"ImageObject\",\"@id\":\"https:\/\/fai.org.co\/serintegral\/#personlogo\",\"inLanguage\":\"es-CO\",\"url\":\"https:\/\/secure.gravatar.com\/avatar\/d019f5050c26fda22d47330ce0f99cf86745e4f9d41b4f7de838ecf51eeb5eaa?s=96&d=mm&r=g\",\"contentUrl\":\"https:\/\/secure.gravatar.com\/avatar\/d019f5050c26fda22d47330ce0f99cf86745e4f9d41b4f7de838ecf51eeb5eaa?s=96&d=mm&r=g\",\"caption\":\"ser_integral\"},\"url\":\"https:\/\/fai.org.co\/serintegral\/author\/ser_integral\/\"}]}<\/script>\n<!-- \/ Yoast SEO plugin. -->","yoast_head_json":{"title":"Cuidados y tratamientos de la influenza - Ser Integral","description":"Cuando se contrae el virus de la influenza, es importante que conozcamos, c\u00f3mo actuar y c\u00f3mo hacer un tratamiento efectivo para hacerle frente","robots":{"index":"index","follow":"follow","max-snippet":"max-snippet:-1","max-image-preview":"max-image-preview:large","max-video-preview":"max-video-preview:-1"},"canonical":"https:\/\/fai.org.co\/serintegral\/influenza\/cuidados-y-tratamientos-de-la-influenza\/","og_locale":"es_ES","og_type":"article","og_title":"Cuidados y tratamientos de la influenza - Ser Integral","og_description":"Cuando se contrae el virus de la influenza, es importante que conozcamos, c\u00f3mo actuar y c\u00f3mo hacer un tratamiento efectivo para hacerle frente","og_url":"https:\/\/fai.org.co\/serintegral\/influenza\/cuidados-y-tratamientos-de-la-influenza\/","og_site_name":"Ser integral","article_published_time":"2021-09-02T16:15:24+00:00","article_modified_time":"2022-05-31T16:48:29+00:00","og_image":[{"width":539,"height":369,"url":"https:\/\/fai.org.co\/serintegral\/wp-content\/uploads\/2021\/09\/cuidados-y-tratamientos-de-la-influenza.jpg","type":"image\/jpeg"}],"twitter_card":"summary_large_image","twitter_misc":{"Escrito por":"ser_integral","Tiempo estimado de lectura":"2 minutos"},"schema":{"@context":"https:\/\/schema.org","@graph":[{"@type":"WebSite","@id":"https:\/\/fai.org.co\/serintegral\/#website","url":"https:\/\/fai.org.co\/serintegral\/","name":"Ser integral","description":"","potentialAction":[{"@type":"SearchAction","target":{"@type":"EntryPoint","urlTemplate":"https:\/\/fai.org.co\/serintegral\/?s={search_term_string}"},"query-input":"required name=search_term_string"}],"inLanguage":"es-CO"},{"@type":"ImageObject","@id":"https:\/\/fai.org.co\/serintegral\/influenza\/cuidados-y-tratamientos-de-la-influenza\/#primaryimage","inLanguage":"es-CO","url":"https:\/\/fai.org.co\/serintegral\/wp-content\/uploads\/2021\/09\/cuidados-y-tratamientos-de-la-influenza.jpg","contentUrl":"https:\/\/fai.org.co\/serintegral\/wp-content\/uploads\/2021\/09\/cuidados-y-tratamientos-de-la-influenza.jpg","width":539,"height":369,"caption":"Foto de rawpixel.com en Freepik.es"},{"@type":"WebPage","@id":"https:\/\/fai.org.co\/serintegral\/influenza\/cuidados-y-tratamientos-de-la-influenza\/#webpage","url":"https:\/\/fai.org.co\/serintegral\/influenza\/cuidados-y-tratamientos-de-la-influenza\/","name":"Cuidados y tratamientos de la influenza - Ser Integral","isPartOf":{"@id":"https:\/\/fai.org.co\/serintegral\/#website"},"primaryImageOfPage":{"@id":"https:\/\/fai.org.co\/serintegral\/influenza\/cuidados-y-tratamientos-de-la-influenza\/#primaryimage"},"datePublished":"2021-09-02T16:15:24+00:00","dateModified":"2022-05-31T16:48:29+00:00","author":{"@id":"https:\/\/fai.org.co\/serintegral\/#\/schema\/person\/07947feccb7e085e4a0897f398e7e09c"},"description":"Cuando se contrae el virus de la influenza, es importante que conozcamos, c\u00f3mo actuar y c\u00f3mo hacer un tratamiento efectivo para hacerle frente","breadcrumb":{"@id":"https:\/\/fai.org.co\/serintegral\/influenza\/cuidados-y-tratamientos-de-la-influenza\/#breadcrumb"},"inLanguage":"es-CO","potentialAction":[{"@type":"ReadAction","target":["https:\/\/fai.org.co\/serintegral\/influenza\/cuidados-y-tratamientos-de-la-influenza\/"]}]},{"@type":"BreadcrumbList","@id":"https:\/\/fai.org.co\/serintegral\/influenza\/cuidados-y-tratamientos-de-la-influenza\/#breadcrumb","itemListElement":[{"@type":"ListItem","position":1,"name":"Inicio","item":"https:\/\/fai.org.co\/serintegral\/"},{"@type":"ListItem","position":2,"name":"Cuidados y tratamientos de la influenza"}]},{"@type":"Person","@id":"https:\/\/fai.org.co\/serintegral\/#\/schema\/person\/07947feccb7e085e4a0897f398e7e09c","name":"ser_integral","image":{"@type":"ImageObject","@id":"https:\/\/fai.org.co\/serintegral\/#personlogo","inLanguage":"es-CO","url":"https:\/\/secure.gravatar.com\/avatar\/d019f5050c26fda22d47330ce0f99cf86745e4f9d41b4f7de838ecf51eeb5eaa?s=96&d=mm&r=g","contentUrl":"https:\/\/secure.gravatar.com\/avatar\/d019f5050c26fda22d47330ce0f99cf86745e4f9d41b4f7de838ecf51eeb5eaa?s=96&d=mm&r=g","caption":"ser_integral"},"url":"https:\/\/fai.org.co\/serintegral\/author\/ser_integral\/"}]}},"jetpack_featured_media_url":"https:\/\/fai.org.co\/serintegral\/wp-content\/uploads\/2021\/09\/cuidados-y-tratamientos-de-la-influenza.jpg","_links":{"self":[{"href":"https:\/\/fai.org.co\/serintegral\/wp-json\/wp\/v2\/posts\/1392","targetHints":{"allow":["GET"]}}],"collection":[{"href":"https:\/\/fai.org.co\/serintegral\/wp-json\/wp\/v2\/posts"}],"about":[{"href":"https:\/\/fai.org.co\/serintegral\/wp-json\/wp\/v2\/types\/post"}],"author":[{"embeddable":true,"href":"https:\/\/fai.org.co\/serintegral\/wp-json\/wp\/v2\/users\/2"}],"replies":[{"embeddable":true,"href":"https:\/\/fai.org.co\/serintegral\/wp-json\/wp\/v2\/comments?post=1392"}],"version-history":[{"count":2,"href":"https:\/\/fai.org.co\/serintegral\/wp-json\/wp\/v2\/posts\/1392\/revisions"}],"predecessor-version":[{"id":2144,"href":"https:\/\/fai.org.co\/serintegral\/wp-json\/wp\/v2\/posts\/1392\/revisions\/2144"}],"wp:featuredmedia":[{"embeddable":true,"href":"https:\/\/fai.org.co\/serintegral\/wp-json\/wp\/v2\/media\/1393"}],"wp:attachment":[{"href":"https:\/\/fai.org.co\/serintegral\/wp-json\/wp\/v2\/media?parent=1392"}],"wp:term":[{"taxonomy":"category","embeddable":true,"href":"https:\/\/fai.org.co\/serintegral\/wp-json\/wp\/v2\/categories?post=1392"},{"taxonomy":"post_tag","embeddable":true,"href":"https:\/\/fai.org.co\/serintegral\/wp-json\/wp\/v2\/tags?post=1392"}],"curies":[{"name":"wp","href":"https:\/\/api.w.org\/{rel}","templated":true}]}}