{"id":1395,"date":"2021-09-03T13:20:32","date_gmt":"2021-09-03T18:20:32","guid":{"rendered":"https:\/\/fai.org.co\/serintegral\/?p=1395"},"modified":"2022-05-31T11:46:57","modified_gmt":"2022-05-31T16:46:57","slug":"influenza-en-tiempos-de-covid","status":"publish","type":"post","link":"https:\/\/fai.org.co\/serintegral\/influenza\/influenza-en-tiempos-de-covid\/","title":{"rendered":"La influenza en tiempos de Covid"},"content":{"rendered":"<h2>En el \u00faltimo a\u00f1o las enfermedades respiratorias se han puesto en el foco de las organizaciones sanitarias, ya que con la llegada del COVID-19 y todo lo que produjo, el cuidado por la salud respiratoria se convirti\u00f3 en una prioridad.<\/h2>\n<h3>Sin embargo, su similitud con otras enfermedades de tipo respiratorio existen muchas confusiones y mitos por desmentir. Pero en qu\u00e9 se diferencian las gripas comunes y el COVID-19, c\u00f3mo identificarlas, te lo contamos todo.<\/h3>\n<p><strong>El COVID-19 y la gripe com\u00fan se pueden diferenciar en muchos aspectos.<\/strong> Primero que todo, aunque son enfermedades respiratorias contagiosas tanto la gripe como el COVID-19 son causados por diferentes virus, el \u00faltimo es causado por un virus llamado SARS-CoV2 y la otra por el de la influenza de tipo A y B.<\/p>\n<p>El cuadro de s\u00edntomas que se presenta por las dos infecciones, COVID-19 y gripe, se manifiestan de maneras diferentes en tiempo y efectos. Con el primero pueden aparecer fuertes dolores de cabeza, p\u00e9rdida del gusto y del olfato pero solamente experimentarlos hasta 14 d\u00edas despu\u00e9s de la exposici\u00f3n al virus, mientras que con los otros pueden aparecer s\u00edntomas como resfriado, fiebre, dolor de cabeza en un periodo m\u00e1s cercano a la fecha de contagio.<\/p>\n<p>Dentro de las diferencias m\u00e1s importantes, debemos tener en cuenta que la tasa de mortalidad del COVID-19 es m\u00e1s alta comparada con la gripe com\u00fan y que las afectaciones respiratorias que puede dejar, tambi\u00e9n lo son.<\/p>\n<p>Otra diferencia significativa, es el tratamiento que tienen; en el caso de la gripe se puede tratar con cuidados de la casa como el reposo y casos agudos que lo necesiten con medicamentos antivirales. Por el contrario, solo existe un medicamento antiviral, llamado REMDEVISIR, verificado y aprobado para el tratamiento del COVID-19. Y que en casos en donde los s\u00edntomas de este empeora, el tratamiento se vuelve de forma cl\u00ednica.<\/p>\n<p>Se han hecho estudios en los que se demuestra que el COVID-19 se propaga con m\u00e1s facilidad que la influenza y por sus consecuencias la hace una enfermedad de m\u00e1s riesgo. Por eso la importancia de las vacunas como m\u00e9todo de prevenci\u00f3n. La vacuna contra la gripe no genera protecci\u00f3n con el COVID-19, pero si tienes tus vacunas al d\u00eda se pueden reducir los s\u00edntomas.<\/p>\n<h3>Y de igual manera con los planes de vacunaci\u00f3n contra el COVID-19 que se est\u00e1n moviendo en diferentes pa\u00edses, a medida que m\u00e1s personas se vacunen por completo contra el COVID-19, la propagaci\u00f3n del virus que lo causa tambi\u00e9n deber\u00eda desacelerarse.<\/h3>\n<p>De la misma manera recordar, que por la emergencia sanitaria que vivimos es importante mantener los sistemas de protecci\u00f3n y prevenci\u00f3n que se levantaron con la situaci\u00f3n. Cuidar la distancia, lavarnos las manos, limpiar los alimentos, evitar aglomeraciones, respetar las normativas que impongan los gobiernos y cuidar la salud.<\/p>\n<p>&nbsp;<\/p>\n<hr \/>\n<p><img loading=\"lazy\" decoding=\"async\" class=\" wp-image-2117 aligncenter\" src=\"https:\/\/fai.org.co\/serintegral\/wp-content\/uploads\/2021\/10\/Agregar-un-titulo-300x169.jpg\" alt=\"\" width=\"380\" height=\"214\" srcset=\"https:\/\/fai.org.co\/serintegral\/wp-content\/uploads\/2021\/10\/Agregar-un-titulo-300x169.jpg 300w, https:\/\/fai.org.co\/serintegral\/wp-content\/uploads\/2021\/10\/Agregar-un-titulo-1024x576.jpg 1024w, https:\/\/fai.org.co\/serintegral\/wp-content\/uploads\/2021\/10\/Agregar-un-titulo-768x432.jpg 768w, https:\/\/fai.org.co\/serintegral\/wp-content\/uploads\/2021\/10\/Agregar-un-titulo-1536x864.jpg 1536w, https:\/\/fai.org.co\/serintegral\/wp-content\/uploads\/2021\/10\/Agregar-un-titulo.jpg 1920w\" sizes=\"auto, (max-width: 380px) 100vw, 380px\" \/><\/p>\n","protected":false},"excerpt":{"rendered":"<p>En el \u00faltimo a\u00f1o las enfermedades respiratorias se han puesto en el foco de las organizaciones sanitarias, ya que con la llegada del COVID-19 y todo lo que produjo, el cuidado por la salud respiratoria se convirti\u00f3 en una prioridad. Sin embargo, su similitud con otras enfermedades de tipo respiratorio existen muchas confusiones y mitos [&hellip;]<\/p>\n","protected":false},"author":2,"featured_media":1397,"comment_status":"open","ping_status":"open","sticky":false,"template":"","format":"standard","meta":{"_monsterinsights_skip_tracking":false,"_monsterinsights_sitenote_active":false,"_monsterinsights_sitenote_note":"","_monsterinsights_sitenote_category":0,"spay_email":"","footnotes":""},"categories":[14],"tags":[],"class_list":["post-1395","post","type-post","status-publish","format-standard","has-post-thumbnail","hentry","category-influenza"],"aioseo_notices":[],"yoast_head":"<!-- This site is optimized with the Yoast SEO plugin v17.5 - https:\/\/yoast.com\/wordpress\/plugins\/seo\/ -->\n<title>La influenza en tiempos de la Covid-19 - Ser Integral<\/title>\n<meta name=\"description\" content=\"El \u00faltimo a\u00f1o las enfermedades respiratorias se han puesto en el foco de las organizaciones sanitarias, con la llegada del COVID - Influenza\" \/>\n<meta name=\"robots\" content=\"index, follow, max-snippet:-1, max-image-preview:large, max-video-preview:-1\" \/>\n<link rel=\"canonical\" href=\"https:\/\/fai.org.co\/serintegral\/influenza\/influenza-en-tiempos-de-covid\/\" \/>\n<meta property=\"og:locale\" content=\"es_ES\" \/>\n<meta property=\"og:type\" content=\"article\" \/>\n<meta property=\"og:title\" content=\"La influenza en tiempos de la Covid-19 - Ser Integral\" \/>\n<meta property=\"og:description\" content=\"El \u00faltimo a\u00f1o las enfermedades respiratorias se han puesto en el foco de las organizaciones sanitarias, con la llegada del COVID - Influenza\" \/>\n<meta property=\"og:url\" content=\"https:\/\/fai.org.co\/serintegral\/influenza\/influenza-en-tiempos-de-covid\/\" \/>\n<meta property=\"og:site_name\" content=\"Ser integral\" \/>\n<meta property=\"article:published_time\" content=\"2021-09-03T18:20:32+00:00\" \/>\n<meta property=\"article:modified_time\" content=\"2022-05-31T16:46:57+00:00\" \/>\n<meta property=\"og:image\" content=\"https:\/\/fai.org.co\/serintegral\/wp-content\/uploads\/2021\/09\/influenza-en-tiempos-de-covid.jpg\" \/>\n\t<meta property=\"og:image:width\" content=\"539\" \/>\n\t<meta property=\"og:image:height\" content=\"369\" \/>\n<meta name=\"twitter:card\" content=\"summary_large_image\" \/>\n<meta name=\"twitter:label1\" content=\"Escrito por\" \/>\n\t<meta name=\"twitter:data1\" content=\"ser_integral\" \/>\n\t<meta name=\"twitter:label2\" content=\"Tiempo estimado de lectura\" \/>\n\t<meta name=\"twitter:data2\" content=\"3 minutos\" \/>\n<script type=\"application\/ld+json\" class=\"yoast-schema-graph\">{\"@context\":\"https:\/\/schema.org\",\"@graph\":[{\"@type\":\"WebSite\",\"@id\":\"https:\/\/fai.org.co\/serintegral\/#website\",\"url\":\"https:\/\/fai.org.co\/serintegral\/\",\"name\":\"Ser integral\",\"description\":\"\",\"potentialAction\":[{\"@type\":\"SearchAction\",\"target\":{\"@type\":\"EntryPoint\",\"urlTemplate\":\"https:\/\/fai.org.co\/serintegral\/?s={search_term_string}\"},\"query-input\":\"required name=search_term_string\"}],\"inLanguage\":\"es-CO\"},{\"@type\":\"ImageObject\",\"@id\":\"https:\/\/fai.org.co\/serintegral\/influenza\/influenza-en-tiempos-de-covid\/#primaryimage\",\"inLanguage\":\"es-CO\",\"url\":\"https:\/\/fai.org.co\/serintegral\/wp-content\/uploads\/2021\/09\/influenza-en-tiempos-de-covid.jpg\",\"contentUrl\":\"https:\/\/fai.org.co\/serintegral\/wp-content\/uploads\/2021\/09\/influenza-en-tiempos-de-covid.jpg\",\"width\":539,\"height\":369,\"caption\":\"Foto benzoix en freepik.es\"},{\"@type\":\"WebPage\",\"@id\":\"https:\/\/fai.org.co\/serintegral\/influenza\/influenza-en-tiempos-de-covid\/#webpage\",\"url\":\"https:\/\/fai.org.co\/serintegral\/influenza\/influenza-en-tiempos-de-covid\/\",\"name\":\"La influenza en tiempos de la Covid-19 - Ser Integral\",\"isPartOf\":{\"@id\":\"https:\/\/fai.org.co\/serintegral\/#website\"},\"primaryImageOfPage\":{\"@id\":\"https:\/\/fai.org.co\/serintegral\/influenza\/influenza-en-tiempos-de-covid\/#primaryimage\"},\"datePublished\":\"2021-09-03T18:20:32+00:00\",\"dateModified\":\"2022-05-31T16:46:57+00:00\",\"author\":{\"@id\":\"https:\/\/fai.org.co\/serintegral\/#\/schema\/person\/07947feccb7e085e4a0897f398e7e09c\"},\"description\":\"El \\u00faltimo a\\u00f1o las enfermedades respiratorias se han puesto en el foco de las organizaciones sanitarias, con la llegada del COVID - Influenza\",\"breadcrumb\":{\"@id\":\"https:\/\/fai.org.co\/serintegral\/influenza\/influenza-en-tiempos-de-covid\/#breadcrumb\"},\"inLanguage\":\"es-CO\",\"potentialAction\":[{\"@type\":\"ReadAction\",\"target\":[\"https:\/\/fai.org.co\/serintegral\/influenza\/influenza-en-tiempos-de-covid\/\"]}]},{\"@type\":\"BreadcrumbList\",\"@id\":\"https:\/\/fai.org.co\/serintegral\/influenza\/influenza-en-tiempos-de-covid\/#breadcrumb\",\"itemListElement\":[{\"@type\":\"ListItem\",\"position\":1,\"name\":\"Inicio\",\"item\":\"https:\/\/fai.org.co\/serintegral\/\"},{\"@type\":\"ListItem\",\"position\":2,\"name\":\"La influenza en tiempos de Covid\"}]},{\"@type\":\"Person\",\"@id\":\"https:\/\/fai.org.co\/serintegral\/#\/schema\/person\/07947feccb7e085e4a0897f398e7e09c\",\"name\":\"ser_integral\",\"image\":{\"@type\":\"ImageObject\",\"@id\":\"https:\/\/fai.org.co\/serintegral\/#personlogo\",\"inLanguage\":\"es-CO\",\"url\":\"https:\/\/secure.gravatar.com\/avatar\/d019f5050c26fda22d47330ce0f99cf86745e4f9d41b4f7de838ecf51eeb5eaa?s=96&d=mm&r=g\",\"contentUrl\":\"https:\/\/secure.gravatar.com\/avatar\/d019f5050c26fda22d47330ce0f99cf86745e4f9d41b4f7de838ecf51eeb5eaa?s=96&d=mm&r=g\",\"caption\":\"ser_integral\"},\"url\":\"https:\/\/fai.org.co\/serintegral\/author\/ser_integral\/\"}]}<\/script>\n<!-- \/ Yoast SEO plugin. -->","yoast_head_json":{"title":"La influenza en tiempos de la Covid-19 - Ser Integral","description":"El \u00faltimo a\u00f1o las enfermedades respiratorias se han puesto en el foco de las organizaciones sanitarias, con la llegada del COVID - Influenza","robots":{"index":"index","follow":"follow","max-snippet":"max-snippet:-1","max-image-preview":"max-image-preview:large","max-video-preview":"max-video-preview:-1"},"canonical":"https:\/\/fai.org.co\/serintegral\/influenza\/influenza-en-tiempos-de-covid\/","og_locale":"es_ES","og_type":"article","og_title":"La influenza en tiempos de la Covid-19 - Ser Integral","og_description":"El \u00faltimo a\u00f1o las enfermedades respiratorias se han puesto en el foco de las organizaciones sanitarias, con la llegada del COVID - Influenza","og_url":"https:\/\/fai.org.co\/serintegral\/influenza\/influenza-en-tiempos-de-covid\/","og_site_name":"Ser integral","article_published_time":"2021-09-03T18:20:32+00:00","article_modified_time":"2022-05-31T16:46:57+00:00","og_image":[{"width":539,"height":369,"url":"https:\/\/fai.org.co\/serintegral\/wp-content\/uploads\/2021\/09\/influenza-en-tiempos-de-covid.jpg","type":"image\/jpeg"}],"twitter_card":"summary_large_image","twitter_misc":{"Escrito por":"ser_integral","Tiempo estimado de lectura":"3 minutos"},"schema":{"@context":"https:\/\/schema.org","@graph":[{"@type":"WebSite","@id":"https:\/\/fai.org.co\/serintegral\/#website","url":"https:\/\/fai.org.co\/serintegral\/","name":"Ser integral","description":"","potentialAction":[{"@type":"SearchAction","target":{"@type":"EntryPoint","urlTemplate":"https:\/\/fai.org.co\/serintegral\/?s={search_term_string}"},"query-input":"required name=search_term_string"}],"inLanguage":"es-CO"},{"@type":"ImageObject","@id":"https:\/\/fai.org.co\/serintegral\/influenza\/influenza-en-tiempos-de-covid\/#primaryimage","inLanguage":"es-CO","url":"https:\/\/fai.org.co\/serintegral\/wp-content\/uploads\/2021\/09\/influenza-en-tiempos-de-covid.jpg","contentUrl":"https:\/\/fai.org.co\/serintegral\/wp-content\/uploads\/2021\/09\/influenza-en-tiempos-de-covid.jpg","width":539,"height":369,"caption":"Foto benzoix en freepik.es"},{"@type":"WebPage","@id":"https:\/\/fai.org.co\/serintegral\/influenza\/influenza-en-tiempos-de-covid\/#webpage","url":"https:\/\/fai.org.co\/serintegral\/influenza\/influenza-en-tiempos-de-covid\/","name":"La influenza en tiempos de la Covid-19 - Ser Integral","isPartOf":{"@id":"https:\/\/fai.org.co\/serintegral\/#website"},"primaryImageOfPage":{"@id":"https:\/\/fai.org.co\/serintegral\/influenza\/influenza-en-tiempos-de-covid\/#primaryimage"},"datePublished":"2021-09-03T18:20:32+00:00","dateModified":"2022-05-31T16:46:57+00:00","author":{"@id":"https:\/\/fai.org.co\/serintegral\/#\/schema\/person\/07947feccb7e085e4a0897f398e7e09c"},"description":"El \u00faltimo a\u00f1o las enfermedades respiratorias se han puesto en el foco de las organizaciones sanitarias, con la llegada del COVID - Influenza","breadcrumb":{"@id":"https:\/\/fai.org.co\/serintegral\/influenza\/influenza-en-tiempos-de-covid\/#breadcrumb"},"inLanguage":"es-CO","potentialAction":[{"@type":"ReadAction","target":["https:\/\/fai.org.co\/serintegral\/influenza\/influenza-en-tiempos-de-covid\/"]}]},{"@type":"BreadcrumbList","@id":"https:\/\/fai.org.co\/serintegral\/influenza\/influenza-en-tiempos-de-covid\/#breadcrumb","itemListElement":[{"@type":"ListItem","position":1,"name":"Inicio","item":"https:\/\/fai.org.co\/serintegral\/"},{"@type":"ListItem","position":2,"name":"La influenza en tiempos de Covid"}]},{"@type":"Person","@id":"https:\/\/fai.org.co\/serintegral\/#\/schema\/person\/07947feccb7e085e4a0897f398e7e09c","name":"ser_integral","image":{"@type":"ImageObject","@id":"https:\/\/fai.org.co\/serintegral\/#personlogo","inLanguage":"es-CO","url":"https:\/\/secure.gravatar.com\/avatar\/d019f5050c26fda22d47330ce0f99cf86745e4f9d41b4f7de838ecf51eeb5eaa?s=96&d=mm&r=g","contentUrl":"https:\/\/secure.gravatar.com\/avatar\/d019f5050c26fda22d47330ce0f99cf86745e4f9d41b4f7de838ecf51eeb5eaa?s=96&d=mm&r=g","caption":"ser_integral"},"url":"https:\/\/fai.org.co\/serintegral\/author\/ser_integral\/"}]}},"jetpack_featured_media_url":"https:\/\/fai.org.co\/serintegral\/wp-content\/uploads\/2021\/09\/influenza-en-tiempos-de-covid.jpg","_links":{"self":[{"href":"https:\/\/fai.org.co\/serintegral\/wp-json\/wp\/v2\/posts\/1395","targetHints":{"allow":["GET"]}}],"collection":[{"href":"https:\/\/fai.org.co\/serintegral\/wp-json\/wp\/v2\/posts"}],"about":[{"href":"https:\/\/fai.org.co\/serintegral\/wp-json\/wp\/v2\/types\/post"}],"author":[{"embeddable":true,"href":"https:\/\/fai.org.co\/serintegral\/wp-json\/wp\/v2\/users\/2"}],"replies":[{"embeddable":true,"href":"https:\/\/fai.org.co\/serintegral\/wp-json\/wp\/v2\/comments?post=1395"}],"version-history":[{"count":3,"href":"https:\/\/fai.org.co\/serintegral\/wp-json\/wp\/v2\/posts\/1395\/revisions"}],"predecessor-version":[{"id":2143,"href":"https:\/\/fai.org.co\/serintegral\/wp-json\/wp\/v2\/posts\/1395\/revisions\/2143"}],"wp:featuredmedia":[{"embeddable":true,"href":"https:\/\/fai.org.co\/serintegral\/wp-json\/wp\/v2\/media\/1397"}],"wp:attachment":[{"href":"https:\/\/fai.org.co\/serintegral\/wp-json\/wp\/v2\/media?parent=1395"}],"wp:term":[{"taxonomy":"category","embeddable":true,"href":"https:\/\/fai.org.co\/serintegral\/wp-json\/wp\/v2\/categories?post=1395"},{"taxonomy":"post_tag","embeddable":true,"href":"https:\/\/fai.org.co\/serintegral\/wp-json\/wp\/v2\/tags?post=1395"}],"curies":[{"name":"wp","href":"https:\/\/api.w.org\/{rel}","templated":true}]}}