{"id":1399,"date":"2021-09-06T08:00:23","date_gmt":"2021-09-06T13:00:23","guid":{"rendered":"https:\/\/fai.org.co\/serintegral\/?p=1399"},"modified":"2022-05-31T11:42:33","modified_gmt":"2022-05-31T16:42:33","slug":"realidades-de-la-influenza-en-colombia","status":"publish","type":"post","link":"https:\/\/fai.org.co\/serintegral\/influenza\/realidades-de-la-influenza-en-colombia\/","title":{"rendered":"Realidades de la influenza en Colombia"},"content":{"rendered":"<h2>La influenza suele afectar la nariz, la garganta e incluso pulmones, pasando de ser de gravedad leve o cr\u00f3nica a llevar a la muerte, por eso las poblaciones de riesgo y aspectos estacionales deben ser tenidos en cuenta.<\/h2>\n<p>Las poblaciones como las personas mayores, los ni\u00f1os peque\u00f1os y esas personas con condiciones preexistentes con ciertas afecciones corren un alto riesgo de presentar graves complicaciones por la influenza. <strong>En Colombia en el \u00faltimo a\u00f1o se registr\u00f3 que m\u00e1s del 80% de casos fatales por influenza estaba en la poblaci\u00f3n mayor de 50 a\u00f1os.<\/strong><\/p>\n<p>Existe actualmente en el pa\u00eds un programa nacional para la prevenci\u00f3n, manejo y control de la influenza y otras infecciones de respiraci\u00f3n aguda instaurado y promovido por el Ministerio de Salud y Protecci\u00f3n Social.<\/p>\n<h3>El programa principalmente invita a promover un estilo de vida saludable, invitando a las personas a prevenir el consumo de tabaco, que se reduzca la contaminaci\u00f3n del aire, hacer tareas sencillas como el lavado de manos, la protecci\u00f3n de los alimentos y sobre todo hacer la invitaci\u00f3n a la poblaci\u00f3n a vacunarse.<\/h3>\n<h2>RECUERDA: La influenza tambi\u00e9n se puede prevenir con la vacunaci\u00f3n.<\/h2>\n<p>En Colombia las vacunas que est\u00e1n disponibles en Colombia son preparadas con fracciones de los virus cultivadas en huevo y las dosis pedi\u00e1trica utilizada es 0.25 mL y 0.5 mL para el adulto. Desde el 2007, se demostr\u00f3 que aunque el virus de la que causa la influenza circula todo el a\u00f1o, hay dos picos epidemiol\u00f3gicos en los que se evidencia mayor circulaci\u00f3n y que se podr\u00eda combatir si las personas de los grupos de riesgo se vacunar\u00e1n en el principio de abril a junio o septiembre a diciembre.<\/p>\n<p>En los casos de pacientes infectados, si la enfermedad es de tipo leve se recomienda a las personas cuidados en casa, reposo y tomar mucha agua. Para los casos de tipo medio se recomienda hacer un seguimiento controlado con un profesional de la salud.<strong> Y si hay sospecha cl\u00ednica de infecci\u00f3n por Influenza y se detectan factores de riesgo mencionados, se requiere tratamiento con Oseltamivir; distribuido por el Ministerio de salud y Protecci\u00f3n Social y con la supervisi\u00f3n de un profesional<\/strong>.<\/p>\n<p>La influenza aunque es un enemigo que se encuentra presente en nuestras vidas cotidianas tambi\u00e9n se puede prevenir con la vacunaci\u00f3n. Adem\u00e1s de que adopten comportamientos de prevenci\u00f3n y cuidado en sus vidas, el lavado de manos, mantenimiento de espacios iluminados, limpios y ventilados, uso de tapabocas en caso de gripas comunes, protecci\u00f3n de boca y nariz si est\u00e1 en la presencia de alguien enfermo.<\/p>\n<hr \/>\n<p>Fuentes:<\/p>\n<ul>\n<li><a href=\"https:\/\/www.dane.gov.co\/files\/investigaciones\/poblacion\/defunciones-covid19\/boletin-defunciones-covid-2020-02mar-2021-17ene.pdf\" target=\"_blank\" rel=\"noopener\">https:\/\/www.dane.gov.co\/files\/investigaciones\/poblacion\/defunciones-covid19\/boletin-defunciones-covid-2020-02mar-2021-17ene.pdf<\/a><\/li>\n<li><a href=\"https:\/\/www.minsalud.gov.co\/sites\/rid\/Lists\/BibliotecaDigital\/RIDE\/VS\/PP\/lineamientos-prevencion-diagnostico-manejo-control-casos-influenza.pdf\" target=\"_blank\" rel=\"noopener\">https:\/\/www.minsalud.gov.co\/sites\/rid\/Lists\/BibliotecaDigital\/RIDE\/VS\/PP\/lineamientos-prevencion-diagnostico-manejo-control-casos-influenza.pdf<\/a><\/li>\n<\/ul>\n<p><img loading=\"lazy\" decoding=\"async\" class=\" wp-image-2117 aligncenter\" src=\"https:\/\/fai.org.co\/serintegral\/wp-content\/uploads\/2021\/10\/Agregar-un-titulo-300x169.jpg\" alt=\"\" width=\"380\" height=\"214\" srcset=\"https:\/\/fai.org.co\/serintegral\/wp-content\/uploads\/2021\/10\/Agregar-un-titulo-300x169.jpg 300w, https:\/\/fai.org.co\/serintegral\/wp-content\/uploads\/2021\/10\/Agregar-un-titulo-1024x576.jpg 1024w, https:\/\/fai.org.co\/serintegral\/wp-content\/uploads\/2021\/10\/Agregar-un-titulo-768x432.jpg 768w, https:\/\/fai.org.co\/serintegral\/wp-content\/uploads\/2021\/10\/Agregar-un-titulo-1536x864.jpg 1536w, https:\/\/fai.org.co\/serintegral\/wp-content\/uploads\/2021\/10\/Agregar-un-titulo.jpg 1920w\" sizes=\"auto, (max-width: 380px) 100vw, 380px\" \/><\/p>\n","protected":false},"excerpt":{"rendered":"<p>La influenza suele afectar la nariz, la garganta e incluso pulmones, pasando de ser de gravedad leve o cr\u00f3nica a llevar a la muerte, por eso las poblaciones de riesgo y aspectos estacionales deben ser tenidos en cuenta. Las poblaciones como las personas mayores, los ni\u00f1os peque\u00f1os y esas personas con condiciones preexistentes con ciertas [&hellip;]<\/p>\n","protected":false},"author":2,"featured_media":1401,"comment_status":"open","ping_status":"open","sticky":false,"template":"","format":"standard","meta":{"_monsterinsights_skip_tracking":false,"_monsterinsights_sitenote_active":false,"_monsterinsights_sitenote_note":"","_monsterinsights_sitenote_category":0,"spay_email":"","footnotes":""},"categories":[14],"tags":[],"class_list":["post-1399","post","type-post","status-publish","format-standard","has-post-thumbnail","hentry","category-influenza"],"aioseo_notices":[],"yoast_head":"<!-- This site is optimized with the Yoast SEO plugin v17.5 - https:\/\/yoast.com\/wordpress\/plugins\/seo\/ -->\n<title>Realidades de la influenza en Colombia - Ser Integral<\/title>\n<meta name=\"description\" content=\"La influenza suele afectar la nariz, la garganta e incluso pulmones, pasando de ser de gravedad leve o cr\u00f3nica a llevar a la muerte.\" \/>\n<meta name=\"robots\" content=\"index, follow, max-snippet:-1, max-image-preview:large, max-video-preview:-1\" \/>\n<link rel=\"canonical\" href=\"https:\/\/fai.org.co\/serintegral\/influenza\/realidades-de-la-influenza-en-colombia\/\" \/>\n<meta property=\"og:locale\" content=\"es_ES\" \/>\n<meta property=\"og:type\" content=\"article\" \/>\n<meta property=\"og:title\" content=\"Realidades de la influenza en Colombia - Ser Integral\" \/>\n<meta property=\"og:description\" content=\"La influenza suele afectar la nariz, la garganta e incluso pulmones, pasando de ser de gravedad leve o cr\u00f3nica a llevar a la muerte.\" \/>\n<meta property=\"og:url\" content=\"https:\/\/fai.org.co\/serintegral\/influenza\/realidades-de-la-influenza-en-colombia\/\" \/>\n<meta property=\"og:site_name\" content=\"Ser integral\" \/>\n<meta property=\"article:published_time\" content=\"2021-09-06T13:00:23+00:00\" \/>\n<meta property=\"article:modified_time\" content=\"2022-05-31T16:42:33+00:00\" \/>\n<meta property=\"og:image\" content=\"https:\/\/fai.org.co\/serintegral\/wp-content\/uploads\/2021\/09\/realidades-de-la-influenza-en-colombia.jpg\" \/>\n\t<meta property=\"og:image:width\" content=\"539\" \/>\n\t<meta property=\"og:image:height\" content=\"369\" \/>\n<meta name=\"twitter:card\" content=\"summary_large_image\" \/>\n<meta name=\"twitter:label1\" content=\"Escrito por\" \/>\n\t<meta name=\"twitter:data1\" content=\"ser_integral\" \/>\n\t<meta name=\"twitter:label2\" content=\"Tiempo estimado de lectura\" \/>\n\t<meta name=\"twitter:data2\" content=\"3 minutos\" \/>\n<script type=\"application\/ld+json\" class=\"yoast-schema-graph\">{\"@context\":\"https:\/\/schema.org\",\"@graph\":[{\"@type\":\"WebSite\",\"@id\":\"https:\/\/fai.org.co\/serintegral\/#website\",\"url\":\"https:\/\/fai.org.co\/serintegral\/\",\"name\":\"Ser integral\",\"description\":\"\",\"potentialAction\":[{\"@type\":\"SearchAction\",\"target\":{\"@type\":\"EntryPoint\",\"urlTemplate\":\"https:\/\/fai.org.co\/serintegral\/?s={search_term_string}\"},\"query-input\":\"required name=search_term_string\"}],\"inLanguage\":\"es-CO\"},{\"@type\":\"ImageObject\",\"@id\":\"https:\/\/fai.org.co\/serintegral\/influenza\/realidades-de-la-influenza-en-colombia\/#primaryimage\",\"inLanguage\":\"es-CO\",\"url\":\"https:\/\/fai.org.co\/serintegral\/wp-content\/uploads\/2021\/09\/realidades-de-la-influenza-en-colombia.jpg\",\"contentUrl\":\"https:\/\/fai.org.co\/serintegral\/wp-content\/uploads\/2021\/09\/realidades-de-la-influenza-en-colombia.jpg\",\"width\":539,\"height\":369,\"caption\":\"Foto de wayhomestudio en freepik.es\"},{\"@type\":\"WebPage\",\"@id\":\"https:\/\/fai.org.co\/serintegral\/influenza\/realidades-de-la-influenza-en-colombia\/#webpage\",\"url\":\"https:\/\/fai.org.co\/serintegral\/influenza\/realidades-de-la-influenza-en-colombia\/\",\"name\":\"Realidades de la influenza en Colombia - Ser Integral\",\"isPartOf\":{\"@id\":\"https:\/\/fai.org.co\/serintegral\/#website\"},\"primaryImageOfPage\":{\"@id\":\"https:\/\/fai.org.co\/serintegral\/influenza\/realidades-de-la-influenza-en-colombia\/#primaryimage\"},\"datePublished\":\"2021-09-06T13:00:23+00:00\",\"dateModified\":\"2022-05-31T16:42:33+00:00\",\"author\":{\"@id\":\"https:\/\/fai.org.co\/serintegral\/#\/schema\/person\/07947feccb7e085e4a0897f398e7e09c\"},\"description\":\"La influenza suele afectar la nariz, la garganta e incluso pulmones, pasando de ser de gravedad leve o cr\\u00f3nica a llevar a la muerte.\",\"breadcrumb\":{\"@id\":\"https:\/\/fai.org.co\/serintegral\/influenza\/realidades-de-la-influenza-en-colombia\/#breadcrumb\"},\"inLanguage\":\"es-CO\",\"potentialAction\":[{\"@type\":\"ReadAction\",\"target\":[\"https:\/\/fai.org.co\/serintegral\/influenza\/realidades-de-la-influenza-en-colombia\/\"]}]},{\"@type\":\"BreadcrumbList\",\"@id\":\"https:\/\/fai.org.co\/serintegral\/influenza\/realidades-de-la-influenza-en-colombia\/#breadcrumb\",\"itemListElement\":[{\"@type\":\"ListItem\",\"position\":1,\"name\":\"Inicio\",\"item\":\"https:\/\/fai.org.co\/serintegral\/\"},{\"@type\":\"ListItem\",\"position\":2,\"name\":\"Realidades de la influenza en Colombia\"}]},{\"@type\":\"Person\",\"@id\":\"https:\/\/fai.org.co\/serintegral\/#\/schema\/person\/07947feccb7e085e4a0897f398e7e09c\",\"name\":\"ser_integral\",\"image\":{\"@type\":\"ImageObject\",\"@id\":\"https:\/\/fai.org.co\/serintegral\/#personlogo\",\"inLanguage\":\"es-CO\",\"url\":\"https:\/\/secure.gravatar.com\/avatar\/d019f5050c26fda22d47330ce0f99cf86745e4f9d41b4f7de838ecf51eeb5eaa?s=96&d=mm&r=g\",\"contentUrl\":\"https:\/\/secure.gravatar.com\/avatar\/d019f5050c26fda22d47330ce0f99cf86745e4f9d41b4f7de838ecf51eeb5eaa?s=96&d=mm&r=g\",\"caption\":\"ser_integral\"},\"url\":\"https:\/\/fai.org.co\/serintegral\/author\/ser_integral\/\"}]}<\/script>\n<!-- \/ Yoast SEO plugin. -->","yoast_head_json":{"title":"Realidades de la influenza en Colombia - Ser Integral","description":"La influenza suele afectar la nariz, la garganta e incluso pulmones, pasando de ser de gravedad leve o cr\u00f3nica a llevar a la muerte.","robots":{"index":"index","follow":"follow","max-snippet":"max-snippet:-1","max-image-preview":"max-image-preview:large","max-video-preview":"max-video-preview:-1"},"canonical":"https:\/\/fai.org.co\/serintegral\/influenza\/realidades-de-la-influenza-en-colombia\/","og_locale":"es_ES","og_type":"article","og_title":"Realidades de la influenza en Colombia - Ser Integral","og_description":"La influenza suele afectar la nariz, la garganta e incluso pulmones, pasando de ser de gravedad leve o cr\u00f3nica a llevar a la muerte.","og_url":"https:\/\/fai.org.co\/serintegral\/influenza\/realidades-de-la-influenza-en-colombia\/","og_site_name":"Ser integral","article_published_time":"2021-09-06T13:00:23+00:00","article_modified_time":"2022-05-31T16:42:33+00:00","og_image":[{"width":539,"height":369,"url":"https:\/\/fai.org.co\/serintegral\/wp-content\/uploads\/2021\/09\/realidades-de-la-influenza-en-colombia.jpg","type":"image\/jpeg"}],"twitter_card":"summary_large_image","twitter_misc":{"Escrito por":"ser_integral","Tiempo estimado de lectura":"3 minutos"},"schema":{"@context":"https:\/\/schema.org","@graph":[{"@type":"WebSite","@id":"https:\/\/fai.org.co\/serintegral\/#website","url":"https:\/\/fai.org.co\/serintegral\/","name":"Ser integral","description":"","potentialAction":[{"@type":"SearchAction","target":{"@type":"EntryPoint","urlTemplate":"https:\/\/fai.org.co\/serintegral\/?s={search_term_string}"},"query-input":"required name=search_term_string"}],"inLanguage":"es-CO"},{"@type":"ImageObject","@id":"https:\/\/fai.org.co\/serintegral\/influenza\/realidades-de-la-influenza-en-colombia\/#primaryimage","inLanguage":"es-CO","url":"https:\/\/fai.org.co\/serintegral\/wp-content\/uploads\/2021\/09\/realidades-de-la-influenza-en-colombia.jpg","contentUrl":"https:\/\/fai.org.co\/serintegral\/wp-content\/uploads\/2021\/09\/realidades-de-la-influenza-en-colombia.jpg","width":539,"height":369,"caption":"Foto de wayhomestudio en freepik.es"},{"@type":"WebPage","@id":"https:\/\/fai.org.co\/serintegral\/influenza\/realidades-de-la-influenza-en-colombia\/#webpage","url":"https:\/\/fai.org.co\/serintegral\/influenza\/realidades-de-la-influenza-en-colombia\/","name":"Realidades de la influenza en Colombia - Ser Integral","isPartOf":{"@id":"https:\/\/fai.org.co\/serintegral\/#website"},"primaryImageOfPage":{"@id":"https:\/\/fai.org.co\/serintegral\/influenza\/realidades-de-la-influenza-en-colombia\/#primaryimage"},"datePublished":"2021-09-06T13:00:23+00:00","dateModified":"2022-05-31T16:42:33+00:00","author":{"@id":"https:\/\/fai.org.co\/serintegral\/#\/schema\/person\/07947feccb7e085e4a0897f398e7e09c"},"description":"La influenza suele afectar la nariz, la garganta e incluso pulmones, pasando de ser de gravedad leve o cr\u00f3nica a llevar a la muerte.","breadcrumb":{"@id":"https:\/\/fai.org.co\/serintegral\/influenza\/realidades-de-la-influenza-en-colombia\/#breadcrumb"},"inLanguage":"es-CO","potentialAction":[{"@type":"ReadAction","target":["https:\/\/fai.org.co\/serintegral\/influenza\/realidades-de-la-influenza-en-colombia\/"]}]},{"@type":"BreadcrumbList","@id":"https:\/\/fai.org.co\/serintegral\/influenza\/realidades-de-la-influenza-en-colombia\/#breadcrumb","itemListElement":[{"@type":"ListItem","position":1,"name":"Inicio","item":"https:\/\/fai.org.co\/serintegral\/"},{"@type":"ListItem","position":2,"name":"Realidades de la influenza en Colombia"}]},{"@type":"Person","@id":"https:\/\/fai.org.co\/serintegral\/#\/schema\/person\/07947feccb7e085e4a0897f398e7e09c","name":"ser_integral","image":{"@type":"ImageObject","@id":"https:\/\/fai.org.co\/serintegral\/#personlogo","inLanguage":"es-CO","url":"https:\/\/secure.gravatar.com\/avatar\/d019f5050c26fda22d47330ce0f99cf86745e4f9d41b4f7de838ecf51eeb5eaa?s=96&d=mm&r=g","contentUrl":"https:\/\/secure.gravatar.com\/avatar\/d019f5050c26fda22d47330ce0f99cf86745e4f9d41b4f7de838ecf51eeb5eaa?s=96&d=mm&r=g","caption":"ser_integral"},"url":"https:\/\/fai.org.co\/serintegral\/author\/ser_integral\/"}]}},"jetpack_featured_media_url":"https:\/\/fai.org.co\/serintegral\/wp-content\/uploads\/2021\/09\/realidades-de-la-influenza-en-colombia.jpg","_links":{"self":[{"href":"https:\/\/fai.org.co\/serintegral\/wp-json\/wp\/v2\/posts\/1399","targetHints":{"allow":["GET"]}}],"collection":[{"href":"https:\/\/fai.org.co\/serintegral\/wp-json\/wp\/v2\/posts"}],"about":[{"href":"https:\/\/fai.org.co\/serintegral\/wp-json\/wp\/v2\/types\/post"}],"author":[{"embeddable":true,"href":"https:\/\/fai.org.co\/serintegral\/wp-json\/wp\/v2\/users\/2"}],"replies":[{"embeddable":true,"href":"https:\/\/fai.org.co\/serintegral\/wp-json\/wp\/v2\/comments?post=1399"}],"version-history":[{"count":2,"href":"https:\/\/fai.org.co\/serintegral\/wp-json\/wp\/v2\/posts\/1399\/revisions"}],"predecessor-version":[{"id":2141,"href":"https:\/\/fai.org.co\/serintegral\/wp-json\/wp\/v2\/posts\/1399\/revisions\/2141"}],"wp:featuredmedia":[{"embeddable":true,"href":"https:\/\/fai.org.co\/serintegral\/wp-json\/wp\/v2\/media\/1401"}],"wp:attachment":[{"href":"https:\/\/fai.org.co\/serintegral\/wp-json\/wp\/v2\/media?parent=1399"}],"wp:term":[{"taxonomy":"category","embeddable":true,"href":"https:\/\/fai.org.co\/serintegral\/wp-json\/wp\/v2\/categories?post=1399"},{"taxonomy":"post_tag","embeddable":true,"href":"https:\/\/fai.org.co\/serintegral\/wp-json\/wp\/v2\/tags?post=1399"}],"curies":[{"name":"wp","href":"https:\/\/api.w.org\/{rel}","templated":true}]}}