{"id":1617,"date":"2021-10-15T10:15:53","date_gmt":"2021-10-15T15:15:53","guid":{"rendered":"https:\/\/fai.org.co\/serintegral\/?p=1617"},"modified":"2021-10-19T06:21:20","modified_gmt":"2021-10-19T11:21:20","slug":"como-detectar-el-vih","status":"publish","type":"post","link":"https:\/\/fai.org.co\/serintegral\/vih-sida\/como-detectar-el-vih\/","title":{"rendered":"\u00bfC\u00f3mo detectar el VIH?"},"content":{"rendered":"<h2>Con miras al cumplimiento de la meta 90\/90\/90 establecida por la OMS y ONUSIDA,<strong> la detecci\u00f3n del VIH, preferiblemente de manera temprana, sigue siendo la prioridad en las pol\u00edticas de salud p\u00fablica<\/strong>.<\/h2>\n<p>Colombia, como la mayor\u00eda de pa\u00edses de Am\u00e9rica Latina, cuentan con un esquema de prevenci\u00f3n y atenci\u00f3n del VIH, que les ha permitido afrontar la pandemia ocasionada por este virus en sus territorios, con mayores o menores resultados en cada uno de ellos. <strong>En lo que si se identifican, es en el incumplimiento de la meta 90\/90\/90 establecida por la OMS y ONUSIDA y que ten\u00eda previsto para el pasado 2020<\/strong>, el 90% de la poblaci\u00f3n con VIH estuviera testeada, de ese grupo el 90% estuviera en tratamiento antirretroviral, y de ellos, el 90% en un estado de indetectabilidad. Las pruebas de cuarta generaci\u00f3n que actualmente se aplican en Colombia, tienen un per\u00edodo de ventana inmunol\u00f3gica de tan solo 15 d\u00edas posterior a la infecci\u00f3n.<\/p>\n<p>Y si bien esta meta no se cumpli\u00f3, desde ONUSIDA se <strong>ha articulado un mensaje de urgencia para unificar esfuerzos que permitan que dicha meta se cumpla para el 2030<\/strong>. En ese sentido, los gobiernos han entendido la importancia de la Prevenci\u00f3n Combinada y, como parte fundamental de \u00e9sta, una detecci\u00f3n temprana del diagn\u00f3stico que permita activar las rutas adecuadas de atenci\u00f3n.<\/p>\n<h3><strong>\u00bfCu\u00e1les son los medios de detecci\u00f3n del virus?<\/strong><\/h3>\n<p>En general, realizar pruebas para detectar el virus de la inmunodeficiencia humana (VIH) es un proceso de 2 pasos que incluye un examen de detecci\u00f3n y pruebas de control o de seguimiento, que se realizan a trav\u00e9s de la v\u00eda serol\u00f3gica, de la saliva o de la orina.<\/p>\n<h4 style=\"padding-left: 40px;\">Ex\u00e1menes de detecci\u00f3n<\/h4>\n<p>Estos ex\u00e1menes verifican si la persona ha sido infectada con VIH. Entre los m\u00e1s comunes, se encuentran los siguientes:<\/p>\n<ol style=\"list-style-type: lower-alpha;\">\n<li><strong>La prueba de anticuerpos (tambi\u00e9n llamada inmunoan\u00e1lisis):<\/strong> Busca anticuerpos para el virus del VIH. En Colombia, est\u00e1 incluida en el plan de beneficios del sistema de salud o tambi\u00e9n pueden realizarse de manera gratuita en los diferentes centros establecidos para ello. Estos ex\u00e1menes pueden detectar anticuerpos a partir de unas cuantas semanas luego de ser infectado con el virus. Los ex\u00e1menes de anticuerpos se pueden llevar a cabo utilizando:<\/li>\n<\/ol>\n<ul>\n<li style=\"list-style-type: none;\">\n<ul>\n<li><strong>Sangre:<\/strong> Este examen se realiza extrayendo sangre de una vena o con un pinchazo en el dedo. Los an\u00e1lisis de sangre son los m\u00e1s precisos debido a que la sangre tiene un nivel m\u00e1s alto de anticuerpos que los dem\u00e1s fluidos corporales.<\/li>\n<li><strong>Fluido oral:<\/strong> Busca anticuerpos en las c\u00e9lulas de la boca. Se realiza al pasar un hisopo por las enc\u00edas y el interior de las mejillas. Este examen es menos preciso que el an\u00e1lisis de sangre.<\/li>\n<li><strong>Orina:<\/strong> Este examen busca anticuerpos en la orina. Esta prueba tambi\u00e9n es menos precisa que el an\u00e1lisis de sangre.<\/li>\n<\/ul>\n<\/li>\n<\/ul>\n<p><strong>b. La prueba de ant\u00edgeno:<\/strong> Analiza la sangre en busca de un ant\u00edgeno del VIH llamado p24. Cuando la persona es infectada originalmente con el VIH y antes de que su cuerpo tenga la oportunidad de producir anticuerpos para el virus, la sangre tiene un alto nivel de p24. El examen de ant\u00edgeno p24 es preciso de 11 d\u00edas a 1 mes despu\u00e9s de ser infectado. Este examen por lo regular no se utiliza por s\u00ed solo para detectar una infecci\u00f3n con VIH.<\/p>\n<p><strong>Una prueba sangu\u00ednea de ant\u00edgeno-anticuerpo busca niveles tanto de anticuerpos para el VIH como del ant\u00edgeno p24.<\/strong> Este examen puede detectar el virus tan solo 3 semanas despu\u00e9s de ser infectado.<\/p>\n<h4 style=\"padding-left: 40px;\">Ex\u00e1menes de seguimiento<\/h4>\n<p>Finalmente, el an\u00e1lisis de seguimiento es aquel que <strong>tambi\u00e9n se conoce como prueba confirmatoria. Generalmente se realiza cuando el test de detecci\u00f3n tiene un resultado positivo.<\/strong><\/p>\n","protected":false},"excerpt":{"rendered":"<p>Con miras al cumplimiento de la meta 90\/90\/90 establecida por la OMS y ONUSIDA, la detecci\u00f3n del VIH, preferiblemente de manera temprana, sigue siendo la prioridad en las pol\u00edticas de salud p\u00fablica. Colombia, como la mayor\u00eda de pa\u00edses de Am\u00e9rica Latina, cuentan con un esquema de prevenci\u00f3n y atenci\u00f3n del VIH, que les ha permitido [&hellip;]<\/p>\n","protected":false},"author":2,"featured_media":1619,"comment_status":"open","ping_status":"open","sticky":false,"template":"","format":"standard","meta":{"_monsterinsights_skip_tracking":false,"_monsterinsights_sitenote_active":false,"_monsterinsights_sitenote_note":"","_monsterinsights_sitenote_category":0,"spay_email":"","footnotes":""},"categories":[16],"tags":[21],"class_list":["post-1617","post","type-post","status-publish","format-standard","has-post-thumbnail","hentry","category-vih-sida","tag-vih"],"aioseo_notices":[],"yoast_head":"<!-- This site is optimized with the Yoast SEO plugin v17.5 - https:\/\/yoast.com\/wordpress\/plugins\/seo\/ -->\n<title>\u00bfC\u00f3mo detectar el VIH?<\/title>\n<meta name=\"description\" content=\"La detecci\u00f3n del VIH de manera temprana, sigue siendo la prioridad en las pol\u00edticas de salud p\u00fablica para cumplir con el 90\/90\/90.\" \/>\n<meta name=\"robots\" content=\"index, follow, max-snippet:-1, max-image-preview:large, max-video-preview:-1\" \/>\n<link rel=\"canonical\" href=\"https:\/\/fai.org.co\/serintegral\/vih-sida\/como-detectar-el-vih\/\" \/>\n<meta property=\"og:locale\" content=\"es_ES\" \/>\n<meta property=\"og:type\" content=\"article\" \/>\n<meta property=\"og:title\" content=\"\u00bfC\u00f3mo detectar el VIH?\" \/>\n<meta property=\"og:description\" content=\"La detecci\u00f3n del VIH de manera temprana, sigue siendo la prioridad en las pol\u00edticas de salud p\u00fablica para cumplir con el 90\/90\/90.\" \/>\n<meta property=\"og:url\" content=\"https:\/\/fai.org.co\/serintegral\/vih-sida\/como-detectar-el-vih\/\" \/>\n<meta property=\"og:site_name\" content=\"Ser integral\" \/>\n<meta property=\"article:published_time\" content=\"2021-10-15T15:15:53+00:00\" \/>\n<meta property=\"article:modified_time\" content=\"2021-10-19T11:21:20+00:00\" \/>\n<meta property=\"og:image\" content=\"https:\/\/fai.org.co\/serintegral\/wp-content\/uploads\/2021\/10\/como-detectar-el-vih.jpg\" \/>\n\t<meta property=\"og:image:width\" content=\"539\" \/>\n\t<meta property=\"og:image:height\" content=\"369\" \/>\n<meta name=\"twitter:card\" content=\"summary_large_image\" \/>\n<meta name=\"twitter:label1\" content=\"Escrito por\" \/>\n\t<meta name=\"twitter:data1\" content=\"ser_integral\" \/>\n\t<meta name=\"twitter:label2\" content=\"Tiempo estimado de lectura\" \/>\n\t<meta name=\"twitter:data2\" content=\"3 minutos\" \/>\n<script type=\"application\/ld+json\" class=\"yoast-schema-graph\">{\"@context\":\"https:\/\/schema.org\",\"@graph\":[{\"@type\":\"WebSite\",\"@id\":\"https:\/\/fai.org.co\/serintegral\/#website\",\"url\":\"https:\/\/fai.org.co\/serintegral\/\",\"name\":\"Ser integral\",\"description\":\"\",\"potentialAction\":[{\"@type\":\"SearchAction\",\"target\":{\"@type\":\"EntryPoint\",\"urlTemplate\":\"https:\/\/fai.org.co\/serintegral\/?s={search_term_string}\"},\"query-input\":\"required name=search_term_string\"}],\"inLanguage\":\"es-CO\"},{\"@type\":\"ImageObject\",\"@id\":\"https:\/\/fai.org.co\/serintegral\/vih-sida\/como-detectar-el-vih\/#primaryimage\",\"inLanguage\":\"es-CO\",\"url\":\"https:\/\/fai.org.co\/serintegral\/wp-content\/uploads\/2021\/10\/como-detectar-el-vih.jpg\",\"contentUrl\":\"https:\/\/fai.org.co\/serintegral\/wp-content\/uploads\/2021\/10\/como-detectar-el-vih.jpg\",\"width\":539,\"height\":369,\"caption\":\"VIH\"},{\"@type\":\"WebPage\",\"@id\":\"https:\/\/fai.org.co\/serintegral\/vih-sida\/como-detectar-el-vih\/#webpage\",\"url\":\"https:\/\/fai.org.co\/serintegral\/vih-sida\/como-detectar-el-vih\/\",\"name\":\"\\u00bfC\\u00f3mo detectar el VIH?\",\"isPartOf\":{\"@id\":\"https:\/\/fai.org.co\/serintegral\/#website\"},\"primaryImageOfPage\":{\"@id\":\"https:\/\/fai.org.co\/serintegral\/vih-sida\/como-detectar-el-vih\/#primaryimage\"},\"datePublished\":\"2021-10-15T15:15:53+00:00\",\"dateModified\":\"2021-10-19T11:21:20+00:00\",\"author\":{\"@id\":\"https:\/\/fai.org.co\/serintegral\/#\/schema\/person\/07947feccb7e085e4a0897f398e7e09c\"},\"description\":\"La detecci\\u00f3n del VIH de manera temprana, sigue siendo la prioridad en las pol\\u00edticas de salud p\\u00fablica para cumplir con el 90\/90\/90.\",\"breadcrumb\":{\"@id\":\"https:\/\/fai.org.co\/serintegral\/vih-sida\/como-detectar-el-vih\/#breadcrumb\"},\"inLanguage\":\"es-CO\",\"potentialAction\":[{\"@type\":\"ReadAction\",\"target\":[\"https:\/\/fai.org.co\/serintegral\/vih-sida\/como-detectar-el-vih\/\"]}]},{\"@type\":\"BreadcrumbList\",\"@id\":\"https:\/\/fai.org.co\/serintegral\/vih-sida\/como-detectar-el-vih\/#breadcrumb\",\"itemListElement\":[{\"@type\":\"ListItem\",\"position\":1,\"name\":\"Inicio\",\"item\":\"https:\/\/fai.org.co\/serintegral\/\"},{\"@type\":\"ListItem\",\"position\":2,\"name\":\"\\u00bfC\\u00f3mo detectar el VIH?\"}]},{\"@type\":\"Person\",\"@id\":\"https:\/\/fai.org.co\/serintegral\/#\/schema\/person\/07947feccb7e085e4a0897f398e7e09c\",\"name\":\"ser_integral\",\"image\":{\"@type\":\"ImageObject\",\"@id\":\"https:\/\/fai.org.co\/serintegral\/#personlogo\",\"inLanguage\":\"es-CO\",\"url\":\"https:\/\/secure.gravatar.com\/avatar\/d019f5050c26fda22d47330ce0f99cf86745e4f9d41b4f7de838ecf51eeb5eaa?s=96&d=mm&r=g\",\"contentUrl\":\"https:\/\/secure.gravatar.com\/avatar\/d019f5050c26fda22d47330ce0f99cf86745e4f9d41b4f7de838ecf51eeb5eaa?s=96&d=mm&r=g\",\"caption\":\"ser_integral\"},\"url\":\"https:\/\/fai.org.co\/serintegral\/author\/ser_integral\/\"}]}<\/script>\n<!-- \/ Yoast SEO plugin. -->","yoast_head_json":{"title":"\u00bfC\u00f3mo detectar el VIH?","description":"La detecci\u00f3n del VIH de manera temprana, sigue siendo la prioridad en las pol\u00edticas de salud p\u00fablica para cumplir con el 90\/90\/90.","robots":{"index":"index","follow":"follow","max-snippet":"max-snippet:-1","max-image-preview":"max-image-preview:large","max-video-preview":"max-video-preview:-1"},"canonical":"https:\/\/fai.org.co\/serintegral\/vih-sida\/como-detectar-el-vih\/","og_locale":"es_ES","og_type":"article","og_title":"\u00bfC\u00f3mo detectar el VIH?","og_description":"La detecci\u00f3n del VIH de manera temprana, sigue siendo la prioridad en las pol\u00edticas de salud p\u00fablica para cumplir con el 90\/90\/90.","og_url":"https:\/\/fai.org.co\/serintegral\/vih-sida\/como-detectar-el-vih\/","og_site_name":"Ser integral","article_published_time":"2021-10-15T15:15:53+00:00","article_modified_time":"2021-10-19T11:21:20+00:00","og_image":[{"width":539,"height":369,"url":"https:\/\/fai.org.co\/serintegral\/wp-content\/uploads\/2021\/10\/como-detectar-el-vih.jpg","type":"image\/jpeg"}],"twitter_card":"summary_large_image","twitter_misc":{"Escrito por":"ser_integral","Tiempo estimado de lectura":"3 minutos"},"schema":{"@context":"https:\/\/schema.org","@graph":[{"@type":"WebSite","@id":"https:\/\/fai.org.co\/serintegral\/#website","url":"https:\/\/fai.org.co\/serintegral\/","name":"Ser integral","description":"","potentialAction":[{"@type":"SearchAction","target":{"@type":"EntryPoint","urlTemplate":"https:\/\/fai.org.co\/serintegral\/?s={search_term_string}"},"query-input":"required name=search_term_string"}],"inLanguage":"es-CO"},{"@type":"ImageObject","@id":"https:\/\/fai.org.co\/serintegral\/vih-sida\/como-detectar-el-vih\/#primaryimage","inLanguage":"es-CO","url":"https:\/\/fai.org.co\/serintegral\/wp-content\/uploads\/2021\/10\/como-detectar-el-vih.jpg","contentUrl":"https:\/\/fai.org.co\/serintegral\/wp-content\/uploads\/2021\/10\/como-detectar-el-vih.jpg","width":539,"height":369,"caption":"VIH"},{"@type":"WebPage","@id":"https:\/\/fai.org.co\/serintegral\/vih-sida\/como-detectar-el-vih\/#webpage","url":"https:\/\/fai.org.co\/serintegral\/vih-sida\/como-detectar-el-vih\/","name":"\u00bfC\u00f3mo detectar el VIH?","isPartOf":{"@id":"https:\/\/fai.org.co\/serintegral\/#website"},"primaryImageOfPage":{"@id":"https:\/\/fai.org.co\/serintegral\/vih-sida\/como-detectar-el-vih\/#primaryimage"},"datePublished":"2021-10-15T15:15:53+00:00","dateModified":"2021-10-19T11:21:20+00:00","author":{"@id":"https:\/\/fai.org.co\/serintegral\/#\/schema\/person\/07947feccb7e085e4a0897f398e7e09c"},"description":"La detecci\u00f3n del VIH de manera temprana, sigue siendo la prioridad en las pol\u00edticas de salud p\u00fablica para cumplir con el 90\/90\/90.","breadcrumb":{"@id":"https:\/\/fai.org.co\/serintegral\/vih-sida\/como-detectar-el-vih\/#breadcrumb"},"inLanguage":"es-CO","potentialAction":[{"@type":"ReadAction","target":["https:\/\/fai.org.co\/serintegral\/vih-sida\/como-detectar-el-vih\/"]}]},{"@type":"BreadcrumbList","@id":"https:\/\/fai.org.co\/serintegral\/vih-sida\/como-detectar-el-vih\/#breadcrumb","itemListElement":[{"@type":"ListItem","position":1,"name":"Inicio","item":"https:\/\/fai.org.co\/serintegral\/"},{"@type":"ListItem","position":2,"name":"\u00bfC\u00f3mo detectar el VIH?"}]},{"@type":"Person","@id":"https:\/\/fai.org.co\/serintegral\/#\/schema\/person\/07947feccb7e085e4a0897f398e7e09c","name":"ser_integral","image":{"@type":"ImageObject","@id":"https:\/\/fai.org.co\/serintegral\/#personlogo","inLanguage":"es-CO","url":"https:\/\/secure.gravatar.com\/avatar\/d019f5050c26fda22d47330ce0f99cf86745e4f9d41b4f7de838ecf51eeb5eaa?s=96&d=mm&r=g","contentUrl":"https:\/\/secure.gravatar.com\/avatar\/d019f5050c26fda22d47330ce0f99cf86745e4f9d41b4f7de838ecf51eeb5eaa?s=96&d=mm&r=g","caption":"ser_integral"},"url":"https:\/\/fai.org.co\/serintegral\/author\/ser_integral\/"}]}},"jetpack_featured_media_url":"https:\/\/fai.org.co\/serintegral\/wp-content\/uploads\/2021\/10\/como-detectar-el-vih.jpg","_links":{"self":[{"href":"https:\/\/fai.org.co\/serintegral\/wp-json\/wp\/v2\/posts\/1617","targetHints":{"allow":["GET"]}}],"collection":[{"href":"https:\/\/fai.org.co\/serintegral\/wp-json\/wp\/v2\/posts"}],"about":[{"href":"https:\/\/fai.org.co\/serintegral\/wp-json\/wp\/v2\/types\/post"}],"author":[{"embeddable":true,"href":"https:\/\/fai.org.co\/serintegral\/wp-json\/wp\/v2\/users\/2"}],"replies":[{"embeddable":true,"href":"https:\/\/fai.org.co\/serintegral\/wp-json\/wp\/v2\/comments?post=1617"}],"version-history":[{"count":2,"href":"https:\/\/fai.org.co\/serintegral\/wp-json\/wp\/v2\/posts\/1617\/revisions"}],"predecessor-version":[{"id":1620,"href":"https:\/\/fai.org.co\/serintegral\/wp-json\/wp\/v2\/posts\/1617\/revisions\/1620"}],"wp:featuredmedia":[{"embeddable":true,"href":"https:\/\/fai.org.co\/serintegral\/wp-json\/wp\/v2\/media\/1619"}],"wp:attachment":[{"href":"https:\/\/fai.org.co\/serintegral\/wp-json\/wp\/v2\/media?parent=1617"}],"wp:term":[{"taxonomy":"category","embeddable":true,"href":"https:\/\/fai.org.co\/serintegral\/wp-json\/wp\/v2\/categories?post=1617"},{"taxonomy":"post_tag","embeddable":true,"href":"https:\/\/fai.org.co\/serintegral\/wp-json\/wp\/v2\/tags?post=1617"}],"curies":[{"name":"wp","href":"https:\/\/api.w.org\/{rel}","templated":true}]}}