{"id":1621,"date":"2021-10-13T15:00:06","date_gmt":"2021-10-13T20:00:06","guid":{"rendered":"https:\/\/fai.org.co\/serintegral\/?p=1621"},"modified":"2021-10-19T06:40:43","modified_gmt":"2021-10-19T11:40:43","slug":"historia-vih-estigma-y-desinformacion","status":"publish","type":"post","link":"https:\/\/fai.org.co\/serintegral\/vih-sida\/historia-vih-estigma-y-desinformacion\/","title":{"rendered":"La historia del VIH, entre el estigma y la desinformaci\u00f3n"},"content":{"rendered":"<h2>Desde principios de los 80&#8217;s, cuando se registraron los primeros casos del VIH como un \u201craro c\u00e1ncer\u201d que afectaba a los homosexuales, hasta el \u201cpaciente de Londres\u201d, quien ha logrado superar la infecci\u00f3n, <strong>el VIH ha estado cargado de estigma y discriminaci\u00f3n<\/strong>, en especial contra la poblaci\u00f3n gay y trans.<\/h2>\n<p>Desde las p\u00e1ginas de diarios en 1981, cuando se hablaba del VIH como un \u00abraro c\u00e1ncer\u00bb que afectaba a los homosexuales, hasta la noticia del \u00abpaciente de Londres\u00bb ampliamente difundida como el nuevo caso en el que una persona VIH positivo supera la infecci\u00f3n, han pasado muchos avances en el tratamiento y abordaje de la enfermedad.<\/p>\n<p>Fue <strong>el 20 de mayo de 1983<\/strong> cuando se public\u00f3 un art\u00edculo del equipo del Instituto Pasteur de Par\u00eds dirigido por Fran\u00e7oise Barr\u00e9-Sinoussi, Jean-Claude Chermann y Luc Montagnier que anunciaba <strong>el descubrimiento del virus <em>lymphadenopathy-associated<\/em> (posteriormente llamado VIH)<\/strong>, vinculado a los casos de inmunodeficiencia reportados desde <strong>1981<\/strong> y nombrados como <strong>S\u00edndrome de Inmunodeficiencia Adquirida (SIDA)<\/strong>.<\/p>\n<p>Con la demostraci\u00f3n de la eficacia de la <strong>Terapia Antirretroviral Altamente Activa (HAART)<\/strong> en <strong>1996<\/strong> cambi\u00f3 el curso de la epidemia y convirti\u00f3 al VIH en una enfermedad cr\u00f3nica. Hoy, el tratamiento como prevenci\u00f3n, el control de la transmisi\u00f3n vertical y las remisiones logradas en 2012 y 2019 permiten creer que la meta 95-95-95 <strong>(95% de las personas con VIH diagnosticadas, 95% de ellas en tratamiento y 95% de quienes est\u00e1n en tratamiento con carga viral indetectable)<\/strong> planteada por <strong>ONUSIDA<\/strong> para 2030 no est\u00e1 tan lejos.<\/p>\n<h4>Es as\u00ed que, como una forma de reconocer la historia y a los <strong>cerca de treinta y tres millones de personas que han fallecido a causa del SIDA<\/strong>, a continuaci\u00f3n encuentras algunos de los que se pueden constituir en hitos hist\u00f3ricos de la respuesta al VIH\/SIDA en el mundo:<\/h4>\n<ul>\n<li>\n<h3><strong>Se emite la primera alerta sobre un extra\u00f1o tipo de c\u00e1ncer (1981)<\/strong><\/h3>\n<\/li>\n<\/ul>\n<p>Exactamente, el 5 de junio, la organizaci\u00f3n estadounidense de vigilancia y prevenci\u00f3n de enfermedades (CDC por sus siglas en ingl\u00e9s), inform\u00f3 sobre una forma rara de neumon\u00eda entre j\u00f3venes homosexuales de California. <strong>Se trata de la primera alerta sobre el SIDA, aunque en ese momento la enfermedad carec\u00eda de nombre<\/strong>.<\/p>\n<p>El CDC report\u00f3 posteriormente las mismas \u00abinfecciones oportunistas\u00bb entre consumidores de drogas inyectables (fines de 1981), hemof\u00edlicos que recib\u00edan transfusiones de sangre (mediados de 1982) y entre haitianos residentes en los Estados Unidos (mediados de 1982).<\/p>\n<p>El t\u00e9rmino <strong>AIDS (Acquired Immune Deficiency Syndrome)<\/strong> apareci\u00f3 en 1982. En espa\u00f1ol se adopt\u00f3 SIDA: S\u00edndrome de Inmunodeficiencia Adquirida.<\/p>\n<p>Los diarios de la \u00e9poca hablaban de un \u201craro c\u00e1ncer\u201d que afectaba a los homosexuales<\/p>\n<ul>\n<li>\n<h3><strong>Descubrimiento del virus (1983)<\/strong><\/h3>\n<\/li>\n<\/ul>\n<p>A comienzos de 1983, el equipo del Instituto Pasteur de Par\u00eds, dirigido por Fran\u00e7oise Barr\u00e9-Sinoussi, Jean-Claude Chermann y Luc Montagnier, anunci\u00f3 el descubrimiento del <em>lymphadenopathy-associated virus<\/em> (virus asociado a la linfoadenopat\u00eda, LAV), que luego se conoci\u00f3 como Virus de Inmunodeficiencia Humana (VIH). Los investigadores cre\u00edan que \u00abpodr\u00eda estar implicado\u00bb en el SIDA.<\/p>\n<p>Un a\u00f1o m\u00e1s tarde, Estados Unidos anunci\u00f3 que el especialista estadounidense Robert Gallo hab\u00eda hallado la \u00abcausa probable\u00bb del SIDA, con un retrovirus bautizado como HTLV-III. LAV y HTLV-III son en realidad el mismo virus, que en 1986 fue bautizado como VIH, Virus de Inmunodeficiencia Humana.<\/p>\n<ul>\n<li>\n<h3><strong>La llegada del primer antirretroviral (1987)<\/strong><\/h3>\n<\/li>\n<\/ul>\n<p>Gracias a la presi\u00f3n de los activistas, representados en aquella \u00e9poca por un movimiento llamado <em>\u201cAct Up\u201d<\/em> y la Administraci\u00f3n de Alimentos y Medicamentos de los EEUU (FDA), se redujo el tiempo de aprobaci\u00f3n de las drogas para el sida.<\/p>\n<p>El 20 de marzo de 1987, se present\u00f3 el AZT, primera droga antirretroviral. Se trataba de un tratamiento costoso y de pesados efectos secundarios.<\/p>\n<ul>\n<li>\n<h3><strong>El VIH\/SIDA no discrimina (Inicios de los 90&#8217;s)<\/strong><\/h3>\n<\/li>\n<\/ul>\n<p>Aunque Rock Hudson, estrella de Hollywood, fue la primera persona famosa en fallecer a causa de las complicaciones ocasionadas por el sida, en 1985, los 90&#8217;s pasaron a la historia como la d\u00e9cada en la que se registraron un mayor n\u00famero de celebridades que fallecieron por la enfermedad. El primero de ellos fue el l\u00edder de la banda inglesa Queen, Freddie Mercury, el 24 de noviembre de 1991.<\/p>\n<p>En 1994, el bailar\u00edn sovi\u00e9tico Rudolf Nureyev (6 de enero) y el tenista norteamericano Arthur Ashe (3 de febrero) murieron por causas asociadas al sida.<\/p>\n<p>En 1994, el sida se torn\u00f3 la primera causa de muerte entre los estadounidenses con edades entre 25 y 44 a\u00f1os.<\/p>\n<ul>\n<li>\n<h3><strong>Se logra reducir la transmisi\u00f3n de madre a hijo (1994)<\/strong><\/h3>\n<\/li>\n<\/ul>\n<p>El ensayo cl\u00ednico conocido como \u00ab076\u00bb indic\u00f3 que el AZT reduc\u00eda las tasas de transmisi\u00f3n de madre a hijo en dos terceras partes.<\/p>\n<ul>\n<li>\n<h3><strong>Llegan al mercado los c\u00f3cteles de drogas (1995)<\/strong><\/h3>\n<\/li>\n<\/ul>\n<p>Los a\u00f1os 1995 y 1996 marcaron la aparici\u00f3n de nuevas clases de medicamentos. Se agregaron nuevos antirretrovirales al tratamiento: Abacavir, Nelfinavir, Delevirdina y Efavirenz. Fue el inicio de las combinaciones de diferentes drogas, las triterapias -o cocktails-, que se mostraron muy eficaces.<\/p>\n<ul>\n<li>\n<h3><strong>El nacimiento de ONUSIDA (1996)<\/strong><\/h3>\n<\/li>\n<\/ul>\n<p>Se cre\u00f3 el Programa Conjunto de Naciones Unidas sobre el Sida (ONUSIDA). Desde entonces, lider\u00f3 e inspir\u00f3 la innovaci\u00f3n y la colaboraci\u00f3n a nivel mundial, nacional y local para dar respuesta al VIH\/sida.<\/p>\n<p>El antirretroviral Truvada fue el primer tratamiento preventivo aprobado para reducir el riesgo de contagio<\/p>\n<ul>\n<li>\n<h3><strong>La aparici\u00f3n de los testeos r\u00e1pidos (2002)<\/strong><\/h3>\n<\/li>\n<\/ul>\n<p>La Administraci\u00f3n de Alimentos y Medicamentos de los EEUU (FDA) aprob\u00f3 el uso de los test r\u00e1pidos, que ofrecen resultados con el 99,6% de exactitud en tan s\u00f3lo 20 minutos.<\/p>\n<ul>\n<li>\n<h3><strong>PrEP como tratamiento para prevenir el VIH (2007)<\/strong><\/h3>\n<\/li>\n<\/ul>\n<p>Se llevaron a cabo los primeros ensayos de Profilaxis Pre Exposici\u00f3n (PrEP) para reducir el riesgo de adquisici\u00f3n del VIH entre personas que estuvieron expuestas al virus. El 16 de julio de 2012 se autoriz\u00f3 en los Estados Unidos el primer tratamiento preventivo, el antirretroviral Truvada.<\/p>\n<ul>\n<li>\n<h3><strong>El paciente de Berl\u00edn (2012)<\/strong><\/h3>\n<\/li>\n<\/ul>\n<p>Se conoci\u00f3 el caso de Timothy Brown, quien viv\u00eda con VIH y luego de recibir un trasplante de m\u00e9dula \u00f3sea por una leucemia que padec\u00eda de manera concomitante, perdi\u00f3 por completo la presencia del virus en su sangre. Fue el primer caso en la historia de una persona que se libr\u00f3 de la enfermedad.<\/p>\n<ul>\n<li>\n<h3><strong>Lanzamiento de la Estrategia 90-90-90 (2015)<\/strong><\/h3>\n<\/li>\n<\/ul>\n<p>ONUSIDA estableci\u00f3 nuevas metas para 2020: 90% de las personas con VIH diagnosticadas, 90% de ellas en tratamiento y 90% de quienes est\u00e1n en tratamiento con carga viral indetectable.<\/p>\n<ul>\n<li>\n<h3><strong>La segunda remisi\u00f3n (2019)<\/strong><\/h3>\n<\/li>\n<\/ul>\n<p>Cient\u00edficos lograron que una persona, identificada \u00fanicamente como \u00abel paciente de Londres\u00bb, superase la infecci\u00f3n de VIH. Se trata de un hombre que no muestra rastros del VIH despu\u00e9s de 19 meses. Los expertos que presentaron el hallazgo en la Conferencia sobre Retrovirus e Infecciones Oportunistas, en Seattle, son cautos al hablar de cura y se refieren a \u00abuna remisi\u00f3n de largo plazo\u00bb.<\/p>\n","protected":false},"excerpt":{"rendered":"<p>Desde principios de los 80&#8217;s, cuando se registraron los primeros casos del VIH como un \u201craro c\u00e1ncer\u201d que afectaba a los homosexuales, hasta el \u201cpaciente de Londres\u201d, quien ha logrado superar la infecci\u00f3n, el VIH ha estado cargado de estigma y discriminaci\u00f3n, en especial contra la poblaci\u00f3n gay y trans. Desde las p\u00e1ginas de diarios [&hellip;]<\/p>\n","protected":false},"author":2,"featured_media":1622,"comment_status":"open","ping_status":"open","sticky":false,"template":"","format":"standard","meta":{"_monsterinsights_skip_tracking":false,"_monsterinsights_sitenote_active":false,"_monsterinsights_sitenote_note":"","_monsterinsights_sitenote_category":0,"spay_email":"","footnotes":""},"categories":[16],"tags":[21],"class_list":["post-1621","post","type-post","status-publish","format-standard","has-post-thumbnail","hentry","category-vih-sida","tag-vih"],"aioseo_notices":[],"yoast_head":"<!-- This site is optimized with the Yoast SEO plugin v17.5 - https:\/\/yoast.com\/wordpress\/plugins\/seo\/ -->\n<title>La historia del VIH, entre el estigma y la desinformaci\u00f3n<\/title>\n<meta name=\"description\" content=\"Desde los 80, cuando se registraron los primeros casos hasta la actualidad, el VIH ha estado cargado de estigma y discriminaci\u00f3n, en especial contra poblaci\u00f3n gay y trans.\" \/>\n<meta name=\"robots\" content=\"index, follow, max-snippet:-1, max-image-preview:large, max-video-preview:-1\" \/>\n<link rel=\"canonical\" href=\"https:\/\/fai.org.co\/serintegral\/vih-sida\/historia-vih-estigma-y-desinformacion\/\" \/>\n<meta property=\"og:locale\" content=\"es_ES\" \/>\n<meta property=\"og:type\" content=\"article\" \/>\n<meta property=\"og:title\" content=\"La historia del VIH, entre el estigma y la desinformaci\u00f3n\" \/>\n<meta property=\"og:description\" content=\"Desde los 80, cuando se registraron los primeros casos hasta la actualidad, el VIH ha estado cargado de estigma y discriminaci\u00f3n, en especial contra poblaci\u00f3n gay y trans.\" \/>\n<meta property=\"og:url\" content=\"https:\/\/fai.org.co\/serintegral\/vih-sida\/historia-vih-estigma-y-desinformacion\/\" \/>\n<meta property=\"og:site_name\" content=\"Ser integral\" \/>\n<meta property=\"article:published_time\" content=\"2021-10-13T20:00:06+00:00\" \/>\n<meta property=\"article:modified_time\" content=\"2021-10-19T11:40:43+00:00\" \/>\n<meta property=\"og:image\" content=\"https:\/\/fai.org.co\/serintegral\/wp-content\/uploads\/2021\/10\/historia-vih-estigma-y-desinformacion.jpg\" \/>\n\t<meta property=\"og:image:width\" content=\"539\" \/>\n\t<meta property=\"og:image:height\" content=\"369\" \/>\n<meta name=\"twitter:card\" content=\"summary_large_image\" \/>\n<meta name=\"twitter:label1\" content=\"Escrito por\" \/>\n\t<meta name=\"twitter:data1\" content=\"ser_integral\" \/>\n\t<meta name=\"twitter:label2\" content=\"Tiempo estimado de lectura\" \/>\n\t<meta name=\"twitter:data2\" content=\"6 minutos\" \/>\n<script type=\"application\/ld+json\" class=\"yoast-schema-graph\">{\"@context\":\"https:\/\/schema.org\",\"@graph\":[{\"@type\":\"WebSite\",\"@id\":\"https:\/\/fai.org.co\/serintegral\/#website\",\"url\":\"https:\/\/fai.org.co\/serintegral\/\",\"name\":\"Ser integral\",\"description\":\"\",\"potentialAction\":[{\"@type\":\"SearchAction\",\"target\":{\"@type\":\"EntryPoint\",\"urlTemplate\":\"https:\/\/fai.org.co\/serintegral\/?s={search_term_string}\"},\"query-input\":\"required name=search_term_string\"}],\"inLanguage\":\"es-CO\"},{\"@type\":\"ImageObject\",\"@id\":\"https:\/\/fai.org.co\/serintegral\/vih-sida\/historia-vih-estigma-y-desinformacion\/#primaryimage\",\"inLanguage\":\"es-CO\",\"url\":\"https:\/\/fai.org.co\/serintegral\/wp-content\/uploads\/2021\/10\/historia-vih-estigma-y-desinformacion.jpg\",\"contentUrl\":\"https:\/\/fai.org.co\/serintegral\/wp-content\/uploads\/2021\/10\/historia-vih-estigma-y-desinformacion.jpg\",\"width\":539,\"height\":369,\"caption\":\"VIH\"},{\"@type\":\"WebPage\",\"@id\":\"https:\/\/fai.org.co\/serintegral\/vih-sida\/historia-vih-estigma-y-desinformacion\/#webpage\",\"url\":\"https:\/\/fai.org.co\/serintegral\/vih-sida\/historia-vih-estigma-y-desinformacion\/\",\"name\":\"La historia del VIH, entre el estigma y la desinformaci\\u00f3n\",\"isPartOf\":{\"@id\":\"https:\/\/fai.org.co\/serintegral\/#website\"},\"primaryImageOfPage\":{\"@id\":\"https:\/\/fai.org.co\/serintegral\/vih-sida\/historia-vih-estigma-y-desinformacion\/#primaryimage\"},\"datePublished\":\"2021-10-13T20:00:06+00:00\",\"dateModified\":\"2021-10-19T11:40:43+00:00\",\"author\":{\"@id\":\"https:\/\/fai.org.co\/serintegral\/#\/schema\/person\/07947feccb7e085e4a0897f398e7e09c\"},\"description\":\"Desde los 80, cuando se registraron los primeros casos hasta la actualidad, el VIH ha estado cargado de estigma y discriminaci\\u00f3n, en especial contra poblaci\\u00f3n gay y trans.\",\"breadcrumb\":{\"@id\":\"https:\/\/fai.org.co\/serintegral\/vih-sida\/historia-vih-estigma-y-desinformacion\/#breadcrumb\"},\"inLanguage\":\"es-CO\",\"potentialAction\":[{\"@type\":\"ReadAction\",\"target\":[\"https:\/\/fai.org.co\/serintegral\/vih-sida\/historia-vih-estigma-y-desinformacion\/\"]}]},{\"@type\":\"BreadcrumbList\",\"@id\":\"https:\/\/fai.org.co\/serintegral\/vih-sida\/historia-vih-estigma-y-desinformacion\/#breadcrumb\",\"itemListElement\":[{\"@type\":\"ListItem\",\"position\":1,\"name\":\"Inicio\",\"item\":\"https:\/\/fai.org.co\/serintegral\/\"},{\"@type\":\"ListItem\",\"position\":2,\"name\":\"La historia del VIH, entre el estigma y la desinformaci\\u00f3n\"}]},{\"@type\":\"Person\",\"@id\":\"https:\/\/fai.org.co\/serintegral\/#\/schema\/person\/07947feccb7e085e4a0897f398e7e09c\",\"name\":\"ser_integral\",\"image\":{\"@type\":\"ImageObject\",\"@id\":\"https:\/\/fai.org.co\/serintegral\/#personlogo\",\"inLanguage\":\"es-CO\",\"url\":\"https:\/\/secure.gravatar.com\/avatar\/d019f5050c26fda22d47330ce0f99cf86745e4f9d41b4f7de838ecf51eeb5eaa?s=96&d=mm&r=g\",\"contentUrl\":\"https:\/\/secure.gravatar.com\/avatar\/d019f5050c26fda22d47330ce0f99cf86745e4f9d41b4f7de838ecf51eeb5eaa?s=96&d=mm&r=g\",\"caption\":\"ser_integral\"},\"url\":\"https:\/\/fai.org.co\/serintegral\/author\/ser_integral\/\"}]}<\/script>\n<!-- \/ Yoast SEO plugin. -->","yoast_head_json":{"title":"La historia del VIH, entre el estigma y la desinformaci\u00f3n","description":"Desde los 80, cuando se registraron los primeros casos hasta la actualidad, el VIH ha estado cargado de estigma y discriminaci\u00f3n, en especial contra poblaci\u00f3n gay y trans.","robots":{"index":"index","follow":"follow","max-snippet":"max-snippet:-1","max-image-preview":"max-image-preview:large","max-video-preview":"max-video-preview:-1"},"canonical":"https:\/\/fai.org.co\/serintegral\/vih-sida\/historia-vih-estigma-y-desinformacion\/","og_locale":"es_ES","og_type":"article","og_title":"La historia del VIH, entre el estigma y la desinformaci\u00f3n","og_description":"Desde los 80, cuando se registraron los primeros casos hasta la actualidad, el VIH ha estado cargado de estigma y discriminaci\u00f3n, en especial contra poblaci\u00f3n gay y trans.","og_url":"https:\/\/fai.org.co\/serintegral\/vih-sida\/historia-vih-estigma-y-desinformacion\/","og_site_name":"Ser integral","article_published_time":"2021-10-13T20:00:06+00:00","article_modified_time":"2021-10-19T11:40:43+00:00","og_image":[{"width":539,"height":369,"url":"https:\/\/fai.org.co\/serintegral\/wp-content\/uploads\/2021\/10\/historia-vih-estigma-y-desinformacion.jpg","type":"image\/jpeg"}],"twitter_card":"summary_large_image","twitter_misc":{"Escrito por":"ser_integral","Tiempo estimado de lectura":"6 minutos"},"schema":{"@context":"https:\/\/schema.org","@graph":[{"@type":"WebSite","@id":"https:\/\/fai.org.co\/serintegral\/#website","url":"https:\/\/fai.org.co\/serintegral\/","name":"Ser integral","description":"","potentialAction":[{"@type":"SearchAction","target":{"@type":"EntryPoint","urlTemplate":"https:\/\/fai.org.co\/serintegral\/?s={search_term_string}"},"query-input":"required name=search_term_string"}],"inLanguage":"es-CO"},{"@type":"ImageObject","@id":"https:\/\/fai.org.co\/serintegral\/vih-sida\/historia-vih-estigma-y-desinformacion\/#primaryimage","inLanguage":"es-CO","url":"https:\/\/fai.org.co\/serintegral\/wp-content\/uploads\/2021\/10\/historia-vih-estigma-y-desinformacion.jpg","contentUrl":"https:\/\/fai.org.co\/serintegral\/wp-content\/uploads\/2021\/10\/historia-vih-estigma-y-desinformacion.jpg","width":539,"height":369,"caption":"VIH"},{"@type":"WebPage","@id":"https:\/\/fai.org.co\/serintegral\/vih-sida\/historia-vih-estigma-y-desinformacion\/#webpage","url":"https:\/\/fai.org.co\/serintegral\/vih-sida\/historia-vih-estigma-y-desinformacion\/","name":"La historia del VIH, entre el estigma y la desinformaci\u00f3n","isPartOf":{"@id":"https:\/\/fai.org.co\/serintegral\/#website"},"primaryImageOfPage":{"@id":"https:\/\/fai.org.co\/serintegral\/vih-sida\/historia-vih-estigma-y-desinformacion\/#primaryimage"},"datePublished":"2021-10-13T20:00:06+00:00","dateModified":"2021-10-19T11:40:43+00:00","author":{"@id":"https:\/\/fai.org.co\/serintegral\/#\/schema\/person\/07947feccb7e085e4a0897f398e7e09c"},"description":"Desde los 80, cuando se registraron los primeros casos hasta la actualidad, el VIH ha estado cargado de estigma y discriminaci\u00f3n, en especial contra poblaci\u00f3n gay y trans.","breadcrumb":{"@id":"https:\/\/fai.org.co\/serintegral\/vih-sida\/historia-vih-estigma-y-desinformacion\/#breadcrumb"},"inLanguage":"es-CO","potentialAction":[{"@type":"ReadAction","target":["https:\/\/fai.org.co\/serintegral\/vih-sida\/historia-vih-estigma-y-desinformacion\/"]}]},{"@type":"BreadcrumbList","@id":"https:\/\/fai.org.co\/serintegral\/vih-sida\/historia-vih-estigma-y-desinformacion\/#breadcrumb","itemListElement":[{"@type":"ListItem","position":1,"name":"Inicio","item":"https:\/\/fai.org.co\/serintegral\/"},{"@type":"ListItem","position":2,"name":"La historia del VIH, entre el estigma y la desinformaci\u00f3n"}]},{"@type":"Person","@id":"https:\/\/fai.org.co\/serintegral\/#\/schema\/person\/07947feccb7e085e4a0897f398e7e09c","name":"ser_integral","image":{"@type":"ImageObject","@id":"https:\/\/fai.org.co\/serintegral\/#personlogo","inLanguage":"es-CO","url":"https:\/\/secure.gravatar.com\/avatar\/d019f5050c26fda22d47330ce0f99cf86745e4f9d41b4f7de838ecf51eeb5eaa?s=96&d=mm&r=g","contentUrl":"https:\/\/secure.gravatar.com\/avatar\/d019f5050c26fda22d47330ce0f99cf86745e4f9d41b4f7de838ecf51eeb5eaa?s=96&d=mm&r=g","caption":"ser_integral"},"url":"https:\/\/fai.org.co\/serintegral\/author\/ser_integral\/"}]}},"jetpack_featured_media_url":"https:\/\/fai.org.co\/serintegral\/wp-content\/uploads\/2021\/10\/historia-vih-estigma-y-desinformacion.jpg","_links":{"self":[{"href":"https:\/\/fai.org.co\/serintegral\/wp-json\/wp\/v2\/posts\/1621","targetHints":{"allow":["GET"]}}],"collection":[{"href":"https:\/\/fai.org.co\/serintegral\/wp-json\/wp\/v2\/posts"}],"about":[{"href":"https:\/\/fai.org.co\/serintegral\/wp-json\/wp\/v2\/types\/post"}],"author":[{"embeddable":true,"href":"https:\/\/fai.org.co\/serintegral\/wp-json\/wp\/v2\/users\/2"}],"replies":[{"embeddable":true,"href":"https:\/\/fai.org.co\/serintegral\/wp-json\/wp\/v2\/comments?post=1621"}],"version-history":[{"count":1,"href":"https:\/\/fai.org.co\/serintegral\/wp-json\/wp\/v2\/posts\/1621\/revisions"}],"predecessor-version":[{"id":1623,"href":"https:\/\/fai.org.co\/serintegral\/wp-json\/wp\/v2\/posts\/1621\/revisions\/1623"}],"wp:featuredmedia":[{"embeddable":true,"href":"https:\/\/fai.org.co\/serintegral\/wp-json\/wp\/v2\/media\/1622"}],"wp:attachment":[{"href":"https:\/\/fai.org.co\/serintegral\/wp-json\/wp\/v2\/media?parent=1621"}],"wp:term":[{"taxonomy":"category","embeddable":true,"href":"https:\/\/fai.org.co\/serintegral\/wp-json\/wp\/v2\/categories?post=1621"},{"taxonomy":"post_tag","embeddable":true,"href":"https:\/\/fai.org.co\/serintegral\/wp-json\/wp\/v2\/tags?post=1621"}],"curies":[{"name":"wp","href":"https:\/\/api.w.org\/{rel}","templated":true}]}}