{"id":1639,"date":"2021-10-15T16:00:34","date_gmt":"2021-10-15T21:00:34","guid":{"rendered":"https:\/\/fai.org.co\/serintegral\/?p=1639"},"modified":"2022-05-31T11:29:48","modified_gmt":"2022-05-31T16:29:48","slug":"la-meningitis-en-bebes-y-ninos","status":"publish","type":"post","link":"https:\/\/fai.org.co\/serintegral\/meningitis\/la-meningitis-en-bebes-y-ninos\/","title":{"rendered":"La meningitis en beb\u00e9s y ni\u00f1os"},"content":{"rendered":"<h2>La meningitis es una enfermedad que causa la inflamaci\u00f3n del tejido delgado que rodea el cerebro y la m\u00e9dula espinal, llamado meninge. Existen varios tipos de meningitis, siendo la m\u00e1s com\u00fan, la meningitis viral. Por su parte, la meningitis causada por bacterias es menos frecuente, debido al \u00e9xito de las vacunas, pero en caso de presentarse, puede ser mortal.<\/h2>\n<p>Uno de los grupos poblacionales con mayor riesgo de verse afectados por la meningitis es la ni\u00f1ez de hasta 5 a\u00f1os de edad.<\/p>\n<h3><strong>Meningitis en menores de edad<\/strong><\/h3>\n<p>Gracias a las vacunas que protegen contra formas graves de meningitis bacteriana, en la actualidad la mayor\u00eda de casos de meningitis son ocasionados por virus. La forma viral generalmente no es muy seria, excepto en beb\u00e9s menores de tres meses de edad, quienes est\u00e1n m\u00e1s expuestos y tienen m\u00e1s probabilidades de contagiarse.<\/p>\n<p>Entre las causas que hacen que los reci\u00e9n nacidos est\u00e9n m\u00e1s expuestos a la meningitis, est\u00e1n las siguientes:<\/p>\n<ul>\n<li>Beb\u00e9s, especialmente los menores de dos meses de edad (debido a que su sistema inmunitario no est\u00e1 bien desarrollado, la bacteria puede entrar con m\u00e1s facilidad en el flujo sangu\u00edneo).<\/li>\n<li>Ni\u00f1os con sinusitis recurrente.<\/li>\n<li>Ni\u00f1os con graves lesiones recientes de la cabeza y fracturas del cr\u00e1neo.<\/li>\n<li>Ni\u00f1os que acaban de someterse a una cirug\u00eda del cerebro.<\/li>\n<li>Ni\u00f1os con implantes cocleares.<\/li>\n<\/ul>\n<p>Con un diagn\u00f3stico oportuno y tratamiento, 7 de 10 ni\u00f1os que se contagian con meningitis bacteriana se recuperan sin ninguna complicaci\u00f3n. Sin embargo, es necesario tener en cuenta que la meningitis es una enfermedad potencialmente mortal, y aproximadamente en 2 de cada 10 casos que no son tratados adecuadamente, puede ocasionar graves problemas en el sistema nervioso, sordera, convulsiones o dificultades del aprendizaje.<\/p>\n<p>Debido a que la meningitis avanza r\u00e1pidamente, se debe detectar de forma oportuna y se debe tratar de manera agresiva. Notifique a su pediatra inmediatamente si su hijo o hija, de menos de dos meses de edad, presenta fiebre, irritabilidad, falta de apetito, somnolencia o dificultad para despertarse. Si su hijo tiene de dos a cinco a\u00f1os de edad presenta: adem\u00e1s de los s\u00edntomas anteriores, dolores de cabeza, dolor de espalda o cuello r\u00edgido.<\/p>\n<p>Con los diagn\u00f3sticos tempranos y el tratamiento correcto, un ni\u00f1o con meningitis tiene una buena oportunidad de mejorar sin ninguna complicaci\u00f3n.<\/p>\n<h3><strong>C\u00f3mo prevenir la meningitis<\/strong><\/h3>\n<p>La vacunaci\u00f3n es la manera m\u00e1s eficaz de proteger contra ciertos tipos de meningitis bacteriana. Existen vacunas contra 3 tipos de bacterias que pueden causar meningitis:<\/p>\n<ul>\n<li>Las vacunas antimeningoc\u00f3cicas ayudan a proteger contra la N. meningitidis.<\/li>\n<li>Las vacunas antineumoc\u00f3cicas ayudan a proteger contra el S. pneumoniae.<\/li>\n<li>Las vacunas contra Hib ayudan a proteger contra esa bacteria.<\/li>\n<\/ul>\n<p>Aseg\u00farese de que usted y su hijo est\u00e9n vacunados seg\u00fan el calendario de vacunaci\u00f3n.<\/p>\n<p>Tal como sucede con otras vacunas, las vacunas que protegen contra estas bacterias no son 100 % eficaces. Las vacunas tampoco protegen contra todos los tipos (cepas) de cada bacteria. Por estas razones, todav\u00eda hay probabilidades de que las personas vacunadas puedan contraer meningitis bacteriana.<\/p>\n<h3><strong>H\u00e1bitos saludables<\/strong><\/h3>\n<p>Usted tambi\u00e9n puede ayudar a protegerse y a proteger a los dem\u00e1s de la meningitis bacteriana si mantiene h\u00e1bitos saludables:<\/p>\n<ul>\n<li>No fume y evite el humo de los cigarrillos.<\/li>\n<li>Descanse mucho.<\/li>\n<li>Evite el contacto cercano con personas enfermas.<\/li>\n<\/ul>\n<p>Esto es especialmente importante para las personas con mayor riesgo de enfermedad, como las siguientes:<\/p>\n<ul>\n<li>Beb\u00e9s peque\u00f1os.<\/li>\n<li>Adultos mayores.<\/li>\n<li>Personas con el sistema inmunitario debilitado.<\/li>\n<li>Personas sin el bazo o en las que este \u00f3rgano no funciona como debe.<\/li>\n<\/ul>\n<hr \/>\n<p>Fuentes:<\/p>\n<ul>\n<li><a href=\"https:\/\/www.healthychildren.org\/Spanish\/health-issues\/conditions\/head-neck-nervous-system\/Paginas\/Meningitis.aspx\" target=\"_blank\" rel=\"noopener\">https:\/\/www.healthychildren.org\/Spanish\/health-issues\/conditions\/head-neck-nervous-system\/Paginas\/Meningitis.aspx<\/a><\/li>\n<\/ul>\n<p><img loading=\"lazy\" decoding=\"async\" class=\" wp-image-2117 aligncenter\" src=\"https:\/\/fai.org.co\/serintegral\/wp-content\/uploads\/2021\/10\/Agregar-un-titulo-300x169.jpg\" alt=\"\" width=\"380\" height=\"214\" srcset=\"https:\/\/fai.org.co\/serintegral\/wp-content\/uploads\/2021\/10\/Agregar-un-titulo-300x169.jpg 300w, https:\/\/fai.org.co\/serintegral\/wp-content\/uploads\/2021\/10\/Agregar-un-titulo-1024x576.jpg 1024w, https:\/\/fai.org.co\/serintegral\/wp-content\/uploads\/2021\/10\/Agregar-un-titulo-768x432.jpg 768w, https:\/\/fai.org.co\/serintegral\/wp-content\/uploads\/2021\/10\/Agregar-un-titulo-1536x864.jpg 1536w, https:\/\/fai.org.co\/serintegral\/wp-content\/uploads\/2021\/10\/Agregar-un-titulo.jpg 1920w\" sizes=\"auto, (max-width: 380px) 100vw, 380px\" \/><\/p>\n","protected":false},"excerpt":{"rendered":"<p>La meningitis es una enfermedad que causa la inflamaci\u00f3n del tejido delgado que rodea el cerebro y la m\u00e9dula espinal, llamado meninge. Existen varios tipos de meningitis, siendo la m\u00e1s com\u00fan, la meningitis viral. Por su parte, la meningitis causada por bacterias es menos frecuente, debido al \u00e9xito de las vacunas, pero en caso de [&hellip;]<\/p>\n","protected":false},"author":2,"featured_media":1640,"comment_status":"open","ping_status":"open","sticky":false,"template":"","format":"standard","meta":{"_monsterinsights_skip_tracking":false,"_monsterinsights_sitenote_active":false,"_monsterinsights_sitenote_note":"","_monsterinsights_sitenote_category":0,"spay_email":"","footnotes":""},"categories":[19],"tags":[],"class_list":["post-1639","post","type-post","status-publish","format-standard","has-post-thumbnail","hentry","category-meningitis"],"aioseo_notices":[],"yoast_head":"<!-- This site is optimized with the Yoast SEO plugin v17.5 - https:\/\/yoast.com\/wordpress\/plugins\/seo\/ -->\n<title>La meningitis en beb\u00e9s y ni\u00f1os<\/title>\n<meta name=\"description\" content=\"La meningitis es una enfermedad que causa la inflamaci\u00f3n del tejido delgado que rodea el cerebro y la m\u00e9dula espinal, llamado meninge.\" \/>\n<meta name=\"robots\" content=\"index, follow, max-snippet:-1, max-image-preview:large, max-video-preview:-1\" \/>\n<link rel=\"canonical\" href=\"https:\/\/fai.org.co\/serintegral\/meningitis\/la-meningitis-en-bebes-y-ninos\/\" \/>\n<meta property=\"og:locale\" content=\"es_ES\" \/>\n<meta property=\"og:type\" content=\"article\" \/>\n<meta property=\"og:title\" content=\"La meningitis en beb\u00e9s y ni\u00f1os\" \/>\n<meta property=\"og:description\" content=\"La meningitis es una enfermedad que causa la inflamaci\u00f3n del tejido delgado que rodea el cerebro y la m\u00e9dula espinal, llamado meninge.\" \/>\n<meta property=\"og:url\" content=\"https:\/\/fai.org.co\/serintegral\/meningitis\/la-meningitis-en-bebes-y-ninos\/\" \/>\n<meta property=\"og:site_name\" content=\"Ser integral\" \/>\n<meta property=\"article:published_time\" content=\"2021-10-15T21:00:34+00:00\" \/>\n<meta property=\"article:modified_time\" content=\"2022-05-31T16:29:48+00:00\" \/>\n<meta property=\"og:image\" content=\"https:\/\/fai.org.co\/serintegral\/wp-content\/uploads\/2021\/10\/la-meningitis-en-bebes-y-ninos.jpg\" \/>\n\t<meta property=\"og:image:width\" content=\"539\" \/>\n\t<meta property=\"og:image:height\" content=\"369\" \/>\n<meta name=\"twitter:card\" content=\"summary_large_image\" \/>\n<meta name=\"twitter:label1\" content=\"Escrito por\" \/>\n\t<meta name=\"twitter:data1\" content=\"ser_integral\" \/>\n\t<meta name=\"twitter:label2\" content=\"Tiempo estimado de lectura\" \/>\n\t<meta name=\"twitter:data2\" content=\"3 minutos\" \/>\n<script type=\"application\/ld+json\" class=\"yoast-schema-graph\">{\"@context\":\"https:\/\/schema.org\",\"@graph\":[{\"@type\":\"WebSite\",\"@id\":\"https:\/\/fai.org.co\/serintegral\/#website\",\"url\":\"https:\/\/fai.org.co\/serintegral\/\",\"name\":\"Ser integral\",\"description\":\"\",\"potentialAction\":[{\"@type\":\"SearchAction\",\"target\":{\"@type\":\"EntryPoint\",\"urlTemplate\":\"https:\/\/fai.org.co\/serintegral\/?s={search_term_string}\"},\"query-input\":\"required name=search_term_string\"}],\"inLanguage\":\"es-CO\"},{\"@type\":\"ImageObject\",\"@id\":\"https:\/\/fai.org.co\/serintegral\/meningitis\/la-meningitis-en-bebes-y-ninos\/#primaryimage\",\"inLanguage\":\"es-CO\",\"url\":\"https:\/\/fai.org.co\/serintegral\/wp-content\/uploads\/2021\/10\/la-meningitis-en-bebes-y-ninos.jpg\",\"contentUrl\":\"https:\/\/fai.org.co\/serintegral\/wp-content\/uploads\/2021\/10\/la-meningitis-en-bebes-y-ninos.jpg\",\"width\":539,\"height\":369,\"caption\":\"meningitis\"},{\"@type\":\"WebPage\",\"@id\":\"https:\/\/fai.org.co\/serintegral\/meningitis\/la-meningitis-en-bebes-y-ninos\/#webpage\",\"url\":\"https:\/\/fai.org.co\/serintegral\/meningitis\/la-meningitis-en-bebes-y-ninos\/\",\"name\":\"La meningitis en beb\\u00e9s y ni\\u00f1os\",\"isPartOf\":{\"@id\":\"https:\/\/fai.org.co\/serintegral\/#website\"},\"primaryImageOfPage\":{\"@id\":\"https:\/\/fai.org.co\/serintegral\/meningitis\/la-meningitis-en-bebes-y-ninos\/#primaryimage\"},\"datePublished\":\"2021-10-15T21:00:34+00:00\",\"dateModified\":\"2022-05-31T16:29:48+00:00\",\"author\":{\"@id\":\"https:\/\/fai.org.co\/serintegral\/#\/schema\/person\/07947feccb7e085e4a0897f398e7e09c\"},\"description\":\"La meningitis es una enfermedad que causa la inflamaci\\u00f3n del tejido delgado que rodea el cerebro y la m\\u00e9dula espinal, llamado meninge.\",\"breadcrumb\":{\"@id\":\"https:\/\/fai.org.co\/serintegral\/meningitis\/la-meningitis-en-bebes-y-ninos\/#breadcrumb\"},\"inLanguage\":\"es-CO\",\"potentialAction\":[{\"@type\":\"ReadAction\",\"target\":[\"https:\/\/fai.org.co\/serintegral\/meningitis\/la-meningitis-en-bebes-y-ninos\/\"]}]},{\"@type\":\"BreadcrumbList\",\"@id\":\"https:\/\/fai.org.co\/serintegral\/meningitis\/la-meningitis-en-bebes-y-ninos\/#breadcrumb\",\"itemListElement\":[{\"@type\":\"ListItem\",\"position\":1,\"name\":\"Inicio\",\"item\":\"https:\/\/fai.org.co\/serintegral\/\"},{\"@type\":\"ListItem\",\"position\":2,\"name\":\"La meningitis en beb\\u00e9s y ni\\u00f1os\"}]},{\"@type\":\"Person\",\"@id\":\"https:\/\/fai.org.co\/serintegral\/#\/schema\/person\/07947feccb7e085e4a0897f398e7e09c\",\"name\":\"ser_integral\",\"image\":{\"@type\":\"ImageObject\",\"@id\":\"https:\/\/fai.org.co\/serintegral\/#personlogo\",\"inLanguage\":\"es-CO\",\"url\":\"https:\/\/secure.gravatar.com\/avatar\/d019f5050c26fda22d47330ce0f99cf86745e4f9d41b4f7de838ecf51eeb5eaa?s=96&d=mm&r=g\",\"contentUrl\":\"https:\/\/secure.gravatar.com\/avatar\/d019f5050c26fda22d47330ce0f99cf86745e4f9d41b4f7de838ecf51eeb5eaa?s=96&d=mm&r=g\",\"caption\":\"ser_integral\"},\"url\":\"https:\/\/fai.org.co\/serintegral\/author\/ser_integral\/\"}]}<\/script>\n<!-- \/ Yoast SEO plugin. -->","yoast_head_json":{"title":"La meningitis en beb\u00e9s y ni\u00f1os","description":"La meningitis es una enfermedad que causa la inflamaci\u00f3n del tejido delgado que rodea el cerebro y la m\u00e9dula espinal, llamado meninge.","robots":{"index":"index","follow":"follow","max-snippet":"max-snippet:-1","max-image-preview":"max-image-preview:large","max-video-preview":"max-video-preview:-1"},"canonical":"https:\/\/fai.org.co\/serintegral\/meningitis\/la-meningitis-en-bebes-y-ninos\/","og_locale":"es_ES","og_type":"article","og_title":"La meningitis en beb\u00e9s y ni\u00f1os","og_description":"La meningitis es una enfermedad que causa la inflamaci\u00f3n del tejido delgado que rodea el cerebro y la m\u00e9dula espinal, llamado meninge.","og_url":"https:\/\/fai.org.co\/serintegral\/meningitis\/la-meningitis-en-bebes-y-ninos\/","og_site_name":"Ser integral","article_published_time":"2021-10-15T21:00:34+00:00","article_modified_time":"2022-05-31T16:29:48+00:00","og_image":[{"width":539,"height":369,"url":"https:\/\/fai.org.co\/serintegral\/wp-content\/uploads\/2021\/10\/la-meningitis-en-bebes-y-ninos.jpg","type":"image\/jpeg"}],"twitter_card":"summary_large_image","twitter_misc":{"Escrito por":"ser_integral","Tiempo estimado de lectura":"3 minutos"},"schema":{"@context":"https:\/\/schema.org","@graph":[{"@type":"WebSite","@id":"https:\/\/fai.org.co\/serintegral\/#website","url":"https:\/\/fai.org.co\/serintegral\/","name":"Ser integral","description":"","potentialAction":[{"@type":"SearchAction","target":{"@type":"EntryPoint","urlTemplate":"https:\/\/fai.org.co\/serintegral\/?s={search_term_string}"},"query-input":"required name=search_term_string"}],"inLanguage":"es-CO"},{"@type":"ImageObject","@id":"https:\/\/fai.org.co\/serintegral\/meningitis\/la-meningitis-en-bebes-y-ninos\/#primaryimage","inLanguage":"es-CO","url":"https:\/\/fai.org.co\/serintegral\/wp-content\/uploads\/2021\/10\/la-meningitis-en-bebes-y-ninos.jpg","contentUrl":"https:\/\/fai.org.co\/serintegral\/wp-content\/uploads\/2021\/10\/la-meningitis-en-bebes-y-ninos.jpg","width":539,"height":369,"caption":"meningitis"},{"@type":"WebPage","@id":"https:\/\/fai.org.co\/serintegral\/meningitis\/la-meningitis-en-bebes-y-ninos\/#webpage","url":"https:\/\/fai.org.co\/serintegral\/meningitis\/la-meningitis-en-bebes-y-ninos\/","name":"La meningitis en beb\u00e9s y ni\u00f1os","isPartOf":{"@id":"https:\/\/fai.org.co\/serintegral\/#website"},"primaryImageOfPage":{"@id":"https:\/\/fai.org.co\/serintegral\/meningitis\/la-meningitis-en-bebes-y-ninos\/#primaryimage"},"datePublished":"2021-10-15T21:00:34+00:00","dateModified":"2022-05-31T16:29:48+00:00","author":{"@id":"https:\/\/fai.org.co\/serintegral\/#\/schema\/person\/07947feccb7e085e4a0897f398e7e09c"},"description":"La meningitis es una enfermedad que causa la inflamaci\u00f3n del tejido delgado que rodea el cerebro y la m\u00e9dula espinal, llamado meninge.","breadcrumb":{"@id":"https:\/\/fai.org.co\/serintegral\/meningitis\/la-meningitis-en-bebes-y-ninos\/#breadcrumb"},"inLanguage":"es-CO","potentialAction":[{"@type":"ReadAction","target":["https:\/\/fai.org.co\/serintegral\/meningitis\/la-meningitis-en-bebes-y-ninos\/"]}]},{"@type":"BreadcrumbList","@id":"https:\/\/fai.org.co\/serintegral\/meningitis\/la-meningitis-en-bebes-y-ninos\/#breadcrumb","itemListElement":[{"@type":"ListItem","position":1,"name":"Inicio","item":"https:\/\/fai.org.co\/serintegral\/"},{"@type":"ListItem","position":2,"name":"La meningitis en beb\u00e9s y ni\u00f1os"}]},{"@type":"Person","@id":"https:\/\/fai.org.co\/serintegral\/#\/schema\/person\/07947feccb7e085e4a0897f398e7e09c","name":"ser_integral","image":{"@type":"ImageObject","@id":"https:\/\/fai.org.co\/serintegral\/#personlogo","inLanguage":"es-CO","url":"https:\/\/secure.gravatar.com\/avatar\/d019f5050c26fda22d47330ce0f99cf86745e4f9d41b4f7de838ecf51eeb5eaa?s=96&d=mm&r=g","contentUrl":"https:\/\/secure.gravatar.com\/avatar\/d019f5050c26fda22d47330ce0f99cf86745e4f9d41b4f7de838ecf51eeb5eaa?s=96&d=mm&r=g","caption":"ser_integral"},"url":"https:\/\/fai.org.co\/serintegral\/author\/ser_integral\/"}]}},"jetpack_featured_media_url":"https:\/\/fai.org.co\/serintegral\/wp-content\/uploads\/2021\/10\/la-meningitis-en-bebes-y-ninos.jpg","_links":{"self":[{"href":"https:\/\/fai.org.co\/serintegral\/wp-json\/wp\/v2\/posts\/1639","targetHints":{"allow":["GET"]}}],"collection":[{"href":"https:\/\/fai.org.co\/serintegral\/wp-json\/wp\/v2\/posts"}],"about":[{"href":"https:\/\/fai.org.co\/serintegral\/wp-json\/wp\/v2\/types\/post"}],"author":[{"embeddable":true,"href":"https:\/\/fai.org.co\/serintegral\/wp-json\/wp\/v2\/users\/2"}],"replies":[{"embeddable":true,"href":"https:\/\/fai.org.co\/serintegral\/wp-json\/wp\/v2\/comments?post=1639"}],"version-history":[{"count":3,"href":"https:\/\/fai.org.co\/serintegral\/wp-json\/wp\/v2\/posts\/1639\/revisions"}],"predecessor-version":[{"id":2135,"href":"https:\/\/fai.org.co\/serintegral\/wp-json\/wp\/v2\/posts\/1639\/revisions\/2135"}],"wp:featuredmedia":[{"embeddable":true,"href":"https:\/\/fai.org.co\/serintegral\/wp-json\/wp\/v2\/media\/1640"}],"wp:attachment":[{"href":"https:\/\/fai.org.co\/serintegral\/wp-json\/wp\/v2\/media?parent=1639"}],"wp:term":[{"taxonomy":"category","embeddable":true,"href":"https:\/\/fai.org.co\/serintegral\/wp-json\/wp\/v2\/categories?post=1639"},{"taxonomy":"post_tag","embeddable":true,"href":"https:\/\/fai.org.co\/serintegral\/wp-json\/wp\/v2\/tags?post=1639"}],"curies":[{"name":"wp","href":"https:\/\/api.w.org\/{rel}","templated":true}]}}