{"id":1643,"date":"2021-10-15T08:00:57","date_gmt":"2021-10-15T13:00:57","guid":{"rendered":"https:\/\/fai.org.co\/serintegral\/?p=1643"},"modified":"2022-05-31T11:34:43","modified_gmt":"2022-05-31T16:34:43","slug":"cifras-y-realidades-de-la-meningitis-en-colombia","status":"publish","type":"post","link":"https:\/\/fai.org.co\/serintegral\/meningitis\/cifras-y-realidades-de-la-meningitis-en-colombia\/","title":{"rendered":"Cifras y realidades de la meningitis en Colombia"},"content":{"rendered":"<h2>Seg\u00fan las cifras del Instituto Nacional de Salud (INS), Colombia present\u00f3 en 2019, un aumento en los casos de meningitis bacteriana y enfermedad meningoc\u00f3cica del 5,54%, pasando de 1192 reportes en 2018 a 1258. En el acumulado de 2020, Colombia ya contaba con 273 casos de Meningitis bacteriana, es decir un 21,7% de lo reportado en 2019. Datos relevantes si se tiene en cuenta que esta enfermedad puede cobrar la vida de quien la sufre en solo 24 horas.<\/h2>\n<p>La meningitis es una enfermedad que puede ser causada por virus o infecciones bacterianas como <em>Neumococo, Meningococo o Haemophilus influenzae<\/em> y aproximadamente 1 de cada 10 personas tiene estas bacterias en la parte posterior de la nariz y la garganta sin estar enfermas, lo que las convierte en portadoras, lo cual hace que adquirir la enfermedad sea muy sencillo.<\/p>\n<p>De acuerdo con los <strong>Centros de Control y Prevenci\u00f3n de las enfermedades (CDC)<\/strong>, los bebes, adolescentes y adultos j\u00f3venes, tienen las tasas m\u00e1s altas de enfermedad meningoc\u00f3cica en los Estados Unidos. Por su parte, en <strong>Colombia, durante 2019, de los 359 casos reportados, los menores de 10 a\u00f1os representaron la mayor\u00eda de casos 30.3% (109) y los adolescentes y adultos j\u00f3venes entre 10 y 30 a\u00f1os constituyeron el 21,44% (77)<\/strong>, reflejando la importancia del cuidado en estas poblaciones.<\/p>\n<p>Sin embargo, aunque la meningitis afecta principalmente a ni\u00f1os menores de cinco a\u00f1os, adolescentes y adultos j\u00f3venes, tambi\u00e9n puede afectar a cualquier persona, en cualquier parte del mundo. No obstante, la mayor\u00eda de los casos ocurren en individuos sanos sin factores de riesgo. En particular, tambi\u00e9n se observa un n\u00famero relativamente grande de casos entre adultos mayores.<\/p>\n<h3><strong>\u00bfCu\u00e1les son los principales s\u00edntomas?<\/strong><\/h3>\n<p>Fiebre, dolor de cabeza y rigidez en el cuello, as\u00ed como n\u00e1useas, v\u00f3mitos, fotofobia (sensibilidad a la luz) y confusi\u00f3n, son algunos de los s\u00edntomas cl\u00e1sicos de la enfermedad. Sin embargo, esto no implica que siempre se presenten, por lo que diagnosticar a un paciente con meningitis puede dificultarse, teniendo en cuenta que los s\u00edntomas iniciales como fiebre, p\u00e9rdida de apetito e irritabilidad son muy similares a los que manifiesta un paciente con una infecci\u00f3n viral aguda. Tambi\u00e9n puede manifestarse como s\u00edntomas gastrointestinales inespec\u00edficos, como la diarrea.<\/p>\n<h4>Diagnosticar la meningitis requiere de una adecuada evaluaci\u00f3n cl\u00ednica del paciente, con la confirmaci\u00f3n mediante an\u00e1lisis de sangre o del l\u00edquido cefalorraqu\u00eddeo, que no solo permita la identificaci\u00f3n de la bacteria, sino que adem\u00e1s de la oportunidad de empezar el tratamiento oportuno de la enfermedad, pues debido a que su progresi\u00f3n es muy r\u00e1pida puede incluso causar la muerte de los infectados en solo 24 horas.<\/h4>\n<h3><strong>\u00bfC\u00f3mo protegerse?<\/strong><\/h3>\n<p>Acciones tan sencillas como toser o besarse, se consolidan como los principales canales de contagio de la enfermedad, por lo cual en el marco del D\u00eda Mundial de la Meningitis, Garc\u00e9s, apunta:<\/p>\n<blockquote><p>\u201cAunque su transmisi\u00f3n no es tan sencilla como en el caso de la Influenza, las gotas respiratorias, un estornudo, as\u00ed como el contacto directo con alguien infectado o portador de la bacteria puede transmitir la infecci\u00f3n, por lo que mantenerse al d\u00eda con las vacunas recomendadas, es la mejor defensa que puede tener cualquier paciente, independiente de su edad&#8221;.<\/p><\/blockquote>\n<p>De acuerdo con la <strong>Organizaci\u00f3n Mundial de la Salud no existe una vacuna universal que ayude a proteger contra la meningitis meningoc\u00f3cica<\/strong>; sin embargo, hasta la fecha, cinco de los serogrupos (ABCWY) son prevenibles con vacunas. Actualmente, las vacunas contra las enfermedades meningoc\u00f3cicas pueden ser cuadrivalentes para ofrecer protecci\u00f3n contra 4 serogrupos (ACWY) con una sola vacuna o vacunas monovalentes para proteger contra los serogrupos A, B o C.<\/p>\n<p>Garc\u00e9s recuerda que siempre es mejor prevenir, vacunarse contra la meningitis y evitar esta enfermedad que puede ser la causante de complicaciones importantes para salud. En Colombia, la vacuna para cuatro tipos del meningococo (ACYW) puede ser adquirida en todo el pa\u00eds en los diferentes centros de vacunaci\u00f3n de manera particular.<\/p>\n<hr \/>\n<p>Fuentes:<\/p>\n<ul>\n<li>https:\/\/www.ins.gov.co\/buscador-eventos\/Lineamientos\/Pro_Meningitis.pdf#search=meningitis<\/li>\n<li>https:\/\/www.cdc.gov\/meningitis\/index.html<\/li>\n<\/ul>\n<p><img loading=\"lazy\" decoding=\"async\" class=\" wp-image-2117 aligncenter\" src=\"https:\/\/fai.org.co\/serintegral\/wp-content\/uploads\/2021\/10\/Agregar-un-titulo-300x169.jpg\" alt=\"\" width=\"380\" height=\"214\" srcset=\"https:\/\/fai.org.co\/serintegral\/wp-content\/uploads\/2021\/10\/Agregar-un-titulo-300x169.jpg 300w, https:\/\/fai.org.co\/serintegral\/wp-content\/uploads\/2021\/10\/Agregar-un-titulo-1024x576.jpg 1024w, https:\/\/fai.org.co\/serintegral\/wp-content\/uploads\/2021\/10\/Agregar-un-titulo-768x432.jpg 768w, https:\/\/fai.org.co\/serintegral\/wp-content\/uploads\/2021\/10\/Agregar-un-titulo-1536x864.jpg 1536w, https:\/\/fai.org.co\/serintegral\/wp-content\/uploads\/2021\/10\/Agregar-un-titulo.jpg 1920w\" sizes=\"auto, (max-width: 380px) 100vw, 380px\" \/><\/p>\n","protected":false},"excerpt":{"rendered":"<p>Seg\u00fan las cifras del Instituto Nacional de Salud (INS), Colombia present\u00f3 en 2019, un aumento en los casos de meningitis bacteriana y enfermedad meningoc\u00f3cica del 5,54%, pasando de 1192 reportes en 2018 a 1258. En el acumulado de 2020, Colombia ya contaba con 273 casos de Meningitis bacteriana, es decir un 21,7% de lo reportado [&hellip;]<\/p>\n","protected":false},"author":2,"featured_media":1645,"comment_status":"open","ping_status":"open","sticky":false,"template":"","format":"standard","meta":{"_monsterinsights_skip_tracking":false,"_monsterinsights_sitenote_active":false,"_monsterinsights_sitenote_note":"","_monsterinsights_sitenote_category":0,"spay_email":"","footnotes":""},"categories":[19],"tags":[],"class_list":["post-1643","post","type-post","status-publish","format-standard","has-post-thumbnail","hentry","category-meningitis"],"aioseo_notices":[],"yoast_head":"<!-- This site is optimized with the Yoast SEO plugin v17.5 - https:\/\/yoast.com\/wordpress\/plugins\/seo\/ -->\n<title>Cifras y realidades de la meningitis en Colombia<\/title>\n<meta name=\"description\" content=\"Seg\u00fan las cifras del INS, Colombia present\u00f3 en 2019, aumento en los casos de meningitis bacteriana y enfermedad meningoc\u00f3cica del 5,54%\" \/>\n<meta name=\"robots\" content=\"index, follow, max-snippet:-1, max-image-preview:large, max-video-preview:-1\" \/>\n<link rel=\"canonical\" href=\"https:\/\/fai.org.co\/serintegral\/meningitis\/cifras-y-realidades-de-la-meningitis-en-colombia\/\" \/>\n<meta property=\"og:locale\" content=\"es_ES\" \/>\n<meta property=\"og:type\" content=\"article\" \/>\n<meta property=\"og:title\" content=\"Cifras y realidades de la meningitis en Colombia\" \/>\n<meta property=\"og:description\" content=\"Seg\u00fan las cifras del INS, Colombia present\u00f3 en 2019, aumento en los casos de meningitis bacteriana y enfermedad meningoc\u00f3cica del 5,54%\" \/>\n<meta property=\"og:url\" content=\"https:\/\/fai.org.co\/serintegral\/meningitis\/cifras-y-realidades-de-la-meningitis-en-colombia\/\" \/>\n<meta property=\"og:site_name\" content=\"Ser integral\" \/>\n<meta property=\"article:published_time\" content=\"2021-10-15T13:00:57+00:00\" \/>\n<meta property=\"article:modified_time\" content=\"2022-05-31T16:34:43+00:00\" \/>\n<meta property=\"og:image\" content=\"https:\/\/fai.org.co\/serintegral\/wp-content\/uploads\/2021\/10\/cifras-y-realidades-de-la-meningitis-en-colombia.jpg\" \/>\n\t<meta property=\"og:image:width\" content=\"539\" \/>\n\t<meta property=\"og:image:height\" content=\"369\" \/>\n<meta name=\"twitter:card\" content=\"summary_large_image\" \/>\n<meta name=\"twitter:label1\" content=\"Escrito por\" \/>\n\t<meta name=\"twitter:data1\" content=\"ser_integral\" \/>\n\t<meta name=\"twitter:label2\" content=\"Tiempo estimado de lectura\" \/>\n\t<meta name=\"twitter:data2\" content=\"4 minutos\" \/>\n<script type=\"application\/ld+json\" class=\"yoast-schema-graph\">{\"@context\":\"https:\/\/schema.org\",\"@graph\":[{\"@type\":\"WebSite\",\"@id\":\"https:\/\/fai.org.co\/serintegral\/#website\",\"url\":\"https:\/\/fai.org.co\/serintegral\/\",\"name\":\"Ser integral\",\"description\":\"\",\"potentialAction\":[{\"@type\":\"SearchAction\",\"target\":{\"@type\":\"EntryPoint\",\"urlTemplate\":\"https:\/\/fai.org.co\/serintegral\/?s={search_term_string}\"},\"query-input\":\"required name=search_term_string\"}],\"inLanguage\":\"es-CO\"},{\"@type\":\"ImageObject\",\"@id\":\"https:\/\/fai.org.co\/serintegral\/meningitis\/cifras-y-realidades-de-la-meningitis-en-colombia\/#primaryimage\",\"inLanguage\":\"es-CO\",\"url\":\"https:\/\/fai.org.co\/serintegral\/wp-content\/uploads\/2021\/10\/cifras-y-realidades-de-la-meningitis-en-colombia.jpg\",\"contentUrl\":\"https:\/\/fai.org.co\/serintegral\/wp-content\/uploads\/2021\/10\/cifras-y-realidades-de-la-meningitis-en-colombia.jpg\",\"width\":539,\"height\":369,\"caption\":\"meningitis\"},{\"@type\":\"WebPage\",\"@id\":\"https:\/\/fai.org.co\/serintegral\/meningitis\/cifras-y-realidades-de-la-meningitis-en-colombia\/#webpage\",\"url\":\"https:\/\/fai.org.co\/serintegral\/meningitis\/cifras-y-realidades-de-la-meningitis-en-colombia\/\",\"name\":\"Cifras y realidades de la meningitis en Colombia\",\"isPartOf\":{\"@id\":\"https:\/\/fai.org.co\/serintegral\/#website\"},\"primaryImageOfPage\":{\"@id\":\"https:\/\/fai.org.co\/serintegral\/meningitis\/cifras-y-realidades-de-la-meningitis-en-colombia\/#primaryimage\"},\"datePublished\":\"2021-10-15T13:00:57+00:00\",\"dateModified\":\"2022-05-31T16:34:43+00:00\",\"author\":{\"@id\":\"https:\/\/fai.org.co\/serintegral\/#\/schema\/person\/07947feccb7e085e4a0897f398e7e09c\"},\"description\":\"Seg\\u00fan las cifras del INS, Colombia present\\u00f3 en 2019, aumento en los casos de meningitis bacteriana y enfermedad meningoc\\u00f3cica del 5,54%\",\"breadcrumb\":{\"@id\":\"https:\/\/fai.org.co\/serintegral\/meningitis\/cifras-y-realidades-de-la-meningitis-en-colombia\/#breadcrumb\"},\"inLanguage\":\"es-CO\",\"potentialAction\":[{\"@type\":\"ReadAction\",\"target\":[\"https:\/\/fai.org.co\/serintegral\/meningitis\/cifras-y-realidades-de-la-meningitis-en-colombia\/\"]}]},{\"@type\":\"BreadcrumbList\",\"@id\":\"https:\/\/fai.org.co\/serintegral\/meningitis\/cifras-y-realidades-de-la-meningitis-en-colombia\/#breadcrumb\",\"itemListElement\":[{\"@type\":\"ListItem\",\"position\":1,\"name\":\"Inicio\",\"item\":\"https:\/\/fai.org.co\/serintegral\/\"},{\"@type\":\"ListItem\",\"position\":2,\"name\":\"Cifras y realidades de la meningitis en Colombia\"}]},{\"@type\":\"Person\",\"@id\":\"https:\/\/fai.org.co\/serintegral\/#\/schema\/person\/07947feccb7e085e4a0897f398e7e09c\",\"name\":\"ser_integral\",\"image\":{\"@type\":\"ImageObject\",\"@id\":\"https:\/\/fai.org.co\/serintegral\/#personlogo\",\"inLanguage\":\"es-CO\",\"url\":\"https:\/\/secure.gravatar.com\/avatar\/d019f5050c26fda22d47330ce0f99cf86745e4f9d41b4f7de838ecf51eeb5eaa?s=96&d=mm&r=g\",\"contentUrl\":\"https:\/\/secure.gravatar.com\/avatar\/d019f5050c26fda22d47330ce0f99cf86745e4f9d41b4f7de838ecf51eeb5eaa?s=96&d=mm&r=g\",\"caption\":\"ser_integral\"},\"url\":\"https:\/\/fai.org.co\/serintegral\/author\/ser_integral\/\"}]}<\/script>\n<!-- \/ Yoast SEO plugin. -->","yoast_head_json":{"title":"Cifras y realidades de la meningitis en Colombia","description":"Seg\u00fan las cifras del INS, Colombia present\u00f3 en 2019, aumento en los casos de meningitis bacteriana y enfermedad meningoc\u00f3cica del 5,54%","robots":{"index":"index","follow":"follow","max-snippet":"max-snippet:-1","max-image-preview":"max-image-preview:large","max-video-preview":"max-video-preview:-1"},"canonical":"https:\/\/fai.org.co\/serintegral\/meningitis\/cifras-y-realidades-de-la-meningitis-en-colombia\/","og_locale":"es_ES","og_type":"article","og_title":"Cifras y realidades de la meningitis en Colombia","og_description":"Seg\u00fan las cifras del INS, Colombia present\u00f3 en 2019, aumento en los casos de meningitis bacteriana y enfermedad meningoc\u00f3cica del 5,54%","og_url":"https:\/\/fai.org.co\/serintegral\/meningitis\/cifras-y-realidades-de-la-meningitis-en-colombia\/","og_site_name":"Ser integral","article_published_time":"2021-10-15T13:00:57+00:00","article_modified_time":"2022-05-31T16:34:43+00:00","og_image":[{"width":539,"height":369,"url":"https:\/\/fai.org.co\/serintegral\/wp-content\/uploads\/2021\/10\/cifras-y-realidades-de-la-meningitis-en-colombia.jpg","type":"image\/jpeg"}],"twitter_card":"summary_large_image","twitter_misc":{"Escrito por":"ser_integral","Tiempo estimado de lectura":"4 minutos"},"schema":{"@context":"https:\/\/schema.org","@graph":[{"@type":"WebSite","@id":"https:\/\/fai.org.co\/serintegral\/#website","url":"https:\/\/fai.org.co\/serintegral\/","name":"Ser integral","description":"","potentialAction":[{"@type":"SearchAction","target":{"@type":"EntryPoint","urlTemplate":"https:\/\/fai.org.co\/serintegral\/?s={search_term_string}"},"query-input":"required name=search_term_string"}],"inLanguage":"es-CO"},{"@type":"ImageObject","@id":"https:\/\/fai.org.co\/serintegral\/meningitis\/cifras-y-realidades-de-la-meningitis-en-colombia\/#primaryimage","inLanguage":"es-CO","url":"https:\/\/fai.org.co\/serintegral\/wp-content\/uploads\/2021\/10\/cifras-y-realidades-de-la-meningitis-en-colombia.jpg","contentUrl":"https:\/\/fai.org.co\/serintegral\/wp-content\/uploads\/2021\/10\/cifras-y-realidades-de-la-meningitis-en-colombia.jpg","width":539,"height":369,"caption":"meningitis"},{"@type":"WebPage","@id":"https:\/\/fai.org.co\/serintegral\/meningitis\/cifras-y-realidades-de-la-meningitis-en-colombia\/#webpage","url":"https:\/\/fai.org.co\/serintegral\/meningitis\/cifras-y-realidades-de-la-meningitis-en-colombia\/","name":"Cifras y realidades de la meningitis en Colombia","isPartOf":{"@id":"https:\/\/fai.org.co\/serintegral\/#website"},"primaryImageOfPage":{"@id":"https:\/\/fai.org.co\/serintegral\/meningitis\/cifras-y-realidades-de-la-meningitis-en-colombia\/#primaryimage"},"datePublished":"2021-10-15T13:00:57+00:00","dateModified":"2022-05-31T16:34:43+00:00","author":{"@id":"https:\/\/fai.org.co\/serintegral\/#\/schema\/person\/07947feccb7e085e4a0897f398e7e09c"},"description":"Seg\u00fan las cifras del INS, Colombia present\u00f3 en 2019, aumento en los casos de meningitis bacteriana y enfermedad meningoc\u00f3cica del 5,54%","breadcrumb":{"@id":"https:\/\/fai.org.co\/serintegral\/meningitis\/cifras-y-realidades-de-la-meningitis-en-colombia\/#breadcrumb"},"inLanguage":"es-CO","potentialAction":[{"@type":"ReadAction","target":["https:\/\/fai.org.co\/serintegral\/meningitis\/cifras-y-realidades-de-la-meningitis-en-colombia\/"]}]},{"@type":"BreadcrumbList","@id":"https:\/\/fai.org.co\/serintegral\/meningitis\/cifras-y-realidades-de-la-meningitis-en-colombia\/#breadcrumb","itemListElement":[{"@type":"ListItem","position":1,"name":"Inicio","item":"https:\/\/fai.org.co\/serintegral\/"},{"@type":"ListItem","position":2,"name":"Cifras y realidades de la meningitis en Colombia"}]},{"@type":"Person","@id":"https:\/\/fai.org.co\/serintegral\/#\/schema\/person\/07947feccb7e085e4a0897f398e7e09c","name":"ser_integral","image":{"@type":"ImageObject","@id":"https:\/\/fai.org.co\/serintegral\/#personlogo","inLanguage":"es-CO","url":"https:\/\/secure.gravatar.com\/avatar\/d019f5050c26fda22d47330ce0f99cf86745e4f9d41b4f7de838ecf51eeb5eaa?s=96&d=mm&r=g","contentUrl":"https:\/\/secure.gravatar.com\/avatar\/d019f5050c26fda22d47330ce0f99cf86745e4f9d41b4f7de838ecf51eeb5eaa?s=96&d=mm&r=g","caption":"ser_integral"},"url":"https:\/\/fai.org.co\/serintegral\/author\/ser_integral\/"}]}},"jetpack_featured_media_url":"https:\/\/fai.org.co\/serintegral\/wp-content\/uploads\/2021\/10\/cifras-y-realidades-de-la-meningitis-en-colombia.jpg","_links":{"self":[{"href":"https:\/\/fai.org.co\/serintegral\/wp-json\/wp\/v2\/posts\/1643","targetHints":{"allow":["GET"]}}],"collection":[{"href":"https:\/\/fai.org.co\/serintegral\/wp-json\/wp\/v2\/posts"}],"about":[{"href":"https:\/\/fai.org.co\/serintegral\/wp-json\/wp\/v2\/types\/post"}],"author":[{"embeddable":true,"href":"https:\/\/fai.org.co\/serintegral\/wp-json\/wp\/v2\/users\/2"}],"replies":[{"embeddable":true,"href":"https:\/\/fai.org.co\/serintegral\/wp-json\/wp\/v2\/comments?post=1643"}],"version-history":[{"count":3,"href":"https:\/\/fai.org.co\/serintegral\/wp-json\/wp\/v2\/posts\/1643\/revisions"}],"predecessor-version":[{"id":2138,"href":"https:\/\/fai.org.co\/serintegral\/wp-json\/wp\/v2\/posts\/1643\/revisions\/2138"}],"wp:featuredmedia":[{"embeddable":true,"href":"https:\/\/fai.org.co\/serintegral\/wp-json\/wp\/v2\/media\/1645"}],"wp:attachment":[{"href":"https:\/\/fai.org.co\/serintegral\/wp-json\/wp\/v2\/media?parent=1643"}],"wp:term":[{"taxonomy":"category","embeddable":true,"href":"https:\/\/fai.org.co\/serintegral\/wp-json\/wp\/v2\/categories?post=1643"},{"taxonomy":"post_tag","embeddable":true,"href":"https:\/\/fai.org.co\/serintegral\/wp-json\/wp\/v2\/tags?post=1643"}],"curies":[{"name":"wp","href":"https:\/\/api.w.org\/{rel}","templated":true}]}}