{"id":1648,"date":"2021-10-15T20:30:36","date_gmt":"2021-10-16T01:30:36","guid":{"rendered":"https:\/\/fai.org.co\/serintegral\/?p=1648"},"modified":"2022-05-31T11:28:32","modified_gmt":"2022-05-31T16:28:32","slug":"meningitis-en-personas-mayores-de-edad","status":"publish","type":"post","link":"https:\/\/fai.org.co\/serintegral\/meningitis\/meningitis-en-personas-mayores-de-edad\/","title":{"rendered":"Meningitis en personas mayores de edad"},"content":{"rendered":"<h2>La meningitis bacteriana es una enfermedad que puede darse a cualquier edad. Si se detecta a tiempo, la mayor\u00eda de las personas se recupera, pero si no es as\u00ed, puede generar importantes problemas como da\u00f1os cerebrales o discapacidades.<\/h2>\n<p>En el caso de las personas mayores de edad, las bacterias que pueden desencadenarla son principalmente <em>Streptococcus pneumoniae, Neisseria meningitidis, Haemophilus influenzae tipo b (Hib), estreptococo del grupo B y Listeria monocytogene<\/em>.<\/p>\n<h3><strong>C\u00f3mo se produce<\/strong><\/h3>\n<p>Cuando alguna de estas bacterias ingresa en el organismo originan una infecci\u00f3n de las v\u00edas respiratorias altas que viajando por el torrente sangu\u00edneo llegan al cerebro. En otras ocasiones la infecci\u00f3n se produce directamente en las <strong>meninges (las membranas que recubren el cerebro y la m\u00e9dula espinal)<\/strong> bloqueando los vasos sangu\u00edneos cerebrales, desencadenando un accidente cerebrovascular y da\u00f1os en el cerebro permanentes.<\/p>\n<h4>La forma de contraer esta enfermedad puede deberse al contagio de persona a persona, por el intercambio de secreciones respiratorias y de la garganta, si hay un contacto directo o prolongado. Hay que saber que no se produce, por tanto, por un contacto casual o por respirar el aire donde se halla una persona con la bacteria. Luego hay otros factores que pueden provocarlo como tener el sistema inmune debilitado o un traumatismo en la cabeza.<\/h4>\n<h3><strong>S\u00edntomas en personas mayores de edad<\/strong><\/h3>\n<p>Los s\u00edntomas que se experimentan son rigidez del cuello, dolor de cabeza y aparici\u00f3n de fiebre de forma repentina. Adicionalmente pueden aparecer n\u00e1useas, v\u00f3mitos, una mayor sensibilidad a la luz o mostrar confusi\u00f3n. Sin embargo, en general, en las personas mayores las manifestaciones suelen diferir, y no se dan tanto los signos concretos de la meningitis como la rigidez del cuello, sino otros m\u00e1s inespec\u00edficos como alteraciones del estado mental o convulsiones. Esto a veces provoca que en un primer momento no se identifique la enfermedad.<\/p>\n<p>En el caso de las personas mayores la bacteria<em> S. pneumoniae<\/em> suele ser la principal causa de que se desarrolle la enfermedad, en torno al 25% y 50% de los casos, seguida de la <em>Listeria monocytogene<\/em>, que suele aparecer entre el 4% y el 10%.<\/p>\n<p>En el momento que se realice el diagn\u00f3stico, el tratamiento que se administra se basa en antibi\u00f3ticos y ha de comenzarse de la forma m\u00e1s inmediata posible. <strong>Si se trata a tiempo la enfermedad no causa mayores complicaciones.<\/strong><\/p>\n<hr \/>\n<p>Fuente:<\/p>\n<ul>\n<li>https:\/\/www.seniorsuites.cl\/temas-de-interes\/meningitis-suele-ser-mortal-en-la-tercera-edad\/<\/li>\n<\/ul>\n<p><img loading=\"lazy\" decoding=\"async\" class=\" wp-image-2117 aligncenter\" src=\"https:\/\/fai.org.co\/serintegral\/wp-content\/uploads\/2021\/10\/Agregar-un-titulo-300x169.jpg\" alt=\"\" width=\"382\" height=\"215\" srcset=\"https:\/\/fai.org.co\/serintegral\/wp-content\/uploads\/2021\/10\/Agregar-un-titulo-300x169.jpg 300w, https:\/\/fai.org.co\/serintegral\/wp-content\/uploads\/2021\/10\/Agregar-un-titulo-1024x576.jpg 1024w, https:\/\/fai.org.co\/serintegral\/wp-content\/uploads\/2021\/10\/Agregar-un-titulo-768x432.jpg 768w, https:\/\/fai.org.co\/serintegral\/wp-content\/uploads\/2021\/10\/Agregar-un-titulo-1536x864.jpg 1536w, https:\/\/fai.org.co\/serintegral\/wp-content\/uploads\/2021\/10\/Agregar-un-titulo.jpg 1920w\" sizes=\"auto, (max-width: 382px) 100vw, 382px\" \/><\/p>\n","protected":false},"excerpt":{"rendered":"<p>La meningitis bacteriana es una enfermedad que puede darse a cualquier edad. Si se detecta a tiempo, la mayor\u00eda de las personas se recupera, pero si no es as\u00ed, puede generar importantes problemas como da\u00f1os cerebrales o discapacidades. En el caso de las personas mayores de edad, las bacterias que pueden desencadenarla son principalmente Streptococcus [&hellip;]<\/p>\n","protected":false},"author":2,"featured_media":1715,"comment_status":"open","ping_status":"open","sticky":false,"template":"","format":"standard","meta":{"_monsterinsights_skip_tracking":false,"_monsterinsights_sitenote_active":false,"_monsterinsights_sitenote_note":"","_monsterinsights_sitenote_category":0,"spay_email":"","footnotes":""},"categories":[19],"tags":[],"class_list":["post-1648","post","type-post","status-publish","format-standard","has-post-thumbnail","hentry","category-meningitis"],"aioseo_notices":[],"yoast_head":"<!-- This site is optimized with the Yoast SEO plugin v17.5 - https:\/\/yoast.com\/wordpress\/plugins\/seo\/ -->\n<title>Meningitis en personas mayores de edad<\/title>\n<meta name=\"description\" content=\"La meningitis bacteriana es una enfermedad que puede darse a cualquier edad. Si se detecta a tiempo, la mayor\u00eda de las personas se recupera.\" \/>\n<meta name=\"robots\" content=\"index, follow, max-snippet:-1, max-image-preview:large, max-video-preview:-1\" \/>\n<link rel=\"canonical\" href=\"https:\/\/fai.org.co\/serintegral\/meningitis\/meningitis-en-personas-mayores-de-edad\/\" \/>\n<meta property=\"og:locale\" content=\"es_ES\" \/>\n<meta property=\"og:type\" content=\"article\" \/>\n<meta property=\"og:title\" content=\"Meningitis en personas mayores de edad\" \/>\n<meta property=\"og:description\" content=\"La meningitis bacteriana es una enfermedad que puede darse a cualquier edad. Si se detecta a tiempo, la mayor\u00eda de las personas se recupera.\" \/>\n<meta property=\"og:url\" content=\"https:\/\/fai.org.co\/serintegral\/meningitis\/meningitis-en-personas-mayores-de-edad\/\" \/>\n<meta property=\"og:site_name\" content=\"Ser integral\" \/>\n<meta property=\"article:published_time\" content=\"2021-10-16T01:30:36+00:00\" \/>\n<meta property=\"article:modified_time\" content=\"2022-05-31T16:28:32+00:00\" \/>\n<meta property=\"og:image\" content=\"https:\/\/fai.org.co\/serintegral\/wp-content\/uploads\/2021\/10\/meningitis-en-personas-mayores-de-edad.jpg\" \/>\n\t<meta property=\"og:image:width\" content=\"539\" \/>\n\t<meta property=\"og:image:height\" content=\"369\" \/>\n<meta name=\"twitter:card\" content=\"summary_large_image\" \/>\n<meta name=\"twitter:label1\" content=\"Escrito por\" \/>\n\t<meta name=\"twitter:data1\" content=\"ser_integral\" \/>\n\t<meta name=\"twitter:label2\" content=\"Tiempo estimado de lectura\" \/>\n\t<meta name=\"twitter:data2\" content=\"2 minutos\" \/>\n<script type=\"application\/ld+json\" class=\"yoast-schema-graph\">{\"@context\":\"https:\/\/schema.org\",\"@graph\":[{\"@type\":\"WebSite\",\"@id\":\"https:\/\/fai.org.co\/serintegral\/#website\",\"url\":\"https:\/\/fai.org.co\/serintegral\/\",\"name\":\"Ser integral\",\"description\":\"\",\"potentialAction\":[{\"@type\":\"SearchAction\",\"target\":{\"@type\":\"EntryPoint\",\"urlTemplate\":\"https:\/\/fai.org.co\/serintegral\/?s={search_term_string}\"},\"query-input\":\"required name=search_term_string\"}],\"inLanguage\":\"es-CO\"},{\"@type\":\"ImageObject\",\"@id\":\"https:\/\/fai.org.co\/serintegral\/meningitis\/meningitis-en-personas-mayores-de-edad\/#primaryimage\",\"inLanguage\":\"es-CO\",\"url\":\"https:\/\/fai.org.co\/serintegral\/wp-content\/uploads\/2021\/10\/meningitis-en-personas-mayores-de-edad.jpg\",\"contentUrl\":\"https:\/\/fai.org.co\/serintegral\/wp-content\/uploads\/2021\/10\/meningitis-en-personas-mayores-de-edad.jpg\",\"width\":539,\"height\":369,\"caption\":\"meningitis\"},{\"@type\":\"WebPage\",\"@id\":\"https:\/\/fai.org.co\/serintegral\/meningitis\/meningitis-en-personas-mayores-de-edad\/#webpage\",\"url\":\"https:\/\/fai.org.co\/serintegral\/meningitis\/meningitis-en-personas-mayores-de-edad\/\",\"name\":\"Meningitis en personas mayores de edad\",\"isPartOf\":{\"@id\":\"https:\/\/fai.org.co\/serintegral\/#website\"},\"primaryImageOfPage\":{\"@id\":\"https:\/\/fai.org.co\/serintegral\/meningitis\/meningitis-en-personas-mayores-de-edad\/#primaryimage\"},\"datePublished\":\"2021-10-16T01:30:36+00:00\",\"dateModified\":\"2022-05-31T16:28:32+00:00\",\"author\":{\"@id\":\"https:\/\/fai.org.co\/serintegral\/#\/schema\/person\/07947feccb7e085e4a0897f398e7e09c\"},\"description\":\"La meningitis bacteriana es una enfermedad que puede darse a cualquier edad. Si se detecta a tiempo, la mayor\\u00eda de las personas se recupera.\",\"breadcrumb\":{\"@id\":\"https:\/\/fai.org.co\/serintegral\/meningitis\/meningitis-en-personas-mayores-de-edad\/#breadcrumb\"},\"inLanguage\":\"es-CO\",\"potentialAction\":[{\"@type\":\"ReadAction\",\"target\":[\"https:\/\/fai.org.co\/serintegral\/meningitis\/meningitis-en-personas-mayores-de-edad\/\"]}]},{\"@type\":\"BreadcrumbList\",\"@id\":\"https:\/\/fai.org.co\/serintegral\/meningitis\/meningitis-en-personas-mayores-de-edad\/#breadcrumb\",\"itemListElement\":[{\"@type\":\"ListItem\",\"position\":1,\"name\":\"Inicio\",\"item\":\"https:\/\/fai.org.co\/serintegral\/\"},{\"@type\":\"ListItem\",\"position\":2,\"name\":\"Meningitis en personas mayores de edad\"}]},{\"@type\":\"Person\",\"@id\":\"https:\/\/fai.org.co\/serintegral\/#\/schema\/person\/07947feccb7e085e4a0897f398e7e09c\",\"name\":\"ser_integral\",\"image\":{\"@type\":\"ImageObject\",\"@id\":\"https:\/\/fai.org.co\/serintegral\/#personlogo\",\"inLanguage\":\"es-CO\",\"url\":\"https:\/\/secure.gravatar.com\/avatar\/d019f5050c26fda22d47330ce0f99cf86745e4f9d41b4f7de838ecf51eeb5eaa?s=96&d=mm&r=g\",\"contentUrl\":\"https:\/\/secure.gravatar.com\/avatar\/d019f5050c26fda22d47330ce0f99cf86745e4f9d41b4f7de838ecf51eeb5eaa?s=96&d=mm&r=g\",\"caption\":\"ser_integral\"},\"url\":\"https:\/\/fai.org.co\/serintegral\/author\/ser_integral\/\"}]}<\/script>\n<!-- \/ Yoast SEO plugin. -->","yoast_head_json":{"title":"Meningitis en personas mayores de edad","description":"La meningitis bacteriana es una enfermedad que puede darse a cualquier edad. Si se detecta a tiempo, la mayor\u00eda de las personas se recupera.","robots":{"index":"index","follow":"follow","max-snippet":"max-snippet:-1","max-image-preview":"max-image-preview:large","max-video-preview":"max-video-preview:-1"},"canonical":"https:\/\/fai.org.co\/serintegral\/meningitis\/meningitis-en-personas-mayores-de-edad\/","og_locale":"es_ES","og_type":"article","og_title":"Meningitis en personas mayores de edad","og_description":"La meningitis bacteriana es una enfermedad que puede darse a cualquier edad. Si se detecta a tiempo, la mayor\u00eda de las personas se recupera.","og_url":"https:\/\/fai.org.co\/serintegral\/meningitis\/meningitis-en-personas-mayores-de-edad\/","og_site_name":"Ser integral","article_published_time":"2021-10-16T01:30:36+00:00","article_modified_time":"2022-05-31T16:28:32+00:00","og_image":[{"width":539,"height":369,"url":"https:\/\/fai.org.co\/serintegral\/wp-content\/uploads\/2021\/10\/meningitis-en-personas-mayores-de-edad.jpg","type":"image\/jpeg"}],"twitter_card":"summary_large_image","twitter_misc":{"Escrito por":"ser_integral","Tiempo estimado de lectura":"2 minutos"},"schema":{"@context":"https:\/\/schema.org","@graph":[{"@type":"WebSite","@id":"https:\/\/fai.org.co\/serintegral\/#website","url":"https:\/\/fai.org.co\/serintegral\/","name":"Ser integral","description":"","potentialAction":[{"@type":"SearchAction","target":{"@type":"EntryPoint","urlTemplate":"https:\/\/fai.org.co\/serintegral\/?s={search_term_string}"},"query-input":"required name=search_term_string"}],"inLanguage":"es-CO"},{"@type":"ImageObject","@id":"https:\/\/fai.org.co\/serintegral\/meningitis\/meningitis-en-personas-mayores-de-edad\/#primaryimage","inLanguage":"es-CO","url":"https:\/\/fai.org.co\/serintegral\/wp-content\/uploads\/2021\/10\/meningitis-en-personas-mayores-de-edad.jpg","contentUrl":"https:\/\/fai.org.co\/serintegral\/wp-content\/uploads\/2021\/10\/meningitis-en-personas-mayores-de-edad.jpg","width":539,"height":369,"caption":"meningitis"},{"@type":"WebPage","@id":"https:\/\/fai.org.co\/serintegral\/meningitis\/meningitis-en-personas-mayores-de-edad\/#webpage","url":"https:\/\/fai.org.co\/serintegral\/meningitis\/meningitis-en-personas-mayores-de-edad\/","name":"Meningitis en personas mayores de edad","isPartOf":{"@id":"https:\/\/fai.org.co\/serintegral\/#website"},"primaryImageOfPage":{"@id":"https:\/\/fai.org.co\/serintegral\/meningitis\/meningitis-en-personas-mayores-de-edad\/#primaryimage"},"datePublished":"2021-10-16T01:30:36+00:00","dateModified":"2022-05-31T16:28:32+00:00","author":{"@id":"https:\/\/fai.org.co\/serintegral\/#\/schema\/person\/07947feccb7e085e4a0897f398e7e09c"},"description":"La meningitis bacteriana es una enfermedad que puede darse a cualquier edad. Si se detecta a tiempo, la mayor\u00eda de las personas se recupera.","breadcrumb":{"@id":"https:\/\/fai.org.co\/serintegral\/meningitis\/meningitis-en-personas-mayores-de-edad\/#breadcrumb"},"inLanguage":"es-CO","potentialAction":[{"@type":"ReadAction","target":["https:\/\/fai.org.co\/serintegral\/meningitis\/meningitis-en-personas-mayores-de-edad\/"]}]},{"@type":"BreadcrumbList","@id":"https:\/\/fai.org.co\/serintegral\/meningitis\/meningitis-en-personas-mayores-de-edad\/#breadcrumb","itemListElement":[{"@type":"ListItem","position":1,"name":"Inicio","item":"https:\/\/fai.org.co\/serintegral\/"},{"@type":"ListItem","position":2,"name":"Meningitis en personas mayores de edad"}]},{"@type":"Person","@id":"https:\/\/fai.org.co\/serintegral\/#\/schema\/person\/07947feccb7e085e4a0897f398e7e09c","name":"ser_integral","image":{"@type":"ImageObject","@id":"https:\/\/fai.org.co\/serintegral\/#personlogo","inLanguage":"es-CO","url":"https:\/\/secure.gravatar.com\/avatar\/d019f5050c26fda22d47330ce0f99cf86745e4f9d41b4f7de838ecf51eeb5eaa?s=96&d=mm&r=g","contentUrl":"https:\/\/secure.gravatar.com\/avatar\/d019f5050c26fda22d47330ce0f99cf86745e4f9d41b4f7de838ecf51eeb5eaa?s=96&d=mm&r=g","caption":"ser_integral"},"url":"https:\/\/fai.org.co\/serintegral\/author\/ser_integral\/"}]}},"jetpack_featured_media_url":"https:\/\/fai.org.co\/serintegral\/wp-content\/uploads\/2021\/10\/meningitis-en-personas-mayores-de-edad.jpg","_links":{"self":[{"href":"https:\/\/fai.org.co\/serintegral\/wp-json\/wp\/v2\/posts\/1648","targetHints":{"allow":["GET"]}}],"collection":[{"href":"https:\/\/fai.org.co\/serintegral\/wp-json\/wp\/v2\/posts"}],"about":[{"href":"https:\/\/fai.org.co\/serintegral\/wp-json\/wp\/v2\/types\/post"}],"author":[{"embeddable":true,"href":"https:\/\/fai.org.co\/serintegral\/wp-json\/wp\/v2\/users\/2"}],"replies":[{"embeddable":true,"href":"https:\/\/fai.org.co\/serintegral\/wp-json\/wp\/v2\/comments?post=1648"}],"version-history":[{"count":4,"href":"https:\/\/fai.org.co\/serintegral\/wp-json\/wp\/v2\/posts\/1648\/revisions"}],"predecessor-version":[{"id":2134,"href":"https:\/\/fai.org.co\/serintegral\/wp-json\/wp\/v2\/posts\/1648\/revisions\/2134"}],"wp:featuredmedia":[{"embeddable":true,"href":"https:\/\/fai.org.co\/serintegral\/wp-json\/wp\/v2\/media\/1715"}],"wp:attachment":[{"href":"https:\/\/fai.org.co\/serintegral\/wp-json\/wp\/v2\/media?parent=1648"}],"wp:term":[{"taxonomy":"category","embeddable":true,"href":"https:\/\/fai.org.co\/serintegral\/wp-json\/wp\/v2\/categories?post=1648"},{"taxonomy":"post_tag","embeddable":true,"href":"https:\/\/fai.org.co\/serintegral\/wp-json\/wp\/v2\/tags?post=1648"}],"curies":[{"name":"wp","href":"https:\/\/api.w.org\/{rel}","templated":true}]}}