{"id":1650,"date":"2021-10-15T08:30:06","date_gmt":"2021-10-15T13:30:06","guid":{"rendered":"https:\/\/fai.org.co\/serintegral\/?p=1650"},"modified":"2022-05-31T11:32:14","modified_gmt":"2022-05-31T16:32:14","slug":"como-prevenir-la-meningitis","status":"publish","type":"post","link":"https:\/\/fai.org.co\/serintegral\/meningitis\/como-prevenir-la-meningitis\/","title":{"rendered":"C\u00f3mo prevenir la meningitis"},"content":{"rendered":"<h2>La meningitis puede ser grave, pero si se detecta pronto, se puede resolver de forma satisfactoria. Es muy importante que los ni\u00f1os y ni\u00f1as reci\u00e9n nacidos reciban las vacunaciones sistem\u00e1ticas, y que los padres est\u00e9n atentos los s\u00edntomas de esta enfermedad, con el fin de solicitar atenci\u00f3n m\u00e9dica inmediata, si se sospecha que han adquirido la enfermedad.<\/h2>\n<p>La meningitis se contagia con facilidad entre personas que conviven en espacios cerrados y reducidos. Por ello, tiende a afectar a ni\u00f1os y adolescentes que duermen en internados o colegios mayores.<\/p>\n<p>Si su hijo o hija entra en contacto con una persona que sufre una meningitis bacteriana, es importante contactar de forma inmediata al pediatra, porque es posible que sea necesario recomendar un medicamento de tipo preventivo para evitar el contagio.<\/p>\n<h3><strong>Diagn\u00f3stico y tratamiento<\/strong><\/h3>\n<p>Si el pediatra sospecha que un ni\u00f1o podr\u00eda sufrir una meningitis, se realizar\u00e1 una punci\u00f3n lumbar. Esta prueba sirve para identificar cualquier signo de inflamaci\u00f3n en el l\u00edquido cefalorraqu\u00eddeo del paciente y permitir\u00e1 identificar si la infecci\u00f3n ha sido provocada por un virus o una bacteria.<\/p>\n<p>Cuando el pediatra diagnostique una meningitis bacteriana o sospeche de esta enfermedad, iniciar\u00e1 la administraci\u00f3n de antibi\u00f3ticos por v\u00eda intravenosa lo antes posible.<\/p>\n<p>En cambio, una meningitis v\u00edrica no precisa tratamiento antibi\u00f3tico y se resuelve de manera espont\u00e1nea. En este caso, el tratamiento est\u00e1 orientado a aliviar los s\u00edntomas, incluyendo reposo, ingesta de l\u00edquidos y analg\u00e9sicos. Aunque se puede hospitalizar a un ni\u00f1o que sufre una meningitis v\u00edrica, ni\u00f1os con formas leves de esta enfermedad se pueden recuperar en su propio domicilio.<\/p>\n<h3><strong>Posibles complicaciones<\/strong><\/h3>\n<p>Las complicaciones de la meningitis bacteriana pueden requerir tratamientos adicionales. Estas complicaciones pueden ser graves e incluir problemas neurol\u00f3gicos, como una p\u00e9rdida auditiva (o hipoacusia). De todos modos, la mayor\u00eda de los pacientes que reciben un diagn\u00f3stico y un tratamiento r\u00e1pidos se recuperan completamente.<\/p>\n<p>Las meningitis v\u00edricas, tienen un pron\u00f3stico excelente y las secuelas son excepcionales.<\/p>\n<h3><strong>Prevenci\u00f3n de la meningitis<\/strong><\/h3>\n<p>La meningitis es una enfermedad contagiosa y, por tanto, las vacunaciones sistem\u00e1ticas son la mejor forma de prevenirla, concretamente las meningitis de etiolog\u00eda bacteriana. El pediatra de tu hijo te informar\u00e1 sobre todas las vacunas que ayudan a prevenir esta enfermedad, que incluyen la vacunaci\u00f3n frente al Haemophilus influenzae tipo b (vacuna hexavalente), el meningococo (vacuna frente los serotipos B, C y ACWY -tetravalent-), y el neumococo (vacuna antineumoc\u00f3cica 13-valente).<\/p>\n<h4>La mayor\u00eda de los casos de meningitis se propagan a trav\u00e9s de las diminutas gotas de l\u00edquido procedentes de la garganta y de la nariz de una persona infectada. El hecho de compartir comida, utensilios u otros objetos es otra forma de transmitir la infecci\u00f3n. Algunas veces la meningitis tambi\u00e9n se puede propagar a trav\u00e9s de las heces.<\/h4>\n<p>Muchas de las bacterias y los virus que pueden desencadenar una meningitis son bastante frecuentes en nuestro entorno habitual. Por lo tanto, unos buenos h\u00e1bitos higi\u00e9nicos son fundamentales para prevenir esta enfermedad: lavarse las manos a conciencia y con frecuencia, evitar el contacto directo con personas claramente enfermas y no compartir comida, bebida ni objetos con otras personas.<\/p>\n<hr \/>\n<p>Fuentes:<\/p>\n<ul>\n<li><a href=\"https:\/\/www.healthychildren.org\/Spanish\/health-issues\/conditions\/head-neck-nervous-system\/Paginas\/Meningitis.aspx\" target=\"_blank\" rel=\"noopener\">https:\/\/www.mayoclinic.org\/es-es\/diseases-conditions\/meningitis\/symptoms-causes\/syc-20350508<\/a><\/li>\n<\/ul>\n<p><img loading=\"lazy\" decoding=\"async\" class=\" wp-image-2117 aligncenter\" src=\"https:\/\/fai.org.co\/serintegral\/wp-content\/uploads\/2021\/10\/Agregar-un-titulo-300x169.jpg\" alt=\"\" width=\"380\" height=\"214\" srcset=\"https:\/\/fai.org.co\/serintegral\/wp-content\/uploads\/2021\/10\/Agregar-un-titulo-300x169.jpg 300w, https:\/\/fai.org.co\/serintegral\/wp-content\/uploads\/2021\/10\/Agregar-un-titulo-1024x576.jpg 1024w, https:\/\/fai.org.co\/serintegral\/wp-content\/uploads\/2021\/10\/Agregar-un-titulo-768x432.jpg 768w, https:\/\/fai.org.co\/serintegral\/wp-content\/uploads\/2021\/10\/Agregar-un-titulo-1536x864.jpg 1536w, https:\/\/fai.org.co\/serintegral\/wp-content\/uploads\/2021\/10\/Agregar-un-titulo.jpg 1920w\" sizes=\"auto, (max-width: 380px) 100vw, 380px\" \/><\/p>\n","protected":false},"excerpt":{"rendered":"<p>La meningitis puede ser grave, pero si se detecta pronto, se puede resolver de forma satisfactoria. Es muy importante que los ni\u00f1os y ni\u00f1as reci\u00e9n nacidos reciban las vacunaciones sistem\u00e1ticas, y que los padres est\u00e9n atentos los s\u00edntomas de esta enfermedad, con el fin de solicitar atenci\u00f3n m\u00e9dica inmediata, si se sospecha que han adquirido [&hellip;]<\/p>\n","protected":false},"author":2,"featured_media":1661,"comment_status":"open","ping_status":"open","sticky":false,"template":"","format":"standard","meta":{"_monsterinsights_skip_tracking":false,"_monsterinsights_sitenote_active":false,"_monsterinsights_sitenote_note":"","_monsterinsights_sitenote_category":0,"spay_email":"","footnotes":""},"categories":[19],"tags":[],"class_list":["post-1650","post","type-post","status-publish","format-standard","has-post-thumbnail","hentry","category-meningitis"],"aioseo_notices":[],"yoast_head":"<!-- This site is optimized with the Yoast SEO plugin v17.5 - https:\/\/yoast.com\/wordpress\/plugins\/seo\/ -->\n<title>C\u00f3mo prevenir la meningitis<\/title>\n<meta name=\"description\" content=\"La meningitis puede ser grave, pero si se detecta pronto, se puede resolver de forma satisfactoria. Sin embargo, la vacuna es gran ayuda.\" \/>\n<meta name=\"robots\" content=\"index, follow, max-snippet:-1, max-image-preview:large, max-video-preview:-1\" \/>\n<link rel=\"canonical\" href=\"https:\/\/fai.org.co\/serintegral\/meningitis\/como-prevenir-la-meningitis\/\" \/>\n<meta property=\"og:locale\" content=\"es_ES\" \/>\n<meta property=\"og:type\" content=\"article\" \/>\n<meta property=\"og:title\" content=\"C\u00f3mo prevenir la meningitis\" \/>\n<meta property=\"og:description\" content=\"La meningitis puede ser grave, pero si se detecta pronto, se puede resolver de forma satisfactoria. Sin embargo, la vacuna es gran ayuda.\" \/>\n<meta property=\"og:url\" content=\"https:\/\/fai.org.co\/serintegral\/meningitis\/como-prevenir-la-meningitis\/\" \/>\n<meta property=\"og:site_name\" content=\"Ser integral\" \/>\n<meta property=\"article:published_time\" content=\"2021-10-15T13:30:06+00:00\" \/>\n<meta property=\"article:modified_time\" content=\"2022-05-31T16:32:14+00:00\" \/>\n<meta property=\"og:image\" content=\"https:\/\/fai.org.co\/serintegral\/wp-content\/uploads\/2021\/10\/como-prevenir-la-meningitis.jpg\" \/>\n\t<meta property=\"og:image:width\" content=\"539\" \/>\n\t<meta property=\"og:image:height\" content=\"369\" \/>\n<meta name=\"twitter:card\" content=\"summary_large_image\" \/>\n<meta name=\"twitter:label1\" content=\"Escrito por\" \/>\n\t<meta name=\"twitter:data1\" content=\"ser_integral\" \/>\n\t<meta name=\"twitter:label2\" content=\"Tiempo estimado de lectura\" \/>\n\t<meta name=\"twitter:data2\" content=\"3 minutos\" \/>\n<script type=\"application\/ld+json\" class=\"yoast-schema-graph\">{\"@context\":\"https:\/\/schema.org\",\"@graph\":[{\"@type\":\"WebSite\",\"@id\":\"https:\/\/fai.org.co\/serintegral\/#website\",\"url\":\"https:\/\/fai.org.co\/serintegral\/\",\"name\":\"Ser integral\",\"description\":\"\",\"potentialAction\":[{\"@type\":\"SearchAction\",\"target\":{\"@type\":\"EntryPoint\",\"urlTemplate\":\"https:\/\/fai.org.co\/serintegral\/?s={search_term_string}\"},\"query-input\":\"required name=search_term_string\"}],\"inLanguage\":\"es-CO\"},{\"@type\":\"ImageObject\",\"@id\":\"https:\/\/fai.org.co\/serintegral\/meningitis\/como-prevenir-la-meningitis\/#primaryimage\",\"inLanguage\":\"es-CO\",\"url\":\"https:\/\/fai.org.co\/serintegral\/wp-content\/uploads\/2021\/10\/como-prevenir-la-meningitis.jpg\",\"contentUrl\":\"https:\/\/fai.org.co\/serintegral\/wp-content\/uploads\/2021\/10\/como-prevenir-la-meningitis.jpg\",\"width\":539,\"height\":369,\"caption\":\"meningitis\"},{\"@type\":\"WebPage\",\"@id\":\"https:\/\/fai.org.co\/serintegral\/meningitis\/como-prevenir-la-meningitis\/#webpage\",\"url\":\"https:\/\/fai.org.co\/serintegral\/meningitis\/como-prevenir-la-meningitis\/\",\"name\":\"C\\u00f3mo prevenir la meningitis\",\"isPartOf\":{\"@id\":\"https:\/\/fai.org.co\/serintegral\/#website\"},\"primaryImageOfPage\":{\"@id\":\"https:\/\/fai.org.co\/serintegral\/meningitis\/como-prevenir-la-meningitis\/#primaryimage\"},\"datePublished\":\"2021-10-15T13:30:06+00:00\",\"dateModified\":\"2022-05-31T16:32:14+00:00\",\"author\":{\"@id\":\"https:\/\/fai.org.co\/serintegral\/#\/schema\/person\/07947feccb7e085e4a0897f398e7e09c\"},\"description\":\"La meningitis puede ser grave, pero si se detecta pronto, se puede resolver de forma satisfactoria. Sin embargo, la vacuna es gran ayuda.\",\"breadcrumb\":{\"@id\":\"https:\/\/fai.org.co\/serintegral\/meningitis\/como-prevenir-la-meningitis\/#breadcrumb\"},\"inLanguage\":\"es-CO\",\"potentialAction\":[{\"@type\":\"ReadAction\",\"target\":[\"https:\/\/fai.org.co\/serintegral\/meningitis\/como-prevenir-la-meningitis\/\"]}]},{\"@type\":\"BreadcrumbList\",\"@id\":\"https:\/\/fai.org.co\/serintegral\/meningitis\/como-prevenir-la-meningitis\/#breadcrumb\",\"itemListElement\":[{\"@type\":\"ListItem\",\"position\":1,\"name\":\"Inicio\",\"item\":\"https:\/\/fai.org.co\/serintegral\/\"},{\"@type\":\"ListItem\",\"position\":2,\"name\":\"C\\u00f3mo prevenir la meningitis\"}]},{\"@type\":\"Person\",\"@id\":\"https:\/\/fai.org.co\/serintegral\/#\/schema\/person\/07947feccb7e085e4a0897f398e7e09c\",\"name\":\"ser_integral\",\"image\":{\"@type\":\"ImageObject\",\"@id\":\"https:\/\/fai.org.co\/serintegral\/#personlogo\",\"inLanguage\":\"es-CO\",\"url\":\"https:\/\/secure.gravatar.com\/avatar\/d019f5050c26fda22d47330ce0f99cf86745e4f9d41b4f7de838ecf51eeb5eaa?s=96&d=mm&r=g\",\"contentUrl\":\"https:\/\/secure.gravatar.com\/avatar\/d019f5050c26fda22d47330ce0f99cf86745e4f9d41b4f7de838ecf51eeb5eaa?s=96&d=mm&r=g\",\"caption\":\"ser_integral\"},\"url\":\"https:\/\/fai.org.co\/serintegral\/author\/ser_integral\/\"}]}<\/script>\n<!-- \/ Yoast SEO plugin. -->","yoast_head_json":{"title":"C\u00f3mo prevenir la meningitis","description":"La meningitis puede ser grave, pero si se detecta pronto, se puede resolver de forma satisfactoria. Sin embargo, la vacuna es gran ayuda.","robots":{"index":"index","follow":"follow","max-snippet":"max-snippet:-1","max-image-preview":"max-image-preview:large","max-video-preview":"max-video-preview:-1"},"canonical":"https:\/\/fai.org.co\/serintegral\/meningitis\/como-prevenir-la-meningitis\/","og_locale":"es_ES","og_type":"article","og_title":"C\u00f3mo prevenir la meningitis","og_description":"La meningitis puede ser grave, pero si se detecta pronto, se puede resolver de forma satisfactoria. Sin embargo, la vacuna es gran ayuda.","og_url":"https:\/\/fai.org.co\/serintegral\/meningitis\/como-prevenir-la-meningitis\/","og_site_name":"Ser integral","article_published_time":"2021-10-15T13:30:06+00:00","article_modified_time":"2022-05-31T16:32:14+00:00","og_image":[{"width":539,"height":369,"url":"https:\/\/fai.org.co\/serintegral\/wp-content\/uploads\/2021\/10\/como-prevenir-la-meningitis.jpg","type":"image\/jpeg"}],"twitter_card":"summary_large_image","twitter_misc":{"Escrito por":"ser_integral","Tiempo estimado de lectura":"3 minutos"},"schema":{"@context":"https:\/\/schema.org","@graph":[{"@type":"WebSite","@id":"https:\/\/fai.org.co\/serintegral\/#website","url":"https:\/\/fai.org.co\/serintegral\/","name":"Ser integral","description":"","potentialAction":[{"@type":"SearchAction","target":{"@type":"EntryPoint","urlTemplate":"https:\/\/fai.org.co\/serintegral\/?s={search_term_string}"},"query-input":"required name=search_term_string"}],"inLanguage":"es-CO"},{"@type":"ImageObject","@id":"https:\/\/fai.org.co\/serintegral\/meningitis\/como-prevenir-la-meningitis\/#primaryimage","inLanguage":"es-CO","url":"https:\/\/fai.org.co\/serintegral\/wp-content\/uploads\/2021\/10\/como-prevenir-la-meningitis.jpg","contentUrl":"https:\/\/fai.org.co\/serintegral\/wp-content\/uploads\/2021\/10\/como-prevenir-la-meningitis.jpg","width":539,"height":369,"caption":"meningitis"},{"@type":"WebPage","@id":"https:\/\/fai.org.co\/serintegral\/meningitis\/como-prevenir-la-meningitis\/#webpage","url":"https:\/\/fai.org.co\/serintegral\/meningitis\/como-prevenir-la-meningitis\/","name":"C\u00f3mo prevenir la meningitis","isPartOf":{"@id":"https:\/\/fai.org.co\/serintegral\/#website"},"primaryImageOfPage":{"@id":"https:\/\/fai.org.co\/serintegral\/meningitis\/como-prevenir-la-meningitis\/#primaryimage"},"datePublished":"2021-10-15T13:30:06+00:00","dateModified":"2022-05-31T16:32:14+00:00","author":{"@id":"https:\/\/fai.org.co\/serintegral\/#\/schema\/person\/07947feccb7e085e4a0897f398e7e09c"},"description":"La meningitis puede ser grave, pero si se detecta pronto, se puede resolver de forma satisfactoria. Sin embargo, la vacuna es gran ayuda.","breadcrumb":{"@id":"https:\/\/fai.org.co\/serintegral\/meningitis\/como-prevenir-la-meningitis\/#breadcrumb"},"inLanguage":"es-CO","potentialAction":[{"@type":"ReadAction","target":["https:\/\/fai.org.co\/serintegral\/meningitis\/como-prevenir-la-meningitis\/"]}]},{"@type":"BreadcrumbList","@id":"https:\/\/fai.org.co\/serintegral\/meningitis\/como-prevenir-la-meningitis\/#breadcrumb","itemListElement":[{"@type":"ListItem","position":1,"name":"Inicio","item":"https:\/\/fai.org.co\/serintegral\/"},{"@type":"ListItem","position":2,"name":"C\u00f3mo prevenir la meningitis"}]},{"@type":"Person","@id":"https:\/\/fai.org.co\/serintegral\/#\/schema\/person\/07947feccb7e085e4a0897f398e7e09c","name":"ser_integral","image":{"@type":"ImageObject","@id":"https:\/\/fai.org.co\/serintegral\/#personlogo","inLanguage":"es-CO","url":"https:\/\/secure.gravatar.com\/avatar\/d019f5050c26fda22d47330ce0f99cf86745e4f9d41b4f7de838ecf51eeb5eaa?s=96&d=mm&r=g","contentUrl":"https:\/\/secure.gravatar.com\/avatar\/d019f5050c26fda22d47330ce0f99cf86745e4f9d41b4f7de838ecf51eeb5eaa?s=96&d=mm&r=g","caption":"ser_integral"},"url":"https:\/\/fai.org.co\/serintegral\/author\/ser_integral\/"}]}},"jetpack_featured_media_url":"https:\/\/fai.org.co\/serintegral\/wp-content\/uploads\/2021\/10\/como-prevenir-la-meningitis.jpg","_links":{"self":[{"href":"https:\/\/fai.org.co\/serintegral\/wp-json\/wp\/v2\/posts\/1650","targetHints":{"allow":["GET"]}}],"collection":[{"href":"https:\/\/fai.org.co\/serintegral\/wp-json\/wp\/v2\/posts"}],"about":[{"href":"https:\/\/fai.org.co\/serintegral\/wp-json\/wp\/v2\/types\/post"}],"author":[{"embeddable":true,"href":"https:\/\/fai.org.co\/serintegral\/wp-json\/wp\/v2\/users\/2"}],"replies":[{"embeddable":true,"href":"https:\/\/fai.org.co\/serintegral\/wp-json\/wp\/v2\/comments?post=1650"}],"version-history":[{"count":3,"href":"https:\/\/fai.org.co\/serintegral\/wp-json\/wp\/v2\/posts\/1650\/revisions"}],"predecessor-version":[{"id":2137,"href":"https:\/\/fai.org.co\/serintegral\/wp-json\/wp\/v2\/posts\/1650\/revisions\/2137"}],"wp:featuredmedia":[{"embeddable":true,"href":"https:\/\/fai.org.co\/serintegral\/wp-json\/wp\/v2\/media\/1661"}],"wp:attachment":[{"href":"https:\/\/fai.org.co\/serintegral\/wp-json\/wp\/v2\/media?parent=1650"}],"wp:term":[{"taxonomy":"category","embeddable":true,"href":"https:\/\/fai.org.co\/serintegral\/wp-json\/wp\/v2\/categories?post=1650"},{"taxonomy":"post_tag","embeddable":true,"href":"https:\/\/fai.org.co\/serintegral\/wp-json\/wp\/v2\/tags?post=1650"}],"curies":[{"name":"wp","href":"https:\/\/api.w.org\/{rel}","templated":true}]}}