{"id":1718,"date":"2021-10-12T19:00:59","date_gmt":"2021-10-13T00:00:59","guid":{"rendered":"https:\/\/fai.org.co\/serintegral\/?p=1718"},"modified":"2022-05-31T11:35:50","modified_gmt":"2022-05-31T16:35:50","slug":"neumonia-factores-de-riesgo-y-prevencion","status":"publish","type":"post","link":"https:\/\/fai.org.co\/serintegral\/neumonia\/neumonia-factores-de-riesgo-y-prevencion\/","title":{"rendered":"Neumon\u00eda: Factores de riesgo y prevenci\u00f3n"},"content":{"rendered":"<h2>La neumon\u00eda puede afectar a cualquiera. Pero los dos grupos de edades que presentan el mayor riesgo de padecerla son los siguientes:<\/h2>\n<ul>\n<li>Ni\u00f1os de 2 a\u00f1os de edad o menores<\/li>\n<li>Personas de 65 a\u00f1os de edad o mayores<\/li>\n<li>Otros factores de riesgo incluyen los siguientes:<\/li>\n<\/ul>\n<h4 style=\"padding-left: 40px;\"><strong>Estar hospitalizado:<\/strong><\/h4>\n<p style=\"padding-left: 40px;\">Tienes un mayor riesgo de contraer neumon\u00eda si te encuentras en la unidad de cuidados intensivos de un hospital, especialmente, si est\u00e1s conectado a una m\u00e1quina que te ayuda a respirar (ventilador).<\/p>\n<h4 style=\"padding-left: 40px;\"><strong>Enfermedad cr\u00f3nica:<\/strong><\/h4>\n<ul>\n<li style=\"list-style-type: none;\">\n<ul>\n<li>Eres m\u00e1s propenso a contraer neumon\u00eda si tienes asma, enfermedad pulmonar obstructiva cr\u00f3nica (EPOC) o una enfermedad card\u00edaca.<\/li>\n<li>Fumar. El fumar da\u00f1a las defensas naturales que tu cuerpo presenta contra las bacterias y los virus que causan neumon\u00eda.<\/li>\n<\/ul>\n<\/li>\n<\/ul>\n<h4 style=\"padding-left: 40px;\"><strong>Sistema inmunitario debilitado o suprimido:<\/strong><\/h4>\n<p style=\"padding-left: 40px;\">Las personas que tienen VIH\/SIDA, que se han sometido a un trasplante de \u00f3rganos o que reciben quimioterapia o esteroides a largo plazo est\u00e1n en riesgo.<\/p>\n<h3><strong>Complicaciones<\/strong><\/h3>\n<p>Incluso habiendo recibido tratamiento, algunas personas que tienen neumon\u00eda, especialmente aquellos que se encuentran en los grupos de alto riesgo, pueden experimentar complicaciones, incluidas las siguiente:<\/p>\n<h4 style=\"padding-left: 40px;\"><strong>Bacterias en el torrente sangu\u00edneo (bacteriemia):<\/strong><\/h4>\n<p style=\"padding-left: 40px;\">Las bacterias que ingresan en el torrente sangu\u00edneo desde los pulmones pueden propagar la infecci\u00f3n a otros \u00f3rganos y, potencialmente, provocar una insuficiencia org\u00e1nica.<\/p>\n<h4 style=\"padding-left: 40px;\"><strong>Dificultad para respirar:<\/strong><\/h4>\n<p style=\"padding-left: 40px;\">Si la neumon\u00eda es grave o si tienes enfermedades pulmonares cr\u00f3nicas ocultas, posiblemente tengas problemas para obtener suficiente ox\u00edgeno al respirar. Es posible que debas hospitalizarte y utilizar un respirador artificial (ventilador) hasta que tus pulmones sanen.<\/p>\n<h4 style=\"padding-left: 40px;\"><strong>Acumulaci\u00f3n de l\u00edquido alrededor de los pulmones (derrame pleural):<\/strong><\/h4>\n<p style=\"padding-left: 40px;\">La neumon\u00eda puede causar la acumulaci\u00f3n de l\u00edquido en el fino espacio que hay entre las capas de tejido que recubren los pulmones y la cavidad tor\u00e1cica (pleura). Si el fluido se infecta, es posible que deban drenarlo a trav\u00e9s de una sonda pleural o extraerlo mediante una cirug\u00eda.<\/p>\n<h4 style=\"padding-left: 40px;\"><strong>Absceso pulmonar:<\/strong><\/h4>\n<p style=\"padding-left: 40px;\">Un absceso tiene lugar si se forma pus en una cavidad en el pulm\u00f3n. Normalmente, los abscesos se tratan con antibi\u00f3ticos. A veces, se necesita una cirug\u00eda o un drenaje con una aguja larga o una sonda que se coloca en el absceso para extraer el pus.<\/p>\n<h3><strong>Prevenci\u00f3n<\/strong><\/h3>\n<p>Para contribuir a prevenir la neumon\u00eda:<\/p>\n<h4 style=\"padding-left: 40px;\"><strong>Vac\u00fanate:<\/strong><\/h4>\n<p style=\"padding-left: 40px;\">Existen vacunas para prevenir algunos tipos de neumon\u00eda y la gripe. Habla con el m\u00e9dico sobre estas y otras vacunas. Las pautas de vacunaci\u00f3n han cambiado con el tiempo; por lo tanto, aseg\u00farate de revisar el estado de tus vacunas con tu m\u00e9dico incluso si recuerdas haberte vacunado anteriormente contra la neumon\u00eda.<\/p>\n<h4 style=\"padding-left: 40px;\"><strong>Aseg\u00farate de que los ni\u00f1os se vacunen:<\/strong><\/h4>\n<p style=\"padding-left: 40px;\">Los m\u00e9dicos recomiendan una vacuna para la neumon\u00eda diferente para ni\u00f1os menores de 2 a\u00f1os y para ni\u00f1os de 2 a 5 a\u00f1os que son particularmente propensos a contraer la enfermedad neumoc\u00f3cica. Los ni\u00f1os que concurren a una guarder\u00eda grupal tambi\u00e9n deben recibir la vacuna. Los m\u00e9dicos adem\u00e1s recomiendan la vacuna contra la influenza para ni\u00f1os menores de 6 meses.<\/p>\n<p style=\"padding-left: 40px;\">Practica una buena higiene. Para protegerte de las infecciones respiratorias que a menudo derivan en neumon\u00eda, l\u00e1vate las manos regularmente o usa un desinfectante para las manos a base de alcohol.<\/p>\n<h4 style=\"padding-left: 40px;\"><strong>No fumes:<\/strong><\/h4>\n<p style=\"padding-left: 40px;\">El tabaquismo da\u00f1a las defensas naturales que protegen a tus pulmones de las infecciones respiratorias.<\/p>\n<h4 style=\"padding-left: 40px;\"><strong>Mant\u00e9n fuerte tu sistema inmunitario:<\/strong><\/h4>\n<p style=\"padding-left: 40px;\">Duerme lo suficiente, ejerc\u00edtate regularmente y lleva una dieta saludable.<\/p>\n<hr \/>\n<p><strong>Fuente:<\/strong><\/p>\n<ul>\n<li><a href=\"https:\/\/www.mayoclinic.org\/es-es\/diseases-conditions\/pneumonia\/symptoms-causes\/syc-20354204\" target=\"_blank\" rel=\"noopener\">https:\/\/www.mayoclinic.org\/es-es\/diseases-conditions\/pneumonia\/symptoms-causes\/syc-20354204<\/a><\/li>\n<\/ul>\n<p><img loading=\"lazy\" decoding=\"async\" class=\" wp-image-2117 aligncenter\" src=\"https:\/\/fai.org.co\/serintegral\/wp-content\/uploads\/2021\/10\/Agregar-un-titulo-300x169.jpg\" alt=\"\" width=\"380\" height=\"214\" srcset=\"https:\/\/fai.org.co\/serintegral\/wp-content\/uploads\/2021\/10\/Agregar-un-titulo-300x169.jpg 300w, https:\/\/fai.org.co\/serintegral\/wp-content\/uploads\/2021\/10\/Agregar-un-titulo-1024x576.jpg 1024w, https:\/\/fai.org.co\/serintegral\/wp-content\/uploads\/2021\/10\/Agregar-un-titulo-768x432.jpg 768w, https:\/\/fai.org.co\/serintegral\/wp-content\/uploads\/2021\/10\/Agregar-un-titulo-1536x864.jpg 1536w, https:\/\/fai.org.co\/serintegral\/wp-content\/uploads\/2021\/10\/Agregar-un-titulo.jpg 1920w\" sizes=\"auto, (max-width: 380px) 100vw, 380px\" \/><\/p>\n","protected":false},"excerpt":{"rendered":"<p>La neumon\u00eda puede afectar a cualquiera. Pero los dos grupos de edades que presentan el mayor riesgo de padecerla son los siguientes: Ni\u00f1os de 2 a\u00f1os de edad o menores Personas de 65 a\u00f1os de edad o mayores Otros factores de riesgo incluyen los siguientes: Estar hospitalizado: Tienes un mayor riesgo de contraer neumon\u00eda si [&hellip;]<\/p>\n","protected":false},"author":2,"featured_media":1723,"comment_status":"open","ping_status":"open","sticky":false,"template":"","format":"standard","meta":{"_monsterinsights_skip_tracking":false,"_monsterinsights_sitenote_active":false,"_monsterinsights_sitenote_note":"","_monsterinsights_sitenote_category":0,"spay_email":"","footnotes":""},"categories":[10],"tags":[],"class_list":["post-1718","post","type-post","status-publish","format-standard","has-post-thumbnail","hentry","category-neumonia"],"aioseo_notices":[],"yoast_head":"<!-- This site is optimized with the Yoast SEO plugin v17.5 - https:\/\/yoast.com\/wordpress\/plugins\/seo\/ -->\n<title>Neumon\u00eda: Factores de riesgo y prevenci\u00f3n<\/title>\n<meta name=\"description\" content=\"La neumon\u00eda puede afectar a cualquiera. Pero hay dos grupos de edades que presentan el mayor riesgo de padecerla.\" \/>\n<meta name=\"robots\" content=\"index, follow, max-snippet:-1, max-image-preview:large, max-video-preview:-1\" \/>\n<link rel=\"canonical\" href=\"https:\/\/fai.org.co\/serintegral\/neumonia\/neumonia-factores-de-riesgo-y-prevencion\/\" \/>\n<meta property=\"og:locale\" content=\"es_ES\" \/>\n<meta property=\"og:type\" content=\"article\" \/>\n<meta property=\"og:title\" content=\"Neumon\u00eda: Factores de riesgo y prevenci\u00f3n\" \/>\n<meta property=\"og:description\" content=\"La neumon\u00eda puede afectar a cualquiera. Pero hay dos grupos de edades que presentan el mayor riesgo de padecerla.\" \/>\n<meta property=\"og:url\" content=\"https:\/\/fai.org.co\/serintegral\/neumonia\/neumonia-factores-de-riesgo-y-prevencion\/\" \/>\n<meta property=\"og:site_name\" content=\"Ser integral\" \/>\n<meta property=\"article:published_time\" content=\"2021-10-13T00:00:59+00:00\" \/>\n<meta property=\"article:modified_time\" content=\"2022-05-31T16:35:50+00:00\" \/>\n<meta property=\"og:image\" content=\"https:\/\/fai.org.co\/serintegral\/wp-content\/uploads\/2021\/10\/neumonia-factores-de-riesgo-y-prevencion.jpg\" \/>\n\t<meta property=\"og:image:width\" content=\"539\" \/>\n\t<meta property=\"og:image:height\" content=\"369\" \/>\n<meta name=\"twitter:card\" content=\"summary_large_image\" \/>\n<meta name=\"twitter:label1\" content=\"Escrito por\" \/>\n\t<meta name=\"twitter:data1\" content=\"ser_integral\" \/>\n\t<meta name=\"twitter:label2\" content=\"Tiempo estimado de lectura\" \/>\n\t<meta name=\"twitter:data2\" content=\"3 minutos\" \/>\n<script type=\"application\/ld+json\" class=\"yoast-schema-graph\">{\"@context\":\"https:\/\/schema.org\",\"@graph\":[{\"@type\":\"WebSite\",\"@id\":\"https:\/\/fai.org.co\/serintegral\/#website\",\"url\":\"https:\/\/fai.org.co\/serintegral\/\",\"name\":\"Ser integral\",\"description\":\"\",\"potentialAction\":[{\"@type\":\"SearchAction\",\"target\":{\"@type\":\"EntryPoint\",\"urlTemplate\":\"https:\/\/fai.org.co\/serintegral\/?s={search_term_string}\"},\"query-input\":\"required name=search_term_string\"}],\"inLanguage\":\"es-CO\"},{\"@type\":\"ImageObject\",\"@id\":\"https:\/\/fai.org.co\/serintegral\/neumonia\/neumonia-factores-de-riesgo-y-prevencion\/#primaryimage\",\"inLanguage\":\"es-CO\",\"url\":\"https:\/\/fai.org.co\/serintegral\/wp-content\/uploads\/2021\/10\/neumonia-factores-de-riesgo-y-prevencion.jpg\",\"contentUrl\":\"https:\/\/fai.org.co\/serintegral\/wp-content\/uploads\/2021\/10\/neumonia-factores-de-riesgo-y-prevencion.jpg\",\"width\":539,\"height\":369,\"caption\":\"neumon\\u00eda\"},{\"@type\":\"WebPage\",\"@id\":\"https:\/\/fai.org.co\/serintegral\/neumonia\/neumonia-factores-de-riesgo-y-prevencion\/#webpage\",\"url\":\"https:\/\/fai.org.co\/serintegral\/neumonia\/neumonia-factores-de-riesgo-y-prevencion\/\",\"name\":\"Neumon\\u00eda: Factores de riesgo y prevenci\\u00f3n\",\"isPartOf\":{\"@id\":\"https:\/\/fai.org.co\/serintegral\/#website\"},\"primaryImageOfPage\":{\"@id\":\"https:\/\/fai.org.co\/serintegral\/neumonia\/neumonia-factores-de-riesgo-y-prevencion\/#primaryimage\"},\"datePublished\":\"2021-10-13T00:00:59+00:00\",\"dateModified\":\"2022-05-31T16:35:50+00:00\",\"author\":{\"@id\":\"https:\/\/fai.org.co\/serintegral\/#\/schema\/person\/07947feccb7e085e4a0897f398e7e09c\"},\"description\":\"La neumon\\u00eda puede afectar a cualquiera. Pero hay dos grupos de edades que presentan el mayor riesgo de padecerla.\",\"breadcrumb\":{\"@id\":\"https:\/\/fai.org.co\/serintegral\/neumonia\/neumonia-factores-de-riesgo-y-prevencion\/#breadcrumb\"},\"inLanguage\":\"es-CO\",\"potentialAction\":[{\"@type\":\"ReadAction\",\"target\":[\"https:\/\/fai.org.co\/serintegral\/neumonia\/neumonia-factores-de-riesgo-y-prevencion\/\"]}]},{\"@type\":\"BreadcrumbList\",\"@id\":\"https:\/\/fai.org.co\/serintegral\/neumonia\/neumonia-factores-de-riesgo-y-prevencion\/#breadcrumb\",\"itemListElement\":[{\"@type\":\"ListItem\",\"position\":1,\"name\":\"Inicio\",\"item\":\"https:\/\/fai.org.co\/serintegral\/\"},{\"@type\":\"ListItem\",\"position\":2,\"name\":\"Neumon\\u00eda: Factores de riesgo y prevenci\\u00f3n\"}]},{\"@type\":\"Person\",\"@id\":\"https:\/\/fai.org.co\/serintegral\/#\/schema\/person\/07947feccb7e085e4a0897f398e7e09c\",\"name\":\"ser_integral\",\"image\":{\"@type\":\"ImageObject\",\"@id\":\"https:\/\/fai.org.co\/serintegral\/#personlogo\",\"inLanguage\":\"es-CO\",\"url\":\"https:\/\/secure.gravatar.com\/avatar\/d019f5050c26fda22d47330ce0f99cf86745e4f9d41b4f7de838ecf51eeb5eaa?s=96&d=mm&r=g\",\"contentUrl\":\"https:\/\/secure.gravatar.com\/avatar\/d019f5050c26fda22d47330ce0f99cf86745e4f9d41b4f7de838ecf51eeb5eaa?s=96&d=mm&r=g\",\"caption\":\"ser_integral\"},\"url\":\"https:\/\/fai.org.co\/serintegral\/author\/ser_integral\/\"}]}<\/script>\n<!-- \/ Yoast SEO plugin. -->","yoast_head_json":{"title":"Neumon\u00eda: Factores de riesgo y prevenci\u00f3n","description":"La neumon\u00eda puede afectar a cualquiera. Pero hay dos grupos de edades que presentan el mayor riesgo de padecerla.","robots":{"index":"index","follow":"follow","max-snippet":"max-snippet:-1","max-image-preview":"max-image-preview:large","max-video-preview":"max-video-preview:-1"},"canonical":"https:\/\/fai.org.co\/serintegral\/neumonia\/neumonia-factores-de-riesgo-y-prevencion\/","og_locale":"es_ES","og_type":"article","og_title":"Neumon\u00eda: Factores de riesgo y prevenci\u00f3n","og_description":"La neumon\u00eda puede afectar a cualquiera. Pero hay dos grupos de edades que presentan el mayor riesgo de padecerla.","og_url":"https:\/\/fai.org.co\/serintegral\/neumonia\/neumonia-factores-de-riesgo-y-prevencion\/","og_site_name":"Ser integral","article_published_time":"2021-10-13T00:00:59+00:00","article_modified_time":"2022-05-31T16:35:50+00:00","og_image":[{"width":539,"height":369,"url":"https:\/\/fai.org.co\/serintegral\/wp-content\/uploads\/2021\/10\/neumonia-factores-de-riesgo-y-prevencion.jpg","type":"image\/jpeg"}],"twitter_card":"summary_large_image","twitter_misc":{"Escrito por":"ser_integral","Tiempo estimado de lectura":"3 minutos"},"schema":{"@context":"https:\/\/schema.org","@graph":[{"@type":"WebSite","@id":"https:\/\/fai.org.co\/serintegral\/#website","url":"https:\/\/fai.org.co\/serintegral\/","name":"Ser integral","description":"","potentialAction":[{"@type":"SearchAction","target":{"@type":"EntryPoint","urlTemplate":"https:\/\/fai.org.co\/serintegral\/?s={search_term_string}"},"query-input":"required name=search_term_string"}],"inLanguage":"es-CO"},{"@type":"ImageObject","@id":"https:\/\/fai.org.co\/serintegral\/neumonia\/neumonia-factores-de-riesgo-y-prevencion\/#primaryimage","inLanguage":"es-CO","url":"https:\/\/fai.org.co\/serintegral\/wp-content\/uploads\/2021\/10\/neumonia-factores-de-riesgo-y-prevencion.jpg","contentUrl":"https:\/\/fai.org.co\/serintegral\/wp-content\/uploads\/2021\/10\/neumonia-factores-de-riesgo-y-prevencion.jpg","width":539,"height":369,"caption":"neumon\u00eda"},{"@type":"WebPage","@id":"https:\/\/fai.org.co\/serintegral\/neumonia\/neumonia-factores-de-riesgo-y-prevencion\/#webpage","url":"https:\/\/fai.org.co\/serintegral\/neumonia\/neumonia-factores-de-riesgo-y-prevencion\/","name":"Neumon\u00eda: Factores de riesgo y prevenci\u00f3n","isPartOf":{"@id":"https:\/\/fai.org.co\/serintegral\/#website"},"primaryImageOfPage":{"@id":"https:\/\/fai.org.co\/serintegral\/neumonia\/neumonia-factores-de-riesgo-y-prevencion\/#primaryimage"},"datePublished":"2021-10-13T00:00:59+00:00","dateModified":"2022-05-31T16:35:50+00:00","author":{"@id":"https:\/\/fai.org.co\/serintegral\/#\/schema\/person\/07947feccb7e085e4a0897f398e7e09c"},"description":"La neumon\u00eda puede afectar a cualquiera. Pero hay dos grupos de edades que presentan el mayor riesgo de padecerla.","breadcrumb":{"@id":"https:\/\/fai.org.co\/serintegral\/neumonia\/neumonia-factores-de-riesgo-y-prevencion\/#breadcrumb"},"inLanguage":"es-CO","potentialAction":[{"@type":"ReadAction","target":["https:\/\/fai.org.co\/serintegral\/neumonia\/neumonia-factores-de-riesgo-y-prevencion\/"]}]},{"@type":"BreadcrumbList","@id":"https:\/\/fai.org.co\/serintegral\/neumonia\/neumonia-factores-de-riesgo-y-prevencion\/#breadcrumb","itemListElement":[{"@type":"ListItem","position":1,"name":"Inicio","item":"https:\/\/fai.org.co\/serintegral\/"},{"@type":"ListItem","position":2,"name":"Neumon\u00eda: Factores de riesgo y prevenci\u00f3n"}]},{"@type":"Person","@id":"https:\/\/fai.org.co\/serintegral\/#\/schema\/person\/07947feccb7e085e4a0897f398e7e09c","name":"ser_integral","image":{"@type":"ImageObject","@id":"https:\/\/fai.org.co\/serintegral\/#personlogo","inLanguage":"es-CO","url":"https:\/\/secure.gravatar.com\/avatar\/d019f5050c26fda22d47330ce0f99cf86745e4f9d41b4f7de838ecf51eeb5eaa?s=96&d=mm&r=g","contentUrl":"https:\/\/secure.gravatar.com\/avatar\/d019f5050c26fda22d47330ce0f99cf86745e4f9d41b4f7de838ecf51eeb5eaa?s=96&d=mm&r=g","caption":"ser_integral"},"url":"https:\/\/fai.org.co\/serintegral\/author\/ser_integral\/"}]}},"jetpack_featured_media_url":"https:\/\/fai.org.co\/serintegral\/wp-content\/uploads\/2021\/10\/neumonia-factores-de-riesgo-y-prevencion.jpg","_links":{"self":[{"href":"https:\/\/fai.org.co\/serintegral\/wp-json\/wp\/v2\/posts\/1718","targetHints":{"allow":["GET"]}}],"collection":[{"href":"https:\/\/fai.org.co\/serintegral\/wp-json\/wp\/v2\/posts"}],"about":[{"href":"https:\/\/fai.org.co\/serintegral\/wp-json\/wp\/v2\/types\/post"}],"author":[{"embeddable":true,"href":"https:\/\/fai.org.co\/serintegral\/wp-json\/wp\/v2\/users\/2"}],"replies":[{"embeddable":true,"href":"https:\/\/fai.org.co\/serintegral\/wp-json\/wp\/v2\/comments?post=1718"}],"version-history":[{"count":3,"href":"https:\/\/fai.org.co\/serintegral\/wp-json\/wp\/v2\/posts\/1718\/revisions"}],"predecessor-version":[{"id":2139,"href":"https:\/\/fai.org.co\/serintegral\/wp-json\/wp\/v2\/posts\/1718\/revisions\/2139"}],"wp:featuredmedia":[{"embeddable":true,"href":"https:\/\/fai.org.co\/serintegral\/wp-json\/wp\/v2\/media\/1723"}],"wp:attachment":[{"href":"https:\/\/fai.org.co\/serintegral\/wp-json\/wp\/v2\/media?parent=1718"}],"wp:term":[{"taxonomy":"category","embeddable":true,"href":"https:\/\/fai.org.co\/serintegral\/wp-json\/wp\/v2\/categories?post=1718"},{"taxonomy":"post_tag","embeddable":true,"href":"https:\/\/fai.org.co\/serintegral\/wp-json\/wp\/v2\/tags?post=1718"}],"curies":[{"name":"wp","href":"https:\/\/api.w.org\/{rel}","templated":true}]}}