{"id":1719,"date":"2021-10-17T07:00:50","date_gmt":"2021-10-17T12:00:50","guid":{"rendered":"https:\/\/fai.org.co\/serintegral\/?p=1719"},"modified":"2022-05-31T11:23:11","modified_gmt":"2022-05-31T16:23:11","slug":"la-neumonia-y-covid-19","status":"publish","type":"post","link":"https:\/\/fai.org.co\/serintegral\/neumonia\/la-neumonia-y-covid-19\/","title":{"rendered":"La neumon\u00eda y covid-19"},"content":{"rendered":"<h2>Un elevado porcentaje de los pacientes a los que la COVID-19 les ha causado enfermedades graves, como la neumon\u00eda, contin\u00faan con secuelas de la enfermedad tras meses despu\u00e9s del alta. \u00bfQu\u00e9 se sabe hasta ahora de la persistencia de estos s\u00edntomas? \u00bfExiste alg\u00fan tratamiento para mitigar estas secuelas? Esto es lo que dicen los estudios.<\/h2>\n<p>Actualmente, no se tienen suficientes datos fiables sobre las consecuencias a medio y largo plazo de la neumon\u00eda por COVID-19. Se ha descrito que m\u00e1s de la mitad de los pacientes que han necesitado ingreso hospitalario por el <strong>virus SARS-CoV-2<\/strong> contin\u00faa presentado s\u00edntomas a los dos meses del inicio de la enfermedad, siendo la fatiga y la disnea (sensaci\u00f3n de falta de aire) los s\u00edntomas persistentes m\u00e1s frecuentes.<\/p>\n<h4>A nivel pulmonar, se han analizado pacientes dados de alta de las unidades de cuidados intensivos tras sufrir una enfermedad grave. Se observa que un 40% presenta alteraciones en la funci\u00f3n respiratoria al mes del alta, aunque la gran mayor\u00eda de pacientes pod\u00edan realizar sus actividades de la vida diaria sin limitaciones. Sin embargo, el estudio se realiz\u00f3 en un peque\u00f1o grupo de pacientes, con las limitaciones que esto conlleva.<\/h4>\n<p>En el <a href=\"https:\/\/studies.epidemixs.org\/proyecto\/estudio-pulmonar-covid-19-pneumocovid\/\" target=\"_blank\" rel=\"noopener\">estudio Pneumocovid<\/a>, que incluye m\u00e1s de 200 pacientes ingresados en el hospital Cl\u00ednic con una enfermedad COVID-19 grave, aproximadamente un 25% de los pacientes presentan alteraci\u00f3n funcional respiratoria a los 3 meses del alta hospitalaria. Diversas investigaciones en este \u00e1mbito, que a\u00fan se est\u00e1n desarrollando, determinar\u00e1n el impacto real de las secuelas de esta enfermedad. Especialmente para ver aquellas que persisten a medio y largo plazo, es decir, 6 y 12 meses despu\u00e9s de la enfermedad grave provocada por la COVID.<\/p>\n<h4>Una de las principales preocupaciones de la comunidad cient\u00edfica respecto a las potenciales secuelas de la infecci\u00f3n por COVID19 es el desarrollo de fibrosis pulmonar.<\/h4>\n<p>En las im\u00e1genes radiol\u00f3gicas de algunos pacientes ingresados por COVID se observan lesiones pulmonares, que pueden ser precursoras de fibrosis pulmonar. <strong>La hip\u00f3tesis actual es que estas lesiones est\u00e1n causadas por la inflamaci\u00f3n que produce el propio virus, junto con las consecuencias de la ventilaci\u00f3n mec\u00e1nica en pacientes que requieren intubaci\u00f3n.<\/strong> Aunque se desconoce por el momento el impacto real las lesiones, varios centros est\u00e1n realizando el seguimiento de estos pacientes para poder detectar de forma precoz el posible desarrollo de fibrosis pulmonar, entre los cuales se encuentra la consulta post-COVID del Hospital Cl\u00ednic.<\/p>\n<p>En conclusi\u00f3n, las secuelas a medio y largo plazo de la COVID-19 a\u00fan no se conocen bien. Se ha documentado un elevado n\u00famero de casos de persistencia de s\u00edntomas tras la fase aguda, sin una clara relaci\u00f3n con la gravedad de la enfermedad. A nivel pulmonar, se sabe que un porcentaje importante de pacientes que han tenido una enfermedad grave presentan alteraciones en la funci\u00f3n respiratoria tras 3 meses desde el alta hospitalaria.\u00a0 Determinar en los pr\u00f3ximos meses tanto la incidencia real de las secuelas como su tratamiento, ser\u00e1 de gran inter\u00e9s para conocer el impacto real que tiene en los pacientes la neumon\u00eda provocada por la COVID-19.<\/p>\n<hr \/>\n<p><strong>Fuente:<\/strong><\/p>\n<ul>\n<li>https:\/\/www.clinicbarcelona.org\/noticias\/la-neumonia-causada-por-la-covid-19-puede-dejar-importantes-secuelas-respiratorias<\/li>\n<li>https:\/\/studies.epidemixs.org\/proyecto\/estudio-pulmonar-covid-19-pneumocovid\/<\/li>\n<\/ul>\n<p>&nbsp;<\/p>\n<p><img loading=\"lazy\" decoding=\"async\" class=\" wp-image-2117 aligncenter\" src=\"https:\/\/fai.org.co\/serintegral\/wp-content\/uploads\/2021\/10\/Agregar-un-titulo-300x169.jpg\" alt=\"\" width=\"380\" height=\"214\" srcset=\"https:\/\/fai.org.co\/serintegral\/wp-content\/uploads\/2021\/10\/Agregar-un-titulo-300x169.jpg 300w, https:\/\/fai.org.co\/serintegral\/wp-content\/uploads\/2021\/10\/Agregar-un-titulo-1024x576.jpg 1024w, https:\/\/fai.org.co\/serintegral\/wp-content\/uploads\/2021\/10\/Agregar-un-titulo-768x432.jpg 768w, https:\/\/fai.org.co\/serintegral\/wp-content\/uploads\/2021\/10\/Agregar-un-titulo-1536x864.jpg 1536w, https:\/\/fai.org.co\/serintegral\/wp-content\/uploads\/2021\/10\/Agregar-un-titulo.jpg 1920w\" sizes=\"auto, (max-width: 380px) 100vw, 380px\" \/><\/p>\n","protected":false},"excerpt":{"rendered":"<p>Un elevado porcentaje de los pacientes a los que la COVID-19 les ha causado enfermedades graves, como la neumon\u00eda, contin\u00faan con secuelas de la enfermedad tras meses despu\u00e9s del alta. \u00bfQu\u00e9 se sabe hasta ahora de la persistencia de estos s\u00edntomas? \u00bfExiste alg\u00fan tratamiento para mitigar estas secuelas? Esto es lo que dicen los estudios. [&hellip;]<\/p>\n","protected":false},"author":2,"featured_media":1725,"comment_status":"open","ping_status":"open","sticky":false,"template":"","format":"standard","meta":{"_monsterinsights_skip_tracking":false,"_monsterinsights_sitenote_active":false,"_monsterinsights_sitenote_note":"","_monsterinsights_sitenote_category":0,"spay_email":"","footnotes":""},"categories":[12,10],"tags":[],"class_list":["post-1719","post","type-post","status-publish","format-standard","has-post-thumbnail","hentry","category-covid-19","category-neumonia"],"aioseo_notices":[],"yoast_head":"<!-- This site is optimized with the Yoast SEO plugin v17.5 - https:\/\/yoast.com\/wordpress\/plugins\/seo\/ -->\n<title>La neumon\u00eda y covid-19<\/title>\n<meta name=\"description\" content=\"Un elevado porcentaje de los pacientes a los que la COVID-19 les ha causado enfermedades graves, como neumon\u00eda, contin\u00faan con secuelas.\" \/>\n<meta name=\"robots\" content=\"index, follow, max-snippet:-1, max-image-preview:large, max-video-preview:-1\" \/>\n<link rel=\"canonical\" href=\"https:\/\/fai.org.co\/serintegral\/neumonia\/la-neumonia-y-covid-19\/\" \/>\n<meta property=\"og:locale\" content=\"es_ES\" \/>\n<meta property=\"og:type\" content=\"article\" \/>\n<meta property=\"og:title\" content=\"La neumon\u00eda y covid-19\" \/>\n<meta property=\"og:description\" content=\"Un elevado porcentaje de los pacientes a los que la COVID-19 les ha causado enfermedades graves, como neumon\u00eda, contin\u00faan con secuelas.\" \/>\n<meta property=\"og:url\" content=\"https:\/\/fai.org.co\/serintegral\/neumonia\/la-neumonia-y-covid-19\/\" \/>\n<meta property=\"og:site_name\" content=\"Ser integral\" \/>\n<meta property=\"article:published_time\" content=\"2021-10-17T12:00:50+00:00\" \/>\n<meta property=\"article:modified_time\" content=\"2022-05-31T16:23:11+00:00\" \/>\n<meta property=\"og:image\" content=\"https:\/\/fai.org.co\/serintegral\/wp-content\/uploads\/2021\/10\/la-neumonia-y-covid-19.jpg\" \/>\n\t<meta property=\"og:image:width\" content=\"539\" \/>\n\t<meta property=\"og:image:height\" content=\"369\" \/>\n<meta name=\"twitter:card\" content=\"summary_large_image\" \/>\n<meta name=\"twitter:label1\" content=\"Escrito por\" \/>\n\t<meta name=\"twitter:data1\" content=\"ser_integral\" \/>\n\t<meta name=\"twitter:label2\" content=\"Tiempo estimado de lectura\" \/>\n\t<meta name=\"twitter:data2\" content=\"3 minutos\" \/>\n<script type=\"application\/ld+json\" class=\"yoast-schema-graph\">{\"@context\":\"https:\/\/schema.org\",\"@graph\":[{\"@type\":\"WebSite\",\"@id\":\"https:\/\/fai.org.co\/serintegral\/#website\",\"url\":\"https:\/\/fai.org.co\/serintegral\/\",\"name\":\"Ser integral\",\"description\":\"\",\"potentialAction\":[{\"@type\":\"SearchAction\",\"target\":{\"@type\":\"EntryPoint\",\"urlTemplate\":\"https:\/\/fai.org.co\/serintegral\/?s={search_term_string}\"},\"query-input\":\"required name=search_term_string\"}],\"inLanguage\":\"es-CO\"},{\"@type\":\"ImageObject\",\"@id\":\"https:\/\/fai.org.co\/serintegral\/neumonia\/la-neumonia-y-covid-19\/#primaryimage\",\"inLanguage\":\"es-CO\",\"url\":\"https:\/\/fai.org.co\/serintegral\/wp-content\/uploads\/2021\/10\/la-neumonia-y-covid-19.jpg\",\"contentUrl\":\"https:\/\/fai.org.co\/serintegral\/wp-content\/uploads\/2021\/10\/la-neumonia-y-covid-19.jpg\",\"width\":539,\"height\":369,\"caption\":\"neumon\\u00eda\"},{\"@type\":\"WebPage\",\"@id\":\"https:\/\/fai.org.co\/serintegral\/neumonia\/la-neumonia-y-covid-19\/#webpage\",\"url\":\"https:\/\/fai.org.co\/serintegral\/neumonia\/la-neumonia-y-covid-19\/\",\"name\":\"La neumon\\u00eda y covid-19\",\"isPartOf\":{\"@id\":\"https:\/\/fai.org.co\/serintegral\/#website\"},\"primaryImageOfPage\":{\"@id\":\"https:\/\/fai.org.co\/serintegral\/neumonia\/la-neumonia-y-covid-19\/#primaryimage\"},\"datePublished\":\"2021-10-17T12:00:50+00:00\",\"dateModified\":\"2022-05-31T16:23:11+00:00\",\"author\":{\"@id\":\"https:\/\/fai.org.co\/serintegral\/#\/schema\/person\/07947feccb7e085e4a0897f398e7e09c\"},\"description\":\"Un elevado porcentaje de los pacientes a los que la COVID-19 les ha causado enfermedades graves, como neumon\\u00eda, contin\\u00faan con secuelas.\",\"breadcrumb\":{\"@id\":\"https:\/\/fai.org.co\/serintegral\/neumonia\/la-neumonia-y-covid-19\/#breadcrumb\"},\"inLanguage\":\"es-CO\",\"potentialAction\":[{\"@type\":\"ReadAction\",\"target\":[\"https:\/\/fai.org.co\/serintegral\/neumonia\/la-neumonia-y-covid-19\/\"]}]},{\"@type\":\"BreadcrumbList\",\"@id\":\"https:\/\/fai.org.co\/serintegral\/neumonia\/la-neumonia-y-covid-19\/#breadcrumb\",\"itemListElement\":[{\"@type\":\"ListItem\",\"position\":1,\"name\":\"Inicio\",\"item\":\"https:\/\/fai.org.co\/serintegral\/\"},{\"@type\":\"ListItem\",\"position\":2,\"name\":\"La neumon\\u00eda y covid-19\"}]},{\"@type\":\"Person\",\"@id\":\"https:\/\/fai.org.co\/serintegral\/#\/schema\/person\/07947feccb7e085e4a0897f398e7e09c\",\"name\":\"ser_integral\",\"image\":{\"@type\":\"ImageObject\",\"@id\":\"https:\/\/fai.org.co\/serintegral\/#personlogo\",\"inLanguage\":\"es-CO\",\"url\":\"https:\/\/secure.gravatar.com\/avatar\/d019f5050c26fda22d47330ce0f99cf86745e4f9d41b4f7de838ecf51eeb5eaa?s=96&d=mm&r=g\",\"contentUrl\":\"https:\/\/secure.gravatar.com\/avatar\/d019f5050c26fda22d47330ce0f99cf86745e4f9d41b4f7de838ecf51eeb5eaa?s=96&d=mm&r=g\",\"caption\":\"ser_integral\"},\"url\":\"https:\/\/fai.org.co\/serintegral\/author\/ser_integral\/\"}]}<\/script>\n<!-- \/ Yoast SEO plugin. -->","yoast_head_json":{"title":"La neumon\u00eda y covid-19","description":"Un elevado porcentaje de los pacientes a los que la COVID-19 les ha causado enfermedades graves, como neumon\u00eda, contin\u00faan con secuelas.","robots":{"index":"index","follow":"follow","max-snippet":"max-snippet:-1","max-image-preview":"max-image-preview:large","max-video-preview":"max-video-preview:-1"},"canonical":"https:\/\/fai.org.co\/serintegral\/neumonia\/la-neumonia-y-covid-19\/","og_locale":"es_ES","og_type":"article","og_title":"La neumon\u00eda y covid-19","og_description":"Un elevado porcentaje de los pacientes a los que la COVID-19 les ha causado enfermedades graves, como neumon\u00eda, contin\u00faan con secuelas.","og_url":"https:\/\/fai.org.co\/serintegral\/neumonia\/la-neumonia-y-covid-19\/","og_site_name":"Ser integral","article_published_time":"2021-10-17T12:00:50+00:00","article_modified_time":"2022-05-31T16:23:11+00:00","og_image":[{"width":539,"height":369,"url":"https:\/\/fai.org.co\/serintegral\/wp-content\/uploads\/2021\/10\/la-neumonia-y-covid-19.jpg","type":"image\/jpeg"}],"twitter_card":"summary_large_image","twitter_misc":{"Escrito por":"ser_integral","Tiempo estimado de lectura":"3 minutos"},"schema":{"@context":"https:\/\/schema.org","@graph":[{"@type":"WebSite","@id":"https:\/\/fai.org.co\/serintegral\/#website","url":"https:\/\/fai.org.co\/serintegral\/","name":"Ser integral","description":"","potentialAction":[{"@type":"SearchAction","target":{"@type":"EntryPoint","urlTemplate":"https:\/\/fai.org.co\/serintegral\/?s={search_term_string}"},"query-input":"required name=search_term_string"}],"inLanguage":"es-CO"},{"@type":"ImageObject","@id":"https:\/\/fai.org.co\/serintegral\/neumonia\/la-neumonia-y-covid-19\/#primaryimage","inLanguage":"es-CO","url":"https:\/\/fai.org.co\/serintegral\/wp-content\/uploads\/2021\/10\/la-neumonia-y-covid-19.jpg","contentUrl":"https:\/\/fai.org.co\/serintegral\/wp-content\/uploads\/2021\/10\/la-neumonia-y-covid-19.jpg","width":539,"height":369,"caption":"neumon\u00eda"},{"@type":"WebPage","@id":"https:\/\/fai.org.co\/serintegral\/neumonia\/la-neumonia-y-covid-19\/#webpage","url":"https:\/\/fai.org.co\/serintegral\/neumonia\/la-neumonia-y-covid-19\/","name":"La neumon\u00eda y covid-19","isPartOf":{"@id":"https:\/\/fai.org.co\/serintegral\/#website"},"primaryImageOfPage":{"@id":"https:\/\/fai.org.co\/serintegral\/neumonia\/la-neumonia-y-covid-19\/#primaryimage"},"datePublished":"2021-10-17T12:00:50+00:00","dateModified":"2022-05-31T16:23:11+00:00","author":{"@id":"https:\/\/fai.org.co\/serintegral\/#\/schema\/person\/07947feccb7e085e4a0897f398e7e09c"},"description":"Un elevado porcentaje de los pacientes a los que la COVID-19 les ha causado enfermedades graves, como neumon\u00eda, contin\u00faan con secuelas.","breadcrumb":{"@id":"https:\/\/fai.org.co\/serintegral\/neumonia\/la-neumonia-y-covid-19\/#breadcrumb"},"inLanguage":"es-CO","potentialAction":[{"@type":"ReadAction","target":["https:\/\/fai.org.co\/serintegral\/neumonia\/la-neumonia-y-covid-19\/"]}]},{"@type":"BreadcrumbList","@id":"https:\/\/fai.org.co\/serintegral\/neumonia\/la-neumonia-y-covid-19\/#breadcrumb","itemListElement":[{"@type":"ListItem","position":1,"name":"Inicio","item":"https:\/\/fai.org.co\/serintegral\/"},{"@type":"ListItem","position":2,"name":"La neumon\u00eda y covid-19"}]},{"@type":"Person","@id":"https:\/\/fai.org.co\/serintegral\/#\/schema\/person\/07947feccb7e085e4a0897f398e7e09c","name":"ser_integral","image":{"@type":"ImageObject","@id":"https:\/\/fai.org.co\/serintegral\/#personlogo","inLanguage":"es-CO","url":"https:\/\/secure.gravatar.com\/avatar\/d019f5050c26fda22d47330ce0f99cf86745e4f9d41b4f7de838ecf51eeb5eaa?s=96&d=mm&r=g","contentUrl":"https:\/\/secure.gravatar.com\/avatar\/d019f5050c26fda22d47330ce0f99cf86745e4f9d41b4f7de838ecf51eeb5eaa?s=96&d=mm&r=g","caption":"ser_integral"},"url":"https:\/\/fai.org.co\/serintegral\/author\/ser_integral\/"}]}},"jetpack_featured_media_url":"https:\/\/fai.org.co\/serintegral\/wp-content\/uploads\/2021\/10\/la-neumonia-y-covid-19.jpg","_links":{"self":[{"href":"https:\/\/fai.org.co\/serintegral\/wp-json\/wp\/v2\/posts\/1719","targetHints":{"allow":["GET"]}}],"collection":[{"href":"https:\/\/fai.org.co\/serintegral\/wp-json\/wp\/v2\/posts"}],"about":[{"href":"https:\/\/fai.org.co\/serintegral\/wp-json\/wp\/v2\/types\/post"}],"author":[{"embeddable":true,"href":"https:\/\/fai.org.co\/serintegral\/wp-json\/wp\/v2\/users\/2"}],"replies":[{"embeddable":true,"href":"https:\/\/fai.org.co\/serintegral\/wp-json\/wp\/v2\/comments?post=1719"}],"version-history":[{"count":8,"href":"https:\/\/fai.org.co\/serintegral\/wp-json\/wp\/v2\/posts\/1719\/revisions"}],"predecessor-version":[{"id":2130,"href":"https:\/\/fai.org.co\/serintegral\/wp-json\/wp\/v2\/posts\/1719\/revisions\/2130"}],"wp:featuredmedia":[{"embeddable":true,"href":"https:\/\/fai.org.co\/serintegral\/wp-json\/wp\/v2\/media\/1725"}],"wp:attachment":[{"href":"https:\/\/fai.org.co\/serintegral\/wp-json\/wp\/v2\/media?parent=1719"}],"wp:term":[{"taxonomy":"category","embeddable":true,"href":"https:\/\/fai.org.co\/serintegral\/wp-json\/wp\/v2\/categories?post=1719"},{"taxonomy":"post_tag","embeddable":true,"href":"https:\/\/fai.org.co\/serintegral\/wp-json\/wp\/v2\/tags?post=1719"}],"curies":[{"name":"wp","href":"https:\/\/api.w.org\/{rel}","templated":true}]}}