{"id":1720,"date":"2021-10-16T09:00:52","date_gmt":"2021-10-16T14:00:52","guid":{"rendered":"https:\/\/fai.org.co\/serintegral\/?p=1720"},"modified":"2022-05-31T11:26:05","modified_gmt":"2022-05-31T16:26:05","slug":"principales-causas-de-la-neumonia","status":"publish","type":"post","link":"https:\/\/fai.org.co\/serintegral\/neumonia\/principales-causas-de-la-neumonia\/","title":{"rendered":"Principales causas de la neumon\u00eda"},"content":{"rendered":"<h2>Muchos g\u00e9rmenes pueden causar neumon\u00eda. Los m\u00e1s comunes son las bacterias y los virus en el aire que respiramos. El cuerpo normalmente evita que estos g\u00e9rmenes infecten los pulmones. Pero a veces estos g\u00e9rmenes pueden dominar tu sistema inmunitario, incluso si tu salud es generalmente buena.<\/h2>\n<p>La neumon\u00eda se clasifica seg\u00fan los tipos de g\u00e9rmenes que la causan y el lugar donde se contrajo la infecci\u00f3n.<\/p>\n<h3><strong>Neumon\u00eda adquirida en la comunidad:<\/strong><\/h3>\n<p>La neumon\u00eda adquirida en la comunidad es el tipo m\u00e1s com\u00fan de neumon\u00eda. Ocurre fuera de los hospitales u otros centros de atenci\u00f3n de la salud. Puede ser causada por lo siguiente:<\/p>\n<ul>\n<li>\n<h4><strong>Bacterias:<\/strong><\/h4>\n<\/li>\n<\/ul>\n<p style=\"padding-left: 40px;\">La causa m\u00e1s com\u00fan de la neumon\u00eda bacteriana en los Estados Unidos es el <em>Streptococcus pneumoniae<\/em>. Este tipo de neumon\u00eda puede ocurrir por s\u00ed sola o despu\u00e9s de haber tenido un resfriado o una gripe. Puede afectar una parte (l\u00f3bulo) del pulm\u00f3n, una afecci\u00f3n llamada neumon\u00eda lobular.<\/p>\n<ul>\n<li>\n<h4><strong>Organismos similares a las bacterias:<\/strong><\/h4>\n<\/li>\n<\/ul>\n<p style=\"padding-left: 40px;\"><em>Mycoplasma pneumoniae<\/em> tambi\u00e9n puede causar neumon\u00eda. T\u00edpicamente produce s\u00edntomas m\u00e1s leves que otros tipos de neumon\u00eda. La neumon\u00eda ambulatoria es un nombre informal que se le da a este tipo de neumon\u00eda, que t\u00edpicamente no es lo suficientemente grave como para requerir reposo en cama.<\/p>\n<ul>\n<li>\n<h4><strong>Hongos:<\/strong><\/h4>\n<\/li>\n<\/ul>\n<p style=\"padding-left: 40px;\">Este tipo de neumon\u00eda es m\u00e1s com\u00fan en personas con problemas de salud cr\u00f3nicos o sistemas inmunitarios debilitados, y en personas que han inhalado grandes dosis de los organismos. Los hongos que lo causan pueden encontrarse en el suelo o en los excrementos de las aves y var\u00edan seg\u00fan la ubicaci\u00f3n geogr\u00e1fica.<\/p>\n<ul>\n<li>\n<h4><strong>Virus, incluso COVID-19:<\/strong><\/h4>\n<\/li>\n<\/ul>\n<p style=\"padding-left: 40px;\">Algunos de los virus que causan resfriados y gripe pueden causar neumon\u00eda. Los virus son la causa m\u00e1s com\u00fan de neumon\u00eda en ni\u00f1os menores de 5 a\u00f1os. La neumon\u00eda viral suele ser leve. Pero en algunos casos puede llegar a ser muy grave. El coronavirus 2019 (COVID-19) puede causar neumon\u00eda, que puede llegar a ser grave.<\/p>\n<h3><strong>Neumon\u00eda adquirida en el hospital:<\/strong><\/h3>\n<p>Algunas personas contraen neumon\u00eda durante una hospitalizaci\u00f3n por otra enfermedad. La neumon\u00eda adquirida en el hospital puede ser grave porque la bacteria que la causa puede ser m\u00e1s resistente a los antibi\u00f3ticos y porque las personas que la contraen ya est\u00e1n enfermas. <strong>Las personas que utilizan respiradores (ventiladores), que suelen utilizarse en las unidades de cuidados intensivos, corren un mayor riesgo de tener este tipo de neumon\u00eda.<\/strong><\/p>\n<h3><strong>Neumon\u00eda adquirida en la atenci\u00f3n m\u00e9dica:<\/strong><\/h3>\n<p>La neumon\u00eda adquirida en la atenci\u00f3n m\u00e9dica es una infecci\u00f3n bacteriana que se produce en personas que viven en centros de atenci\u00f3n a largo plazo o que reciben atenci\u00f3n en cl\u00ednicas ambulatorias, incluidos los centros de di\u00e1lisis renal. Al igual que la neumon\u00eda adquirida en el hospital, la neumon\u00eda adquirida en la atenci\u00f3n m\u00e9dica puede ser causada por bacterias m\u00e1s resistentes a los antibi\u00f3ticos.<\/p>\n<h3><strong>Neumon\u00eda por aspiraci\u00f3n:<\/strong><\/h3>\n<p>La neumon\u00eda por aspiraci\u00f3n se produce cuando se inhalan alimentos, bebidas, v\u00f3mitos o saliva y estos penetran en los pulmones. La aspiraci\u00f3n es m\u00e1s probable si algo perturba el reflejo nauseoso normal, como una lesi\u00f3n cerebral o un problema de degluci\u00f3n, o el uso excesivo de alcohol o drogas.<\/p>\n<hr \/>\n<p>Fuente:<\/p>\n<ul>\n<li>https:\/\/www.mayoclinic.org\/es-es\/diseases-conditions\/pneumonia\/symptoms-causes\/syc-20354204<\/li>\n<\/ul>\n<p><img loading=\"lazy\" decoding=\"async\" class=\" wp-image-2117 aligncenter\" src=\"https:\/\/fai.org.co\/serintegral\/wp-content\/uploads\/2021\/10\/Agregar-un-titulo-300x169.jpg\" alt=\"\" width=\"380\" height=\"214\" srcset=\"https:\/\/fai.org.co\/serintegral\/wp-content\/uploads\/2021\/10\/Agregar-un-titulo-300x169.jpg 300w, https:\/\/fai.org.co\/serintegral\/wp-content\/uploads\/2021\/10\/Agregar-un-titulo-1024x576.jpg 1024w, https:\/\/fai.org.co\/serintegral\/wp-content\/uploads\/2021\/10\/Agregar-un-titulo-768x432.jpg 768w, https:\/\/fai.org.co\/serintegral\/wp-content\/uploads\/2021\/10\/Agregar-un-titulo-1536x864.jpg 1536w, https:\/\/fai.org.co\/serintegral\/wp-content\/uploads\/2021\/10\/Agregar-un-titulo.jpg 1920w\" sizes=\"auto, (max-width: 380px) 100vw, 380px\" \/><\/p>\n","protected":false},"excerpt":{"rendered":"<p>Muchos g\u00e9rmenes pueden causar neumon\u00eda. Los m\u00e1s comunes son las bacterias y los virus en el aire que respiramos. El cuerpo normalmente evita que estos g\u00e9rmenes infecten los pulmones. Pero a veces estos g\u00e9rmenes pueden dominar tu sistema inmunitario, incluso si tu salud es generalmente buena. La neumon\u00eda se clasifica seg\u00fan los tipos de g\u00e9rmenes [&hellip;]<\/p>\n","protected":false},"author":2,"featured_media":1727,"comment_status":"open","ping_status":"open","sticky":false,"template":"","format":"standard","meta":{"_monsterinsights_skip_tracking":false,"_monsterinsights_sitenote_active":false,"_monsterinsights_sitenote_note":"","_monsterinsights_sitenote_category":0,"spay_email":"","footnotes":""},"categories":[10],"tags":[],"class_list":["post-1720","post","type-post","status-publish","format-standard","has-post-thumbnail","hentry","category-neumonia"],"aioseo_notices":[],"yoast_head":"<!-- This site is optimized with the Yoast SEO plugin v17.5 - https:\/\/yoast.com\/wordpress\/plugins\/seo\/ -->\n<title>Principales causas de la neumon\u00eda<\/title>\n<meta name=\"description\" content=\"Muchos g\u00e9rmenes pueden causar neumon\u00eda. Los m\u00e1s comunes son las bacterias y los virus en el aire que respiramos.\" \/>\n<meta name=\"robots\" content=\"index, follow, max-snippet:-1, max-image-preview:large, max-video-preview:-1\" \/>\n<link rel=\"canonical\" href=\"https:\/\/fai.org.co\/serintegral\/neumonia\/principales-causas-de-la-neumonia\/\" \/>\n<meta property=\"og:locale\" content=\"es_ES\" \/>\n<meta property=\"og:type\" content=\"article\" \/>\n<meta property=\"og:title\" content=\"Principales causas de la neumon\u00eda\" \/>\n<meta property=\"og:description\" content=\"Muchos g\u00e9rmenes pueden causar neumon\u00eda. Los m\u00e1s comunes son las bacterias y los virus en el aire que respiramos.\" \/>\n<meta property=\"og:url\" content=\"https:\/\/fai.org.co\/serintegral\/neumonia\/principales-causas-de-la-neumonia\/\" \/>\n<meta property=\"og:site_name\" content=\"Ser integral\" \/>\n<meta property=\"article:published_time\" content=\"2021-10-16T14:00:52+00:00\" \/>\n<meta property=\"article:modified_time\" content=\"2022-05-31T16:26:05+00:00\" \/>\n<meta property=\"og:image\" content=\"https:\/\/fai.org.co\/serintegral\/wp-content\/uploads\/2021\/10\/principales-causas-de-la-neumonia.jpg\" \/>\n\t<meta property=\"og:image:width\" content=\"539\" \/>\n\t<meta property=\"og:image:height\" content=\"369\" \/>\n<meta name=\"twitter:card\" content=\"summary_large_image\" \/>\n<meta name=\"twitter:label1\" content=\"Escrito por\" \/>\n\t<meta name=\"twitter:data1\" content=\"ser_integral\" \/>\n\t<meta name=\"twitter:label2\" content=\"Tiempo estimado de lectura\" \/>\n\t<meta name=\"twitter:data2\" content=\"3 minutos\" \/>\n<script type=\"application\/ld+json\" class=\"yoast-schema-graph\">{\"@context\":\"https:\/\/schema.org\",\"@graph\":[{\"@type\":\"WebSite\",\"@id\":\"https:\/\/fai.org.co\/serintegral\/#website\",\"url\":\"https:\/\/fai.org.co\/serintegral\/\",\"name\":\"Ser integral\",\"description\":\"\",\"potentialAction\":[{\"@type\":\"SearchAction\",\"target\":{\"@type\":\"EntryPoint\",\"urlTemplate\":\"https:\/\/fai.org.co\/serintegral\/?s={search_term_string}\"},\"query-input\":\"required name=search_term_string\"}],\"inLanguage\":\"es-CO\"},{\"@type\":\"ImageObject\",\"@id\":\"https:\/\/fai.org.co\/serintegral\/neumonia\/principales-causas-de-la-neumonia\/#primaryimage\",\"inLanguage\":\"es-CO\",\"url\":\"https:\/\/fai.org.co\/serintegral\/wp-content\/uploads\/2021\/10\/principales-causas-de-la-neumonia.jpg\",\"contentUrl\":\"https:\/\/fai.org.co\/serintegral\/wp-content\/uploads\/2021\/10\/principales-causas-de-la-neumonia.jpg\",\"width\":539,\"height\":369,\"caption\":\"neumonia\"},{\"@type\":\"WebPage\",\"@id\":\"https:\/\/fai.org.co\/serintegral\/neumonia\/principales-causas-de-la-neumonia\/#webpage\",\"url\":\"https:\/\/fai.org.co\/serintegral\/neumonia\/principales-causas-de-la-neumonia\/\",\"name\":\"Principales causas de la neumon\\u00eda\",\"isPartOf\":{\"@id\":\"https:\/\/fai.org.co\/serintegral\/#website\"},\"primaryImageOfPage\":{\"@id\":\"https:\/\/fai.org.co\/serintegral\/neumonia\/principales-causas-de-la-neumonia\/#primaryimage\"},\"datePublished\":\"2021-10-16T14:00:52+00:00\",\"dateModified\":\"2022-05-31T16:26:05+00:00\",\"author\":{\"@id\":\"https:\/\/fai.org.co\/serintegral\/#\/schema\/person\/07947feccb7e085e4a0897f398e7e09c\"},\"description\":\"Muchos g\\u00e9rmenes pueden causar neumon\\u00eda. Los m\\u00e1s comunes son las bacterias y los virus en el aire que respiramos.\",\"breadcrumb\":{\"@id\":\"https:\/\/fai.org.co\/serintegral\/neumonia\/principales-causas-de-la-neumonia\/#breadcrumb\"},\"inLanguage\":\"es-CO\",\"potentialAction\":[{\"@type\":\"ReadAction\",\"target\":[\"https:\/\/fai.org.co\/serintegral\/neumonia\/principales-causas-de-la-neumonia\/\"]}]},{\"@type\":\"BreadcrumbList\",\"@id\":\"https:\/\/fai.org.co\/serintegral\/neumonia\/principales-causas-de-la-neumonia\/#breadcrumb\",\"itemListElement\":[{\"@type\":\"ListItem\",\"position\":1,\"name\":\"Inicio\",\"item\":\"https:\/\/fai.org.co\/serintegral\/\"},{\"@type\":\"ListItem\",\"position\":2,\"name\":\"Principales causas de la neumon\\u00eda\"}]},{\"@type\":\"Person\",\"@id\":\"https:\/\/fai.org.co\/serintegral\/#\/schema\/person\/07947feccb7e085e4a0897f398e7e09c\",\"name\":\"ser_integral\",\"image\":{\"@type\":\"ImageObject\",\"@id\":\"https:\/\/fai.org.co\/serintegral\/#personlogo\",\"inLanguage\":\"es-CO\",\"url\":\"https:\/\/secure.gravatar.com\/avatar\/d019f5050c26fda22d47330ce0f99cf86745e4f9d41b4f7de838ecf51eeb5eaa?s=96&d=mm&r=g\",\"contentUrl\":\"https:\/\/secure.gravatar.com\/avatar\/d019f5050c26fda22d47330ce0f99cf86745e4f9d41b4f7de838ecf51eeb5eaa?s=96&d=mm&r=g\",\"caption\":\"ser_integral\"},\"url\":\"https:\/\/fai.org.co\/serintegral\/author\/ser_integral\/\"}]}<\/script>\n<!-- \/ Yoast SEO plugin. -->","yoast_head_json":{"title":"Principales causas de la neumon\u00eda","description":"Muchos g\u00e9rmenes pueden causar neumon\u00eda. Los m\u00e1s comunes son las bacterias y los virus en el aire que respiramos.","robots":{"index":"index","follow":"follow","max-snippet":"max-snippet:-1","max-image-preview":"max-image-preview:large","max-video-preview":"max-video-preview:-1"},"canonical":"https:\/\/fai.org.co\/serintegral\/neumonia\/principales-causas-de-la-neumonia\/","og_locale":"es_ES","og_type":"article","og_title":"Principales causas de la neumon\u00eda","og_description":"Muchos g\u00e9rmenes pueden causar neumon\u00eda. Los m\u00e1s comunes son las bacterias y los virus en el aire que respiramos.","og_url":"https:\/\/fai.org.co\/serintegral\/neumonia\/principales-causas-de-la-neumonia\/","og_site_name":"Ser integral","article_published_time":"2021-10-16T14:00:52+00:00","article_modified_time":"2022-05-31T16:26:05+00:00","og_image":[{"width":539,"height":369,"url":"https:\/\/fai.org.co\/serintegral\/wp-content\/uploads\/2021\/10\/principales-causas-de-la-neumonia.jpg","type":"image\/jpeg"}],"twitter_card":"summary_large_image","twitter_misc":{"Escrito por":"ser_integral","Tiempo estimado de lectura":"3 minutos"},"schema":{"@context":"https:\/\/schema.org","@graph":[{"@type":"WebSite","@id":"https:\/\/fai.org.co\/serintegral\/#website","url":"https:\/\/fai.org.co\/serintegral\/","name":"Ser integral","description":"","potentialAction":[{"@type":"SearchAction","target":{"@type":"EntryPoint","urlTemplate":"https:\/\/fai.org.co\/serintegral\/?s={search_term_string}"},"query-input":"required name=search_term_string"}],"inLanguage":"es-CO"},{"@type":"ImageObject","@id":"https:\/\/fai.org.co\/serintegral\/neumonia\/principales-causas-de-la-neumonia\/#primaryimage","inLanguage":"es-CO","url":"https:\/\/fai.org.co\/serintegral\/wp-content\/uploads\/2021\/10\/principales-causas-de-la-neumonia.jpg","contentUrl":"https:\/\/fai.org.co\/serintegral\/wp-content\/uploads\/2021\/10\/principales-causas-de-la-neumonia.jpg","width":539,"height":369,"caption":"neumonia"},{"@type":"WebPage","@id":"https:\/\/fai.org.co\/serintegral\/neumonia\/principales-causas-de-la-neumonia\/#webpage","url":"https:\/\/fai.org.co\/serintegral\/neumonia\/principales-causas-de-la-neumonia\/","name":"Principales causas de la neumon\u00eda","isPartOf":{"@id":"https:\/\/fai.org.co\/serintegral\/#website"},"primaryImageOfPage":{"@id":"https:\/\/fai.org.co\/serintegral\/neumonia\/principales-causas-de-la-neumonia\/#primaryimage"},"datePublished":"2021-10-16T14:00:52+00:00","dateModified":"2022-05-31T16:26:05+00:00","author":{"@id":"https:\/\/fai.org.co\/serintegral\/#\/schema\/person\/07947feccb7e085e4a0897f398e7e09c"},"description":"Muchos g\u00e9rmenes pueden causar neumon\u00eda. Los m\u00e1s comunes son las bacterias y los virus en el aire que respiramos.","breadcrumb":{"@id":"https:\/\/fai.org.co\/serintegral\/neumonia\/principales-causas-de-la-neumonia\/#breadcrumb"},"inLanguage":"es-CO","potentialAction":[{"@type":"ReadAction","target":["https:\/\/fai.org.co\/serintegral\/neumonia\/principales-causas-de-la-neumonia\/"]}]},{"@type":"BreadcrumbList","@id":"https:\/\/fai.org.co\/serintegral\/neumonia\/principales-causas-de-la-neumonia\/#breadcrumb","itemListElement":[{"@type":"ListItem","position":1,"name":"Inicio","item":"https:\/\/fai.org.co\/serintegral\/"},{"@type":"ListItem","position":2,"name":"Principales causas de la neumon\u00eda"}]},{"@type":"Person","@id":"https:\/\/fai.org.co\/serintegral\/#\/schema\/person\/07947feccb7e085e4a0897f398e7e09c","name":"ser_integral","image":{"@type":"ImageObject","@id":"https:\/\/fai.org.co\/serintegral\/#personlogo","inLanguage":"es-CO","url":"https:\/\/secure.gravatar.com\/avatar\/d019f5050c26fda22d47330ce0f99cf86745e4f9d41b4f7de838ecf51eeb5eaa?s=96&d=mm&r=g","contentUrl":"https:\/\/secure.gravatar.com\/avatar\/d019f5050c26fda22d47330ce0f99cf86745e4f9d41b4f7de838ecf51eeb5eaa?s=96&d=mm&r=g","caption":"ser_integral"},"url":"https:\/\/fai.org.co\/serintegral\/author\/ser_integral\/"}]}},"jetpack_featured_media_url":"https:\/\/fai.org.co\/serintegral\/wp-content\/uploads\/2021\/10\/principales-causas-de-la-neumonia.jpg","_links":{"self":[{"href":"https:\/\/fai.org.co\/serintegral\/wp-json\/wp\/v2\/posts\/1720","targetHints":{"allow":["GET"]}}],"collection":[{"href":"https:\/\/fai.org.co\/serintegral\/wp-json\/wp\/v2\/posts"}],"about":[{"href":"https:\/\/fai.org.co\/serintegral\/wp-json\/wp\/v2\/types\/post"}],"author":[{"embeddable":true,"href":"https:\/\/fai.org.co\/serintegral\/wp-json\/wp\/v2\/users\/2"}],"replies":[{"embeddable":true,"href":"https:\/\/fai.org.co\/serintegral\/wp-json\/wp\/v2\/comments?post=1720"}],"version-history":[{"count":3,"href":"https:\/\/fai.org.co\/serintegral\/wp-json\/wp\/v2\/posts\/1720\/revisions"}],"predecessor-version":[{"id":2132,"href":"https:\/\/fai.org.co\/serintegral\/wp-json\/wp\/v2\/posts\/1720\/revisions\/2132"}],"wp:featuredmedia":[{"embeddable":true,"href":"https:\/\/fai.org.co\/serintegral\/wp-json\/wp\/v2\/media\/1727"}],"wp:attachment":[{"href":"https:\/\/fai.org.co\/serintegral\/wp-json\/wp\/v2\/media?parent=1720"}],"wp:term":[{"taxonomy":"category","embeddable":true,"href":"https:\/\/fai.org.co\/serintegral\/wp-json\/wp\/v2\/categories?post=1720"},{"taxonomy":"post_tag","embeddable":true,"href":"https:\/\/fai.org.co\/serintegral\/wp-json\/wp\/v2\/tags?post=1720"}],"curies":[{"name":"wp","href":"https:\/\/api.w.org\/{rel}","templated":true}]}}