{"id":1721,"date":"2021-10-11T08:00:55","date_gmt":"2021-10-11T13:00:55","guid":{"rendered":"https:\/\/fai.org.co\/serintegral\/?p=1721"},"modified":"2022-05-31T11:40:39","modified_gmt":"2022-05-31T16:40:39","slug":"que-es-la-neumonia","status":"publish","type":"post","link":"https:\/\/fai.org.co\/serintegral\/neumonia\/que-es-la-neumonia\/","title":{"rendered":"Qu\u00e9 es la neumon\u00eda"},"content":{"rendered":"<h2>La neumon\u00eda es una infecci\u00f3n que inflama los sacos a\u00e9reos de uno o ambos pulmones. Los sacos a\u00e9reos se pueden llenar de l\u00edquido o pus (material purulento), lo que provoca tos con flema o pus, fiebre, escalofr\u00edos y dificultad para respirar. Diversos microrganismos, como bacterias, virus y hongos, pueden provocar neumon\u00eda.<\/h2>\n<p>La neumon\u00eda puede variar en gravedad desde suave a potencialmente mortal. Es m\u00e1s grave en beb\u00e9s y ni\u00f1os peque\u00f1os, personas mayores a 65 a\u00f1os, y personas con problemas de salud o sistemas inmunitarios debilitados.<\/p>\n<h3><strong>S\u00edntomas<\/strong><\/h3>\n<p>Los signos y s\u00edntomas de la neumon\u00eda var\u00edan de moderados a graves y dependen de varios factores, como el tipo de germen que caus\u00f3 la infecci\u00f3n, tu edad y tu salud en general. Los signos y s\u00edntomas moderados suelen ser similares a los de un resfr\u00edo o una gripe, pero duran m\u00e1s tiempo.<\/p>\n<h4 style=\"padding-left: 40px;\">Los signos y s\u00edntomas de la neumon\u00eda pueden incluir lo siguiente:<\/h4>\n<ul>\n<li>Dolor en el pecho al respirar o toser<\/li>\n<li>Desorientaci\u00f3n o cambios de percepci\u00f3n mental (en adultos de 65 a\u00f1os o m\u00e1s)<\/li>\n<li>Tos que puede producir flema<\/li>\n<li>Fatiga<\/li>\n<li>Fiebre, transpiraci\u00f3n y escalofr\u00edos con temblor<\/li>\n<li>Temperatura corporal m\u00e1s baja de lo normal (en adultos mayores de 65 a\u00f1os y personas con un sistema inmunitario d\u00e9bil)<\/li>\n<li>N\u00e1useas, v\u00f3mitos o diarrea<\/li>\n<li>Dificultad para respirar<\/li>\n<\/ul>\n<p>Puede que los reci\u00e9n nacidos y beb\u00e9s no muestren signos de estar sufriendo la infecci\u00f3n. O bien, pueden vomitar, tener fiebre y tos, parecer inquietos o cansados y sin energ\u00eda, o presentar dificultad para respirar y comer.<\/p>\n<h3><strong>Cu\u00e1ndo consultar al m\u00e9dico<\/strong><\/h3>\n<p>Consulta con tu m\u00e9dico si tienes dificultad para respirar, dolor en el pecho, fiebre persistente de (39\u00baC) o superior, o tos persistente, sobre todo si tienes tos con pus.<\/p>\n<p>Es muy importante que las personas que pertenecen a los siguientes grupos de riesgo consulten al m\u00e9dico:<\/p>\n<ul>\n<li>Adultos mayores de 65 a\u00f1os<\/li>\n<li>Ni\u00f1os menores de 2 a\u00f1os con signos y s\u00edntomas<\/li>\n<li>Personas con alguna afecci\u00f3n de salud no diagnosticada o con el sistema inmunitario debilitado<\/li>\n<li>Personas que reciben quimioterapia o toman medicamentos que inhiben el sistema inmunitario<\/li>\n<\/ul>\n<p>Para algunos adultos mayores y personas con insuficiencia card\u00edaca o problemas pulmonares cr\u00f3nicos, la neumon\u00eda puede convertirse r\u00e1pidamente en una afecci\u00f3n potencialmente mortal.<\/p>\n<hr \/>\n<p>Fuente:<\/p>\n<ul>\n<li>https:\/\/www.intramed.net\/contenidover.asp?contenidoid=95646<\/li>\n<li>https:\/\/www.who.int\/es\/news-room\/fact-sheets\/detail\/pneumonia<\/li>\n<\/ul>\n<p>&nbsp;<\/p>\n<p><img loading=\"lazy\" decoding=\"async\" class=\" wp-image-2117 aligncenter\" src=\"https:\/\/fai.org.co\/serintegral\/wp-content\/uploads\/2021\/10\/Agregar-un-titulo-300x169.jpg\" alt=\"\" width=\"380\" height=\"214\" srcset=\"https:\/\/fai.org.co\/serintegral\/wp-content\/uploads\/2021\/10\/Agregar-un-titulo-300x169.jpg 300w, https:\/\/fai.org.co\/serintegral\/wp-content\/uploads\/2021\/10\/Agregar-un-titulo-1024x576.jpg 1024w, https:\/\/fai.org.co\/serintegral\/wp-content\/uploads\/2021\/10\/Agregar-un-titulo-768x432.jpg 768w, https:\/\/fai.org.co\/serintegral\/wp-content\/uploads\/2021\/10\/Agregar-un-titulo-1536x864.jpg 1536w, https:\/\/fai.org.co\/serintegral\/wp-content\/uploads\/2021\/10\/Agregar-un-titulo.jpg 1920w\" sizes=\"auto, (max-width: 380px) 100vw, 380px\" \/><\/p>\n","protected":false},"excerpt":{"rendered":"<p>La neumon\u00eda es una infecci\u00f3n que inflama los sacos a\u00e9reos de uno o ambos pulmones. Los sacos a\u00e9reos se pueden llenar de l\u00edquido o pus (material purulento), lo que provoca tos con flema o pus, fiebre, escalofr\u00edos y dificultad para respirar. Diversos microrganismos, como bacterias, virus y hongos, pueden provocar neumon\u00eda. La neumon\u00eda puede variar [&hellip;]<\/p>\n","protected":false},"author":2,"featured_media":1729,"comment_status":"open","ping_status":"open","sticky":false,"template":"","format":"standard","meta":{"_monsterinsights_skip_tracking":false,"_monsterinsights_sitenote_active":false,"_monsterinsights_sitenote_note":"","_monsterinsights_sitenote_category":0,"spay_email":"","footnotes":""},"categories":[10],"tags":[],"class_list":["post-1721","post","type-post","status-publish","format-standard","has-post-thumbnail","hentry","category-neumonia"],"aioseo_notices":[],"yoast_head":"<!-- This site is optimized with the Yoast SEO plugin v17.5 - https:\/\/yoast.com\/wordpress\/plugins\/seo\/ -->\n<title>Qu\u00e9 es la neumon\u00eda<\/title>\n<meta name=\"description\" content=\"La neumon\u00eda es una infecci\u00f3n que inflama los sacos a\u00e9reos de uno o ambos pulmones. Los sacos a\u00e9reos se pueden llenar de l\u00edquido o pus.\" \/>\n<meta name=\"robots\" content=\"index, follow, max-snippet:-1, max-image-preview:large, max-video-preview:-1\" \/>\n<link rel=\"canonical\" href=\"https:\/\/fai.org.co\/serintegral\/neumonia\/que-es-la-neumonia\/\" \/>\n<meta property=\"og:locale\" content=\"es_ES\" \/>\n<meta property=\"og:type\" content=\"article\" \/>\n<meta property=\"og:title\" content=\"Qu\u00e9 es la neumon\u00eda\" \/>\n<meta property=\"og:description\" content=\"La neumon\u00eda es una infecci\u00f3n que inflama los sacos a\u00e9reos de uno o ambos pulmones. Los sacos a\u00e9reos se pueden llenar de l\u00edquido o pus.\" \/>\n<meta property=\"og:url\" content=\"https:\/\/fai.org.co\/serintegral\/neumonia\/que-es-la-neumonia\/\" \/>\n<meta property=\"og:site_name\" content=\"Ser integral\" \/>\n<meta property=\"article:published_time\" content=\"2021-10-11T13:00:55+00:00\" \/>\n<meta property=\"article:modified_time\" content=\"2022-05-31T16:40:39+00:00\" \/>\n<meta property=\"og:image\" content=\"https:\/\/fai.org.co\/serintegral\/wp-content\/uploads\/2021\/10\/que-es-la-neumonia.jpg\" \/>\n\t<meta property=\"og:image:width\" content=\"539\" \/>\n\t<meta property=\"og:image:height\" content=\"369\" \/>\n<meta name=\"twitter:card\" content=\"summary_large_image\" \/>\n<meta name=\"twitter:label1\" content=\"Escrito por\" \/>\n\t<meta name=\"twitter:data1\" content=\"ser_integral\" \/>\n\t<meta name=\"twitter:label2\" content=\"Tiempo estimado de lectura\" \/>\n\t<meta name=\"twitter:data2\" content=\"2 minutos\" \/>\n<script type=\"application\/ld+json\" class=\"yoast-schema-graph\">{\"@context\":\"https:\/\/schema.org\",\"@graph\":[{\"@type\":\"WebSite\",\"@id\":\"https:\/\/fai.org.co\/serintegral\/#website\",\"url\":\"https:\/\/fai.org.co\/serintegral\/\",\"name\":\"Ser integral\",\"description\":\"\",\"potentialAction\":[{\"@type\":\"SearchAction\",\"target\":{\"@type\":\"EntryPoint\",\"urlTemplate\":\"https:\/\/fai.org.co\/serintegral\/?s={search_term_string}\"},\"query-input\":\"required name=search_term_string\"}],\"inLanguage\":\"es-CO\"},{\"@type\":\"ImageObject\",\"@id\":\"https:\/\/fai.org.co\/serintegral\/neumonia\/que-es-la-neumonia\/#primaryimage\",\"inLanguage\":\"es-CO\",\"url\":\"https:\/\/fai.org.co\/serintegral\/wp-content\/uploads\/2021\/10\/que-es-la-neumonia.jpg\",\"contentUrl\":\"https:\/\/fai.org.co\/serintegral\/wp-content\/uploads\/2021\/10\/que-es-la-neumonia.jpg\",\"width\":539,\"height\":369,\"caption\":\"VRS\"},{\"@type\":\"WebPage\",\"@id\":\"https:\/\/fai.org.co\/serintegral\/neumonia\/que-es-la-neumonia\/#webpage\",\"url\":\"https:\/\/fai.org.co\/serintegral\/neumonia\/que-es-la-neumonia\/\",\"name\":\"Qu\\u00e9 es la neumon\\u00eda\",\"isPartOf\":{\"@id\":\"https:\/\/fai.org.co\/serintegral\/#website\"},\"primaryImageOfPage\":{\"@id\":\"https:\/\/fai.org.co\/serintegral\/neumonia\/que-es-la-neumonia\/#primaryimage\"},\"datePublished\":\"2021-10-11T13:00:55+00:00\",\"dateModified\":\"2022-05-31T16:40:39+00:00\",\"author\":{\"@id\":\"https:\/\/fai.org.co\/serintegral\/#\/schema\/person\/07947feccb7e085e4a0897f398e7e09c\"},\"description\":\"La neumon\\u00eda es una infecci\\u00f3n que inflama los sacos a\\u00e9reos de uno o ambos pulmones. Los sacos a\\u00e9reos se pueden llenar de l\\u00edquido o pus.\",\"breadcrumb\":{\"@id\":\"https:\/\/fai.org.co\/serintegral\/neumonia\/que-es-la-neumonia\/#breadcrumb\"},\"inLanguage\":\"es-CO\",\"potentialAction\":[{\"@type\":\"ReadAction\",\"target\":[\"https:\/\/fai.org.co\/serintegral\/neumonia\/que-es-la-neumonia\/\"]}]},{\"@type\":\"BreadcrumbList\",\"@id\":\"https:\/\/fai.org.co\/serintegral\/neumonia\/que-es-la-neumonia\/#breadcrumb\",\"itemListElement\":[{\"@type\":\"ListItem\",\"position\":1,\"name\":\"Inicio\",\"item\":\"https:\/\/fai.org.co\/serintegral\/\"},{\"@type\":\"ListItem\",\"position\":2,\"name\":\"Qu\\u00e9 es la neumon\\u00eda\"}]},{\"@type\":\"Person\",\"@id\":\"https:\/\/fai.org.co\/serintegral\/#\/schema\/person\/07947feccb7e085e4a0897f398e7e09c\",\"name\":\"ser_integral\",\"image\":{\"@type\":\"ImageObject\",\"@id\":\"https:\/\/fai.org.co\/serintegral\/#personlogo\",\"inLanguage\":\"es-CO\",\"url\":\"https:\/\/secure.gravatar.com\/avatar\/d019f5050c26fda22d47330ce0f99cf86745e4f9d41b4f7de838ecf51eeb5eaa?s=96&d=mm&r=g\",\"contentUrl\":\"https:\/\/secure.gravatar.com\/avatar\/d019f5050c26fda22d47330ce0f99cf86745e4f9d41b4f7de838ecf51eeb5eaa?s=96&d=mm&r=g\",\"caption\":\"ser_integral\"},\"url\":\"https:\/\/fai.org.co\/serintegral\/author\/ser_integral\/\"}]}<\/script>\n<!-- \/ Yoast SEO plugin. -->","yoast_head_json":{"title":"Qu\u00e9 es la neumon\u00eda","description":"La neumon\u00eda es una infecci\u00f3n que inflama los sacos a\u00e9reos de uno o ambos pulmones. Los sacos a\u00e9reos se pueden llenar de l\u00edquido o pus.","robots":{"index":"index","follow":"follow","max-snippet":"max-snippet:-1","max-image-preview":"max-image-preview:large","max-video-preview":"max-video-preview:-1"},"canonical":"https:\/\/fai.org.co\/serintegral\/neumonia\/que-es-la-neumonia\/","og_locale":"es_ES","og_type":"article","og_title":"Qu\u00e9 es la neumon\u00eda","og_description":"La neumon\u00eda es una infecci\u00f3n que inflama los sacos a\u00e9reos de uno o ambos pulmones. Los sacos a\u00e9reos se pueden llenar de l\u00edquido o pus.","og_url":"https:\/\/fai.org.co\/serintegral\/neumonia\/que-es-la-neumonia\/","og_site_name":"Ser integral","article_published_time":"2021-10-11T13:00:55+00:00","article_modified_time":"2022-05-31T16:40:39+00:00","og_image":[{"width":539,"height":369,"url":"https:\/\/fai.org.co\/serintegral\/wp-content\/uploads\/2021\/10\/que-es-la-neumonia.jpg","type":"image\/jpeg"}],"twitter_card":"summary_large_image","twitter_misc":{"Escrito por":"ser_integral","Tiempo estimado de lectura":"2 minutos"},"schema":{"@context":"https:\/\/schema.org","@graph":[{"@type":"WebSite","@id":"https:\/\/fai.org.co\/serintegral\/#website","url":"https:\/\/fai.org.co\/serintegral\/","name":"Ser integral","description":"","potentialAction":[{"@type":"SearchAction","target":{"@type":"EntryPoint","urlTemplate":"https:\/\/fai.org.co\/serintegral\/?s={search_term_string}"},"query-input":"required name=search_term_string"}],"inLanguage":"es-CO"},{"@type":"ImageObject","@id":"https:\/\/fai.org.co\/serintegral\/neumonia\/que-es-la-neumonia\/#primaryimage","inLanguage":"es-CO","url":"https:\/\/fai.org.co\/serintegral\/wp-content\/uploads\/2021\/10\/que-es-la-neumonia.jpg","contentUrl":"https:\/\/fai.org.co\/serintegral\/wp-content\/uploads\/2021\/10\/que-es-la-neumonia.jpg","width":539,"height":369,"caption":"VRS"},{"@type":"WebPage","@id":"https:\/\/fai.org.co\/serintegral\/neumonia\/que-es-la-neumonia\/#webpage","url":"https:\/\/fai.org.co\/serintegral\/neumonia\/que-es-la-neumonia\/","name":"Qu\u00e9 es la neumon\u00eda","isPartOf":{"@id":"https:\/\/fai.org.co\/serintegral\/#website"},"primaryImageOfPage":{"@id":"https:\/\/fai.org.co\/serintegral\/neumonia\/que-es-la-neumonia\/#primaryimage"},"datePublished":"2021-10-11T13:00:55+00:00","dateModified":"2022-05-31T16:40:39+00:00","author":{"@id":"https:\/\/fai.org.co\/serintegral\/#\/schema\/person\/07947feccb7e085e4a0897f398e7e09c"},"description":"La neumon\u00eda es una infecci\u00f3n que inflama los sacos a\u00e9reos de uno o ambos pulmones. Los sacos a\u00e9reos se pueden llenar de l\u00edquido o pus.","breadcrumb":{"@id":"https:\/\/fai.org.co\/serintegral\/neumonia\/que-es-la-neumonia\/#breadcrumb"},"inLanguage":"es-CO","potentialAction":[{"@type":"ReadAction","target":["https:\/\/fai.org.co\/serintegral\/neumonia\/que-es-la-neumonia\/"]}]},{"@type":"BreadcrumbList","@id":"https:\/\/fai.org.co\/serintegral\/neumonia\/que-es-la-neumonia\/#breadcrumb","itemListElement":[{"@type":"ListItem","position":1,"name":"Inicio","item":"https:\/\/fai.org.co\/serintegral\/"},{"@type":"ListItem","position":2,"name":"Qu\u00e9 es la neumon\u00eda"}]},{"@type":"Person","@id":"https:\/\/fai.org.co\/serintegral\/#\/schema\/person\/07947feccb7e085e4a0897f398e7e09c","name":"ser_integral","image":{"@type":"ImageObject","@id":"https:\/\/fai.org.co\/serintegral\/#personlogo","inLanguage":"es-CO","url":"https:\/\/secure.gravatar.com\/avatar\/d019f5050c26fda22d47330ce0f99cf86745e4f9d41b4f7de838ecf51eeb5eaa?s=96&d=mm&r=g","contentUrl":"https:\/\/secure.gravatar.com\/avatar\/d019f5050c26fda22d47330ce0f99cf86745e4f9d41b4f7de838ecf51eeb5eaa?s=96&d=mm&r=g","caption":"ser_integral"},"url":"https:\/\/fai.org.co\/serintegral\/author\/ser_integral\/"}]}},"jetpack_featured_media_url":"https:\/\/fai.org.co\/serintegral\/wp-content\/uploads\/2021\/10\/que-es-la-neumonia.jpg","_links":{"self":[{"href":"https:\/\/fai.org.co\/serintegral\/wp-json\/wp\/v2\/posts\/1721","targetHints":{"allow":["GET"]}}],"collection":[{"href":"https:\/\/fai.org.co\/serintegral\/wp-json\/wp\/v2\/posts"}],"about":[{"href":"https:\/\/fai.org.co\/serintegral\/wp-json\/wp\/v2\/types\/post"}],"author":[{"embeddable":true,"href":"https:\/\/fai.org.co\/serintegral\/wp-json\/wp\/v2\/users\/2"}],"replies":[{"embeddable":true,"href":"https:\/\/fai.org.co\/serintegral\/wp-json\/wp\/v2\/comments?post=1721"}],"version-history":[{"count":4,"href":"https:\/\/fai.org.co\/serintegral\/wp-json\/wp\/v2\/posts\/1721\/revisions"}],"predecessor-version":[{"id":1731,"href":"https:\/\/fai.org.co\/serintegral\/wp-json\/wp\/v2\/posts\/1721\/revisions\/1731"}],"wp:featuredmedia":[{"embeddable":true,"href":"https:\/\/fai.org.co\/serintegral\/wp-json\/wp\/v2\/media\/1729"}],"wp:attachment":[{"href":"https:\/\/fai.org.co\/serintegral\/wp-json\/wp\/v2\/media?parent=1721"}],"wp:term":[{"taxonomy":"category","embeddable":true,"href":"https:\/\/fai.org.co\/serintegral\/wp-json\/wp\/v2\/categories?post=1721"},{"taxonomy":"post_tag","embeddable":true,"href":"https:\/\/fai.org.co\/serintegral\/wp-json\/wp\/v2\/tags?post=1721"}],"curies":[{"name":"wp","href":"https:\/\/api.w.org\/{rel}","templated":true}]}}