{"id":1766,"date":"2021-10-20T08:30:33","date_gmt":"2021-10-20T13:30:33","guid":{"rendered":"https:\/\/fai.org.co\/serintegral\/?p=1766"},"modified":"2022-05-31T11:09:56","modified_gmt":"2022-05-31T16:09:56","slug":"hablemos-de-la-influenza-en-cifras-colombianas-serintegral","status":"publish","type":"post","link":"https:\/\/fai.org.co\/serintegral\/videos\/influenza-videos\/hablemos-de-la-influenza-en-cifras-colombianas-serintegral\/","title":{"rendered":"Hablemos de la influenza en cifras colombianas #SerIntegral"},"content":{"rendered":"<h1>\u00bfCu\u00e1les son las poblaciones con mayor \u00edndice de riesgo con la influenza en Colombia? \u00bfCu\u00e1ntas consultas en urgencias hubo por <a href=\"https:\/\/fai.org.co\/serintegral\/patologias\/influenza\/\" target=\"_blank\" rel=\"noopener\">influenza<\/a> en Colombia durante el 2018? Esta es una patolog\u00eda a la cual es importante ponerle atenci\u00f3n.<\/h1>\n<p><iframe loading=\"lazy\" title=\"YouTube video player\" src=\"https:\/\/www.youtube.com\/embed\/l1fuE4q_aJo\" width=\"560\" height=\"315\" frameborder=\"0\" allowfullscreen=\"allowfullscreen\"><\/iframe><\/p>\n<hr \/>\n<p><img loading=\"lazy\" decoding=\"async\" class=\" wp-image-2117 aligncenter\" src=\"https:\/\/fai.org.co\/serintegral\/wp-content\/uploads\/2021\/10\/Agregar-un-titulo-300x169.jpg\" alt=\"\" width=\"383\" height=\"216\" srcset=\"https:\/\/fai.org.co\/serintegral\/wp-content\/uploads\/2021\/10\/Agregar-un-titulo-300x169.jpg 300w, https:\/\/fai.org.co\/serintegral\/wp-content\/uploads\/2021\/10\/Agregar-un-titulo-1024x576.jpg 1024w, https:\/\/fai.org.co\/serintegral\/wp-content\/uploads\/2021\/10\/Agregar-un-titulo-768x432.jpg 768w, https:\/\/fai.org.co\/serintegral\/wp-content\/uploads\/2021\/10\/Agregar-un-titulo-1536x864.jpg 1536w, https:\/\/fai.org.co\/serintegral\/wp-content\/uploads\/2021\/10\/Agregar-un-titulo.jpg 1920w\" sizes=\"auto, (max-width: 383px) 100vw, 383px\" \/><\/p>\n","protected":false},"excerpt":{"rendered":"<p>\u00bfCu\u00e1les son las poblaciones con mayor \u00edndice de riesgo con la influenza en Colombia? \u00bfCu\u00e1ntas consultas en urgencias hubo por influenza en Colombia durante el 2018? Esta es una patolog\u00eda a la cual es importante ponerle atenci\u00f3n.<\/p>\n","protected":false},"author":2,"featured_media":1768,"comment_status":"open","ping_status":"open","sticky":false,"template":"","format":"standard","meta":{"_monsterinsights_skip_tracking":false,"_monsterinsights_sitenote_active":false,"_monsterinsights_sitenote_note":"","_monsterinsights_sitenote_category":0,"spay_email":"","footnotes":""},"categories":[14,15],"tags":[],"class_list":["post-1766","post","type-post","status-publish","format-standard","has-post-thumbnail","hentry","category-influenza","category-influenza-videos"],"aioseo_notices":[],"yoast_head":"<!-- This site is optimized with the Yoast SEO plugin v17.5 - https:\/\/yoast.com\/wordpress\/plugins\/seo\/ -->\n<title>Hablemos de la influenza en cifras colombianas #SerIntegral<\/title>\n<meta name=\"description\" content=\"\u00bfCu\u00e1les son las poblaciones con mayor \u00edndice de riesgo con la influenza? \u00bfCu\u00e1ntas consultas en urgencias hubo por influenza en Colombia?\" \/>\n<meta name=\"robots\" content=\"index, follow, max-snippet:-1, max-image-preview:large, max-video-preview:-1\" \/>\n<link rel=\"canonical\" href=\"https:\/\/fai.org.co\/serintegral\/videos\/influenza-videos\/hablemos-de-la-influenza-en-cifras-colombianas-serintegral\/\" \/>\n<meta property=\"og:locale\" content=\"es_ES\" \/>\n<meta property=\"og:type\" content=\"article\" \/>\n<meta property=\"og:title\" content=\"Hablemos de la influenza en cifras colombianas #SerIntegral\" \/>\n<meta property=\"og:description\" content=\"\u00bfCu\u00e1les son las poblaciones con mayor \u00edndice de riesgo con la influenza? \u00bfCu\u00e1ntas consultas en urgencias hubo por influenza en Colombia?\" \/>\n<meta property=\"og:url\" content=\"https:\/\/fai.org.co\/serintegral\/videos\/influenza-videos\/hablemos-de-la-influenza-en-cifras-colombianas-serintegral\/\" \/>\n<meta property=\"og:site_name\" content=\"Ser integral\" \/>\n<meta property=\"article:published_time\" content=\"2021-10-20T13:30:33+00:00\" \/>\n<meta property=\"article:modified_time\" content=\"2022-05-31T16:09:56+00:00\" \/>\n<meta property=\"og:image\" content=\"https:\/\/fai.org.co\/serintegral\/wp-content\/uploads\/2021\/10\/hablemos-de-la-influenza-en-cifras-colombianas-serintegral.jpg\" \/>\n\t<meta property=\"og:image:width\" content=\"1280\" \/>\n\t<meta property=\"og:image:height\" content=\"720\" \/>\n<meta name=\"twitter:card\" content=\"summary_large_image\" \/>\n<meta name=\"twitter:label1\" content=\"Escrito por\" \/>\n\t<meta name=\"twitter:data1\" content=\"ser_integral\" \/>\n\t<meta name=\"twitter:label2\" content=\"Tiempo estimado de lectura\" \/>\n\t<meta name=\"twitter:data2\" content=\"1 minuto\" \/>\n<script type=\"application\/ld+json\" class=\"yoast-schema-graph\">{\"@context\":\"https:\/\/schema.org\",\"@graph\":[{\"@type\":\"WebSite\",\"@id\":\"https:\/\/fai.org.co\/serintegral\/#website\",\"url\":\"https:\/\/fai.org.co\/serintegral\/\",\"name\":\"Ser integral\",\"description\":\"\",\"potentialAction\":[{\"@type\":\"SearchAction\",\"target\":{\"@type\":\"EntryPoint\",\"urlTemplate\":\"https:\/\/fai.org.co\/serintegral\/?s={search_term_string}\"},\"query-input\":\"required name=search_term_string\"}],\"inLanguage\":\"es-CO\"},{\"@type\":\"ImageObject\",\"@id\":\"https:\/\/fai.org.co\/serintegral\/videos\/influenza-videos\/hablemos-de-la-influenza-en-cifras-colombianas-serintegral\/#primaryimage\",\"inLanguage\":\"es-CO\",\"url\":\"https:\/\/fai.org.co\/serintegral\/wp-content\/uploads\/2021\/10\/hablemos-de-la-influenza-en-cifras-colombianas-serintegral.jpg\",\"contentUrl\":\"https:\/\/fai.org.co\/serintegral\/wp-content\/uploads\/2021\/10\/hablemos-de-la-influenza-en-cifras-colombianas-serintegral.jpg\",\"width\":1280,\"height\":720,\"caption\":\"influenza\"},{\"@type\":\"WebPage\",\"@id\":\"https:\/\/fai.org.co\/serintegral\/videos\/influenza-videos\/hablemos-de-la-influenza-en-cifras-colombianas-serintegral\/#webpage\",\"url\":\"https:\/\/fai.org.co\/serintegral\/videos\/influenza-videos\/hablemos-de-la-influenza-en-cifras-colombianas-serintegral\/\",\"name\":\"Hablemos de la influenza en cifras colombianas #SerIntegral\",\"isPartOf\":{\"@id\":\"https:\/\/fai.org.co\/serintegral\/#website\"},\"primaryImageOfPage\":{\"@id\":\"https:\/\/fai.org.co\/serintegral\/videos\/influenza-videos\/hablemos-de-la-influenza-en-cifras-colombianas-serintegral\/#primaryimage\"},\"datePublished\":\"2021-10-20T13:30:33+00:00\",\"dateModified\":\"2022-05-31T16:09:56+00:00\",\"author\":{\"@id\":\"https:\/\/fai.org.co\/serintegral\/#\/schema\/person\/07947feccb7e085e4a0897f398e7e09c\"},\"description\":\"\\u00bfCu\\u00e1les son las poblaciones con mayor \\u00edndice de riesgo con la influenza? \\u00bfCu\\u00e1ntas consultas en urgencias hubo por influenza en Colombia?\",\"breadcrumb\":{\"@id\":\"https:\/\/fai.org.co\/serintegral\/videos\/influenza-videos\/hablemos-de-la-influenza-en-cifras-colombianas-serintegral\/#breadcrumb\"},\"inLanguage\":\"es-CO\",\"potentialAction\":[{\"@type\":\"ReadAction\",\"target\":[\"https:\/\/fai.org.co\/serintegral\/videos\/influenza-videos\/hablemos-de-la-influenza-en-cifras-colombianas-serintegral\/\"]}]},{\"@type\":\"BreadcrumbList\",\"@id\":\"https:\/\/fai.org.co\/serintegral\/videos\/influenza-videos\/hablemos-de-la-influenza-en-cifras-colombianas-serintegral\/#breadcrumb\",\"itemListElement\":[{\"@type\":\"ListItem\",\"position\":1,\"name\":\"Inicio\",\"item\":\"https:\/\/fai.org.co\/serintegral\/\"},{\"@type\":\"ListItem\",\"position\":2,\"name\":\"Hablemos de la influenza en cifras colombianas #SerIntegral\"}]},{\"@type\":\"Person\",\"@id\":\"https:\/\/fai.org.co\/serintegral\/#\/schema\/person\/07947feccb7e085e4a0897f398e7e09c\",\"name\":\"ser_integral\",\"image\":{\"@type\":\"ImageObject\",\"@id\":\"https:\/\/fai.org.co\/serintegral\/#personlogo\",\"inLanguage\":\"es-CO\",\"url\":\"https:\/\/secure.gravatar.com\/avatar\/d019f5050c26fda22d47330ce0f99cf86745e4f9d41b4f7de838ecf51eeb5eaa?s=96&d=mm&r=g\",\"contentUrl\":\"https:\/\/secure.gravatar.com\/avatar\/d019f5050c26fda22d47330ce0f99cf86745e4f9d41b4f7de838ecf51eeb5eaa?s=96&d=mm&r=g\",\"caption\":\"ser_integral\"},\"url\":\"https:\/\/fai.org.co\/serintegral\/author\/ser_integral\/\"}]}<\/script>\n<!-- \/ Yoast SEO plugin. -->","yoast_head_json":{"title":"Hablemos de la influenza en cifras colombianas #SerIntegral","description":"\u00bfCu\u00e1les son las poblaciones con mayor \u00edndice de riesgo con la influenza? \u00bfCu\u00e1ntas consultas en urgencias hubo por influenza en Colombia?","robots":{"index":"index","follow":"follow","max-snippet":"max-snippet:-1","max-image-preview":"max-image-preview:large","max-video-preview":"max-video-preview:-1"},"canonical":"https:\/\/fai.org.co\/serintegral\/videos\/influenza-videos\/hablemos-de-la-influenza-en-cifras-colombianas-serintegral\/","og_locale":"es_ES","og_type":"article","og_title":"Hablemos de la influenza en cifras colombianas #SerIntegral","og_description":"\u00bfCu\u00e1les son las poblaciones con mayor \u00edndice de riesgo con la influenza? \u00bfCu\u00e1ntas consultas en urgencias hubo por influenza en Colombia?","og_url":"https:\/\/fai.org.co\/serintegral\/videos\/influenza-videos\/hablemos-de-la-influenza-en-cifras-colombianas-serintegral\/","og_site_name":"Ser integral","article_published_time":"2021-10-20T13:30:33+00:00","article_modified_time":"2022-05-31T16:09:56+00:00","og_image":[{"width":1280,"height":720,"url":"https:\/\/fai.org.co\/serintegral\/wp-content\/uploads\/2021\/10\/hablemos-de-la-influenza-en-cifras-colombianas-serintegral.jpg","type":"image\/jpeg"}],"twitter_card":"summary_large_image","twitter_misc":{"Escrito por":"ser_integral","Tiempo estimado de lectura":"1 minuto"},"schema":{"@context":"https:\/\/schema.org","@graph":[{"@type":"WebSite","@id":"https:\/\/fai.org.co\/serintegral\/#website","url":"https:\/\/fai.org.co\/serintegral\/","name":"Ser integral","description":"","potentialAction":[{"@type":"SearchAction","target":{"@type":"EntryPoint","urlTemplate":"https:\/\/fai.org.co\/serintegral\/?s={search_term_string}"},"query-input":"required name=search_term_string"}],"inLanguage":"es-CO"},{"@type":"ImageObject","@id":"https:\/\/fai.org.co\/serintegral\/videos\/influenza-videos\/hablemos-de-la-influenza-en-cifras-colombianas-serintegral\/#primaryimage","inLanguage":"es-CO","url":"https:\/\/fai.org.co\/serintegral\/wp-content\/uploads\/2021\/10\/hablemos-de-la-influenza-en-cifras-colombianas-serintegral.jpg","contentUrl":"https:\/\/fai.org.co\/serintegral\/wp-content\/uploads\/2021\/10\/hablemos-de-la-influenza-en-cifras-colombianas-serintegral.jpg","width":1280,"height":720,"caption":"influenza"},{"@type":"WebPage","@id":"https:\/\/fai.org.co\/serintegral\/videos\/influenza-videos\/hablemos-de-la-influenza-en-cifras-colombianas-serintegral\/#webpage","url":"https:\/\/fai.org.co\/serintegral\/videos\/influenza-videos\/hablemos-de-la-influenza-en-cifras-colombianas-serintegral\/","name":"Hablemos de la influenza en cifras colombianas #SerIntegral","isPartOf":{"@id":"https:\/\/fai.org.co\/serintegral\/#website"},"primaryImageOfPage":{"@id":"https:\/\/fai.org.co\/serintegral\/videos\/influenza-videos\/hablemos-de-la-influenza-en-cifras-colombianas-serintegral\/#primaryimage"},"datePublished":"2021-10-20T13:30:33+00:00","dateModified":"2022-05-31T16:09:56+00:00","author":{"@id":"https:\/\/fai.org.co\/serintegral\/#\/schema\/person\/07947feccb7e085e4a0897f398e7e09c"},"description":"\u00bfCu\u00e1les son las poblaciones con mayor \u00edndice de riesgo con la influenza? \u00bfCu\u00e1ntas consultas en urgencias hubo por influenza en Colombia?","breadcrumb":{"@id":"https:\/\/fai.org.co\/serintegral\/videos\/influenza-videos\/hablemos-de-la-influenza-en-cifras-colombianas-serintegral\/#breadcrumb"},"inLanguage":"es-CO","potentialAction":[{"@type":"ReadAction","target":["https:\/\/fai.org.co\/serintegral\/videos\/influenza-videos\/hablemos-de-la-influenza-en-cifras-colombianas-serintegral\/"]}]},{"@type":"BreadcrumbList","@id":"https:\/\/fai.org.co\/serintegral\/videos\/influenza-videos\/hablemos-de-la-influenza-en-cifras-colombianas-serintegral\/#breadcrumb","itemListElement":[{"@type":"ListItem","position":1,"name":"Inicio","item":"https:\/\/fai.org.co\/serintegral\/"},{"@type":"ListItem","position":2,"name":"Hablemos de la influenza en cifras colombianas #SerIntegral"}]},{"@type":"Person","@id":"https:\/\/fai.org.co\/serintegral\/#\/schema\/person\/07947feccb7e085e4a0897f398e7e09c","name":"ser_integral","image":{"@type":"ImageObject","@id":"https:\/\/fai.org.co\/serintegral\/#personlogo","inLanguage":"es-CO","url":"https:\/\/secure.gravatar.com\/avatar\/d019f5050c26fda22d47330ce0f99cf86745e4f9d41b4f7de838ecf51eeb5eaa?s=96&d=mm&r=g","contentUrl":"https:\/\/secure.gravatar.com\/avatar\/d019f5050c26fda22d47330ce0f99cf86745e4f9d41b4f7de838ecf51eeb5eaa?s=96&d=mm&r=g","caption":"ser_integral"},"url":"https:\/\/fai.org.co\/serintegral\/author\/ser_integral\/"}]}},"jetpack_featured_media_url":"https:\/\/fai.org.co\/serintegral\/wp-content\/uploads\/2021\/10\/hablemos-de-la-influenza-en-cifras-colombianas-serintegral.jpg","_links":{"self":[{"href":"https:\/\/fai.org.co\/serintegral\/wp-json\/wp\/v2\/posts\/1766","targetHints":{"allow":["GET"]}}],"collection":[{"href":"https:\/\/fai.org.co\/serintegral\/wp-json\/wp\/v2\/posts"}],"about":[{"href":"https:\/\/fai.org.co\/serintegral\/wp-json\/wp\/v2\/types\/post"}],"author":[{"embeddable":true,"href":"https:\/\/fai.org.co\/serintegral\/wp-json\/wp\/v2\/users\/2"}],"replies":[{"embeddable":true,"href":"https:\/\/fai.org.co\/serintegral\/wp-json\/wp\/v2\/comments?post=1766"}],"version-history":[{"count":4,"href":"https:\/\/fai.org.co\/serintegral\/wp-json\/wp\/v2\/posts\/1766\/revisions"}],"predecessor-version":[{"id":2124,"href":"https:\/\/fai.org.co\/serintegral\/wp-json\/wp\/v2\/posts\/1766\/revisions\/2124"}],"wp:featuredmedia":[{"embeddable":true,"href":"https:\/\/fai.org.co\/serintegral\/wp-json\/wp\/v2\/media\/1768"}],"wp:attachment":[{"href":"https:\/\/fai.org.co\/serintegral\/wp-json\/wp\/v2\/media?parent=1766"}],"wp:term":[{"taxonomy":"category","embeddable":true,"href":"https:\/\/fai.org.co\/serintegral\/wp-json\/wp\/v2\/categories?post=1766"},{"taxonomy":"post_tag","embeddable":true,"href":"https:\/\/fai.org.co\/serintegral\/wp-json\/wp\/v2\/tags?post=1766"}],"curies":[{"name":"wp","href":"https:\/\/api.w.org\/{rel}","templated":true}]}}