{"id":2034,"date":"2021-11-12T13:00:35","date_gmt":"2021-11-12T18:00:35","guid":{"rendered":"https:\/\/fai.org.co\/serintegral\/?p=2034"},"modified":"2021-12-30T21:21:20","modified_gmt":"2021-12-31T02:21:20","slug":"el-vih-no-afecta-tu-calidad-de-vida-hazte-la-prueba","status":"publish","type":"post","link":"https:\/\/fai.org.co\/serintegral\/videos\/vih-sida-videos\/el-vih-no-afecta-tu-calidad-de-vida-hazte-la-prueba\/","title":{"rendered":"\u00a1El VIH no afecta tu calidad de vida! Hazte la prueba"},"content":{"rendered":"<h2>Desmitifica el virus, tu calidad de vida depende de tus h\u00e1bitos, no de tu diagn\u00f3stico, pi\u00e9rdele el miedo a hacerte la prueba y atr\u00e9vete a vivir.<\/h2>\n<p><iframe loading=\"lazy\" title=\"YouTube video player\" src=\"https:\/\/www.youtube.com\/embed\/GypvZvP6jBk\" width=\"560\" height=\"315\" frameborder=\"0\" allowfullscreen=\"allowfullscreen\"><\/iframe><\/p>\n","protected":false},"excerpt":{"rendered":"<p>Desmitifica el virus, tu calidad de vida depende de tus h\u00e1bitos, no de tu diagn\u00f3stico, pi\u00e9rdele el miedo a hacerte la prueba y atr\u00e9vete a vivir.<\/p>\n","protected":false},"author":2,"featured_media":2035,"comment_status":"open","ping_status":"open","sticky":false,"template":"","format":"standard","meta":{"_monsterinsights_skip_tracking":false,"_monsterinsights_sitenote_active":false,"_monsterinsights_sitenote_note":"","_monsterinsights_sitenote_category":0,"spay_email":"","footnotes":""},"categories":[17],"tags":[],"class_list":["post-2034","post","type-post","status-publish","format-standard","has-post-thumbnail","hentry","category-vih-sida-videos"],"aioseo_notices":[],"yoast_head":"<!-- This site is optimized with the Yoast SEO plugin v17.5 - https:\/\/yoast.com\/wordpress\/plugins\/seo\/ -->\n<title>\u00a1El VIH no afecta tu calidad de vida! Hazte la prueba<\/title>\n<meta name=\"description\" content=\"Desmitifica el virus, tu calidad de vida depende de tus h\u00e1bitos, no de tu diagn\u00f3stico de VIH, hazte la prueba y atr\u00e9vete a vivir.\" \/>\n<meta name=\"robots\" content=\"index, follow, max-snippet:-1, max-image-preview:large, max-video-preview:-1\" \/>\n<link rel=\"canonical\" href=\"https:\/\/fai.org.co\/serintegral\/videos\/vih-sida-videos\/el-vih-no-afecta-tu-calidad-de-vida-hazte-la-prueba\/\" \/>\n<meta property=\"og:locale\" content=\"es_ES\" \/>\n<meta property=\"og:type\" content=\"article\" \/>\n<meta property=\"og:title\" content=\"\u00a1El VIH no afecta tu calidad de vida! Hazte la prueba\" \/>\n<meta property=\"og:description\" content=\"Desmitifica el virus, tu calidad de vida depende de tus h\u00e1bitos, no de tu diagn\u00f3stico de VIH, hazte la prueba y atr\u00e9vete a vivir.\" \/>\n<meta property=\"og:url\" content=\"https:\/\/fai.org.co\/serintegral\/videos\/vih-sida-videos\/el-vih-no-afecta-tu-calidad-de-vida-hazte-la-prueba\/\" \/>\n<meta property=\"og:site_name\" content=\"Ser integral\" \/>\n<meta property=\"article:published_time\" content=\"2021-11-12T18:00:35+00:00\" \/>\n<meta property=\"article:modified_time\" content=\"2021-12-31T02:21:20+00:00\" \/>\n<meta property=\"og:image\" content=\"https:\/\/fai.org.co\/serintegral\/wp-content\/uploads\/2021\/11\/el-vih-no-afecta-tu-calidad-de-vida-hazte-la-prueba.jpg\" \/>\n\t<meta property=\"og:image:width\" content=\"1280\" \/>\n\t<meta property=\"og:image:height\" content=\"720\" \/>\n<meta name=\"twitter:card\" content=\"summary_large_image\" \/>\n<meta name=\"twitter:label1\" content=\"Escrito por\" \/>\n\t<meta name=\"twitter:data1\" content=\"ser_integral\" \/>\n<script type=\"application\/ld+json\" class=\"yoast-schema-graph\">{\"@context\":\"https:\/\/schema.org\",\"@graph\":[{\"@type\":\"WebSite\",\"@id\":\"https:\/\/fai.org.co\/serintegral\/#website\",\"url\":\"https:\/\/fai.org.co\/serintegral\/\",\"name\":\"Ser integral\",\"description\":\"\",\"potentialAction\":[{\"@type\":\"SearchAction\",\"target\":{\"@type\":\"EntryPoint\",\"urlTemplate\":\"https:\/\/fai.org.co\/serintegral\/?s={search_term_string}\"},\"query-input\":\"required name=search_term_string\"}],\"inLanguage\":\"es-CO\"},{\"@type\":\"ImageObject\",\"@id\":\"https:\/\/fai.org.co\/serintegral\/videos\/vih-sida-videos\/el-vih-no-afecta-tu-calidad-de-vida-hazte-la-prueba\/#primaryimage\",\"inLanguage\":\"es-CO\",\"url\":\"https:\/\/fai.org.co\/serintegral\/wp-content\/uploads\/2021\/11\/el-vih-no-afecta-tu-calidad-de-vida-hazte-la-prueba.jpg\",\"contentUrl\":\"https:\/\/fai.org.co\/serintegral\/wp-content\/uploads\/2021\/11\/el-vih-no-afecta-tu-calidad-de-vida-hazte-la-prueba.jpg\",\"width\":1280,\"height\":720,\"caption\":\"VIH\"},{\"@type\":\"WebPage\",\"@id\":\"https:\/\/fai.org.co\/serintegral\/videos\/vih-sida-videos\/el-vih-no-afecta-tu-calidad-de-vida-hazte-la-prueba\/#webpage\",\"url\":\"https:\/\/fai.org.co\/serintegral\/videos\/vih-sida-videos\/el-vih-no-afecta-tu-calidad-de-vida-hazte-la-prueba\/\",\"name\":\"\\u00a1El VIH no afecta tu calidad de vida! Hazte la prueba\",\"isPartOf\":{\"@id\":\"https:\/\/fai.org.co\/serintegral\/#website\"},\"primaryImageOfPage\":{\"@id\":\"https:\/\/fai.org.co\/serintegral\/videos\/vih-sida-videos\/el-vih-no-afecta-tu-calidad-de-vida-hazte-la-prueba\/#primaryimage\"},\"datePublished\":\"2021-11-12T18:00:35+00:00\",\"dateModified\":\"2021-12-31T02:21:20+00:00\",\"author\":{\"@id\":\"https:\/\/fai.org.co\/serintegral\/#\/schema\/person\/07947feccb7e085e4a0897f398e7e09c\"},\"description\":\"Desmitifica el virus, tu calidad de vida depende de tus h\\u00e1bitos, no de tu diagn\\u00f3stico de VIH, hazte la prueba y atr\\u00e9vete a vivir.\",\"breadcrumb\":{\"@id\":\"https:\/\/fai.org.co\/serintegral\/videos\/vih-sida-videos\/el-vih-no-afecta-tu-calidad-de-vida-hazte-la-prueba\/#breadcrumb\"},\"inLanguage\":\"es-CO\",\"potentialAction\":[{\"@type\":\"ReadAction\",\"target\":[\"https:\/\/fai.org.co\/serintegral\/videos\/vih-sida-videos\/el-vih-no-afecta-tu-calidad-de-vida-hazte-la-prueba\/\"]}]},{\"@type\":\"BreadcrumbList\",\"@id\":\"https:\/\/fai.org.co\/serintegral\/videos\/vih-sida-videos\/el-vih-no-afecta-tu-calidad-de-vida-hazte-la-prueba\/#breadcrumb\",\"itemListElement\":[{\"@type\":\"ListItem\",\"position\":1,\"name\":\"Inicio\",\"item\":\"https:\/\/fai.org.co\/serintegral\/\"},{\"@type\":\"ListItem\",\"position\":2,\"name\":\"\\u00a1El VIH no afecta tu calidad de vida! Hazte la prueba\"}]},{\"@type\":\"Person\",\"@id\":\"https:\/\/fai.org.co\/serintegral\/#\/schema\/person\/07947feccb7e085e4a0897f398e7e09c\",\"name\":\"ser_integral\",\"image\":{\"@type\":\"ImageObject\",\"@id\":\"https:\/\/fai.org.co\/serintegral\/#personlogo\",\"inLanguage\":\"es-CO\",\"url\":\"https:\/\/secure.gravatar.com\/avatar\/d019f5050c26fda22d47330ce0f99cf86745e4f9d41b4f7de838ecf51eeb5eaa?s=96&d=mm&r=g\",\"contentUrl\":\"https:\/\/secure.gravatar.com\/avatar\/d019f5050c26fda22d47330ce0f99cf86745e4f9d41b4f7de838ecf51eeb5eaa?s=96&d=mm&r=g\",\"caption\":\"ser_integral\"},\"url\":\"https:\/\/fai.org.co\/serintegral\/author\/ser_integral\/\"}]}<\/script>\n<!-- \/ Yoast SEO plugin. -->","yoast_head_json":{"title":"\u00a1El VIH no afecta tu calidad de vida! Hazte la prueba","description":"Desmitifica el virus, tu calidad de vida depende de tus h\u00e1bitos, no de tu diagn\u00f3stico de VIH, hazte la prueba y atr\u00e9vete a vivir.","robots":{"index":"index","follow":"follow","max-snippet":"max-snippet:-1","max-image-preview":"max-image-preview:large","max-video-preview":"max-video-preview:-1"},"canonical":"https:\/\/fai.org.co\/serintegral\/videos\/vih-sida-videos\/el-vih-no-afecta-tu-calidad-de-vida-hazte-la-prueba\/","og_locale":"es_ES","og_type":"article","og_title":"\u00a1El VIH no afecta tu calidad de vida! Hazte la prueba","og_description":"Desmitifica el virus, tu calidad de vida depende de tus h\u00e1bitos, no de tu diagn\u00f3stico de VIH, hazte la prueba y atr\u00e9vete a vivir.","og_url":"https:\/\/fai.org.co\/serintegral\/videos\/vih-sida-videos\/el-vih-no-afecta-tu-calidad-de-vida-hazte-la-prueba\/","og_site_name":"Ser integral","article_published_time":"2021-11-12T18:00:35+00:00","article_modified_time":"2021-12-31T02:21:20+00:00","og_image":[{"width":1280,"height":720,"url":"https:\/\/fai.org.co\/serintegral\/wp-content\/uploads\/2021\/11\/el-vih-no-afecta-tu-calidad-de-vida-hazte-la-prueba.jpg","type":"image\/jpeg"}],"twitter_card":"summary_large_image","twitter_misc":{"Escrito por":"ser_integral"},"schema":{"@context":"https:\/\/schema.org","@graph":[{"@type":"WebSite","@id":"https:\/\/fai.org.co\/serintegral\/#website","url":"https:\/\/fai.org.co\/serintegral\/","name":"Ser integral","description":"","potentialAction":[{"@type":"SearchAction","target":{"@type":"EntryPoint","urlTemplate":"https:\/\/fai.org.co\/serintegral\/?s={search_term_string}"},"query-input":"required name=search_term_string"}],"inLanguage":"es-CO"},{"@type":"ImageObject","@id":"https:\/\/fai.org.co\/serintegral\/videos\/vih-sida-videos\/el-vih-no-afecta-tu-calidad-de-vida-hazte-la-prueba\/#primaryimage","inLanguage":"es-CO","url":"https:\/\/fai.org.co\/serintegral\/wp-content\/uploads\/2021\/11\/el-vih-no-afecta-tu-calidad-de-vida-hazte-la-prueba.jpg","contentUrl":"https:\/\/fai.org.co\/serintegral\/wp-content\/uploads\/2021\/11\/el-vih-no-afecta-tu-calidad-de-vida-hazte-la-prueba.jpg","width":1280,"height":720,"caption":"VIH"},{"@type":"WebPage","@id":"https:\/\/fai.org.co\/serintegral\/videos\/vih-sida-videos\/el-vih-no-afecta-tu-calidad-de-vida-hazte-la-prueba\/#webpage","url":"https:\/\/fai.org.co\/serintegral\/videos\/vih-sida-videos\/el-vih-no-afecta-tu-calidad-de-vida-hazte-la-prueba\/","name":"\u00a1El VIH no afecta tu calidad de vida! Hazte la prueba","isPartOf":{"@id":"https:\/\/fai.org.co\/serintegral\/#website"},"primaryImageOfPage":{"@id":"https:\/\/fai.org.co\/serintegral\/videos\/vih-sida-videos\/el-vih-no-afecta-tu-calidad-de-vida-hazte-la-prueba\/#primaryimage"},"datePublished":"2021-11-12T18:00:35+00:00","dateModified":"2021-12-31T02:21:20+00:00","author":{"@id":"https:\/\/fai.org.co\/serintegral\/#\/schema\/person\/07947feccb7e085e4a0897f398e7e09c"},"description":"Desmitifica el virus, tu calidad de vida depende de tus h\u00e1bitos, no de tu diagn\u00f3stico de VIH, hazte la prueba y atr\u00e9vete a vivir.","breadcrumb":{"@id":"https:\/\/fai.org.co\/serintegral\/videos\/vih-sida-videos\/el-vih-no-afecta-tu-calidad-de-vida-hazte-la-prueba\/#breadcrumb"},"inLanguage":"es-CO","potentialAction":[{"@type":"ReadAction","target":["https:\/\/fai.org.co\/serintegral\/videos\/vih-sida-videos\/el-vih-no-afecta-tu-calidad-de-vida-hazte-la-prueba\/"]}]},{"@type":"BreadcrumbList","@id":"https:\/\/fai.org.co\/serintegral\/videos\/vih-sida-videos\/el-vih-no-afecta-tu-calidad-de-vida-hazte-la-prueba\/#breadcrumb","itemListElement":[{"@type":"ListItem","position":1,"name":"Inicio","item":"https:\/\/fai.org.co\/serintegral\/"},{"@type":"ListItem","position":2,"name":"\u00a1El VIH no afecta tu calidad de vida! Hazte la prueba"}]},{"@type":"Person","@id":"https:\/\/fai.org.co\/serintegral\/#\/schema\/person\/07947feccb7e085e4a0897f398e7e09c","name":"ser_integral","image":{"@type":"ImageObject","@id":"https:\/\/fai.org.co\/serintegral\/#personlogo","inLanguage":"es-CO","url":"https:\/\/secure.gravatar.com\/avatar\/d019f5050c26fda22d47330ce0f99cf86745e4f9d41b4f7de838ecf51eeb5eaa?s=96&d=mm&r=g","contentUrl":"https:\/\/secure.gravatar.com\/avatar\/d019f5050c26fda22d47330ce0f99cf86745e4f9d41b4f7de838ecf51eeb5eaa?s=96&d=mm&r=g","caption":"ser_integral"},"url":"https:\/\/fai.org.co\/serintegral\/author\/ser_integral\/"}]}},"jetpack_featured_media_url":"https:\/\/fai.org.co\/serintegral\/wp-content\/uploads\/2021\/11\/el-vih-no-afecta-tu-calidad-de-vida-hazte-la-prueba.jpg","_links":{"self":[{"href":"https:\/\/fai.org.co\/serintegral\/wp-json\/wp\/v2\/posts\/2034","targetHints":{"allow":["GET"]}}],"collection":[{"href":"https:\/\/fai.org.co\/serintegral\/wp-json\/wp\/v2\/posts"}],"about":[{"href":"https:\/\/fai.org.co\/serintegral\/wp-json\/wp\/v2\/types\/post"}],"author":[{"embeddable":true,"href":"https:\/\/fai.org.co\/serintegral\/wp-json\/wp\/v2\/users\/2"}],"replies":[{"embeddable":true,"href":"https:\/\/fai.org.co\/serintegral\/wp-json\/wp\/v2\/comments?post=2034"}],"version-history":[{"count":1,"href":"https:\/\/fai.org.co\/serintegral\/wp-json\/wp\/v2\/posts\/2034\/revisions"}],"predecessor-version":[{"id":2036,"href":"https:\/\/fai.org.co\/serintegral\/wp-json\/wp\/v2\/posts\/2034\/revisions\/2036"}],"wp:featuredmedia":[{"embeddable":true,"href":"https:\/\/fai.org.co\/serintegral\/wp-json\/wp\/v2\/media\/2035"}],"wp:attachment":[{"href":"https:\/\/fai.org.co\/serintegral\/wp-json\/wp\/v2\/media?parent=2034"}],"wp:term":[{"taxonomy":"category","embeddable":true,"href":"https:\/\/fai.org.co\/serintegral\/wp-json\/wp\/v2\/categories?post=2034"},{"taxonomy":"post_tag","embeddable":true,"href":"https:\/\/fai.org.co\/serintegral\/wp-json\/wp\/v2\/tags?post=2034"}],"curies":[{"name":"wp","href":"https:\/\/api.w.org\/{rel}","templated":true}]}}