{"id":2040,"date":"2021-11-08T00:30:08","date_gmt":"2021-11-08T05:30:08","guid":{"rendered":"https:\/\/fai.org.co\/serintegral\/?p=2040"},"modified":"2021-11-16T09:47:53","modified_gmt":"2021-11-16T14:47:53","slug":"no-mas-transfobia","status":"publish","type":"post","link":"https:\/\/fai.org.co\/serintegral\/videos\/vih-sida-videos\/no-mas-transfobia\/","title":{"rendered":"\u00a1NO m\u00e1s TRANSFOBIA!"},"content":{"rendered":"<h2>Campa\u00f1a en contra de la TRANSFOBIA, de CONVIHVAMOS en el 2015, por parte de la Fundaci\u00f3n Antioque\u00f1a de Infectolog\u00eda (FAI).<\/h2>\n<p>Dentro de la discriminaci\u00f3n que viven los sectores LGBTI+, las mujeres Trans son la poblaci\u00f3n a la cual m\u00e1s se les vulnera sus derechos, sin embargo, han sido capaces de salir adelante liderando esta lucha.<\/p>\n<p><iframe loading=\"lazy\" title=\"YouTube video player\" src=\"https:\/\/www.youtube.com\/embed\/s8U8a73JO1k\" width=\"560\" height=\"315\" frameborder=\"0\" allowfullscreen=\"allowfullscreen\"><\/iframe><\/p>\n<p>&nbsp;<\/p>\n<hr \/>\n<h5><em>Cr\u00e9ditos:<\/em><\/h5>\n<p><strong>Mujeres Trans:<\/strong><br \/>\nDaniela Garc\u00eda<br \/>\nDoncella Garc\u00eda<br \/>\nMar\u00eda Camila Rojas<br \/>\nNatalia Loaiza<\/p>\n<p><strong>Tema Musical:<\/strong><br \/>\n&#8220;Libertad&#8221; (https:\/\/youtu.be\/_pj1s79M3PE)<br \/>\nChristian Chavez ft. Anah\u00ed<br \/>\n\u00a9 2011 peerT6H Music<br \/>\nEMI Music Mexico, S.A. de C.V.<\/p>\n","protected":false},"excerpt":{"rendered":"<p>Campa\u00f1a en contra de la TRANSFOBIA, de CONVIHVAMOS en el 2015, por parte de la Fundaci\u00f3n Antioque\u00f1a de Infectolog\u00eda (FAI). Dentro de la discriminaci\u00f3n que viven los sectores LGBTI+, las mujeres Trans son la poblaci\u00f3n a la cual m\u00e1s se les vulnera sus derechos, sin embargo, han sido capaces de salir adelante liderando esta lucha. [&hellip;]<\/p>\n","protected":false},"author":2,"featured_media":2041,"comment_status":"open","ping_status":"open","sticky":false,"template":"","format":"standard","meta":{"_monsterinsights_skip_tracking":false,"_monsterinsights_sitenote_active":false,"_monsterinsights_sitenote_note":"","_monsterinsights_sitenote_category":0,"spay_email":"","footnotes":""},"categories":[6,17],"tags":[],"class_list":["post-2040","post","type-post","status-publish","format-standard","has-post-thumbnail","hentry","category-videos","category-vih-sida-videos"],"aioseo_notices":[],"yoast_head":"<!-- This site is optimized with the Yoast SEO plugin v17.5 - https:\/\/yoast.com\/wordpress\/plugins\/seo\/ -->\n<title>\u00a1NO m\u00e1s TRANSFOBIA!<\/title>\n<meta name=\"description\" content=\"Campa\u00f1a en contra de la TRANSFOBIA, de CONVIHVAMOS en el 2015, por parte de la Fundaci\u00f3n Antioque\u00f1a de Infectolog\u00eda (FAI).\" \/>\n<meta name=\"robots\" content=\"index, follow, max-snippet:-1, max-image-preview:large, max-video-preview:-1\" \/>\n<link rel=\"canonical\" href=\"https:\/\/fai.org.co\/serintegral\/videos\/vih-sida-videos\/no-mas-transfobia\/\" \/>\n<meta property=\"og:locale\" content=\"es_ES\" \/>\n<meta property=\"og:type\" content=\"article\" \/>\n<meta property=\"og:title\" content=\"\u00a1NO m\u00e1s TRANSFOBIA!\" \/>\n<meta property=\"og:description\" content=\"Campa\u00f1a en contra de la TRANSFOBIA, de CONVIHVAMOS en el 2015, por parte de la Fundaci\u00f3n Antioque\u00f1a de Infectolog\u00eda (FAI).\" \/>\n<meta property=\"og:url\" content=\"https:\/\/fai.org.co\/serintegral\/videos\/vih-sida-videos\/no-mas-transfobia\/\" \/>\n<meta property=\"og:site_name\" content=\"Ser integral\" \/>\n<meta property=\"article:published_time\" content=\"2021-11-08T05:30:08+00:00\" \/>\n<meta property=\"article:modified_time\" content=\"2021-11-16T14:47:53+00:00\" \/>\n<meta property=\"og:image\" content=\"https:\/\/fai.org.co\/serintegral\/wp-content\/uploads\/2021\/11\/no-mas-transfobia.jpg\" \/>\n\t<meta property=\"og:image:width\" content=\"1280\" \/>\n\t<meta property=\"og:image:height\" content=\"720\" \/>\n<meta name=\"twitter:card\" content=\"summary_large_image\" \/>\n<meta name=\"twitter:label1\" content=\"Escrito por\" \/>\n\t<meta name=\"twitter:data1\" content=\"ser_integral\" \/>\n\t<meta name=\"twitter:label2\" content=\"Tiempo estimado de lectura\" \/>\n\t<meta name=\"twitter:data2\" content=\"1 minuto\" \/>\n<script type=\"application\/ld+json\" class=\"yoast-schema-graph\">{\"@context\":\"https:\/\/schema.org\",\"@graph\":[{\"@type\":\"WebSite\",\"@id\":\"https:\/\/fai.org.co\/serintegral\/#website\",\"url\":\"https:\/\/fai.org.co\/serintegral\/\",\"name\":\"Ser integral\",\"description\":\"\",\"potentialAction\":[{\"@type\":\"SearchAction\",\"target\":{\"@type\":\"EntryPoint\",\"urlTemplate\":\"https:\/\/fai.org.co\/serintegral\/?s={search_term_string}\"},\"query-input\":\"required name=search_term_string\"}],\"inLanguage\":\"es-CO\"},{\"@type\":\"ImageObject\",\"@id\":\"https:\/\/fai.org.co\/serintegral\/videos\/vih-sida-videos\/no-mas-transfobia\/#primaryimage\",\"inLanguage\":\"es-CO\",\"url\":\"https:\/\/fai.org.co\/serintegral\/wp-content\/uploads\/2021\/11\/no-mas-transfobia.jpg\",\"contentUrl\":\"https:\/\/fai.org.co\/serintegral\/wp-content\/uploads\/2021\/11\/no-mas-transfobia.jpg\",\"width\":1280,\"height\":720,\"caption\":\"transfobia\"},{\"@type\":\"WebPage\",\"@id\":\"https:\/\/fai.org.co\/serintegral\/videos\/vih-sida-videos\/no-mas-transfobia\/#webpage\",\"url\":\"https:\/\/fai.org.co\/serintegral\/videos\/vih-sida-videos\/no-mas-transfobia\/\",\"name\":\"\\u00a1NO m\\u00e1s TRANSFOBIA!\",\"isPartOf\":{\"@id\":\"https:\/\/fai.org.co\/serintegral\/#website\"},\"primaryImageOfPage\":{\"@id\":\"https:\/\/fai.org.co\/serintegral\/videos\/vih-sida-videos\/no-mas-transfobia\/#primaryimage\"},\"datePublished\":\"2021-11-08T05:30:08+00:00\",\"dateModified\":\"2021-11-16T14:47:53+00:00\",\"author\":{\"@id\":\"https:\/\/fai.org.co\/serintegral\/#\/schema\/person\/07947feccb7e085e4a0897f398e7e09c\"},\"description\":\"Campa\\u00f1a en contra de la TRANSFOBIA, de CONVIHVAMOS en el 2015, por parte de la Fundaci\\u00f3n Antioque\\u00f1a de Infectolog\\u00eda (FAI).\",\"breadcrumb\":{\"@id\":\"https:\/\/fai.org.co\/serintegral\/videos\/vih-sida-videos\/no-mas-transfobia\/#breadcrumb\"},\"inLanguage\":\"es-CO\",\"potentialAction\":[{\"@type\":\"ReadAction\",\"target\":[\"https:\/\/fai.org.co\/serintegral\/videos\/vih-sida-videos\/no-mas-transfobia\/\"]}]},{\"@type\":\"BreadcrumbList\",\"@id\":\"https:\/\/fai.org.co\/serintegral\/videos\/vih-sida-videos\/no-mas-transfobia\/#breadcrumb\",\"itemListElement\":[{\"@type\":\"ListItem\",\"position\":1,\"name\":\"Inicio\",\"item\":\"https:\/\/fai.org.co\/serintegral\/\"},{\"@type\":\"ListItem\",\"position\":2,\"name\":\"\\u00a1NO m\\u00e1s TRANSFOBIA!\"}]},{\"@type\":\"Person\",\"@id\":\"https:\/\/fai.org.co\/serintegral\/#\/schema\/person\/07947feccb7e085e4a0897f398e7e09c\",\"name\":\"ser_integral\",\"image\":{\"@type\":\"ImageObject\",\"@id\":\"https:\/\/fai.org.co\/serintegral\/#personlogo\",\"inLanguage\":\"es-CO\",\"url\":\"https:\/\/secure.gravatar.com\/avatar\/d019f5050c26fda22d47330ce0f99cf86745e4f9d41b4f7de838ecf51eeb5eaa?s=96&d=mm&r=g\",\"contentUrl\":\"https:\/\/secure.gravatar.com\/avatar\/d019f5050c26fda22d47330ce0f99cf86745e4f9d41b4f7de838ecf51eeb5eaa?s=96&d=mm&r=g\",\"caption\":\"ser_integral\"},\"url\":\"https:\/\/fai.org.co\/serintegral\/author\/ser_integral\/\"}]}<\/script>\n<!-- \/ Yoast SEO plugin. -->","yoast_head_json":{"title":"\u00a1NO m\u00e1s TRANSFOBIA!","description":"Campa\u00f1a en contra de la TRANSFOBIA, de CONVIHVAMOS en el 2015, por parte de la Fundaci\u00f3n Antioque\u00f1a de Infectolog\u00eda (FAI).","robots":{"index":"index","follow":"follow","max-snippet":"max-snippet:-1","max-image-preview":"max-image-preview:large","max-video-preview":"max-video-preview:-1"},"canonical":"https:\/\/fai.org.co\/serintegral\/videos\/vih-sida-videos\/no-mas-transfobia\/","og_locale":"es_ES","og_type":"article","og_title":"\u00a1NO m\u00e1s TRANSFOBIA!","og_description":"Campa\u00f1a en contra de la TRANSFOBIA, de CONVIHVAMOS en el 2015, por parte de la Fundaci\u00f3n Antioque\u00f1a de Infectolog\u00eda (FAI).","og_url":"https:\/\/fai.org.co\/serintegral\/videos\/vih-sida-videos\/no-mas-transfobia\/","og_site_name":"Ser integral","article_published_time":"2021-11-08T05:30:08+00:00","article_modified_time":"2021-11-16T14:47:53+00:00","og_image":[{"width":1280,"height":720,"url":"https:\/\/fai.org.co\/serintegral\/wp-content\/uploads\/2021\/11\/no-mas-transfobia.jpg","type":"image\/jpeg"}],"twitter_card":"summary_large_image","twitter_misc":{"Escrito por":"ser_integral","Tiempo estimado de lectura":"1 minuto"},"schema":{"@context":"https:\/\/schema.org","@graph":[{"@type":"WebSite","@id":"https:\/\/fai.org.co\/serintegral\/#website","url":"https:\/\/fai.org.co\/serintegral\/","name":"Ser integral","description":"","potentialAction":[{"@type":"SearchAction","target":{"@type":"EntryPoint","urlTemplate":"https:\/\/fai.org.co\/serintegral\/?s={search_term_string}"},"query-input":"required name=search_term_string"}],"inLanguage":"es-CO"},{"@type":"ImageObject","@id":"https:\/\/fai.org.co\/serintegral\/videos\/vih-sida-videos\/no-mas-transfobia\/#primaryimage","inLanguage":"es-CO","url":"https:\/\/fai.org.co\/serintegral\/wp-content\/uploads\/2021\/11\/no-mas-transfobia.jpg","contentUrl":"https:\/\/fai.org.co\/serintegral\/wp-content\/uploads\/2021\/11\/no-mas-transfobia.jpg","width":1280,"height":720,"caption":"transfobia"},{"@type":"WebPage","@id":"https:\/\/fai.org.co\/serintegral\/videos\/vih-sida-videos\/no-mas-transfobia\/#webpage","url":"https:\/\/fai.org.co\/serintegral\/videos\/vih-sida-videos\/no-mas-transfobia\/","name":"\u00a1NO m\u00e1s TRANSFOBIA!","isPartOf":{"@id":"https:\/\/fai.org.co\/serintegral\/#website"},"primaryImageOfPage":{"@id":"https:\/\/fai.org.co\/serintegral\/videos\/vih-sida-videos\/no-mas-transfobia\/#primaryimage"},"datePublished":"2021-11-08T05:30:08+00:00","dateModified":"2021-11-16T14:47:53+00:00","author":{"@id":"https:\/\/fai.org.co\/serintegral\/#\/schema\/person\/07947feccb7e085e4a0897f398e7e09c"},"description":"Campa\u00f1a en contra de la TRANSFOBIA, de CONVIHVAMOS en el 2015, por parte de la Fundaci\u00f3n Antioque\u00f1a de Infectolog\u00eda (FAI).","breadcrumb":{"@id":"https:\/\/fai.org.co\/serintegral\/videos\/vih-sida-videos\/no-mas-transfobia\/#breadcrumb"},"inLanguage":"es-CO","potentialAction":[{"@type":"ReadAction","target":["https:\/\/fai.org.co\/serintegral\/videos\/vih-sida-videos\/no-mas-transfobia\/"]}]},{"@type":"BreadcrumbList","@id":"https:\/\/fai.org.co\/serintegral\/videos\/vih-sida-videos\/no-mas-transfobia\/#breadcrumb","itemListElement":[{"@type":"ListItem","position":1,"name":"Inicio","item":"https:\/\/fai.org.co\/serintegral\/"},{"@type":"ListItem","position":2,"name":"\u00a1NO m\u00e1s TRANSFOBIA!"}]},{"@type":"Person","@id":"https:\/\/fai.org.co\/serintegral\/#\/schema\/person\/07947feccb7e085e4a0897f398e7e09c","name":"ser_integral","image":{"@type":"ImageObject","@id":"https:\/\/fai.org.co\/serintegral\/#personlogo","inLanguage":"es-CO","url":"https:\/\/secure.gravatar.com\/avatar\/d019f5050c26fda22d47330ce0f99cf86745e4f9d41b4f7de838ecf51eeb5eaa?s=96&d=mm&r=g","contentUrl":"https:\/\/secure.gravatar.com\/avatar\/d019f5050c26fda22d47330ce0f99cf86745e4f9d41b4f7de838ecf51eeb5eaa?s=96&d=mm&r=g","caption":"ser_integral"},"url":"https:\/\/fai.org.co\/serintegral\/author\/ser_integral\/"}]}},"jetpack_featured_media_url":"https:\/\/fai.org.co\/serintegral\/wp-content\/uploads\/2021\/11\/no-mas-transfobia.jpg","_links":{"self":[{"href":"https:\/\/fai.org.co\/serintegral\/wp-json\/wp\/v2\/posts\/2040","targetHints":{"allow":["GET"]}}],"collection":[{"href":"https:\/\/fai.org.co\/serintegral\/wp-json\/wp\/v2\/posts"}],"about":[{"href":"https:\/\/fai.org.co\/serintegral\/wp-json\/wp\/v2\/types\/post"}],"author":[{"embeddable":true,"href":"https:\/\/fai.org.co\/serintegral\/wp-json\/wp\/v2\/users\/2"}],"replies":[{"embeddable":true,"href":"https:\/\/fai.org.co\/serintegral\/wp-json\/wp\/v2\/comments?post=2040"}],"version-history":[{"count":2,"href":"https:\/\/fai.org.co\/serintegral\/wp-json\/wp\/v2\/posts\/2040\/revisions"}],"predecessor-version":[{"id":2043,"href":"https:\/\/fai.org.co\/serintegral\/wp-json\/wp\/v2\/posts\/2040\/revisions\/2043"}],"wp:featuredmedia":[{"embeddable":true,"href":"https:\/\/fai.org.co\/serintegral\/wp-json\/wp\/v2\/media\/2041"}],"wp:attachment":[{"href":"https:\/\/fai.org.co\/serintegral\/wp-json\/wp\/v2\/media?parent=2040"}],"wp:term":[{"taxonomy":"category","embeddable":true,"href":"https:\/\/fai.org.co\/serintegral\/wp-json\/wp\/v2\/categories?post=2040"},{"taxonomy":"post_tag","embeddable":true,"href":"https:\/\/fai.org.co\/serintegral\/wp-json\/wp\/v2\/tags?post=2040"}],"curies":[{"name":"wp","href":"https:\/\/api.w.org\/{rel}","templated":true}]}}