{"id":2062,"date":"2021-12-07T09:05:02","date_gmt":"2021-12-07T14:05:02","guid":{"rendered":"https:\/\/fai.org.co\/serintegral\/?p=2062"},"modified":"2021-12-14T09:09:18","modified_gmt":"2021-12-14T14:09:18","slug":"las-personas-responden-que-es-la-hepatitis","status":"publish","type":"post","link":"https:\/\/fai.org.co\/serintegral\/videos\/hepatitis-c-videos\/las-personas-responden-que-es-la-hepatitis\/","title":{"rendered":"Las personas responden: \u00bfQu\u00e9 es la hepatitis?"},"content":{"rendered":"<h2>Salimos a las calles para preguntarle a la gente, qu\u00e9 tanto saben sobre la hepatitis \u00bfc\u00f3mo nos habr\u00e1 ido?<\/h2>\n<p>Definitivamente, necesitamos hablar m\u00e1s sobre este tipo de enfermedades:<\/p>\n<p><iframe loading=\"lazy\" title=\"YouTube video player\" src=\"https:\/\/www.youtube.com\/embed\/OqKMaaNgEMI\" width=\"560\" height=\"315\" frameborder=\"0\" allowfullscreen=\"allowfullscreen\"><\/iframe><\/p>\n<hr \/>\n<p><a href=\"https:\/\/www.quenocescondadeti.co\/\" target=\"_blank\" rel=\"noopener\"><img loading=\"lazy\" decoding=\"async\" class=\"aligncenter wp-image-1228 \" src=\"https:\/\/fai.org.co\/serintegral\/wp-content\/uploads\/2021\/08\/boton_QueNoCEscondaDeTi_Ser-Integral-FAI_VHC01-1-1024x256.png\" alt=\"hepatitis\" width=\"748\" height=\"187\" srcset=\"https:\/\/fai.org.co\/serintegral\/wp-content\/uploads\/2021\/08\/boton_QueNoCEscondaDeTi_Ser-Integral-FAI_VHC01-1-1024x256.png 1024w, https:\/\/fai.org.co\/serintegral\/wp-content\/uploads\/2021\/08\/boton_QueNoCEscondaDeTi_Ser-Integral-FAI_VHC01-1-300x75.png 300w, https:\/\/fai.org.co\/serintegral\/wp-content\/uploads\/2021\/08\/boton_QueNoCEscondaDeTi_Ser-Integral-FAI_VHC01-1-768x192.png 768w, https:\/\/fai.org.co\/serintegral\/wp-content\/uploads\/2021\/08\/boton_QueNoCEscondaDeTi_Ser-Integral-FAI_VHC01-1-1536x384.png 1536w, https:\/\/fai.org.co\/serintegral\/wp-content\/uploads\/2021\/08\/boton_QueNoCEscondaDeTi_Ser-Integral-FAI_VHC01-1-2048x512.png 2048w\" sizes=\"auto, (max-width: 748px) 100vw, 748px\" \/><\/a><\/p>\n","protected":false},"excerpt":{"rendered":"<p>Salimos a las calles para preguntarle a la gente, qu\u00e9 tanto saben sobre la hepatitis \u00bfc\u00f3mo nos habr\u00e1 ido? Definitivamente, necesitamos hablar m\u00e1s sobre este tipo de enfermedades:<\/p>\n","protected":false},"author":2,"featured_media":2061,"comment_status":"open","ping_status":"open","sticky":false,"template":"","format":"standard","meta":{"_monsterinsights_skip_tracking":false,"_monsterinsights_sitenote_active":false,"_monsterinsights_sitenote_note":"","_monsterinsights_sitenote_category":0,"spay_email":"","footnotes":""},"categories":[9,8],"tags":[],"class_list":["post-2062","post","type-post","status-publish","format-standard","has-post-thumbnail","hentry","category-hepatitis-c-videos","category-hepatitis-c"],"aioseo_notices":[],"yoast_head":"<!-- This site is optimized with the Yoast SEO plugin v17.5 - https:\/\/yoast.com\/wordpress\/plugins\/seo\/ -->\n<title>Las personas responden: \u00bfQu\u00e9 es la hepatitis?<\/title>\n<meta name=\"description\" content=\"Salimos a las calles para preguntarle a la gente, qu\u00e9 tanto saben sobre la hepatitis \u00bfc\u00f3mo nos habr\u00e1 ido? Hablemos de esta enfermedad.\" \/>\n<meta name=\"robots\" content=\"index, follow, max-snippet:-1, max-image-preview:large, max-video-preview:-1\" \/>\n<link rel=\"canonical\" href=\"https:\/\/fai.org.co\/serintegral\/videos\/hepatitis-c-videos\/las-personas-responden-que-es-la-hepatitis\/\" \/>\n<meta property=\"og:locale\" content=\"es_ES\" \/>\n<meta property=\"og:type\" content=\"article\" \/>\n<meta property=\"og:title\" content=\"Las personas responden: \u00bfQu\u00e9 es la hepatitis?\" \/>\n<meta property=\"og:description\" content=\"Salimos a las calles para preguntarle a la gente, qu\u00e9 tanto saben sobre la hepatitis \u00bfc\u00f3mo nos habr\u00e1 ido? Hablemos de esta enfermedad.\" \/>\n<meta property=\"og:url\" content=\"https:\/\/fai.org.co\/serintegral\/videos\/hepatitis-c-videos\/las-personas-responden-que-es-la-hepatitis\/\" \/>\n<meta property=\"og:site_name\" content=\"Ser integral\" \/>\n<meta property=\"article:published_time\" content=\"2021-12-07T14:05:02+00:00\" \/>\n<meta property=\"article:modified_time\" content=\"2021-12-14T14:09:18+00:00\" \/>\n<meta property=\"og:image\" content=\"https:\/\/fai.org.co\/serintegral\/wp-content\/uploads\/2021\/12\/que-es-hepatitis-voxpopuli-fai-ser-integral.jpg\" \/>\n\t<meta property=\"og:image:width\" content=\"1280\" \/>\n\t<meta property=\"og:image:height\" content=\"720\" \/>\n<meta name=\"twitter:card\" content=\"summary_large_image\" \/>\n<meta name=\"twitter:label1\" content=\"Escrito por\" \/>\n\t<meta name=\"twitter:data1\" content=\"ser_integral\" \/>\n\t<meta name=\"twitter:label2\" content=\"Tiempo estimado de lectura\" \/>\n\t<meta name=\"twitter:data2\" content=\"1 minuto\" \/>\n<script type=\"application\/ld+json\" class=\"yoast-schema-graph\">{\"@context\":\"https:\/\/schema.org\",\"@graph\":[{\"@type\":\"WebSite\",\"@id\":\"https:\/\/fai.org.co\/serintegral\/#website\",\"url\":\"https:\/\/fai.org.co\/serintegral\/\",\"name\":\"Ser integral\",\"description\":\"\",\"potentialAction\":[{\"@type\":\"SearchAction\",\"target\":{\"@type\":\"EntryPoint\",\"urlTemplate\":\"https:\/\/fai.org.co\/serintegral\/?s={search_term_string}\"},\"query-input\":\"required name=search_term_string\"}],\"inLanguage\":\"es-CO\"},{\"@type\":\"ImageObject\",\"@id\":\"https:\/\/fai.org.co\/serintegral\/videos\/hepatitis-c-videos\/las-personas-responden-que-es-la-hepatitis\/#primaryimage\",\"inLanguage\":\"es-CO\",\"url\":\"https:\/\/fai.org.co\/serintegral\/wp-content\/uploads\/2021\/12\/que-es-hepatitis-voxpopuli-fai-ser-integral.jpg\",\"contentUrl\":\"https:\/\/fai.org.co\/serintegral\/wp-content\/uploads\/2021\/12\/que-es-hepatitis-voxpopuli-fai-ser-integral.jpg\",\"width\":1280,\"height\":720,\"caption\":\"hepatitis\"},{\"@type\":\"WebPage\",\"@id\":\"https:\/\/fai.org.co\/serintegral\/videos\/hepatitis-c-videos\/las-personas-responden-que-es-la-hepatitis\/#webpage\",\"url\":\"https:\/\/fai.org.co\/serintegral\/videos\/hepatitis-c-videos\/las-personas-responden-que-es-la-hepatitis\/\",\"name\":\"Las personas responden: \\u00bfQu\\u00e9 es la hepatitis?\",\"isPartOf\":{\"@id\":\"https:\/\/fai.org.co\/serintegral\/#website\"},\"primaryImageOfPage\":{\"@id\":\"https:\/\/fai.org.co\/serintegral\/videos\/hepatitis-c-videos\/las-personas-responden-que-es-la-hepatitis\/#primaryimage\"},\"datePublished\":\"2021-12-07T14:05:02+00:00\",\"dateModified\":\"2021-12-14T14:09:18+00:00\",\"author\":{\"@id\":\"https:\/\/fai.org.co\/serintegral\/#\/schema\/person\/07947feccb7e085e4a0897f398e7e09c\"},\"description\":\"Salimos a las calles para preguntarle a la gente, qu\\u00e9 tanto saben sobre la hepatitis \\u00bfc\\u00f3mo nos habr\\u00e1 ido? Hablemos de esta enfermedad.\",\"breadcrumb\":{\"@id\":\"https:\/\/fai.org.co\/serintegral\/videos\/hepatitis-c-videos\/las-personas-responden-que-es-la-hepatitis\/#breadcrumb\"},\"inLanguage\":\"es-CO\",\"potentialAction\":[{\"@type\":\"ReadAction\",\"target\":[\"https:\/\/fai.org.co\/serintegral\/videos\/hepatitis-c-videos\/las-personas-responden-que-es-la-hepatitis\/\"]}]},{\"@type\":\"BreadcrumbList\",\"@id\":\"https:\/\/fai.org.co\/serintegral\/videos\/hepatitis-c-videos\/las-personas-responden-que-es-la-hepatitis\/#breadcrumb\",\"itemListElement\":[{\"@type\":\"ListItem\",\"position\":1,\"name\":\"Inicio\",\"item\":\"https:\/\/fai.org.co\/serintegral\/\"},{\"@type\":\"ListItem\",\"position\":2,\"name\":\"Las personas responden: \\u00bfQu\\u00e9 es la hepatitis?\"}]},{\"@type\":\"Person\",\"@id\":\"https:\/\/fai.org.co\/serintegral\/#\/schema\/person\/07947feccb7e085e4a0897f398e7e09c\",\"name\":\"ser_integral\",\"image\":{\"@type\":\"ImageObject\",\"@id\":\"https:\/\/fai.org.co\/serintegral\/#personlogo\",\"inLanguage\":\"es-CO\",\"url\":\"https:\/\/secure.gravatar.com\/avatar\/d019f5050c26fda22d47330ce0f99cf86745e4f9d41b4f7de838ecf51eeb5eaa?s=96&d=mm&r=g\",\"contentUrl\":\"https:\/\/secure.gravatar.com\/avatar\/d019f5050c26fda22d47330ce0f99cf86745e4f9d41b4f7de838ecf51eeb5eaa?s=96&d=mm&r=g\",\"caption\":\"ser_integral\"},\"url\":\"https:\/\/fai.org.co\/serintegral\/author\/ser_integral\/\"}]}<\/script>\n<!-- \/ Yoast SEO plugin. -->","yoast_head_json":{"title":"Las personas responden: \u00bfQu\u00e9 es la hepatitis?","description":"Salimos a las calles para preguntarle a la gente, qu\u00e9 tanto saben sobre la hepatitis \u00bfc\u00f3mo nos habr\u00e1 ido? Hablemos de esta enfermedad.","robots":{"index":"index","follow":"follow","max-snippet":"max-snippet:-1","max-image-preview":"max-image-preview:large","max-video-preview":"max-video-preview:-1"},"canonical":"https:\/\/fai.org.co\/serintegral\/videos\/hepatitis-c-videos\/las-personas-responden-que-es-la-hepatitis\/","og_locale":"es_ES","og_type":"article","og_title":"Las personas responden: \u00bfQu\u00e9 es la hepatitis?","og_description":"Salimos a las calles para preguntarle a la gente, qu\u00e9 tanto saben sobre la hepatitis \u00bfc\u00f3mo nos habr\u00e1 ido? Hablemos de esta enfermedad.","og_url":"https:\/\/fai.org.co\/serintegral\/videos\/hepatitis-c-videos\/las-personas-responden-que-es-la-hepatitis\/","og_site_name":"Ser integral","article_published_time":"2021-12-07T14:05:02+00:00","article_modified_time":"2021-12-14T14:09:18+00:00","og_image":[{"width":1280,"height":720,"url":"https:\/\/fai.org.co\/serintegral\/wp-content\/uploads\/2021\/12\/que-es-hepatitis-voxpopuli-fai-ser-integral.jpg","type":"image\/jpeg"}],"twitter_card":"summary_large_image","twitter_misc":{"Escrito por":"ser_integral","Tiempo estimado de lectura":"1 minuto"},"schema":{"@context":"https:\/\/schema.org","@graph":[{"@type":"WebSite","@id":"https:\/\/fai.org.co\/serintegral\/#website","url":"https:\/\/fai.org.co\/serintegral\/","name":"Ser integral","description":"","potentialAction":[{"@type":"SearchAction","target":{"@type":"EntryPoint","urlTemplate":"https:\/\/fai.org.co\/serintegral\/?s={search_term_string}"},"query-input":"required name=search_term_string"}],"inLanguage":"es-CO"},{"@type":"ImageObject","@id":"https:\/\/fai.org.co\/serintegral\/videos\/hepatitis-c-videos\/las-personas-responden-que-es-la-hepatitis\/#primaryimage","inLanguage":"es-CO","url":"https:\/\/fai.org.co\/serintegral\/wp-content\/uploads\/2021\/12\/que-es-hepatitis-voxpopuli-fai-ser-integral.jpg","contentUrl":"https:\/\/fai.org.co\/serintegral\/wp-content\/uploads\/2021\/12\/que-es-hepatitis-voxpopuli-fai-ser-integral.jpg","width":1280,"height":720,"caption":"hepatitis"},{"@type":"WebPage","@id":"https:\/\/fai.org.co\/serintegral\/videos\/hepatitis-c-videos\/las-personas-responden-que-es-la-hepatitis\/#webpage","url":"https:\/\/fai.org.co\/serintegral\/videos\/hepatitis-c-videos\/las-personas-responden-que-es-la-hepatitis\/","name":"Las personas responden: \u00bfQu\u00e9 es la hepatitis?","isPartOf":{"@id":"https:\/\/fai.org.co\/serintegral\/#website"},"primaryImageOfPage":{"@id":"https:\/\/fai.org.co\/serintegral\/videos\/hepatitis-c-videos\/las-personas-responden-que-es-la-hepatitis\/#primaryimage"},"datePublished":"2021-12-07T14:05:02+00:00","dateModified":"2021-12-14T14:09:18+00:00","author":{"@id":"https:\/\/fai.org.co\/serintegral\/#\/schema\/person\/07947feccb7e085e4a0897f398e7e09c"},"description":"Salimos a las calles para preguntarle a la gente, qu\u00e9 tanto saben sobre la hepatitis \u00bfc\u00f3mo nos habr\u00e1 ido? Hablemos de esta enfermedad.","breadcrumb":{"@id":"https:\/\/fai.org.co\/serintegral\/videos\/hepatitis-c-videos\/las-personas-responden-que-es-la-hepatitis\/#breadcrumb"},"inLanguage":"es-CO","potentialAction":[{"@type":"ReadAction","target":["https:\/\/fai.org.co\/serintegral\/videos\/hepatitis-c-videos\/las-personas-responden-que-es-la-hepatitis\/"]}]},{"@type":"BreadcrumbList","@id":"https:\/\/fai.org.co\/serintegral\/videos\/hepatitis-c-videos\/las-personas-responden-que-es-la-hepatitis\/#breadcrumb","itemListElement":[{"@type":"ListItem","position":1,"name":"Inicio","item":"https:\/\/fai.org.co\/serintegral\/"},{"@type":"ListItem","position":2,"name":"Las personas responden: \u00bfQu\u00e9 es la hepatitis?"}]},{"@type":"Person","@id":"https:\/\/fai.org.co\/serintegral\/#\/schema\/person\/07947feccb7e085e4a0897f398e7e09c","name":"ser_integral","image":{"@type":"ImageObject","@id":"https:\/\/fai.org.co\/serintegral\/#personlogo","inLanguage":"es-CO","url":"https:\/\/secure.gravatar.com\/avatar\/d019f5050c26fda22d47330ce0f99cf86745e4f9d41b4f7de838ecf51eeb5eaa?s=96&d=mm&r=g","contentUrl":"https:\/\/secure.gravatar.com\/avatar\/d019f5050c26fda22d47330ce0f99cf86745e4f9d41b4f7de838ecf51eeb5eaa?s=96&d=mm&r=g","caption":"ser_integral"},"url":"https:\/\/fai.org.co\/serintegral\/author\/ser_integral\/"}]}},"jetpack_featured_media_url":"https:\/\/fai.org.co\/serintegral\/wp-content\/uploads\/2021\/12\/que-es-hepatitis-voxpopuli-fai-ser-integral.jpg","_links":{"self":[{"href":"https:\/\/fai.org.co\/serintegral\/wp-json\/wp\/v2\/posts\/2062","targetHints":{"allow":["GET"]}}],"collection":[{"href":"https:\/\/fai.org.co\/serintegral\/wp-json\/wp\/v2\/posts"}],"about":[{"href":"https:\/\/fai.org.co\/serintegral\/wp-json\/wp\/v2\/types\/post"}],"author":[{"embeddable":true,"href":"https:\/\/fai.org.co\/serintegral\/wp-json\/wp\/v2\/users\/2"}],"replies":[{"embeddable":true,"href":"https:\/\/fai.org.co\/serintegral\/wp-json\/wp\/v2\/comments?post=2062"}],"version-history":[{"count":1,"href":"https:\/\/fai.org.co\/serintegral\/wp-json\/wp\/v2\/posts\/2062\/revisions"}],"predecessor-version":[{"id":2063,"href":"https:\/\/fai.org.co\/serintegral\/wp-json\/wp\/v2\/posts\/2062\/revisions\/2063"}],"wp:featuredmedia":[{"embeddable":true,"href":"https:\/\/fai.org.co\/serintegral\/wp-json\/wp\/v2\/media\/2061"}],"wp:attachment":[{"href":"https:\/\/fai.org.co\/serintegral\/wp-json\/wp\/v2\/media?parent=2062"}],"wp:term":[{"taxonomy":"category","embeddable":true,"href":"https:\/\/fai.org.co\/serintegral\/wp-json\/wp\/v2\/categories?post=2062"},{"taxonomy":"post_tag","embeddable":true,"href":"https:\/\/fai.org.co\/serintegral\/wp-json\/wp\/v2\/tags?post=2062"}],"curies":[{"name":"wp","href":"https:\/\/api.w.org\/{rel}","templated":true}]}}