{"id":2340,"date":"2022-08-24T09:01:08","date_gmt":"2022-08-24T14:01:08","guid":{"rendered":"https:\/\/fai.org.co\/serintegral\/?p=2340"},"modified":"2022-08-24T09:40:26","modified_gmt":"2022-08-24T14:40:26","slug":"actividadfisicacovid","status":"publish","type":"post","link":"https:\/\/fai.org.co\/serintegral\/covid-19\/actividadfisicacovid\/","title":{"rendered":"\u00bfPor qu\u00e9 la actividad f\u00edsica funciona como un \u201cescudo protector\u201d contra el COVID?"},"content":{"rendered":"<h2>\u00bfPor qu\u00e9 la actividad f\u00edsica funciona como un \u201cescudo protector\u201d contra el COVID?<\/h2>\n<h2>Dos horas y media de ejercicio en la semana reduce el riesgo de tener coronavirus, afirmaron investigadores brit\u00e1nicos tras analizar los datos de casi 2 millones de adultos<\/h2>\n<p>Despu\u00e9s de analizar los datos de 1,8 millones de adultos, los expertos descubrieron que 150 minutos o m\u00e1s de ejercicio moderado pueden ayudar a prevenir el COVID o su forma grave.<\/p>\n<p><img loading=\"lazy\" decoding=\"async\" class=\"alignnone  wp-image-2343\" src=\"https:\/\/fai.org.co\/serintegral\/wp-content\/uploads\/2022\/08\/RCHCZHXVTRABNC4AI7Y5UYXX5E-300x169.webp\" alt=\"\" width=\"515\" height=\"290\" srcset=\"https:\/\/fai.org.co\/serintegral\/wp-content\/uploads\/2022\/08\/RCHCZHXVTRABNC4AI7Y5UYXX5E-300x169.webp 300w, https:\/\/fai.org.co\/serintegral\/wp-content\/uploads\/2022\/08\/RCHCZHXVTRABNC4AI7Y5UYXX5E.webp 768w\" sizes=\"auto, (max-width: 515px) 100vw, 515px\" \/><\/p>\n<p>Que el\u00a0<b>ejercicio regular<\/b>\u00a0brinda\u00a0<b>m\u00faltiples beneficios a la salud<\/b>\u00a0es algo que ya se sabe. Pero que esta pr\u00e1ctica sirva para\u00a0<b>bajar el riesgo de contraer\u00a0<\/b><b>COVID\u00a0<\/b><b>o de padecerlo en forma grave si uno se infecta,<\/b>\u00a0no se sab\u00eda.<\/p>\n<h4>En un reciente\u00a0<b>estudio cient\u00edfico<\/b>, investigadores brit\u00e1nicos comprobaron que existe una mejor protecci\u00f3n contra el pat\u00f3geno si una persona hace por lo menos\u00a0150 minutos de ejercicio moderado o 75 minutos en forma intensa.\u00a0Las personas que hac\u00edan ejercicio regularmente tambi\u00e9n ten\u00edan hasta un 43 por ciento menos de probabilidades de morir o enfermarse gravemente por el virus que sus pares.<\/h4>\n<p>Despu\u00e9s de\u00a0analizar los datos de 1,8 millones de adultos, los expertos descubrieron que 150 minutos o m\u00e1s de ejercicio moderado, como caminar a paso ligero o bailar,\u00a0reduc\u00edan el riesgo de infecci\u00f3n por COVID en un 11 por ciento.\u00a0Se observ\u00f3 el mismo efecto protector en personas que hac\u00edan m\u00e1s de 75 minutos de ejercicio vigoroso a la semana, como correr, nadar o deportes como el f\u00fatbol y el rugby.<\/p>\n<p>As\u00ed,\u00a0la actividad f\u00edsica regular est\u00e1 relacionada con un menor riesgo de infecci\u00f3n por COVID-19 y la gravedad, incluida la hospitalizaci\u00f3n y la muerte, seg\u00fan un an\u00e1lisis de datos agrupados de la evidencia disponible,\u00a0publicado en el\u00a0British Journal of Sports Medicine.<\/p>\n<p>Los expertos buscaron en 3 bases de datos de investigaci\u00f3n importantes estudios relevantes publicados entre noviembre de 2019 y marzo de 2022, y de un recorrido inicial de 291, agruparon los resultados de 16.<b>\u00a0Los niveles de actividad f\u00edsica se registraron a trav\u00e9s de cuestionarios autoinformados o cifras de monitores de frecuencia card\u00edaca y otros dispositivos de seguimiento de actividad.<\/b>\u00a0Los estudios incluyeron un total de 1.853.610 adultos, de los cuales poco m\u00e1s de la mitad (54 %) eran mujeres. La edad promedio de los participantes fue de 53 a\u00f1os.<\/p>\n<p class=\"paragraph\">La mayor\u00eda de los estudios fueron observacionales y se llevaron a cabo en Corea del Sur, Inglaterra, Ir\u00e1n, Canad\u00e1, Reino Unido, Espa\u00f1a, Brasil, Palestina, Sud\u00e1frica y Suecia. El an\u00e1lisis de datos agrupados mostr\u00f3 que, en general, aquellos que incluyeron actividad f\u00edsica regular en su rutina semanal ten\u00edan un riesgo 11% menor de infecci\u00f3n con SARS-CoV-2, el virus responsable de COVID-19.<\/p>\n<p>Tambi\u00e9n\u00a0ten\u00edan un riesgo 36 % menor de ingreso hospitalario, un riesgo 44 % menor de enfermedad grave por COVID-19 y un riesgo 43 % menor de muerte por COVID-19 que sus pares f\u00edsicamente inactivos. El m\u00e1ximo efecto protector se produjo alrededor de 500 minutos por semana del equivalente metab\u00f3lico de la tarea (MET), despu\u00e9s de lo cual no hubo m\u00e1s mejoras. Los METS expresan la cantidad de energ\u00eda (calor\u00edas) gastadas por minuto de actividad f\u00edsica, y 500 de ellos equivalen a 150 minutos de actividad f\u00edsica de intensidad moderada o 75 minutos de actividad f\u00edsica de intensidad vigorosa.<\/p>\n<p>Los investigadores, dirigidos por Yasmin Ezzatvar, enfermera de la Universidad de Valencia, dijeron que los resultados mostraron qu\u00e9 tan bien el ejercicio protege contra el covid. \u201cLa actividad f\u00edsica regular parece estar relacionada con una menor probabilidad de resultados adversos de Covid-19.\u00a0Nuestros hallazgos destacan los efectos protectores de realizar suficiente actividad f\u00edsica como estrategia de salud p\u00fablica, con beneficios potenciales para reducir el riesgo de covid-19 grave. \u201cDada la heterogeneidad y el riesgo de sesgo de publicaci\u00f3n, ahora se necesitan m\u00e1s estudios con metodolog\u00eda estandarizada e informes de resultados\u201d, afirm\u00f3 Ezzatvar.<\/p>\n<p class=\"paragraph\">Los investigadores advierten que el an\u00e1lisis incluy\u00f3 estudios observacionales, diferentes dise\u00f1os de estudio, evaluaciones subjetivas de los niveles de actividad f\u00edsica y\u00a0<b>se refiri\u00f3 solo a las variantes Beta y Delta de SARS-CoV-2 en lugar de \u00d3micron,<\/b>\u00a0todo lo cual puede debilitar los hallazgos. Pero hay explicaciones biol\u00f3gicas plausibles para lo que encontraron, dicen.\u00a0<b>El ejercicio regular de intensidad moderada puede ayudar a impulsar las\u00a0<\/b><mark class=\"hl_yellow\"><b>respuestas antiinflamatorias del cuerpo<\/b><\/mark><b>,\u00a0<\/b>as\u00ed como la aptitud cardiorrespiratoria y muscular, todo lo cual puede explicar sus efectos beneficiosos sobre la gravedad de la COVID-19, sugieren.<\/p>\n<p class=\"paragraph\">Investigaciones anteriores sugieren que\u00a0<mark class=\"hl_yellow\"><b>la actividad f\u00edsica puede disminuir tanto el riesgo de infecci\u00f3n como la gravedad de las infecciones respiratorias debido, al menos en parte, a su capacidad para reforzar el sistema inmunol\u00f3gico.<\/b><\/mark>\u00a0El v\u00ednculo entre la actividad f\u00edsica regular y la gravedad de la COVID-19 no se comprende bien, pero probablemente involucre factores tanto metab\u00f3licos como ambientales, dicen los investigadores, quienes se propusieron tratar de cuantificar el umbral de actividad f\u00edsica que podr\u00eda ser necesario para disminuir los riesgos de infecci\u00f3n y hospitalizaci\u00f3n asociada y muerte.<\/p>\n<p class=\"paragraph\"><strong>Se sabe poco acerca de por qu\u00e9 el ejercicio limita las posibilidades de contraer el virus, pero los expertos sugirieron que podr\u00eda ayudar a aumentar las defensas inmunitarias del cuerpo.<\/strong><\/p>\n<hr \/>\n<h4>Fuentes:<\/h4>\n<p><a href=\"https:\/\/www.infobae.com\/america\/ciencia-america\/2022\/08\/23\/por-que-la-actividad-fisica-funciona-como-un-escudo-protector-contra-el-covid\/\">http:\/\/ve.scielo.org\/scielo.php?script=sci_arttext&amp;pid=S1315-25562012000200014<\/a><\/p>\n<h6 style=\"text-align: center;\"><em>Nota: Ser Integral-FAI es un proyecto acad\u00e9mico y cient\u00edfico sin \u00e1nimo de lucro, patrocinado por Grupo Biotoscana-GBT. Se autoriza su reproducci\u00f3n parcial o total, citando la fuente.<\/em><\/h6>\n<p><img loading=\"lazy\" decoding=\"async\" class=\"aligncenter wp-image-2344\" src=\"https:\/\/fai.org.co\/serintegral\/wp-content\/uploads\/2022\/08\/black-woman-receiving-the-injection-of-the-coronavirus-vaccine-by-doctor-1024x682.jpg\" alt=\"\" width=\"300\" height=\"200\" srcset=\"https:\/\/fai.org.co\/serintegral\/wp-content\/uploads\/2022\/08\/black-woman-receiving-the-injection-of-the-coronavirus-vaccine-by-doctor-1024x682.jpg 1024w, https:\/\/fai.org.co\/serintegral\/wp-content\/uploads\/2022\/08\/black-woman-receiving-the-injection-of-the-coronavirus-vaccine-by-doctor-300x200.jpg 300w, https:\/\/fai.org.co\/serintegral\/wp-content\/uploads\/2022\/08\/black-woman-receiving-the-injection-of-the-coronavirus-vaccine-by-doctor-768x512.jpg 768w, https:\/\/fai.org.co\/serintegral\/wp-content\/uploads\/2022\/08\/black-woman-receiving-the-injection-of-the-coronavirus-vaccine-by-doctor-1536x1024.jpg 1536w, https:\/\/fai.org.co\/serintegral\/wp-content\/uploads\/2022\/08\/black-woman-receiving-the-injection-of-the-coronavirus-vaccine-by-doctor.jpg 2000w\" sizes=\"auto, (max-width: 300px) 100vw, 300px\" \/><\/p>\n","protected":false},"excerpt":{"rendered":"<p>\u00bfPor qu\u00e9 la actividad f\u00edsica funciona como un \u201cescudo protector\u201d contra el COVID? Dos horas y media de ejercicio en la semana reduce el riesgo de tener coronavirus, afirmaron investigadores brit\u00e1nicos tras analizar los datos de casi 2 millones de adultos Despu\u00e9s de analizar los datos de 1,8 millones de adultos, los expertos descubrieron que [&hellip;]<\/p>\n","protected":false},"author":2,"featured_media":2345,"comment_status":"open","ping_status":"open","sticky":false,"template":"","format":"standard","meta":{"_monsterinsights_skip_tracking":false,"_monsterinsights_sitenote_active":false,"_monsterinsights_sitenote_note":"","_monsterinsights_sitenote_category":0,"spay_email":"","footnotes":""},"categories":[12],"tags":[],"class_list":["post-2340","post","type-post","status-publish","format-standard","has-post-thumbnail","hentry","category-covid-19"],"aioseo_notices":[],"yoast_head":"<!-- This site is optimized with the Yoast SEO plugin v17.5 - https:\/\/yoast.com\/wordpress\/plugins\/seo\/ -->\n<title>Por qu\u00e9 la actividad f\u00edsica funciona contra el COVID<\/title>\n<meta name=\"description\" content=\"Dos 2 y media de ejercicio en la semana reduce el riesgo de tener coronavirus, afirmaron investigadores tras analizar los datos de 2 millones de adultos.\" \/>\n<meta name=\"robots\" content=\"index, follow, max-snippet:-1, max-image-preview:large, max-video-preview:-1\" \/>\n<link rel=\"canonical\" href=\"https:\/\/fai.org.co\/serintegral\/covid-19\/actividadfisicacovid\/\" \/>\n<meta property=\"og:locale\" content=\"es_ES\" \/>\n<meta property=\"og:type\" content=\"article\" \/>\n<meta property=\"og:title\" content=\"Por qu\u00e9 la actividad f\u00edsica funciona contra el COVID\" \/>\n<meta property=\"og:description\" content=\"Dos 2 y media de ejercicio en la semana reduce el riesgo de tener coronavirus, afirmaron investigadores tras analizar los datos de 2 millones de adultos.\" \/>\n<meta property=\"og:url\" content=\"https:\/\/fai.org.co\/serintegral\/covid-19\/actividadfisicacovid\/\" \/>\n<meta property=\"og:site_name\" content=\"Ser integral\" \/>\n<meta property=\"article:published_time\" content=\"2022-08-24T14:01:08+00:00\" \/>\n<meta property=\"article:modified_time\" content=\"2022-08-24T14:40:26+00:00\" \/>\n<meta property=\"og:image\" content=\"https:\/\/fai.org.co\/serintegral\/wp-content\/uploads\/2022\/08\/doctor-analyzing-blood-samples-with-microscope.jpg\" \/>\n\t<meta property=\"og:image:width\" content=\"1000\" \/>\n\t<meta property=\"og:image:height\" content=\"706\" \/>\n<meta name=\"twitter:card\" content=\"summary_large_image\" \/>\n<meta name=\"twitter:label1\" content=\"Escrito por\" \/>\n\t<meta name=\"twitter:data1\" content=\"ser_integral\" \/>\n\t<meta name=\"twitter:label2\" content=\"Tiempo estimado de lectura\" \/>\n\t<meta name=\"twitter:data2\" content=\"5 minutos\" \/>\n<script type=\"application\/ld+json\" class=\"yoast-schema-graph\">{\"@context\":\"https:\/\/schema.org\",\"@graph\":[{\"@type\":\"WebSite\",\"@id\":\"https:\/\/fai.org.co\/serintegral\/#website\",\"url\":\"https:\/\/fai.org.co\/serintegral\/\",\"name\":\"Ser integral\",\"description\":\"\",\"potentialAction\":[{\"@type\":\"SearchAction\",\"target\":{\"@type\":\"EntryPoint\",\"urlTemplate\":\"https:\/\/fai.org.co\/serintegral\/?s={search_term_string}\"},\"query-input\":\"required name=search_term_string\"}],\"inLanguage\":\"es-CO\"},{\"@type\":\"ImageObject\",\"@id\":\"https:\/\/fai.org.co\/serintegral\/covid-19\/actividadfisicacovid\/#primaryimage\",\"inLanguage\":\"es-CO\",\"url\":\"https:\/\/fai.org.co\/serintegral\/wp-content\/uploads\/2022\/08\/doctor-analyzing-blood-samples-with-microscope.jpg\",\"contentUrl\":\"https:\/\/fai.org.co\/serintegral\/wp-content\/uploads\/2022\/08\/doctor-analyzing-blood-samples-with-microscope.jpg\",\"width\":1000,\"height\":706},{\"@type\":\"WebPage\",\"@id\":\"https:\/\/fai.org.co\/serintegral\/covid-19\/actividadfisicacovid\/#webpage\",\"url\":\"https:\/\/fai.org.co\/serintegral\/covid-19\/actividadfisicacovid\/\",\"name\":\"Por qu\\u00e9 la actividad f\\u00edsica funciona contra el COVID\",\"isPartOf\":{\"@id\":\"https:\/\/fai.org.co\/serintegral\/#website\"},\"primaryImageOfPage\":{\"@id\":\"https:\/\/fai.org.co\/serintegral\/covid-19\/actividadfisicacovid\/#primaryimage\"},\"datePublished\":\"2022-08-24T14:01:08+00:00\",\"dateModified\":\"2022-08-24T14:40:26+00:00\",\"author\":{\"@id\":\"https:\/\/fai.org.co\/serintegral\/#\/schema\/person\/07947feccb7e085e4a0897f398e7e09c\"},\"description\":\"Dos 2 y media de ejercicio en la semana reduce el riesgo de tener coronavirus, afirmaron investigadores tras analizar los datos de 2 millones de adultos.\",\"breadcrumb\":{\"@id\":\"https:\/\/fai.org.co\/serintegral\/covid-19\/actividadfisicacovid\/#breadcrumb\"},\"inLanguage\":\"es-CO\",\"potentialAction\":[{\"@type\":\"ReadAction\",\"target\":[\"https:\/\/fai.org.co\/serintegral\/covid-19\/actividadfisicacovid\/\"]}]},{\"@type\":\"BreadcrumbList\",\"@id\":\"https:\/\/fai.org.co\/serintegral\/covid-19\/actividadfisicacovid\/#breadcrumb\",\"itemListElement\":[{\"@type\":\"ListItem\",\"position\":1,\"name\":\"Inicio\",\"item\":\"https:\/\/fai.org.co\/serintegral\/\"},{\"@type\":\"ListItem\",\"position\":2,\"name\":\"\\u00bfPor qu\\u00e9 la actividad f\\u00edsica funciona como un \\u201cescudo protector\\u201d contra el COVID?\"}]},{\"@type\":\"Person\",\"@id\":\"https:\/\/fai.org.co\/serintegral\/#\/schema\/person\/07947feccb7e085e4a0897f398e7e09c\",\"name\":\"ser_integral\",\"image\":{\"@type\":\"ImageObject\",\"@id\":\"https:\/\/fai.org.co\/serintegral\/#personlogo\",\"inLanguage\":\"es-CO\",\"url\":\"https:\/\/secure.gravatar.com\/avatar\/d019f5050c26fda22d47330ce0f99cf86745e4f9d41b4f7de838ecf51eeb5eaa?s=96&d=mm&r=g\",\"contentUrl\":\"https:\/\/secure.gravatar.com\/avatar\/d019f5050c26fda22d47330ce0f99cf86745e4f9d41b4f7de838ecf51eeb5eaa?s=96&d=mm&r=g\",\"caption\":\"ser_integral\"},\"url\":\"https:\/\/fai.org.co\/serintegral\/author\/ser_integral\/\"}]}<\/script>\n<!-- \/ Yoast SEO plugin. -->","yoast_head_json":{"title":"Por qu\u00e9 la actividad f\u00edsica funciona contra el COVID","description":"Dos 2 y media de ejercicio en la semana reduce el riesgo de tener coronavirus, afirmaron investigadores tras analizar los datos de 2 millones de adultos.","robots":{"index":"index","follow":"follow","max-snippet":"max-snippet:-1","max-image-preview":"max-image-preview:large","max-video-preview":"max-video-preview:-1"},"canonical":"https:\/\/fai.org.co\/serintegral\/covid-19\/actividadfisicacovid\/","og_locale":"es_ES","og_type":"article","og_title":"Por qu\u00e9 la actividad f\u00edsica funciona contra el COVID","og_description":"Dos 2 y media de ejercicio en la semana reduce el riesgo de tener coronavirus, afirmaron investigadores tras analizar los datos de 2 millones de adultos.","og_url":"https:\/\/fai.org.co\/serintegral\/covid-19\/actividadfisicacovid\/","og_site_name":"Ser integral","article_published_time":"2022-08-24T14:01:08+00:00","article_modified_time":"2022-08-24T14:40:26+00:00","og_image":[{"width":1000,"height":706,"url":"https:\/\/fai.org.co\/serintegral\/wp-content\/uploads\/2022\/08\/doctor-analyzing-blood-samples-with-microscope.jpg","type":"image\/jpeg"}],"twitter_card":"summary_large_image","twitter_misc":{"Escrito por":"ser_integral","Tiempo estimado de lectura":"5 minutos"},"schema":{"@context":"https:\/\/schema.org","@graph":[{"@type":"WebSite","@id":"https:\/\/fai.org.co\/serintegral\/#website","url":"https:\/\/fai.org.co\/serintegral\/","name":"Ser integral","description":"","potentialAction":[{"@type":"SearchAction","target":{"@type":"EntryPoint","urlTemplate":"https:\/\/fai.org.co\/serintegral\/?s={search_term_string}"},"query-input":"required name=search_term_string"}],"inLanguage":"es-CO"},{"@type":"ImageObject","@id":"https:\/\/fai.org.co\/serintegral\/covid-19\/actividadfisicacovid\/#primaryimage","inLanguage":"es-CO","url":"https:\/\/fai.org.co\/serintegral\/wp-content\/uploads\/2022\/08\/doctor-analyzing-blood-samples-with-microscope.jpg","contentUrl":"https:\/\/fai.org.co\/serintegral\/wp-content\/uploads\/2022\/08\/doctor-analyzing-blood-samples-with-microscope.jpg","width":1000,"height":706},{"@type":"WebPage","@id":"https:\/\/fai.org.co\/serintegral\/covid-19\/actividadfisicacovid\/#webpage","url":"https:\/\/fai.org.co\/serintegral\/covid-19\/actividadfisicacovid\/","name":"Por qu\u00e9 la actividad f\u00edsica funciona contra el COVID","isPartOf":{"@id":"https:\/\/fai.org.co\/serintegral\/#website"},"primaryImageOfPage":{"@id":"https:\/\/fai.org.co\/serintegral\/covid-19\/actividadfisicacovid\/#primaryimage"},"datePublished":"2022-08-24T14:01:08+00:00","dateModified":"2022-08-24T14:40:26+00:00","author":{"@id":"https:\/\/fai.org.co\/serintegral\/#\/schema\/person\/07947feccb7e085e4a0897f398e7e09c"},"description":"Dos 2 y media de ejercicio en la semana reduce el riesgo de tener coronavirus, afirmaron investigadores tras analizar los datos de 2 millones de adultos.","breadcrumb":{"@id":"https:\/\/fai.org.co\/serintegral\/covid-19\/actividadfisicacovid\/#breadcrumb"},"inLanguage":"es-CO","potentialAction":[{"@type":"ReadAction","target":["https:\/\/fai.org.co\/serintegral\/covid-19\/actividadfisicacovid\/"]}]},{"@type":"BreadcrumbList","@id":"https:\/\/fai.org.co\/serintegral\/covid-19\/actividadfisicacovid\/#breadcrumb","itemListElement":[{"@type":"ListItem","position":1,"name":"Inicio","item":"https:\/\/fai.org.co\/serintegral\/"},{"@type":"ListItem","position":2,"name":"\u00bfPor qu\u00e9 la actividad f\u00edsica funciona como un \u201cescudo protector\u201d contra el COVID?"}]},{"@type":"Person","@id":"https:\/\/fai.org.co\/serintegral\/#\/schema\/person\/07947feccb7e085e4a0897f398e7e09c","name":"ser_integral","image":{"@type":"ImageObject","@id":"https:\/\/fai.org.co\/serintegral\/#personlogo","inLanguage":"es-CO","url":"https:\/\/secure.gravatar.com\/avatar\/d019f5050c26fda22d47330ce0f99cf86745e4f9d41b4f7de838ecf51eeb5eaa?s=96&d=mm&r=g","contentUrl":"https:\/\/secure.gravatar.com\/avatar\/d019f5050c26fda22d47330ce0f99cf86745e4f9d41b4f7de838ecf51eeb5eaa?s=96&d=mm&r=g","caption":"ser_integral"},"url":"https:\/\/fai.org.co\/serintegral\/author\/ser_integral\/"}]}},"jetpack_featured_media_url":"https:\/\/fai.org.co\/serintegral\/wp-content\/uploads\/2022\/08\/doctor-analyzing-blood-samples-with-microscope.jpg","_links":{"self":[{"href":"https:\/\/fai.org.co\/serintegral\/wp-json\/wp\/v2\/posts\/2340","targetHints":{"allow":["GET"]}}],"collection":[{"href":"https:\/\/fai.org.co\/serintegral\/wp-json\/wp\/v2\/posts"}],"about":[{"href":"https:\/\/fai.org.co\/serintegral\/wp-json\/wp\/v2\/types\/post"}],"author":[{"embeddable":true,"href":"https:\/\/fai.org.co\/serintegral\/wp-json\/wp\/v2\/users\/2"}],"replies":[{"embeddable":true,"href":"https:\/\/fai.org.co\/serintegral\/wp-json\/wp\/v2\/comments?post=2340"}],"version-history":[{"count":3,"href":"https:\/\/fai.org.co\/serintegral\/wp-json\/wp\/v2\/posts\/2340\/revisions"}],"predecessor-version":[{"id":2346,"href":"https:\/\/fai.org.co\/serintegral\/wp-json\/wp\/v2\/posts\/2340\/revisions\/2346"}],"wp:featuredmedia":[{"embeddable":true,"href":"https:\/\/fai.org.co\/serintegral\/wp-json\/wp\/v2\/media\/2345"}],"wp:attachment":[{"href":"https:\/\/fai.org.co\/serintegral\/wp-json\/wp\/v2\/media?parent=2340"}],"wp:term":[{"taxonomy":"category","embeddable":true,"href":"https:\/\/fai.org.co\/serintegral\/wp-json\/wp\/v2\/categories?post=2340"},{"taxonomy":"post_tag","embeddable":true,"href":"https:\/\/fai.org.co\/serintegral\/wp-json\/wp\/v2\/tags?post=2340"}],"curies":[{"name":"wp","href":"https:\/\/api.w.org\/{rel}","templated":true}]}}