{"id":2359,"date":"2022-09-09T10:04:01","date_gmt":"2022-09-09T15:04:01","guid":{"rendered":"https:\/\/fai.org.co\/serintegral\/?p=2359"},"modified":"2022-09-09T11:22:30","modified_gmt":"2022-09-09T16:22:30","slug":"sidnrome-postcovid","status":"publish","type":"post","link":"https:\/\/fai.org.co\/serintegral\/covid-19\/sidnrome-postcovid\/","title":{"rendered":"S\u00edndrome POSTCOVID &#8211; Dra. Mar\u00eda Ang\u00e9lica Maya"},"content":{"rendered":"<h1>S\u00edndrome POSTCOVID &#8211; Dra. Mar\u00eda Ang\u00e9lica Maya.<\/h1>\n<p><img loading=\"lazy\" decoding=\"async\" class=\" wp-image-2361 aligncenter\" src=\"https:\/\/fai.org.co\/serintegral\/wp-content\/uploads\/2022\/09\/MARIA-ANGELICA-MAYA-300x220.png\" alt=\"\" width=\"338\" height=\"248\" srcset=\"https:\/\/fai.org.co\/serintegral\/wp-content\/uploads\/2022\/09\/MARIA-ANGELICA-MAYA-300x220.png 300w, https:\/\/fai.org.co\/serintegral\/wp-content\/uploads\/2022\/09\/MARIA-ANGELICA-MAYA-768x564.png 768w, https:\/\/fai.org.co\/serintegral\/wp-content\/uploads\/2022\/09\/MARIA-ANGELICA-MAYA.png 854w\" sizes=\"auto, (max-width: 338px) 100vw, 338px\" \/><\/p>\n<h3 style=\"text-align: justify;\">En una entrevista con la Dra. Mar\u00eda Angelica Maya, Infect\u00f3loga asesora del departamento de Antioquia en temas de COVID-19. Nos expres\u00f3 qu\u00e9, la mayor\u00eda de personas contagiadas, suelen padecer alguno de los diferentes tipos que existen:<\/h3>\n<p style=\"text-align: justify;\">El asintom\u00e1tico es conocido por ser una infecci\u00f3n sin s\u00edntomas. Luego, est\u00e1 el leve, que es cuando se presenta una enfermedad respiratoria, la cual se puede manejar desde casa, donde sus s\u00edntomas pueden ser: dolor de cabeza, dolor de garganta, tos, dolor en el cuerpo, dolor muscular. La COVID-19 moderada es cuando se tiene una infecci\u00f3n respiratoria de dif\u00edcil manejo en la que se requiere ox\u00edgeno y se debe acudir al hospital; cuando estos pacientes deben ingresar a la Unidad de Cuidados Intensivos se le conoce como COVID cr\u00edtico. Inclusive, a veces presentan s\u00edntomas que no son relacionados con las v\u00edas respiratorias, sino que tambi\u00e9n pueden presentar co\u00e1gulos de sangre que puedan afectar al coraz\u00f3n, los pulmones, el cerebro y ciertos \u00f3rganos del cuerpo.<\/p>\n<h3><strong>&#8220;Ya se me pas\u00f3 el Covid19&#8221;<\/strong><\/h3>\n<p style=\"text-align: justify;\">La Dra. Mar\u00eda Angelica Maya, expreso qu\u00e9, cuando se termina la etapa de COVID-19, sigue el POSCOVID, en este periodo muchas personas pueden decir: \u201cYa se me paso la COVID-19, ya me recuper\u00e9 totalmente\u201d, otros pueden decir: \u201cHe quedado con algunas molestias\u201d. Estas molestias suelen desaparecer con el pasar de los d\u00edas, sin embargo, existe un peque\u00f1o grupo de personas que no s\u00e9 encuentran catalogados, alrededor de un 10 % o el 15 % pueden padecer del S\u00edndrome POSCOVID, es decir, que pasa un mes y a\u00fan siguen presentando s\u00edntomas. Estos s\u00edntomas pueden ser de diferentes categor\u00edas, ya sea de origen psiqui\u00e1trico o psicol\u00f3gico, en el cual las personas no se pueden concentrar, no pueden hacer las tareas que realizaban con normalidad; tambi\u00e9n pueden ser de origen cardiaco o respiratorio, en este caso no pueden realizar ejercicios ni actividades como antes, incluso hay algunas personas que con las actividades m\u00e1s m\u00ednimas quedan fatigadas.<\/p>\n<p style=\"text-align: justify;\">Todas las personas, sin importar las secuelas que les dej\u00f3 la COVID-19, deber\u00edan esperar un mes para verificar si las afectaciones se mejoran solas o si en el transcurso de los d\u00edas recuperan su funcionalidad. Pero si al pasar el mes sigue limitado para realizar sus actividades tanto en el trabajo, en casa y en su vida social. Se debe consultar al m\u00e9dico para identificar las causas e iniciar un proceso de recuperaci\u00f3n, que puede ser desde lo psicol\u00f3gico o desde lo f\u00edsico, luego de recibir el tratamiento adecuado podr\u00e1 reincorporarse nuevamente a la vida normal.<\/p>\n<p style=\"text-align: justify;\">Para concluir, hay algunos estudios que han mostrado que vacunarse mejora el S\u00edndrome POSCOVID. Vacunarse es una alternativa muy importante, para que aquellos que est\u00e1n sufriendo este s\u00edndrome, puesto que, al colocarse una dosis o terminar el esquema de vacunaci\u00f3n, podr\u00eda ayudar a mejorarlo.<\/p>\n<p>&nbsp;<\/p>\n<p><img loading=\"lazy\" decoding=\"async\" class=\" wp-image-2362 aligncenter\" src=\"https:\/\/fai.org.co\/serintegral\/wp-content\/uploads\/2022\/09\/FACHADA-300x200.jpg\" alt=\"\" width=\"399\" height=\"266\" srcset=\"https:\/\/fai.org.co\/serintegral\/wp-content\/uploads\/2022\/09\/FACHADA-300x200.jpg 300w, https:\/\/fai.org.co\/serintegral\/wp-content\/uploads\/2022\/09\/FACHADA-1024x683.jpg 1024w, https:\/\/fai.org.co\/serintegral\/wp-content\/uploads\/2022\/09\/FACHADA-768x512.jpg 768w, https:\/\/fai.org.co\/serintegral\/wp-content\/uploads\/2022\/09\/FACHADA-1536x1024.jpg 1536w, https:\/\/fai.org.co\/serintegral\/wp-content\/uploads\/2022\/09\/FACHADA-2048x1365.jpg 2048w\" sizes=\"auto, (max-width: 399px) 100vw, 399px\" \/><\/p>\n<p>&nbsp;<\/p>\n<p>&nbsp;<\/p>\n<section class=\"blockquote\"><\/section>\n<h6 style=\"text-align: center;\"><em>Nota: Ser Integral-FAI es un proyecto acad\u00e9mico y cient\u00edfico sin \u00e1nimo de lucro, patrocinado por Grupo Biotoscana-GBT. Se autoriza su reproducci\u00f3n parcial o total, citando la fuente.<\/em><\/h6>\n<p>&nbsp;<\/p>\n","protected":false},"excerpt":{"rendered":"<p>S\u00edndrome POSTCOVID &#8211; Dra. Mar\u00eda Ang\u00e9lica Maya. En una entrevista con la Dra. Mar\u00eda Angelica Maya, Infect\u00f3loga asesora del departamento de Antioquia en temas de COVID-19. Nos expres\u00f3 qu\u00e9, la mayor\u00eda de personas contagiadas, suelen padecer alguno de los diferentes tipos que existen: El asintom\u00e1tico es conocido por ser una infecci\u00f3n sin s\u00edntomas. Luego, est\u00e1 [&hellip;]<\/p>\n","protected":false},"author":2,"featured_media":2360,"comment_status":"open","ping_status":"open","sticky":false,"template":"","format":"standard","meta":{"_monsterinsights_skip_tracking":false,"_monsterinsights_sitenote_active":false,"_monsterinsights_sitenote_note":"","_monsterinsights_sitenote_category":0,"spay_email":"","footnotes":""},"categories":[12,10],"tags":[],"class_list":["post-2359","post","type-post","status-publish","format-standard","has-post-thumbnail","hentry","category-covid-19","category-neumonia"],"aioseo_notices":[],"yoast_head":"<!-- This site is optimized with the Yoast SEO plugin v17.5 - https:\/\/yoast.com\/wordpress\/plugins\/seo\/ -->\n<title>S\u00edndrome Post Covid 19<\/title>\n<meta name=\"description\" content=\"hay algunos estudios que han mostrado que vacunarse mejora el S\u00edndrome POSCOVID. Vacunarse es una alternativa muy importante.\" \/>\n<meta name=\"robots\" content=\"index, follow, max-snippet:-1, max-image-preview:large, max-video-preview:-1\" \/>\n<link rel=\"canonical\" href=\"https:\/\/fai.org.co\/serintegral\/covid-19\/sidnrome-postcovid\/\" \/>\n<meta property=\"og:locale\" content=\"es_ES\" \/>\n<meta property=\"og:type\" content=\"article\" \/>\n<meta property=\"og:title\" content=\"S\u00edndrome Post Covid 19\" \/>\n<meta property=\"og:description\" content=\"hay algunos estudios que han mostrado que vacunarse mejora el S\u00edndrome POSCOVID. Vacunarse es una alternativa muy importante.\" \/>\n<meta property=\"og:url\" content=\"https:\/\/fai.org.co\/serintegral\/covid-19\/sidnrome-postcovid\/\" \/>\n<meta property=\"og:site_name\" content=\"Ser integral\" \/>\n<meta property=\"article:published_time\" content=\"2022-09-09T15:04:01+00:00\" \/>\n<meta property=\"article:modified_time\" content=\"2022-09-09T16:22:30+00:00\" \/>\n<meta property=\"og:image\" content=\"https:\/\/fai.org.co\/serintegral\/wp-content\/uploads\/2022\/09\/covid-19-health-and-social-distancing-concept-attractive-young-brunette-woman-in-medical-mask-applying-hand-sanitizer-on-hand-white.jpg\" \/>\n\t<meta property=\"og:image:width\" content=\"2000\" \/>\n\t<meta property=\"og:image:height\" content=\"1333\" \/>\n<meta name=\"twitter:card\" content=\"summary_large_image\" \/>\n<meta name=\"twitter:label1\" content=\"Escrito por\" \/>\n\t<meta name=\"twitter:data1\" content=\"ser_integral\" \/>\n\t<meta name=\"twitter:label2\" content=\"Tiempo estimado de lectura\" \/>\n\t<meta name=\"twitter:data2\" content=\"3 minutos\" \/>\n<script type=\"application\/ld+json\" class=\"yoast-schema-graph\">{\"@context\":\"https:\/\/schema.org\",\"@graph\":[{\"@type\":\"WebSite\",\"@id\":\"https:\/\/fai.org.co\/serintegral\/#website\",\"url\":\"https:\/\/fai.org.co\/serintegral\/\",\"name\":\"Ser integral\",\"description\":\"\",\"potentialAction\":[{\"@type\":\"SearchAction\",\"target\":{\"@type\":\"EntryPoint\",\"urlTemplate\":\"https:\/\/fai.org.co\/serintegral\/?s={search_term_string}\"},\"query-input\":\"required name=search_term_string\"}],\"inLanguage\":\"es-CO\"},{\"@type\":\"ImageObject\",\"@id\":\"https:\/\/fai.org.co\/serintegral\/covid-19\/sidnrome-postcovid\/#primaryimage\",\"inLanguage\":\"es-CO\",\"url\":\"https:\/\/fai.org.co\/serintegral\/wp-content\/uploads\/2022\/09\/covid-19-health-and-social-distancing-concept-attractive-young-brunette-woman-in-medical-mask-applying-hand-sanitizer-on-hand-white.jpg\",\"contentUrl\":\"https:\/\/fai.org.co\/serintegral\/wp-content\/uploads\/2022\/09\/covid-19-health-and-social-distancing-concept-attractive-young-brunette-woman-in-medical-mask-applying-hand-sanitizer-on-hand-white.jpg\",\"width\":2000,\"height\":1333},{\"@type\":\"WebPage\",\"@id\":\"https:\/\/fai.org.co\/serintegral\/covid-19\/sidnrome-postcovid\/#webpage\",\"url\":\"https:\/\/fai.org.co\/serintegral\/covid-19\/sidnrome-postcovid\/\",\"name\":\"S\\u00edndrome Post Covid 19\",\"isPartOf\":{\"@id\":\"https:\/\/fai.org.co\/serintegral\/#website\"},\"primaryImageOfPage\":{\"@id\":\"https:\/\/fai.org.co\/serintegral\/covid-19\/sidnrome-postcovid\/#primaryimage\"},\"datePublished\":\"2022-09-09T15:04:01+00:00\",\"dateModified\":\"2022-09-09T16:22:30+00:00\",\"author\":{\"@id\":\"https:\/\/fai.org.co\/serintegral\/#\/schema\/person\/07947feccb7e085e4a0897f398e7e09c\"},\"description\":\"hay algunos estudios que han mostrado que vacunarse mejora el S\\u00edndrome POSCOVID. Vacunarse es una alternativa muy importante.\",\"breadcrumb\":{\"@id\":\"https:\/\/fai.org.co\/serintegral\/covid-19\/sidnrome-postcovid\/#breadcrumb\"},\"inLanguage\":\"es-CO\",\"potentialAction\":[{\"@type\":\"ReadAction\",\"target\":[\"https:\/\/fai.org.co\/serintegral\/covid-19\/sidnrome-postcovid\/\"]}]},{\"@type\":\"BreadcrumbList\",\"@id\":\"https:\/\/fai.org.co\/serintegral\/covid-19\/sidnrome-postcovid\/#breadcrumb\",\"itemListElement\":[{\"@type\":\"ListItem\",\"position\":1,\"name\":\"Inicio\",\"item\":\"https:\/\/fai.org.co\/serintegral\/\"},{\"@type\":\"ListItem\",\"position\":2,\"name\":\"S\\u00edndrome POSTCOVID &#8211; Dra. Mar\\u00eda Ang\\u00e9lica Maya\"}]},{\"@type\":\"Person\",\"@id\":\"https:\/\/fai.org.co\/serintegral\/#\/schema\/person\/07947feccb7e085e4a0897f398e7e09c\",\"name\":\"ser_integral\",\"image\":{\"@type\":\"ImageObject\",\"@id\":\"https:\/\/fai.org.co\/serintegral\/#personlogo\",\"inLanguage\":\"es-CO\",\"url\":\"https:\/\/secure.gravatar.com\/avatar\/d019f5050c26fda22d47330ce0f99cf86745e4f9d41b4f7de838ecf51eeb5eaa?s=96&d=mm&r=g\",\"contentUrl\":\"https:\/\/secure.gravatar.com\/avatar\/d019f5050c26fda22d47330ce0f99cf86745e4f9d41b4f7de838ecf51eeb5eaa?s=96&d=mm&r=g\",\"caption\":\"ser_integral\"},\"url\":\"https:\/\/fai.org.co\/serintegral\/author\/ser_integral\/\"}]}<\/script>\n<!-- \/ Yoast SEO plugin. -->","yoast_head_json":{"title":"S\u00edndrome Post Covid 19","description":"hay algunos estudios que han mostrado que vacunarse mejora el S\u00edndrome POSCOVID. Vacunarse es una alternativa muy importante.","robots":{"index":"index","follow":"follow","max-snippet":"max-snippet:-1","max-image-preview":"max-image-preview:large","max-video-preview":"max-video-preview:-1"},"canonical":"https:\/\/fai.org.co\/serintegral\/covid-19\/sidnrome-postcovid\/","og_locale":"es_ES","og_type":"article","og_title":"S\u00edndrome Post Covid 19","og_description":"hay algunos estudios que han mostrado que vacunarse mejora el S\u00edndrome POSCOVID. Vacunarse es una alternativa muy importante.","og_url":"https:\/\/fai.org.co\/serintegral\/covid-19\/sidnrome-postcovid\/","og_site_name":"Ser integral","article_published_time":"2022-09-09T15:04:01+00:00","article_modified_time":"2022-09-09T16:22:30+00:00","og_image":[{"width":2000,"height":1333,"url":"https:\/\/fai.org.co\/serintegral\/wp-content\/uploads\/2022\/09\/covid-19-health-and-social-distancing-concept-attractive-young-brunette-woman-in-medical-mask-applying-hand-sanitizer-on-hand-white.jpg","type":"image\/jpeg"}],"twitter_card":"summary_large_image","twitter_misc":{"Escrito por":"ser_integral","Tiempo estimado de lectura":"3 minutos"},"schema":{"@context":"https:\/\/schema.org","@graph":[{"@type":"WebSite","@id":"https:\/\/fai.org.co\/serintegral\/#website","url":"https:\/\/fai.org.co\/serintegral\/","name":"Ser integral","description":"","potentialAction":[{"@type":"SearchAction","target":{"@type":"EntryPoint","urlTemplate":"https:\/\/fai.org.co\/serintegral\/?s={search_term_string}"},"query-input":"required name=search_term_string"}],"inLanguage":"es-CO"},{"@type":"ImageObject","@id":"https:\/\/fai.org.co\/serintegral\/covid-19\/sidnrome-postcovid\/#primaryimage","inLanguage":"es-CO","url":"https:\/\/fai.org.co\/serintegral\/wp-content\/uploads\/2022\/09\/covid-19-health-and-social-distancing-concept-attractive-young-brunette-woman-in-medical-mask-applying-hand-sanitizer-on-hand-white.jpg","contentUrl":"https:\/\/fai.org.co\/serintegral\/wp-content\/uploads\/2022\/09\/covid-19-health-and-social-distancing-concept-attractive-young-brunette-woman-in-medical-mask-applying-hand-sanitizer-on-hand-white.jpg","width":2000,"height":1333},{"@type":"WebPage","@id":"https:\/\/fai.org.co\/serintegral\/covid-19\/sidnrome-postcovid\/#webpage","url":"https:\/\/fai.org.co\/serintegral\/covid-19\/sidnrome-postcovid\/","name":"S\u00edndrome Post Covid 19","isPartOf":{"@id":"https:\/\/fai.org.co\/serintegral\/#website"},"primaryImageOfPage":{"@id":"https:\/\/fai.org.co\/serintegral\/covid-19\/sidnrome-postcovid\/#primaryimage"},"datePublished":"2022-09-09T15:04:01+00:00","dateModified":"2022-09-09T16:22:30+00:00","author":{"@id":"https:\/\/fai.org.co\/serintegral\/#\/schema\/person\/07947feccb7e085e4a0897f398e7e09c"},"description":"hay algunos estudios que han mostrado que vacunarse mejora el S\u00edndrome POSCOVID. Vacunarse es una alternativa muy importante.","breadcrumb":{"@id":"https:\/\/fai.org.co\/serintegral\/covid-19\/sidnrome-postcovid\/#breadcrumb"},"inLanguage":"es-CO","potentialAction":[{"@type":"ReadAction","target":["https:\/\/fai.org.co\/serintegral\/covid-19\/sidnrome-postcovid\/"]}]},{"@type":"BreadcrumbList","@id":"https:\/\/fai.org.co\/serintegral\/covid-19\/sidnrome-postcovid\/#breadcrumb","itemListElement":[{"@type":"ListItem","position":1,"name":"Inicio","item":"https:\/\/fai.org.co\/serintegral\/"},{"@type":"ListItem","position":2,"name":"S\u00edndrome POSTCOVID &#8211; Dra. Mar\u00eda Ang\u00e9lica Maya"}]},{"@type":"Person","@id":"https:\/\/fai.org.co\/serintegral\/#\/schema\/person\/07947feccb7e085e4a0897f398e7e09c","name":"ser_integral","image":{"@type":"ImageObject","@id":"https:\/\/fai.org.co\/serintegral\/#personlogo","inLanguage":"es-CO","url":"https:\/\/secure.gravatar.com\/avatar\/d019f5050c26fda22d47330ce0f99cf86745e4f9d41b4f7de838ecf51eeb5eaa?s=96&d=mm&r=g","contentUrl":"https:\/\/secure.gravatar.com\/avatar\/d019f5050c26fda22d47330ce0f99cf86745e4f9d41b4f7de838ecf51eeb5eaa?s=96&d=mm&r=g","caption":"ser_integral"},"url":"https:\/\/fai.org.co\/serintegral\/author\/ser_integral\/"}]}},"jetpack_featured_media_url":"https:\/\/fai.org.co\/serintegral\/wp-content\/uploads\/2022\/09\/covid-19-health-and-social-distancing-concept-attractive-young-brunette-woman-in-medical-mask-applying-hand-sanitizer-on-hand-white.jpg","_links":{"self":[{"href":"https:\/\/fai.org.co\/serintegral\/wp-json\/wp\/v2\/posts\/2359","targetHints":{"allow":["GET"]}}],"collection":[{"href":"https:\/\/fai.org.co\/serintegral\/wp-json\/wp\/v2\/posts"}],"about":[{"href":"https:\/\/fai.org.co\/serintegral\/wp-json\/wp\/v2\/types\/post"}],"author":[{"embeddable":true,"href":"https:\/\/fai.org.co\/serintegral\/wp-json\/wp\/v2\/users\/2"}],"replies":[{"embeddable":true,"href":"https:\/\/fai.org.co\/serintegral\/wp-json\/wp\/v2\/comments?post=2359"}],"version-history":[{"count":1,"href":"https:\/\/fai.org.co\/serintegral\/wp-json\/wp\/v2\/posts\/2359\/revisions"}],"predecessor-version":[{"id":2363,"href":"https:\/\/fai.org.co\/serintegral\/wp-json\/wp\/v2\/posts\/2359\/revisions\/2363"}],"wp:featuredmedia":[{"embeddable":true,"href":"https:\/\/fai.org.co\/serintegral\/wp-json\/wp\/v2\/media\/2360"}],"wp:attachment":[{"href":"https:\/\/fai.org.co\/serintegral\/wp-json\/wp\/v2\/media?parent=2359"}],"wp:term":[{"taxonomy":"category","embeddable":true,"href":"https:\/\/fai.org.co\/serintegral\/wp-json\/wp\/v2\/categories?post=2359"},{"taxonomy":"post_tag","embeddable":true,"href":"https:\/\/fai.org.co\/serintegral\/wp-json\/wp\/v2\/tags?post=2359"}],"curies":[{"name":"wp","href":"https:\/\/api.w.org\/{rel}","templated":true}]}}