{"id":2365,"date":"2022-09-19T11:59:35","date_gmt":"2022-09-19T16:59:35","guid":{"rendered":"https:\/\/fai.org.co\/serintegral\/?p=2365"},"modified":"2022-09-19T12:02:49","modified_gmt":"2022-09-19T17:02:49","slug":"meningitis3","status":"publish","type":"post","link":"https:\/\/fai.org.co\/serintegral\/meningitis\/meningitis3\/","title":{"rendered":"Meningitis: c\u00f3mo diferenciar su forma m\u00e1s agresiva de una infecci\u00f3n leve"},"content":{"rendered":"<h1 style=\"text-align: justify;\">Esta enfermedad <strong>puede presentarse de diferentes formas, en cualquier momento, y sin importar la edad.\u00a0<\/strong>Debemos estar preparados para reconocer sus se\u00f1ales y as\u00ed poder actuar cuanto antes.<\/h1>\n<h2 style=\"text-align: justify;\">La meningitis es una enfermedad infecciosa\u00a0<strong>provocada por virus o bacterias que causan la inflamaci\u00f3n de las meninges, unas membranas que rodean el cerebro y la m\u00e9dula espinal.<\/strong><\/h2>\n<p style=\"text-align: justify;\">Cuando se infectan solo las meninges se habla de meningitis. En algunas ocasiones, la bacteria se introduce en la sangre y se disemina, denomin\u00e1ndose &#8216;meningitis bacteriana&#8217; (una de las m\u00e1s conocidas es la sepsis meningoc\u00f3cica).<\/p>\n<p style=\"text-align: justify;\"><em>&#8220;En las meningitis, sobre todo en las bacterianas, cada minuto cuenta\u201d,<\/em>\u00a0cuenta a\u00a0<a class=\"link \" href=\"https:\/\/cuidateplus.marca.com\/familia\/nino\/2019\/02\/11\/como-detectar-meningitis-169625.html\" target=\"_blank\" rel=\"nofollow noopener\" data-ylk=\"slk:Cu\u00eddatePlus\" data-rapid_p=\"11\" data-v9y=\"1\">Cu\u00eddatePlus<\/a>\u00a0<a class=\"link \" href=\"https:\/\/roipineiro.wordpress.com\/\" target=\"_blank\" rel=\"nofollow noopener\" data-ylk=\"slk:Roi Pi\u00f1eiro P\u00e9rez\" data-rapid_p=\"12\" data-v9y=\"1\">Roi Pi\u00f1eiro P\u00e9rez<\/a>, jefe de Pediatr\u00eda del Hospital General de Villalba (Madrid) y miembro del Comit\u00e9 de Medicamentos de la\u00a0<a class=\"link \" href=\"https:\/\/www.aeped.es\/\" target=\"_blank\" rel=\"nofollow noopener\" data-ylk=\"slk:Asociaci\u00f3n Espa\u00f1ola de Pediatr\u00eda (AEP)\" data-rapid_p=\"13\" data-v9y=\"1\">Asociaci\u00f3n Espa\u00f1ola de Pediatr\u00eda (AEP)<\/a>.<\/p>\n<p style=\"text-align: justify;\">Si bien es cierto que la mayor\u00eda de las personas que enferman de meningitis viral (el tipo m\u00e1s com\u00fan de meningitis, y tambi\u00e9n el m\u00e1s leve) se mejoran solas sin recibir tratamiento en un plazo de 7 a 10 d\u00edas, es importante acudir al m\u00e9dico cuando se empiezan a notar los primeros s\u00edntomas. En este tipo de meningitis la recuperaci\u00f3n depende\u00a0<strong>del virus que cause la infecci\u00f3n y, sobre todo, de la respuesta inmunol\u00f3gica.<\/strong><\/p>\n<p style=\"text-align: justify;\">Como su<strong>\u00a0sintomatolog\u00eda<\/strong>\u00a0es inespec\u00edfica, sobre todo en sus fases iniciales,\u00a0<strong>es muy dif\u00edcil distinguirla de cualquier otro cuadro cl\u00ednico corriente como la gripe.\u00a0<\/strong>Por eso ante un malestar parecido es importante acudir al m\u00e9dico para un diagn\u00f3stico certero. Y es que<strong>\u00a0<\/strong><a class=\"link yahoo-link\" href=\"https:\/\/es.vida-estilo.yahoo.com\/prueba-casera-puntos-rojos-infeccion-meningitis-sepsis-104519675.html\" data-ylk=\"slk:algunos tipos de infecci\u00f3n por meningitis pueden ser muy graves,;outcm:mb_qualified_link;_E:mb_qualified_link;ct:story;\" data-rapid_p=\"15\" data-v9y=\"1\">algunos tipos de infecci\u00f3n por meningitis pueden ser muy graves,<\/a>\u00a0y el especialista es quien debe valorar cada caso y diagnosticarla.<\/p>\n<p><img loading=\"lazy\" decoding=\"async\" class=\" wp-image-2368 aligncenter\" src=\"https:\/\/fai.org.co\/serintegral\/wp-content\/uploads\/2022\/09\/dolor-de-cabeza-ninos-300x200.jpg\" alt=\"\" width=\"354\" height=\"236\" srcset=\"https:\/\/fai.org.co\/serintegral\/wp-content\/uploads\/2022\/09\/dolor-de-cabeza-ninos-300x200.jpg 300w, https:\/\/fai.org.co\/serintegral\/wp-content\/uploads\/2022\/09\/dolor-de-cabeza-ninos-1024x683.jpg 1024w, https:\/\/fai.org.co\/serintegral\/wp-content\/uploads\/2022\/09\/dolor-de-cabeza-ninos-768x512.jpg 768w, https:\/\/fai.org.co\/serintegral\/wp-content\/uploads\/2022\/09\/dolor-de-cabeza-ninos.jpg 1140w\" sizes=\"auto, (max-width: 354px) 100vw, 354px\" \/><\/p>\n<p style=\"text-align: justify;\">La meningitis es m\u00e1s peligrosa cuando si se trata de n<strong>i\u00f1os menores de 5 a\u00f1os o personas que tienen el sistema inmunitario debilitado<\/strong>\u00a0debido a enfermedades, medicamentos (como la quimioterapia) o un trasplante reciente de \u00f3rgano o m\u00e9dula \u00f3sea.<\/p>\n<p style=\"text-align: justify;\">La forma m\u00e1s com\u00fan es la\u00a0<strong>meningitis viral,\u00a0<\/strong>que ocurre cuando un virus penetra en el organismo a trav\u00e9s de la nariz o la boca y se traslada al cerebro.<\/p>\n<p style=\"text-align: justify;\">Este tipo de<strong>\u00a0<\/strong>meningitis leve suele comenzar con s\u00edntomas de una infecci\u00f3n v\u00edrica, como fiebre, malestar general, dolor de cabeza y dolores musculares.<\/p>\n<p style=\"text-align: justify;\">Tambi\u00e9n puede haber dolor de cabeza y rigidez de nuca, lo que hace dif\u00edcil o imposible bajar la barbilla hasta el pecho. El mero hecho de bajar el ment\u00f3n hacia el pecho produce dolor y puede resultar imposible realizar el movimiento. Sin embargo, mover la cabeza en otras direcciones no supone la misma dificultad. Esto ya deber\u00eda ponernos sobre alerta y hacernos pedir ayuda sin dilaci\u00f3n.<\/p>\n<p style=\"text-align: justify;\">Otros s\u00edntomas iniciales de la meningitis viral son: mayor sensibilidad de los ojos a la luz, somnolencia o dificultad para despertarse e irritabilidad.<\/p>\n<p style=\"text-align: justify;\">A medida que se desarrolla la meningitis, aparecen los signos cl\u00e1sicos; se intensifica el dolor de cabeza o nuca, y aparecen los v\u00f3mitos &#8216;en escopetazo&#8217;, es decir, proyectivos y sin n\u00e1usea previa.<\/p>\n<p style=\"text-align: justify;\">Como indic\u00e1bamos al principio, este tipo de meningitis suele desaparecer sola y ll<strong>ega al organismo como consecuencia de otros virus, como herpes, VIH o virus del Nilo,\u00a0<\/strong>tal y como recoge la enciclopedia m\u00e9dica para pacientes\u00a0<a class=\"link \" href=\"https:\/\/www.msdmanuals.com\/es\/hogar\/enfermedades-cerebrales,-medulares-y-nerviosas\/meningitis\/meningitis-v%C3%ADrica\" target=\"_blank\" rel=\"nofollow noopener\" data-ylk=\"slk:MSD\" data-rapid_p=\"16\" data-v9y=\"1\">MSD<\/a>. Los s\u00edntomas pueden parecerse a los de la meningitis bacteriana, pero suelen ser menos graves y se desarrollan y progresan m\u00e1s lentamente.<\/p>\n<p style=\"text-align: justify;\">Por el contrario, la m\u00e1s peligrosa y agresiva es la\u00a0<strong>meningitis bacteriana.<\/strong>\u00a0Sucede cuando las bacterias alojadas en otra parte del cuerpo (o\u00eddo, senos paranasales) viajan por el torrente sangu\u00edneo y llegan hasta el cerebro y a la m\u00e9dula espinal.<\/p>\n<p style=\"text-align: justify;\">Existen diferentes cepas de bacterias que pueden originar la meningitis bacteriana; las m\u00e1s comunes son:<\/p>\n<ul class=\"caas-list caas-list-bullet\" style=\"text-align: justify;\">\n<li><strong>Neumococo\u00a0<\/strong>(<em>Streptococcus pneumoniae<\/em>), la m\u00e1s frecuente en reci\u00e9n nacidos, causada a partir de una neumon\u00eda o infecci\u00f3n en el o\u00eddo.<\/li>\n<li><strong>Meningococo\u00a0<\/strong>(<em>Neisseria meningitidis<\/em>), esta bacteria afecta principalmente las v\u00edas respiratorias en adolescentes y adultos j\u00f3venes. Es muy contagiosa.<\/li>\n<li><strong>Hem\u00f3filo\u00a0<\/strong>(<em>Haemophilus influenzae<\/em>)<strong>,\u00a0<\/strong>antes de las vacunas, fue una de las bacterias principales en la meningitis investigadas en pacientes infantiles.<\/li>\n<li><strong>Listeria\u00a0<\/strong>(<em>Listeria monocytogenes<\/em>), una bacteria que suele presentarse en quesos no pasteurizados o carnes procesadas. Las mujeres embarazadas, los reci\u00e9n nacidos, los adultos mayores y las personas con sistemas inmunitarios debilitados son la poblaci\u00f3n m\u00e1s vulnerable.<\/li>\n<\/ul>\n<p style=\"text-align: justify;\">Aunque este tipo de meningitis incluye los s\u00edntomas cl\u00e1sicos ya mencionados,\u00a0<strong>se suele manifestar de forma m\u00e1s agresiva y explosiva, con un sarpullido que no desaparece (no en todos los casos) y convulsiones.<\/strong><\/p>\n<p style=\"text-align: justify;\">De ah\u00ed que sea vital acudir al m\u00e9dico ante los primeros s\u00edntomas, ya que pueden desarrollarse\u00a0<strong>complicaciones y da\u00f1os neurol\u00f3gicos permanentes<\/strong>\u00a0como p\u00e9rdida auditiva, de memoria, dificultad en procesos de aprendizajes o insuficiencia renal.<\/p>\n<p><img loading=\"lazy\" decoding=\"async\" class=\" wp-image-2367 aligncenter\" src=\"https:\/\/fai.org.co\/serintegral\/wp-content\/uploads\/2022\/09\/dolor-de-cabeza-300x169.jpg\" alt=\"\" width=\"502\" height=\"283\" srcset=\"https:\/\/fai.org.co\/serintegral\/wp-content\/uploads\/2022\/09\/dolor-de-cabeza-300x169.jpg 300w, https:\/\/fai.org.co\/serintegral\/wp-content\/uploads\/2022\/09\/dolor-de-cabeza.jpg 750w\" sizes=\"auto, (max-width: 502px) 100vw, 502px\" \/><\/p>\n<p style=\"text-align: justify;\">Por \u00faltimo, los organismos de crecimiento lento (como los hongos y la bacteria &#8216;<em>Mycobacterium tuberculosis<\/em>&#8216;) que invaden las membranas y el l\u00edquido que rodea al cerebro causan\u00a0<strong>meningitis cr\u00f3nica.\u00a0<\/strong>La meningitis cr\u00f3nica se desarrolla durante dos semanas o m\u00e1s. Los signos y los s\u00edntomas de la meningitis cr\u00f3nica (dolor de cabeza, fiebre, v\u00f3mitos y nubosidad mental) son similares a los de la meningitis aguda.<\/p>\n<p style=\"text-align: justify;\">En general llevar una vida saludable y lavarse las manos con frecuencia pueden evitar que la meningitis se contagie, adem\u00e1s de cocinar muy bien los alimentos y acudir a un plan de vacunaci\u00f3n para evitar el desarrollo de esta y otras afecciones del organismo.<\/p>\n<p>&nbsp;<\/p>\n<p>Fuente: https:\/\/es.vida-estilo.yahoo.com\/meningitis-diferenciar-forma-agresiva-infeccion-leve-091702451.html<\/p>\n","protected":false},"excerpt":{"rendered":"<p>Esta enfermedad puede presentarse de diferentes formas, en cualquier momento, y sin importar la edad.\u00a0Debemos estar preparados para reconocer sus se\u00f1ales y as\u00ed poder actuar cuanto antes. La meningitis es una enfermedad infecciosa\u00a0provocada por virus o bacterias que causan la inflamaci\u00f3n de las meninges, unas membranas que rodean el cerebro y la m\u00e9dula espinal. Cuando [&hellip;]<\/p>\n","protected":false},"author":2,"featured_media":2370,"comment_status":"open","ping_status":"open","sticky":false,"template":"","format":"standard","meta":{"_monsterinsights_skip_tracking":false,"_monsterinsights_sitenote_active":false,"_monsterinsights_sitenote_note":"","_monsterinsights_sitenote_category":0,"spay_email":"","footnotes":""},"categories":[19],"tags":[],"class_list":["post-2365","post","type-post","status-publish","format-standard","has-post-thumbnail","hentry","category-meningitis"],"aioseo_notices":[],"yoast_head":"<!-- This site is optimized with the Yoast SEO plugin v17.5 - https:\/\/yoast.com\/wordpress\/plugins\/seo\/ -->\n<title>Meningitis: c\u00f3mo diferenciar su forma m\u00e1s agresiva de una infecci\u00f3n leve<\/title>\n<meta name=\"description\" content=\"Meningitis: c\u00f3mo diferenciar su forma m\u00e1s agresiva de una infecci\u00f3n leve. Debemos reconocer sus se\u00f1ales y as\u00ed poder actuar cuanto antes.\" \/>\n<meta name=\"robots\" content=\"index, follow, max-snippet:-1, max-image-preview:large, max-video-preview:-1\" \/>\n<link rel=\"canonical\" href=\"https:\/\/fai.org.co\/serintegral\/meningitis\/meningitis3\/\" \/>\n<meta property=\"og:locale\" content=\"es_ES\" \/>\n<meta property=\"og:type\" content=\"article\" \/>\n<meta property=\"og:title\" content=\"Meningitis: c\u00f3mo diferenciar su forma m\u00e1s agresiva de una infecci\u00f3n leve\" \/>\n<meta property=\"og:description\" content=\"Meningitis: c\u00f3mo diferenciar su forma m\u00e1s agresiva de una infecci\u00f3n leve. Debemos reconocer sus se\u00f1ales y as\u00ed poder actuar cuanto antes.\" \/>\n<meta property=\"og:url\" content=\"https:\/\/fai.org.co\/serintegral\/meningitis\/meningitis3\/\" \/>\n<meta property=\"og:site_name\" content=\"Ser integral\" \/>\n<meta property=\"article:published_time\" content=\"2022-09-19T16:59:35+00:00\" \/>\n<meta property=\"article:modified_time\" content=\"2022-09-19T17:02:49+00:00\" \/>\n<meta property=\"og:image\" content=\"https:\/\/fai.org.co\/serintegral\/wp-content\/uploads\/2022\/09\/brain-study-background-for-mental-health-care-medical-technology.jpg\" \/>\n\t<meta property=\"og:image:width\" content=\"1500\" \/>\n\t<meta property=\"og:image:height\" content=\"1000\" \/>\n<meta name=\"twitter:card\" content=\"summary_large_image\" \/>\n<meta name=\"twitter:label1\" content=\"Escrito por\" \/>\n\t<meta name=\"twitter:data1\" content=\"ser_integral\" \/>\n\t<meta name=\"twitter:label2\" content=\"Tiempo estimado de lectura\" \/>\n\t<meta name=\"twitter:data2\" content=\"5 minutos\" \/>\n<script type=\"application\/ld+json\" class=\"yoast-schema-graph\">{\"@context\":\"https:\/\/schema.org\",\"@graph\":[{\"@type\":\"WebSite\",\"@id\":\"https:\/\/fai.org.co\/serintegral\/#website\",\"url\":\"https:\/\/fai.org.co\/serintegral\/\",\"name\":\"Ser integral\",\"description\":\"\",\"potentialAction\":[{\"@type\":\"SearchAction\",\"target\":{\"@type\":\"EntryPoint\",\"urlTemplate\":\"https:\/\/fai.org.co\/serintegral\/?s={search_term_string}\"},\"query-input\":\"required name=search_term_string\"}],\"inLanguage\":\"es-CO\"},{\"@type\":\"ImageObject\",\"@id\":\"https:\/\/fai.org.co\/serintegral\/meningitis\/meningitis3\/#primaryimage\",\"inLanguage\":\"es-CO\",\"url\":\"https:\/\/fai.org.co\/serintegral\/wp-content\/uploads\/2022\/09\/brain-study-background-for-mental-health-care-medical-technology.jpg\",\"contentUrl\":\"https:\/\/fai.org.co\/serintegral\/wp-content\/uploads\/2022\/09\/brain-study-background-for-mental-health-care-medical-technology.jpg\",\"width\":1500,\"height\":1000},{\"@type\":\"WebPage\",\"@id\":\"https:\/\/fai.org.co\/serintegral\/meningitis\/meningitis3\/#webpage\",\"url\":\"https:\/\/fai.org.co\/serintegral\/meningitis\/meningitis3\/\",\"name\":\"Meningitis: c\\u00f3mo diferenciar su forma m\\u00e1s agresiva de una infecci\\u00f3n leve\",\"isPartOf\":{\"@id\":\"https:\/\/fai.org.co\/serintegral\/#website\"},\"primaryImageOfPage\":{\"@id\":\"https:\/\/fai.org.co\/serintegral\/meningitis\/meningitis3\/#primaryimage\"},\"datePublished\":\"2022-09-19T16:59:35+00:00\",\"dateModified\":\"2022-09-19T17:02:49+00:00\",\"author\":{\"@id\":\"https:\/\/fai.org.co\/serintegral\/#\/schema\/person\/07947feccb7e085e4a0897f398e7e09c\"},\"description\":\"Meningitis: c\\u00f3mo diferenciar su forma m\\u00e1s agresiva de una infecci\\u00f3n leve. Debemos reconocer sus se\\u00f1ales y as\\u00ed poder actuar cuanto antes.\",\"breadcrumb\":{\"@id\":\"https:\/\/fai.org.co\/serintegral\/meningitis\/meningitis3\/#breadcrumb\"},\"inLanguage\":\"es-CO\",\"potentialAction\":[{\"@type\":\"ReadAction\",\"target\":[\"https:\/\/fai.org.co\/serintegral\/meningitis\/meningitis3\/\"]}]},{\"@type\":\"BreadcrumbList\",\"@id\":\"https:\/\/fai.org.co\/serintegral\/meningitis\/meningitis3\/#breadcrumb\",\"itemListElement\":[{\"@type\":\"ListItem\",\"position\":1,\"name\":\"Inicio\",\"item\":\"https:\/\/fai.org.co\/serintegral\/\"},{\"@type\":\"ListItem\",\"position\":2,\"name\":\"Meningitis: c\\u00f3mo diferenciar su forma m\\u00e1s agresiva de una infecci\\u00f3n leve\"}]},{\"@type\":\"Person\",\"@id\":\"https:\/\/fai.org.co\/serintegral\/#\/schema\/person\/07947feccb7e085e4a0897f398e7e09c\",\"name\":\"ser_integral\",\"image\":{\"@type\":\"ImageObject\",\"@id\":\"https:\/\/fai.org.co\/serintegral\/#personlogo\",\"inLanguage\":\"es-CO\",\"url\":\"https:\/\/secure.gravatar.com\/avatar\/d019f5050c26fda22d47330ce0f99cf86745e4f9d41b4f7de838ecf51eeb5eaa?s=96&d=mm&r=g\",\"contentUrl\":\"https:\/\/secure.gravatar.com\/avatar\/d019f5050c26fda22d47330ce0f99cf86745e4f9d41b4f7de838ecf51eeb5eaa?s=96&d=mm&r=g\",\"caption\":\"ser_integral\"},\"url\":\"https:\/\/fai.org.co\/serintegral\/author\/ser_integral\/\"}]}<\/script>\n<!-- \/ Yoast SEO plugin. -->","yoast_head_json":{"title":"Meningitis: c\u00f3mo diferenciar su forma m\u00e1s agresiva de una infecci\u00f3n leve","description":"Meningitis: c\u00f3mo diferenciar su forma m\u00e1s agresiva de una infecci\u00f3n leve. Debemos reconocer sus se\u00f1ales y as\u00ed poder actuar cuanto antes.","robots":{"index":"index","follow":"follow","max-snippet":"max-snippet:-1","max-image-preview":"max-image-preview:large","max-video-preview":"max-video-preview:-1"},"canonical":"https:\/\/fai.org.co\/serintegral\/meningitis\/meningitis3\/","og_locale":"es_ES","og_type":"article","og_title":"Meningitis: c\u00f3mo diferenciar su forma m\u00e1s agresiva de una infecci\u00f3n leve","og_description":"Meningitis: c\u00f3mo diferenciar su forma m\u00e1s agresiva de una infecci\u00f3n leve. Debemos reconocer sus se\u00f1ales y as\u00ed poder actuar cuanto antes.","og_url":"https:\/\/fai.org.co\/serintegral\/meningitis\/meningitis3\/","og_site_name":"Ser integral","article_published_time":"2022-09-19T16:59:35+00:00","article_modified_time":"2022-09-19T17:02:49+00:00","og_image":[{"width":1500,"height":1000,"url":"https:\/\/fai.org.co\/serintegral\/wp-content\/uploads\/2022\/09\/brain-study-background-for-mental-health-care-medical-technology.jpg","type":"image\/jpeg"}],"twitter_card":"summary_large_image","twitter_misc":{"Escrito por":"ser_integral","Tiempo estimado de lectura":"5 minutos"},"schema":{"@context":"https:\/\/schema.org","@graph":[{"@type":"WebSite","@id":"https:\/\/fai.org.co\/serintegral\/#website","url":"https:\/\/fai.org.co\/serintegral\/","name":"Ser integral","description":"","potentialAction":[{"@type":"SearchAction","target":{"@type":"EntryPoint","urlTemplate":"https:\/\/fai.org.co\/serintegral\/?s={search_term_string}"},"query-input":"required name=search_term_string"}],"inLanguage":"es-CO"},{"@type":"ImageObject","@id":"https:\/\/fai.org.co\/serintegral\/meningitis\/meningitis3\/#primaryimage","inLanguage":"es-CO","url":"https:\/\/fai.org.co\/serintegral\/wp-content\/uploads\/2022\/09\/brain-study-background-for-mental-health-care-medical-technology.jpg","contentUrl":"https:\/\/fai.org.co\/serintegral\/wp-content\/uploads\/2022\/09\/brain-study-background-for-mental-health-care-medical-technology.jpg","width":1500,"height":1000},{"@type":"WebPage","@id":"https:\/\/fai.org.co\/serintegral\/meningitis\/meningitis3\/#webpage","url":"https:\/\/fai.org.co\/serintegral\/meningitis\/meningitis3\/","name":"Meningitis: c\u00f3mo diferenciar su forma m\u00e1s agresiva de una infecci\u00f3n leve","isPartOf":{"@id":"https:\/\/fai.org.co\/serintegral\/#website"},"primaryImageOfPage":{"@id":"https:\/\/fai.org.co\/serintegral\/meningitis\/meningitis3\/#primaryimage"},"datePublished":"2022-09-19T16:59:35+00:00","dateModified":"2022-09-19T17:02:49+00:00","author":{"@id":"https:\/\/fai.org.co\/serintegral\/#\/schema\/person\/07947feccb7e085e4a0897f398e7e09c"},"description":"Meningitis: c\u00f3mo diferenciar su forma m\u00e1s agresiva de una infecci\u00f3n leve. Debemos reconocer sus se\u00f1ales y as\u00ed poder actuar cuanto antes.","breadcrumb":{"@id":"https:\/\/fai.org.co\/serintegral\/meningitis\/meningitis3\/#breadcrumb"},"inLanguage":"es-CO","potentialAction":[{"@type":"ReadAction","target":["https:\/\/fai.org.co\/serintegral\/meningitis\/meningitis3\/"]}]},{"@type":"BreadcrumbList","@id":"https:\/\/fai.org.co\/serintegral\/meningitis\/meningitis3\/#breadcrumb","itemListElement":[{"@type":"ListItem","position":1,"name":"Inicio","item":"https:\/\/fai.org.co\/serintegral\/"},{"@type":"ListItem","position":2,"name":"Meningitis: c\u00f3mo diferenciar su forma m\u00e1s agresiva de una infecci\u00f3n leve"}]},{"@type":"Person","@id":"https:\/\/fai.org.co\/serintegral\/#\/schema\/person\/07947feccb7e085e4a0897f398e7e09c","name":"ser_integral","image":{"@type":"ImageObject","@id":"https:\/\/fai.org.co\/serintegral\/#personlogo","inLanguage":"es-CO","url":"https:\/\/secure.gravatar.com\/avatar\/d019f5050c26fda22d47330ce0f99cf86745e4f9d41b4f7de838ecf51eeb5eaa?s=96&d=mm&r=g","contentUrl":"https:\/\/secure.gravatar.com\/avatar\/d019f5050c26fda22d47330ce0f99cf86745e4f9d41b4f7de838ecf51eeb5eaa?s=96&d=mm&r=g","caption":"ser_integral"},"url":"https:\/\/fai.org.co\/serintegral\/author\/ser_integral\/"}]}},"jetpack_featured_media_url":"https:\/\/fai.org.co\/serintegral\/wp-content\/uploads\/2022\/09\/brain-study-background-for-mental-health-care-medical-technology.jpg","_links":{"self":[{"href":"https:\/\/fai.org.co\/serintegral\/wp-json\/wp\/v2\/posts\/2365","targetHints":{"allow":["GET"]}}],"collection":[{"href":"https:\/\/fai.org.co\/serintegral\/wp-json\/wp\/v2\/posts"}],"about":[{"href":"https:\/\/fai.org.co\/serintegral\/wp-json\/wp\/v2\/types\/post"}],"author":[{"embeddable":true,"href":"https:\/\/fai.org.co\/serintegral\/wp-json\/wp\/v2\/users\/2"}],"replies":[{"embeddable":true,"href":"https:\/\/fai.org.co\/serintegral\/wp-json\/wp\/v2\/comments?post=2365"}],"version-history":[{"count":1,"href":"https:\/\/fai.org.co\/serintegral\/wp-json\/wp\/v2\/posts\/2365\/revisions"}],"predecessor-version":[{"id":2369,"href":"https:\/\/fai.org.co\/serintegral\/wp-json\/wp\/v2\/posts\/2365\/revisions\/2369"}],"wp:featuredmedia":[{"embeddable":true,"href":"https:\/\/fai.org.co\/serintegral\/wp-json\/wp\/v2\/media\/2370"}],"wp:attachment":[{"href":"https:\/\/fai.org.co\/serintegral\/wp-json\/wp\/v2\/media?parent=2365"}],"wp:term":[{"taxonomy":"category","embeddable":true,"href":"https:\/\/fai.org.co\/serintegral\/wp-json\/wp\/v2\/categories?post=2365"},{"taxonomy":"post_tag","embeddable":true,"href":"https:\/\/fai.org.co\/serintegral\/wp-json\/wp\/v2\/tags?post=2365"}],"curies":[{"name":"wp","href":"https:\/\/api.w.org\/{rel}","templated":true}]}}