{"id":2376,"date":"2022-09-20T17:05:17","date_gmt":"2022-09-20T22:05:17","guid":{"rendered":"https:\/\/fai.org.co\/serintegral\/?p=2376"},"modified":"2022-09-20T17:15:25","modified_gmt":"2022-09-20T22:15:25","slug":"el-dr-catano-nos-informa-corazon-y-vih","status":"publish","type":"post","link":"https:\/\/fai.org.co\/serintegral\/videos\/el-dr-catano-nos-informa-corazon-y-vih\/","title":{"rendered":"El Dr. Cata\u00f1o nos informa &#8211; Coraz\u00f3n y VIH."},"content":{"rendered":"<h1>El Dr. Cata\u00f1o nos informa &#8211; Coraz\u00f3n y VIH.<\/h1>\n<p>Hoy el Dr. Juan Carlos Cata\u00f1o nos\u00a0ense\u00f1ar\u00e1 hoy sobre el coraz\u00f3n y los pacientes con VIH.<\/p>\n<p><iframe loading=\"lazy\" title=\"El Dr. Cata\u00f1o nos informa -  Coraz\u00f3n y VIH.\" width=\"800\" height=\"450\" src=\"https:\/\/www.youtube.com\/embed\/aDdB06qVnyc?feature=oembed\" frameborder=\"0\" allow=\"accelerometer; autoplay; clipboard-write; encrypted-media; gyroscope; picture-in-picture\" allowfullscreen><\/iframe><\/p>\n<p>&nbsp;<\/p>\n<p>&nbsp;<\/p>\n<p>&nbsp;<\/p>\n<hr \/>\n<p><a href=\"https:\/\/www.quenocescondadeti.co\/\" target=\"_blank\" rel=\"noopener\"><img loading=\"lazy\" decoding=\"async\" class=\"aligncenter wp-image-1228 \" src=\"https:\/\/fai.org.co\/serintegral\/wp-content\/uploads\/2021\/08\/boton_QueNoCEscondaDeTi_Ser-Integral-FAI_VHC01-1-1024x256.png\" alt=\"hepatitis\" width=\"748\" height=\"187\" srcset=\"https:\/\/fai.org.co\/serintegral\/wp-content\/uploads\/2021\/08\/boton_QueNoCEscondaDeTi_Ser-Integral-FAI_VHC01-1-1024x256.png 1024w, https:\/\/fai.org.co\/serintegral\/wp-content\/uploads\/2021\/08\/boton_QueNoCEscondaDeTi_Ser-Integral-FAI_VHC01-1-300x75.png 300w, https:\/\/fai.org.co\/serintegral\/wp-content\/uploads\/2021\/08\/boton_QueNoCEscondaDeTi_Ser-Integral-FAI_VHC01-1-768x192.png 768w, https:\/\/fai.org.co\/serintegral\/wp-content\/uploads\/2021\/08\/boton_QueNoCEscondaDeTi_Ser-Integral-FAI_VHC01-1-1536x384.png 1536w, https:\/\/fai.org.co\/serintegral\/wp-content\/uploads\/2021\/08\/boton_QueNoCEscondaDeTi_Ser-Integral-FAI_VHC01-1-2048x512.png 2048w\" sizes=\"auto, (max-width: 748px) 100vw, 748px\" \/><\/a><\/p>\n","protected":false},"excerpt":{"rendered":"<p>El Dr. Cata\u00f1o nos informa &#8211; Coraz\u00f3n y VIH. Hoy el Dr. Juan Carlos Cata\u00f1o nos\u00a0ense\u00f1ar\u00e1 hoy sobre el coraz\u00f3n y los pacientes con VIH. &nbsp; &nbsp; &nbsp;<\/p>\n","protected":false},"author":2,"featured_media":2382,"comment_status":"open","ping_status":"open","sticky":false,"template":"","format":"standard","meta":{"_monsterinsights_skip_tracking":false,"_monsterinsights_sitenote_active":false,"_monsterinsights_sitenote_note":"","_monsterinsights_sitenote_category":0,"spay_email":"","footnotes":""},"categories":[13,9,15,20,11,6,17],"tags":[],"class_list":["post-2376","post","type-post","status-publish","format-standard","has-post-thumbnail","hentry","category-covid-19-videos","category-hepatitis-c-videos","category-influenza-videos","category-meningitis-videos","category-neumonia-videos","category-videos","category-vih-sida-videos"],"aioseo_notices":[],"yoast_head":"<!-- This site is optimized with the Yoast SEO plugin v17.5 - https:\/\/yoast.com\/wordpress\/plugins\/seo\/ -->\n<title>El Dr. Cata\u00f1o nos informa - Coraz\u00f3n y VIH<\/title>\n<meta name=\"description\" content=\"El Dr. Cata\u00f1o nos informa - Coraz\u00f3n y VIH. Hoy el Dr. Juan Carlos Cata\u00f1o nos\u00a0ense\u00f1ar\u00e1 hoy sobre el coraz\u00f3n y los pacientes con VIH.\" \/>\n<meta name=\"robots\" content=\"index, follow, max-snippet:-1, max-image-preview:large, max-video-preview:-1\" \/>\n<link rel=\"canonical\" href=\"https:\/\/fai.org.co\/serintegral\/videos\/el-dr-catano-nos-informa-corazon-y-vih\/\" \/>\n<meta property=\"og:locale\" content=\"es_ES\" \/>\n<meta property=\"og:type\" content=\"article\" \/>\n<meta property=\"og:title\" content=\"El Dr. Cata\u00f1o nos informa - Coraz\u00f3n y VIH\" \/>\n<meta property=\"og:description\" content=\"El Dr. Cata\u00f1o nos informa - Coraz\u00f3n y VIH. Hoy el Dr. Juan Carlos Cata\u00f1o nos\u00a0ense\u00f1ar\u00e1 hoy sobre el coraz\u00f3n y los pacientes con VIH.\" \/>\n<meta property=\"og:url\" content=\"https:\/\/fai.org.co\/serintegral\/videos\/el-dr-catano-nos-informa-corazon-y-vih\/\" \/>\n<meta property=\"og:site_name\" content=\"Ser integral\" \/>\n<meta property=\"article:published_time\" content=\"2022-09-20T22:05:17+00:00\" \/>\n<meta property=\"article:modified_time\" content=\"2022-09-20T22:15:25+00:00\" \/>\n<meta property=\"og:image\" content=\"https:\/\/fai.org.co\/serintegral\/wp-content\/uploads\/2022\/09\/DR-CATANO.jpg\" \/>\n\t<meta property=\"og:image:width\" content=\"1080\" \/>\n\t<meta property=\"og:image:height\" content=\"783\" \/>\n<meta name=\"twitter:card\" content=\"summary_large_image\" \/>\n<meta name=\"twitter:label1\" content=\"Escrito por\" \/>\n\t<meta name=\"twitter:data1\" content=\"ser_integral\" \/>\n\t<meta name=\"twitter:label2\" content=\"Tiempo estimado de lectura\" \/>\n\t<meta name=\"twitter:data2\" content=\"1 minuto\" \/>\n<script type=\"application\/ld+json\" class=\"yoast-schema-graph\">{\"@context\":\"https:\/\/schema.org\",\"@graph\":[{\"@type\":\"WebSite\",\"@id\":\"https:\/\/fai.org.co\/serintegral\/#website\",\"url\":\"https:\/\/fai.org.co\/serintegral\/\",\"name\":\"Ser integral\",\"description\":\"\",\"potentialAction\":[{\"@type\":\"SearchAction\",\"target\":{\"@type\":\"EntryPoint\",\"urlTemplate\":\"https:\/\/fai.org.co\/serintegral\/?s={search_term_string}\"},\"query-input\":\"required name=search_term_string\"}],\"inLanguage\":\"es-CO\"},{\"@type\":\"ImageObject\",\"@id\":\"https:\/\/fai.org.co\/serintegral\/videos\/el-dr-catano-nos-informa-corazon-y-vih\/#primaryimage\",\"inLanguage\":\"es-CO\",\"url\":\"https:\/\/fai.org.co\/serintegral\/wp-content\/uploads\/2022\/09\/DR-CATANO.jpg\",\"contentUrl\":\"https:\/\/fai.org.co\/serintegral\/wp-content\/uploads\/2022\/09\/DR-CATANO.jpg\",\"width\":1080,\"height\":783},{\"@type\":\"WebPage\",\"@id\":\"https:\/\/fai.org.co\/serintegral\/videos\/el-dr-catano-nos-informa-corazon-y-vih\/#webpage\",\"url\":\"https:\/\/fai.org.co\/serintegral\/videos\/el-dr-catano-nos-informa-corazon-y-vih\/\",\"name\":\"El Dr. Cata\\u00f1o nos informa - Coraz\\u00f3n y VIH\",\"isPartOf\":{\"@id\":\"https:\/\/fai.org.co\/serintegral\/#website\"},\"primaryImageOfPage\":{\"@id\":\"https:\/\/fai.org.co\/serintegral\/videos\/el-dr-catano-nos-informa-corazon-y-vih\/#primaryimage\"},\"datePublished\":\"2022-09-20T22:05:17+00:00\",\"dateModified\":\"2022-09-20T22:15:25+00:00\",\"author\":{\"@id\":\"https:\/\/fai.org.co\/serintegral\/#\/schema\/person\/07947feccb7e085e4a0897f398e7e09c\"},\"description\":\"El Dr. Cata\\u00f1o nos informa - Coraz\\u00f3n y VIH. Hoy el Dr. Juan Carlos Cata\\u00f1o nos\\u00a0ense\\u00f1ar\\u00e1 hoy sobre el coraz\\u00f3n y los pacientes con VIH.\",\"breadcrumb\":{\"@id\":\"https:\/\/fai.org.co\/serintegral\/videos\/el-dr-catano-nos-informa-corazon-y-vih\/#breadcrumb\"},\"inLanguage\":\"es-CO\",\"potentialAction\":[{\"@type\":\"ReadAction\",\"target\":[\"https:\/\/fai.org.co\/serintegral\/videos\/el-dr-catano-nos-informa-corazon-y-vih\/\"]}]},{\"@type\":\"BreadcrumbList\",\"@id\":\"https:\/\/fai.org.co\/serintegral\/videos\/el-dr-catano-nos-informa-corazon-y-vih\/#breadcrumb\",\"itemListElement\":[{\"@type\":\"ListItem\",\"position\":1,\"name\":\"Inicio\",\"item\":\"https:\/\/fai.org.co\/serintegral\/\"},{\"@type\":\"ListItem\",\"position\":2,\"name\":\"El Dr. Cata\\u00f1o nos informa &#8211; Coraz\\u00f3n y VIH.\"}]},{\"@type\":\"Person\",\"@id\":\"https:\/\/fai.org.co\/serintegral\/#\/schema\/person\/07947feccb7e085e4a0897f398e7e09c\",\"name\":\"ser_integral\",\"image\":{\"@type\":\"ImageObject\",\"@id\":\"https:\/\/fai.org.co\/serintegral\/#personlogo\",\"inLanguage\":\"es-CO\",\"url\":\"https:\/\/secure.gravatar.com\/avatar\/d019f5050c26fda22d47330ce0f99cf86745e4f9d41b4f7de838ecf51eeb5eaa?s=96&d=mm&r=g\",\"contentUrl\":\"https:\/\/secure.gravatar.com\/avatar\/d019f5050c26fda22d47330ce0f99cf86745e4f9d41b4f7de838ecf51eeb5eaa?s=96&d=mm&r=g\",\"caption\":\"ser_integral\"},\"url\":\"https:\/\/fai.org.co\/serintegral\/author\/ser_integral\/\"}]}<\/script>\n<!-- \/ Yoast SEO plugin. -->","yoast_head_json":{"title":"El Dr. Cata\u00f1o nos informa - Coraz\u00f3n y VIH","description":"El Dr. Cata\u00f1o nos informa - Coraz\u00f3n y VIH. Hoy el Dr. Juan Carlos Cata\u00f1o nos\u00a0ense\u00f1ar\u00e1 hoy sobre el coraz\u00f3n y los pacientes con VIH.","robots":{"index":"index","follow":"follow","max-snippet":"max-snippet:-1","max-image-preview":"max-image-preview:large","max-video-preview":"max-video-preview:-1"},"canonical":"https:\/\/fai.org.co\/serintegral\/videos\/el-dr-catano-nos-informa-corazon-y-vih\/","og_locale":"es_ES","og_type":"article","og_title":"El Dr. Cata\u00f1o nos informa - Coraz\u00f3n y VIH","og_description":"El Dr. Cata\u00f1o nos informa - Coraz\u00f3n y VIH. Hoy el Dr. Juan Carlos Cata\u00f1o nos\u00a0ense\u00f1ar\u00e1 hoy sobre el coraz\u00f3n y los pacientes con VIH.","og_url":"https:\/\/fai.org.co\/serintegral\/videos\/el-dr-catano-nos-informa-corazon-y-vih\/","og_site_name":"Ser integral","article_published_time":"2022-09-20T22:05:17+00:00","article_modified_time":"2022-09-20T22:15:25+00:00","og_image":[{"width":1080,"height":783,"url":"https:\/\/fai.org.co\/serintegral\/wp-content\/uploads\/2022\/09\/DR-CATANO.jpg","type":"image\/jpeg"}],"twitter_card":"summary_large_image","twitter_misc":{"Escrito por":"ser_integral","Tiempo estimado de lectura":"1 minuto"},"schema":{"@context":"https:\/\/schema.org","@graph":[{"@type":"WebSite","@id":"https:\/\/fai.org.co\/serintegral\/#website","url":"https:\/\/fai.org.co\/serintegral\/","name":"Ser integral","description":"","potentialAction":[{"@type":"SearchAction","target":{"@type":"EntryPoint","urlTemplate":"https:\/\/fai.org.co\/serintegral\/?s={search_term_string}"},"query-input":"required name=search_term_string"}],"inLanguage":"es-CO"},{"@type":"ImageObject","@id":"https:\/\/fai.org.co\/serintegral\/videos\/el-dr-catano-nos-informa-corazon-y-vih\/#primaryimage","inLanguage":"es-CO","url":"https:\/\/fai.org.co\/serintegral\/wp-content\/uploads\/2022\/09\/DR-CATANO.jpg","contentUrl":"https:\/\/fai.org.co\/serintegral\/wp-content\/uploads\/2022\/09\/DR-CATANO.jpg","width":1080,"height":783},{"@type":"WebPage","@id":"https:\/\/fai.org.co\/serintegral\/videos\/el-dr-catano-nos-informa-corazon-y-vih\/#webpage","url":"https:\/\/fai.org.co\/serintegral\/videos\/el-dr-catano-nos-informa-corazon-y-vih\/","name":"El Dr. Cata\u00f1o nos informa - Coraz\u00f3n y VIH","isPartOf":{"@id":"https:\/\/fai.org.co\/serintegral\/#website"},"primaryImageOfPage":{"@id":"https:\/\/fai.org.co\/serintegral\/videos\/el-dr-catano-nos-informa-corazon-y-vih\/#primaryimage"},"datePublished":"2022-09-20T22:05:17+00:00","dateModified":"2022-09-20T22:15:25+00:00","author":{"@id":"https:\/\/fai.org.co\/serintegral\/#\/schema\/person\/07947feccb7e085e4a0897f398e7e09c"},"description":"El Dr. Cata\u00f1o nos informa - Coraz\u00f3n y VIH. Hoy el Dr. Juan Carlos Cata\u00f1o nos\u00a0ense\u00f1ar\u00e1 hoy sobre el coraz\u00f3n y los pacientes con VIH.","breadcrumb":{"@id":"https:\/\/fai.org.co\/serintegral\/videos\/el-dr-catano-nos-informa-corazon-y-vih\/#breadcrumb"},"inLanguage":"es-CO","potentialAction":[{"@type":"ReadAction","target":["https:\/\/fai.org.co\/serintegral\/videos\/el-dr-catano-nos-informa-corazon-y-vih\/"]}]},{"@type":"BreadcrumbList","@id":"https:\/\/fai.org.co\/serintegral\/videos\/el-dr-catano-nos-informa-corazon-y-vih\/#breadcrumb","itemListElement":[{"@type":"ListItem","position":1,"name":"Inicio","item":"https:\/\/fai.org.co\/serintegral\/"},{"@type":"ListItem","position":2,"name":"El Dr. Cata\u00f1o nos informa &#8211; Coraz\u00f3n y VIH."}]},{"@type":"Person","@id":"https:\/\/fai.org.co\/serintegral\/#\/schema\/person\/07947feccb7e085e4a0897f398e7e09c","name":"ser_integral","image":{"@type":"ImageObject","@id":"https:\/\/fai.org.co\/serintegral\/#personlogo","inLanguage":"es-CO","url":"https:\/\/secure.gravatar.com\/avatar\/d019f5050c26fda22d47330ce0f99cf86745e4f9d41b4f7de838ecf51eeb5eaa?s=96&d=mm&r=g","contentUrl":"https:\/\/secure.gravatar.com\/avatar\/d019f5050c26fda22d47330ce0f99cf86745e4f9d41b4f7de838ecf51eeb5eaa?s=96&d=mm&r=g","caption":"ser_integral"},"url":"https:\/\/fai.org.co\/serintegral\/author\/ser_integral\/"}]}},"jetpack_featured_media_url":"https:\/\/fai.org.co\/serintegral\/wp-content\/uploads\/2022\/09\/DR-CATANO.jpg","_links":{"self":[{"href":"https:\/\/fai.org.co\/serintegral\/wp-json\/wp\/v2\/posts\/2376","targetHints":{"allow":["GET"]}}],"collection":[{"href":"https:\/\/fai.org.co\/serintegral\/wp-json\/wp\/v2\/posts"}],"about":[{"href":"https:\/\/fai.org.co\/serintegral\/wp-json\/wp\/v2\/types\/post"}],"author":[{"embeddable":true,"href":"https:\/\/fai.org.co\/serintegral\/wp-json\/wp\/v2\/users\/2"}],"replies":[{"embeddable":true,"href":"https:\/\/fai.org.co\/serintegral\/wp-json\/wp\/v2\/comments?post=2376"}],"version-history":[{"count":1,"href":"https:\/\/fai.org.co\/serintegral\/wp-json\/wp\/v2\/posts\/2376\/revisions"}],"predecessor-version":[{"id":2378,"href":"https:\/\/fai.org.co\/serintegral\/wp-json\/wp\/v2\/posts\/2376\/revisions\/2378"}],"wp:featuredmedia":[{"embeddable":true,"href":"https:\/\/fai.org.co\/serintegral\/wp-json\/wp\/v2\/media\/2382"}],"wp:attachment":[{"href":"https:\/\/fai.org.co\/serintegral\/wp-json\/wp\/v2\/media?parent=2376"}],"wp:term":[{"taxonomy":"category","embeddable":true,"href":"https:\/\/fai.org.co\/serintegral\/wp-json\/wp\/v2\/categories?post=2376"},{"taxonomy":"post_tag","embeddable":true,"href":"https:\/\/fai.org.co\/serintegral\/wp-json\/wp\/v2\/tags?post=2376"}],"curies":[{"name":"wp","href":"https:\/\/api.w.org\/{rel}","templated":true}]}}