{"id":2422,"date":"2022-09-30T14:58:26","date_gmt":"2022-09-30T19:58:26","guid":{"rendered":"https:\/\/fai.org.co\/serintegral\/?p=2422"},"modified":"2022-09-30T15:31:05","modified_gmt":"2022-09-30T20:31:05","slug":"covid19-y-vacunacion","status":"publish","type":"post","link":"https:\/\/fai.org.co\/serintegral\/videos\/covid19-y-vacunacion\/","title":{"rendered":"\u00bfC\u00f3mo funciona la vacunaci\u00f3n en las personas? Hablemos de Covid 19."},"content":{"rendered":"<h1>\u00bfC\u00f3mo funciona la vacunaci\u00f3n en las personas? Hablemos de Covid 19.<\/h1>\n<p>Nuestra Doctora Mar\u00eda Ang\u00e9lica Maya, Especialista en Enfermedades Infecciosas nos contar\u00e1 c\u00f3mo funciona la vacunaci\u00f3n en las personas, su forma de defendernos y la reducci\u00f3n en riesgos ante virus.<\/p>\n<p><iframe loading=\"lazy\" title=\"\u00bfC\u00f3mo funciona la vacunaci\u00f3n en las personas? Hablemos de Covid 19\" width=\"800\" height=\"450\" src=\"https:\/\/www.youtube.com\/embed\/7hj-9kMv1BQ?feature=oembed\" frameborder=\"0\" allow=\"accelerometer; autoplay; clipboard-write; encrypted-media; gyroscope; picture-in-picture\" allowfullscreen><\/iframe><\/p>\n<p>&nbsp;<\/p>\n<p>&nbsp;<\/p>\n<hr \/>\n<p><a href=\"https:\/\/www.quenocescondadeti.co\/\" target=\"_blank\" rel=\"noopener\"><img loading=\"lazy\" decoding=\"async\" class=\"aligncenter wp-image-1228 \" src=\"https:\/\/fai.org.co\/serintegral\/wp-content\/uploads\/2021\/08\/boton_QueNoCEscondaDeTi_Ser-Integral-FAI_VHC01-1-1024x256.png\" alt=\"hepatitis\" width=\"748\" height=\"187\" srcset=\"https:\/\/fai.org.co\/serintegral\/wp-content\/uploads\/2021\/08\/boton_QueNoCEscondaDeTi_Ser-Integral-FAI_VHC01-1-1024x256.png 1024w, https:\/\/fai.org.co\/serintegral\/wp-content\/uploads\/2021\/08\/boton_QueNoCEscondaDeTi_Ser-Integral-FAI_VHC01-1-300x75.png 300w, https:\/\/fai.org.co\/serintegral\/wp-content\/uploads\/2021\/08\/boton_QueNoCEscondaDeTi_Ser-Integral-FAI_VHC01-1-768x192.png 768w, https:\/\/fai.org.co\/serintegral\/wp-content\/uploads\/2021\/08\/boton_QueNoCEscondaDeTi_Ser-Integral-FAI_VHC01-1-1536x384.png 1536w, https:\/\/fai.org.co\/serintegral\/wp-content\/uploads\/2021\/08\/boton_QueNoCEscondaDeTi_Ser-Integral-FAI_VHC01-1-2048x512.png 2048w\" sizes=\"auto, (max-width: 748px) 100vw, 748px\" \/><\/a><\/p>\n","protected":false},"excerpt":{"rendered":"<p>\u00bfC\u00f3mo funciona la vacunaci\u00f3n en las personas? Hablemos de Covid 19. Nuestra Doctora Mar\u00eda Ang\u00e9lica Maya, Especialista en Enfermedades Infecciosas nos contar\u00e1 c\u00f3mo funciona la vacunaci\u00f3n en las personas, su forma de defendernos y la reducci\u00f3n en riesgos ante virus. &nbsp; &nbsp;<\/p>\n","protected":false},"author":2,"featured_media":2431,"comment_status":"open","ping_status":"open","sticky":false,"template":"","format":"standard","meta":{"_monsterinsights_skip_tracking":false,"_monsterinsights_sitenote_active":false,"_monsterinsights_sitenote_note":"","_monsterinsights_sitenote_category":0,"spay_email":"","footnotes":""},"categories":[13,9,15,20,11,6,17],"tags":[],"class_list":["post-2422","post","type-post","status-publish","format-standard","has-post-thumbnail","hentry","category-covid-19-videos","category-hepatitis-c-videos","category-influenza-videos","category-meningitis-videos","category-neumonia-videos","category-videos","category-vih-sida-videos"],"aioseo_notices":[],"yoast_head":"<!-- This site is optimized with the Yoast SEO plugin v17.5 - https:\/\/yoast.com\/wordpress\/plugins\/seo\/ -->\n<title>Vacunaci\u00f3n de covid 19 y como funciona<\/title>\n<meta name=\"description\" content=\"Nuestra Doctora Mar\u00eda Ang\u00e9lica Maya, Especialista en Enfermedades Infecciosas nos contar\u00e1 c\u00f3mo funciona la vacunaci\u00f3n en las personas.\" \/>\n<meta name=\"robots\" content=\"index, follow, max-snippet:-1, max-image-preview:large, max-video-preview:-1\" \/>\n<link rel=\"canonical\" href=\"https:\/\/fai.org.co\/serintegral\/videos\/covid19-y-vacunacion\/\" \/>\n<meta property=\"og:locale\" content=\"es_ES\" \/>\n<meta property=\"og:type\" content=\"article\" \/>\n<meta property=\"og:title\" content=\"Vacunaci\u00f3n de covid 19 y como funciona\" \/>\n<meta property=\"og:description\" content=\"Nuestra Doctora Mar\u00eda Ang\u00e9lica Maya, Especialista en Enfermedades Infecciosas nos contar\u00e1 c\u00f3mo funciona la vacunaci\u00f3n en las personas.\" \/>\n<meta property=\"og:url\" content=\"https:\/\/fai.org.co\/serintegral\/videos\/covid19-y-vacunacion\/\" \/>\n<meta property=\"og:site_name\" content=\"Ser integral\" \/>\n<meta property=\"article:published_time\" content=\"2022-09-30T19:58:26+00:00\" \/>\n<meta property=\"article:modified_time\" content=\"2022-09-30T20:31:05+00:00\" \/>\n<meta property=\"og:image\" content=\"https:\/\/fai.org.co\/serintegral\/wp-content\/uploads\/2022\/09\/29-SEPTIEMBRE-e1664569858703.jpg\" \/>\n\t<meta property=\"og:image:width\" content=\"622\" \/>\n\t<meta property=\"og:image:height\" content=\"472\" \/>\n<meta name=\"twitter:card\" content=\"summary_large_image\" \/>\n<meta name=\"twitter:label1\" content=\"Escrito por\" \/>\n\t<meta name=\"twitter:data1\" content=\"ser_integral\" \/>\n\t<meta name=\"twitter:label2\" content=\"Tiempo estimado de lectura\" \/>\n\t<meta name=\"twitter:data2\" content=\"1 minuto\" \/>\n<script type=\"application\/ld+json\" class=\"yoast-schema-graph\">{\"@context\":\"https:\/\/schema.org\",\"@graph\":[{\"@type\":\"WebSite\",\"@id\":\"https:\/\/fai.org.co\/serintegral\/#website\",\"url\":\"https:\/\/fai.org.co\/serintegral\/\",\"name\":\"Ser integral\",\"description\":\"\",\"potentialAction\":[{\"@type\":\"SearchAction\",\"target\":{\"@type\":\"EntryPoint\",\"urlTemplate\":\"https:\/\/fai.org.co\/serintegral\/?s={search_term_string}\"},\"query-input\":\"required name=search_term_string\"}],\"inLanguage\":\"es-CO\"},{\"@type\":\"ImageObject\",\"@id\":\"https:\/\/fai.org.co\/serintegral\/videos\/covid19-y-vacunacion\/#primaryimage\",\"inLanguage\":\"es-CO\",\"url\":\"https:\/\/fai.org.co\/serintegral\/wp-content\/uploads\/2022\/09\/29-SEPTIEMBRE-e1664569858703.jpg\",\"contentUrl\":\"https:\/\/fai.org.co\/serintegral\/wp-content\/uploads\/2022\/09\/29-SEPTIEMBRE-e1664569858703.jpg\",\"width\":622,\"height\":472},{\"@type\":\"WebPage\",\"@id\":\"https:\/\/fai.org.co\/serintegral\/videos\/covid19-y-vacunacion\/#webpage\",\"url\":\"https:\/\/fai.org.co\/serintegral\/videos\/covid19-y-vacunacion\/\",\"name\":\"Vacunaci\\u00f3n de covid 19 y como funciona\",\"isPartOf\":{\"@id\":\"https:\/\/fai.org.co\/serintegral\/#website\"},\"primaryImageOfPage\":{\"@id\":\"https:\/\/fai.org.co\/serintegral\/videos\/covid19-y-vacunacion\/#primaryimage\"},\"datePublished\":\"2022-09-30T19:58:26+00:00\",\"dateModified\":\"2022-09-30T20:31:05+00:00\",\"author\":{\"@id\":\"https:\/\/fai.org.co\/serintegral\/#\/schema\/person\/07947feccb7e085e4a0897f398e7e09c\"},\"description\":\"Nuestra Doctora Mar\\u00eda Ang\\u00e9lica Maya, Especialista en Enfermedades Infecciosas nos contar\\u00e1 c\\u00f3mo funciona la vacunaci\\u00f3n en las personas.\",\"breadcrumb\":{\"@id\":\"https:\/\/fai.org.co\/serintegral\/videos\/covid19-y-vacunacion\/#breadcrumb\"},\"inLanguage\":\"es-CO\",\"potentialAction\":[{\"@type\":\"ReadAction\",\"target\":[\"https:\/\/fai.org.co\/serintegral\/videos\/covid19-y-vacunacion\/\"]}]},{\"@type\":\"BreadcrumbList\",\"@id\":\"https:\/\/fai.org.co\/serintegral\/videos\/covid19-y-vacunacion\/#breadcrumb\",\"itemListElement\":[{\"@type\":\"ListItem\",\"position\":1,\"name\":\"Inicio\",\"item\":\"https:\/\/fai.org.co\/serintegral\/\"},{\"@type\":\"ListItem\",\"position\":2,\"name\":\"\\u00bfC\\u00f3mo funciona la vacunaci\\u00f3n en las personas? Hablemos de Covid 19.\"}]},{\"@type\":\"Person\",\"@id\":\"https:\/\/fai.org.co\/serintegral\/#\/schema\/person\/07947feccb7e085e4a0897f398e7e09c\",\"name\":\"ser_integral\",\"image\":{\"@type\":\"ImageObject\",\"@id\":\"https:\/\/fai.org.co\/serintegral\/#personlogo\",\"inLanguage\":\"es-CO\",\"url\":\"https:\/\/secure.gravatar.com\/avatar\/d019f5050c26fda22d47330ce0f99cf86745e4f9d41b4f7de838ecf51eeb5eaa?s=96&d=mm&r=g\",\"contentUrl\":\"https:\/\/secure.gravatar.com\/avatar\/d019f5050c26fda22d47330ce0f99cf86745e4f9d41b4f7de838ecf51eeb5eaa?s=96&d=mm&r=g\",\"caption\":\"ser_integral\"},\"url\":\"https:\/\/fai.org.co\/serintegral\/author\/ser_integral\/\"}]}<\/script>\n<!-- \/ Yoast SEO plugin. -->","yoast_head_json":{"title":"Vacunaci\u00f3n de covid 19 y como funciona","description":"Nuestra Doctora Mar\u00eda Ang\u00e9lica Maya, Especialista en Enfermedades Infecciosas nos contar\u00e1 c\u00f3mo funciona la vacunaci\u00f3n en las personas.","robots":{"index":"index","follow":"follow","max-snippet":"max-snippet:-1","max-image-preview":"max-image-preview:large","max-video-preview":"max-video-preview:-1"},"canonical":"https:\/\/fai.org.co\/serintegral\/videos\/covid19-y-vacunacion\/","og_locale":"es_ES","og_type":"article","og_title":"Vacunaci\u00f3n de covid 19 y como funciona","og_description":"Nuestra Doctora Mar\u00eda Ang\u00e9lica Maya, Especialista en Enfermedades Infecciosas nos contar\u00e1 c\u00f3mo funciona la vacunaci\u00f3n en las personas.","og_url":"https:\/\/fai.org.co\/serintegral\/videos\/covid19-y-vacunacion\/","og_site_name":"Ser integral","article_published_time":"2022-09-30T19:58:26+00:00","article_modified_time":"2022-09-30T20:31:05+00:00","og_image":[{"width":622,"height":472,"url":"https:\/\/fai.org.co\/serintegral\/wp-content\/uploads\/2022\/09\/29-SEPTIEMBRE-e1664569858703.jpg","type":"image\/jpeg"}],"twitter_card":"summary_large_image","twitter_misc":{"Escrito por":"ser_integral","Tiempo estimado de lectura":"1 minuto"},"schema":{"@context":"https:\/\/schema.org","@graph":[{"@type":"WebSite","@id":"https:\/\/fai.org.co\/serintegral\/#website","url":"https:\/\/fai.org.co\/serintegral\/","name":"Ser integral","description":"","potentialAction":[{"@type":"SearchAction","target":{"@type":"EntryPoint","urlTemplate":"https:\/\/fai.org.co\/serintegral\/?s={search_term_string}"},"query-input":"required name=search_term_string"}],"inLanguage":"es-CO"},{"@type":"ImageObject","@id":"https:\/\/fai.org.co\/serintegral\/videos\/covid19-y-vacunacion\/#primaryimage","inLanguage":"es-CO","url":"https:\/\/fai.org.co\/serintegral\/wp-content\/uploads\/2022\/09\/29-SEPTIEMBRE-e1664569858703.jpg","contentUrl":"https:\/\/fai.org.co\/serintegral\/wp-content\/uploads\/2022\/09\/29-SEPTIEMBRE-e1664569858703.jpg","width":622,"height":472},{"@type":"WebPage","@id":"https:\/\/fai.org.co\/serintegral\/videos\/covid19-y-vacunacion\/#webpage","url":"https:\/\/fai.org.co\/serintegral\/videos\/covid19-y-vacunacion\/","name":"Vacunaci\u00f3n de covid 19 y como funciona","isPartOf":{"@id":"https:\/\/fai.org.co\/serintegral\/#website"},"primaryImageOfPage":{"@id":"https:\/\/fai.org.co\/serintegral\/videos\/covid19-y-vacunacion\/#primaryimage"},"datePublished":"2022-09-30T19:58:26+00:00","dateModified":"2022-09-30T20:31:05+00:00","author":{"@id":"https:\/\/fai.org.co\/serintegral\/#\/schema\/person\/07947feccb7e085e4a0897f398e7e09c"},"description":"Nuestra Doctora Mar\u00eda Ang\u00e9lica Maya, Especialista en Enfermedades Infecciosas nos contar\u00e1 c\u00f3mo funciona la vacunaci\u00f3n en las personas.","breadcrumb":{"@id":"https:\/\/fai.org.co\/serintegral\/videos\/covid19-y-vacunacion\/#breadcrumb"},"inLanguage":"es-CO","potentialAction":[{"@type":"ReadAction","target":["https:\/\/fai.org.co\/serintegral\/videos\/covid19-y-vacunacion\/"]}]},{"@type":"BreadcrumbList","@id":"https:\/\/fai.org.co\/serintegral\/videos\/covid19-y-vacunacion\/#breadcrumb","itemListElement":[{"@type":"ListItem","position":1,"name":"Inicio","item":"https:\/\/fai.org.co\/serintegral\/"},{"@type":"ListItem","position":2,"name":"\u00bfC\u00f3mo funciona la vacunaci\u00f3n en las personas? Hablemos de Covid 19."}]},{"@type":"Person","@id":"https:\/\/fai.org.co\/serintegral\/#\/schema\/person\/07947feccb7e085e4a0897f398e7e09c","name":"ser_integral","image":{"@type":"ImageObject","@id":"https:\/\/fai.org.co\/serintegral\/#personlogo","inLanguage":"es-CO","url":"https:\/\/secure.gravatar.com\/avatar\/d019f5050c26fda22d47330ce0f99cf86745e4f9d41b4f7de838ecf51eeb5eaa?s=96&d=mm&r=g","contentUrl":"https:\/\/secure.gravatar.com\/avatar\/d019f5050c26fda22d47330ce0f99cf86745e4f9d41b4f7de838ecf51eeb5eaa?s=96&d=mm&r=g","caption":"ser_integral"},"url":"https:\/\/fai.org.co\/serintegral\/author\/ser_integral\/"}]}},"jetpack_featured_media_url":"https:\/\/fai.org.co\/serintegral\/wp-content\/uploads\/2022\/09\/29-SEPTIEMBRE-e1664569858703.jpg","_links":{"self":[{"href":"https:\/\/fai.org.co\/serintegral\/wp-json\/wp\/v2\/posts\/2422","targetHints":{"allow":["GET"]}}],"collection":[{"href":"https:\/\/fai.org.co\/serintegral\/wp-json\/wp\/v2\/posts"}],"about":[{"href":"https:\/\/fai.org.co\/serintegral\/wp-json\/wp\/v2\/types\/post"}],"author":[{"embeddable":true,"href":"https:\/\/fai.org.co\/serintegral\/wp-json\/wp\/v2\/users\/2"}],"replies":[{"embeddable":true,"href":"https:\/\/fai.org.co\/serintegral\/wp-json\/wp\/v2\/comments?post=2422"}],"version-history":[{"count":3,"href":"https:\/\/fai.org.co\/serintegral\/wp-json\/wp\/v2\/posts\/2422\/revisions"}],"predecessor-version":[{"id":2427,"href":"https:\/\/fai.org.co\/serintegral\/wp-json\/wp\/v2\/posts\/2422\/revisions\/2427"}],"wp:featuredmedia":[{"embeddable":true,"href":"https:\/\/fai.org.co\/serintegral\/wp-json\/wp\/v2\/media\/2431"}],"wp:attachment":[{"href":"https:\/\/fai.org.co\/serintegral\/wp-json\/wp\/v2\/media?parent=2422"}],"wp:term":[{"taxonomy":"category","embeddable":true,"href":"https:\/\/fai.org.co\/serintegral\/wp-json\/wp\/v2\/categories?post=2422"},{"taxonomy":"post_tag","embeddable":true,"href":"https:\/\/fai.org.co\/serintegral\/wp-json\/wp\/v2\/tags?post=2422"}],"curies":[{"name":"wp","href":"https:\/\/api.w.org\/{rel}","templated":true}]}}