{"id":2432,"date":"2022-10-01T10:21:26","date_gmt":"2022-10-01T15:21:26","guid":{"rendered":"https:\/\/fai.org.co\/serintegral\/?p=2432"},"modified":"2022-10-01T10:30:27","modified_gmt":"2022-10-01T15:30:27","slug":"recuerdos-de-un-medico-en-los-dias-dificiles-de-la-pandemia","status":"publish","type":"post","link":"https:\/\/fai.org.co\/serintegral\/covid-19\/recuerdos-de-un-medico-en-los-dias-dificiles-de-la-pandemia\/","title":{"rendered":"Recuerdos de un m\u00e9dico en los d\u00edas dif\u00edciles de la pandemia"},"content":{"rendered":"<h4 class=\"lead cita\" style=\"text-align: justify;\">El doctor Juan Carlos Cata\u00f1o Correa hace un recuento de la crisis por el covid-19.<\/h4>\n<h4 class=\"lead cita\" style=\"text-align: justify;\">Tantos aprendizajes.<\/h4>\n<h4 class=\"lead cita\" style=\"text-align: justify;\">Hace m\u00e1s de dos a\u00f1os que por primera vez se empez\u00f3 a hablar de covid-19. Recuerdo que a principios de 2020 empec\u00e9 a leer acerca de una infecci\u00f3n respiratoria que estaba afectando a una poblaci\u00f3n en China, inmediatamente pens\u00e9 en epidemias previas por SARS-CoV-1 en 2003, tambi\u00e9n en China, y por MERS en 2013 en medio oriente, donde el problema estuvo solamente en una \u00e1rea determinada y los casos fueron r\u00e1pidamente controlados.<\/h4>\n<p><img loading=\"lazy\" decoding=\"async\" class=\" wp-image-2433 aligncenter\" src=\"https:\/\/fai.org.co\/serintegral\/wp-content\/uploads\/2022\/10\/JUAN-CARLOS-CATANO-COVID-19-300x217.png\" alt=\"\" width=\"357\" height=\"258\" \/><\/p>\n<p style=\"text-align: justify;\">Esa vez, sin embargo, algo parec\u00eda diferente. Este nuevo coronavirus se estaba diseminando r\u00e1pidamente, era m\u00e1s contagioso y pronto tuvo a toda Europa sumida en un absoluto caos. Era mucha la especulaci\u00f3n acerca de su verdadero origen: que si escap\u00f3 de un laboratorio en Wuhan (China) o que si era un caso al azar de la naturaleza, similar a como ocurri\u00f3 en 1918 con la gripe espa\u00f1ola.<\/p>\n<p style=\"text-align: justify;\">Eso a ciencia cierta tal vez nunca lo sabremos, pero lo que s\u00ed es cierto es que en marzo de 2020 lleg\u00f3 el primer caso a Colombia. En ese momento ya en Europa y Asia ten\u00edan un problema de salud nunca antes visto en la medicina moderna: la forma como enfermaban estas personas sobrepasaba por mucho la capacidad de cualquier sistema de salud para contenerla.<\/p>\n<p style=\"text-align: justify;\">Todos los d\u00edas se contaban muertos por miles y debi\u00f3 ser necesario declarar cuarentenas, evento que motiv\u00f3 a que la Organizaci\u00f3n Mundial de la Salud decretara la emergencia sanitaria global, y con ello se iniciara un movimiento mundial para tratar, en tiempo r\u00e9cord, de fabricar una vacuna.<\/p>\n<p style=\"text-align: justify;\">Para ello faltaba mucho todav\u00eda, y lo que no ten\u00edamos era tiempo. Todos los d\u00edas ve\u00edamos en las revistas m\u00e9dicas, en los chats de m\u00e9dicos o simplemente hablando con colegas en otros pa\u00edses c\u00f3mo la situaci\u00f3n empeoraba.<\/p>\n<p style=\"text-align: justify;\">Est\u00e1bamos en una carrera contra el tiempo, pero tal vez lo peor es que no sab\u00edamos qu\u00e9 hacer. Sistemas de salud superdesarrollados como el de Espa\u00f1a y Alemania estaban siendo arrasados por este nuevo coronavirus llamado covid-19. De forma emp\u00edrica y en medio de la desesperaci\u00f3n se intentaban tratamientos que pens\u00e1bamos pod\u00edan funcionar, pero ante nuestros ojos todo lo que se intentaba fracasaba. Vimos c\u00f3mo nuestros colegas y compa\u00f1eros del \u00e1rea de la salud se enfermaban y mor\u00edan en medio del cumplimiento de su trabajo, de su vocaci\u00f3n; ten\u00edamos miedo, mucho miedo, tambi\u00e9n somos humanos y tenemos familias.<\/p>\n<p style=\"text-align: justify;\">Se cerraron fronteras y se declar\u00f3 la cuarentena total, la gente desesperada empez\u00f3 a abastecerse con lo que pod\u00eda, tornando la situaci\u00f3n con un car\u00e1cter apocal\u00edptico nunca antes visto. Recuerdo que todos los d\u00edas en la ma\u00f1ana sal\u00eda hacia la cl\u00ednica y mi peque\u00f1o hijo de 6 a\u00f1os me preguntaba, \u201cpap\u00e1, si estamos en cuarentena y nadie debe salir, \u00bft\u00fa por qu\u00e9 tienes que ir a trabajar?\u201d. Le expliqu\u00e9 a qu\u00e9 se dedica su pap\u00e1 y por fin entendi\u00f3 el porqu\u00e9 de mis ausencias, y hasta me hizo un \u00a1dibujo! (el que est\u00e1 en esta p\u00e1gina).<\/p>\n<p style=\"text-align: justify;\">***<\/p>\n<p style=\"text-align: justify;\">Todos los d\u00edas al llegar a la cl\u00ednica ten\u00edamos una reuni\u00f3n llamada comit\u00e9 de crisis, nombre perfecto para describir lo que estaba sucediendo. All\u00ed se discut\u00eda la forma como el virus avanzaba y se tomaban conductas y decisiones acerca de c\u00f3mo enfrentarlo. Todos los d\u00edas trat\u00e1bamos de ver la forma de ampliar la disponibilidad no solo de camas, sino de ventiladores, los famosos ventiladores que se volvieron art\u00edculo de lujo. Se decidi\u00f3 entonces cerrar los servicios de cirug\u00eda para disponer de esos ventiladores y as\u00ed salvar un paciente m\u00e1s, pues varios fallec\u00edan esperando un ventilador. Los servicios de urgencias r\u00e1pidamente se convirtieron en improvisadas unidades de cuidado intensivo (UCI), mientras varias iniciativas en la ciudad y en el pa\u00eds trataban de dise\u00f1ar nuevos ventiladores que nos ayudaran a enfrentar al monstruo. Todo era insuficiente, los enfermos nos superaban por mucho en n\u00famero y complejidad, adem\u00e1s el cansancio f\u00edsico y mental ya era parte de lo cotidiano.<\/p>\n<p style=\"text-align: justify;\">M\u00e1s adelante los insumos empezaron a escasear, no hab\u00eda mascarillas suficientes y los equipos de protecci\u00f3n personal igual escasearon. Entonces ahora \u00edbamos a la guerra, pero sin escudos y con la munici\u00f3n mojada.<\/p>\n<p style=\"text-align: justify;\">Yo procuraba no ver noticieros para no angustiarme m\u00e1s, como trabajadores de la salud desde siempre hemos lidiado con la muerte, pero nunca a esta escala, lo que se enfrent\u00f3 en los hospitales parec\u00eda una de esas pel\u00edculas del fin de mundo.<\/p>\n<p style=\"text-align: justify;\">***<\/p>\n<p style=\"text-align: justify;\">Para finales de 2020 la cuarentena ten\u00eda a muchas personas y familias enteras al borde la desesperaci\u00f3n, el encierro era insostenible, era fin de a\u00f1o y algunas personas decidieron celebrar la Navidad con su grupo familiar en las fincas.<\/p>\n<p style=\"text-align: justify;\">Para enero de 2021 empezar\u00edamos a pagar las consecuencias de los desmanes de fin de a\u00f1o, un nuevo pico azotaba al pa\u00eds, y con ello nos toc\u00f3 experimentar un escenario macabro que nunca hab\u00eda visto: parejas de abuelos intubados y cr\u00edticamente enfermos en la misma UCI, varios miembros de una misma familia muriendo en diferentes UCI, familias desmembradas por la enfermedad y, finalmente aquellos que sobreviv\u00edan, quedaban con serias secuelas a largo plazo.<\/p>\n<p style=\"text-align: justify;\">Todas las noches al llegar a casa exhausto y con un mont\u00f3n de cosas en la cabeza deb\u00eda quitarme la ropa en la puerta de la casa y ba\u00f1arme antes de siquiera abrazar a mi hijo, y luego de que \u00e9l se durmiera, pasaba largas horas navegando en internet tratando de encontrar un art\u00edculo, una publicaci\u00f3n, un mensaje que diera alguna luz de esperanza, pero nada, solo muerte y desolaci\u00f3n.<\/p>\n<p style=\"text-align: justify;\">Con todo eso encima finalmente me iba a la cama y a veces solo lloraba en silencio mientras mi familia dorm\u00eda, lloraba de rabia e impotencia. Tambi\u00e9n de miedo.<\/p>\n<p style=\"text-align: justify;\">***<\/p>\n<p style=\"text-align: justify;\">Recuerdo que muchas m\u00e9dicas y enfermeras con hijos peque\u00f1os iban a mi oficina, y all\u00ed lloraban tambi\u00e9n de miedo, porque no sab\u00edamos qu\u00e9 podr\u00eda pasarnos si nos infect\u00e1bamos. Ve\u00edamos a pacientes j\u00f3venes sin comorbilidades sucumbir ante el virus, y por ello deb\u00edamos estar siempre preparados para lo peor. Adem\u00e1s ve\u00edamos c\u00f3mo colegas y compa\u00f1eros enfermaban y mor\u00edan, pregunt\u00e1ndonos si podr\u00edamos tener igual suerte, y qu\u00e9 ser\u00eda de nuestros peque\u00f1os si algo as\u00ed nos pasaba.<\/p>\n<p style=\"text-align: justify;\">Fue entonces que decid\u00ed empezar a escribirle a mi hijo unos lineamientos de vida, algo as\u00ed como unas memorias acerca de todo lo que me hubiera gustado ense\u00f1arle, en caso de que algo me pasara. En ese momento est\u00e1bamos atravesando uno de los peores picos de la pandemia en nuestro pa\u00eds y cualquier cosa era posible.<\/p>\n<p style=\"text-align: justify;\">Finalmente, en agosto de 2020 me infect\u00e9. Recuerdo muy bien que para evitar el contagio almorzaba en mi oficina, donde solo interactuaba con una compa\u00f1era, y solo me quitaba el tapabocas para comer, pues bien, ah\u00ed fue. Mi compa\u00f1era ten\u00eda covid leve y me infect\u00e9. Ese d\u00eda llame a mi esposa y le dije que ten\u00eda coronavirus y que entonces me ir\u00eda a vivir a un hotel, a lo cual ella contest\u00f3: \u201cC\u00f3mo se te ocurre, t\u00fa tienes casa, ven que aqu\u00ed te estamos esperando, si nos hemos de infectar todos, entonces que as\u00ed sea, en la salud y en la enfermedad\u201d,<\/p>\n<p style=\"text-align: justify;\">Fui a mi casa y pronto los dos est\u00e1bamos con la peor de las \u201cgripas\u201d, pero a mi hijo no le dio casi nada, hasta que un d\u00eda al desayuno me dijo \u201cpap\u00e1, tengo super poderes&#8230; La comida no me sabe ni me huele\u201d. Ahora la terna estaba completa.<\/p>\n<p style=\"text-align: justify;\">Diez d\u00edas m\u00e1s tarde me recuper\u00e9 y regres\u00e9 a la cl\u00ednica, donde segu\u00edamos padeciendo los horrores de la pandemia, pero todo empez\u00f3 a cambiar cuando vimos una luz de esperanza, iniciaban las vacunaciones, y con ellas una gran cantidad de especulaciones y temores acerca no solo de su efectividad, sino tambi\u00e9n de su acelerada fabricaci\u00f3n y temidos efectos secundarios, los cuales nadie ha negado que existen, pero por supuesto que son mucho menores que los beneficios que se obtienen.<\/p>\n<p style=\"text-align: justify;\">R\u00e1pidamente despu\u00e9s de lograr un n\u00famero considerable de vacunados, la pandemia cambi\u00f3, adquiriendo un tinte diferente, con menos muertos y en una lenta transici\u00f3n hacia la nueva realidad pospandemia o tambi\u00e9n llamada endemia, donde deberemos aprender a vivir con el SARS-CoV-2 y sus infinitas variantes.<\/p>\n<p style=\"text-align: justify;\">Tal vez lo m\u00e1s importante de todo es que no debemos olvidar el dolor, el miedo, la incertidumbre, las secuelas y, por supuesto, la resiliencia que experimentamos a lo largo de todos estos meses de horror. Solo eso nos permitir\u00e1 seguir aprendiendo y estar preparados para la siguiente pandemia, que ojal\u00e1 demor\u00e9 otros 100 a\u00f1os, donde las generaciones futuras puedan aprender algo de lo bueno que hicimos, y que logren corregir todos los errores que cometimos<\/p>\n<p style=\"text-align: justify;\">*Dedicado a todos los trabajadores de la salud que arriesgaron su vida durante la pandemia, pero sobre todo, a los que fallecieron o perdieron un ser querido a lo largo de estos meses de horror.<\/p>\n<p>FUENTE. https:\/\/www.elcolombiano.com\/tendencias\/lo-vivido-con-el-coronavirus-en-los-ojos-del-medico-juan-carlos-catano-AI18762673<\/p>\n<p>&nbsp;<\/p>\n<hr \/>\n<p><a href=\"https:\/\/www.quenocescondadeti.co\/\" target=\"_blank\" rel=\"noopener\"><img loading=\"lazy\" decoding=\"async\" class=\"aligncenter wp-image-1228 \" src=\"https:\/\/fai.org.co\/serintegral\/wp-content\/uploads\/2021\/08\/boton_QueNoCEscondaDeTi_Ser-Integral-FAI_VHC01-1-1024x256.png\" alt=\"hepatitis\" width=\"748\" height=\"187\" srcset=\"https:\/\/fai.org.co\/serintegral\/wp-content\/uploads\/2021\/08\/boton_QueNoCEscondaDeTi_Ser-Integral-FAI_VHC01-1-1024x256.png 1024w, https:\/\/fai.org.co\/serintegral\/wp-content\/uploads\/2021\/08\/boton_QueNoCEscondaDeTi_Ser-Integral-FAI_VHC01-1-300x75.png 300w, https:\/\/fai.org.co\/serintegral\/wp-content\/uploads\/2021\/08\/boton_QueNoCEscondaDeTi_Ser-Integral-FAI_VHC01-1-768x192.png 768w, https:\/\/fai.org.co\/serintegral\/wp-content\/uploads\/2021\/08\/boton_QueNoCEscondaDeTi_Ser-Integral-FAI_VHC01-1-1536x384.png 1536w, https:\/\/fai.org.co\/serintegral\/wp-content\/uploads\/2021\/08\/boton_QueNoCEscondaDeTi_Ser-Integral-FAI_VHC01-1-2048x512.png 2048w\" sizes=\"auto, (max-width: 748px) 100vw, 748px\" \/><\/a><\/p>\n","protected":false},"excerpt":{"rendered":"<p>El doctor Juan Carlos Cata\u00f1o Correa hace un recuento de la crisis por el covid-19. Tantos aprendizajes. Hace m\u00e1s de dos a\u00f1os que por primera vez se empez\u00f3 a hablar de covid-19. Recuerdo que a principios de 2020 empec\u00e9 a leer acerca de una infecci\u00f3n respiratoria que estaba afectando a una poblaci\u00f3n en China, inmediatamente [&hellip;]<\/p>\n","protected":false},"author":2,"featured_media":2439,"comment_status":"open","ping_status":"open","sticky":false,"template":"","format":"standard","meta":{"_monsterinsights_skip_tracking":false,"_monsterinsights_sitenote_active":false,"_monsterinsights_sitenote_note":"","_monsterinsights_sitenote_category":0,"spay_email":"","footnotes":""},"categories":[12],"tags":[],"class_list":["post-2432","post","type-post","status-publish","format-standard","has-post-thumbnail","hentry","category-covid-19"],"aioseo_notices":[],"yoast_head":"<!-- This site is optimized with the Yoast SEO plugin v17.5 - https:\/\/yoast.com\/wordpress\/plugins\/seo\/ -->\n<title>Pandemia, Covid 19 y reflexiones a futuro.<\/title>\n<meta name=\"description\" content=\"Recuerdos de un m\u00e9dico en los d\u00edas dif\u00edciles de la pandemia. El doctor Juan Carlos Cata\u00f1o Correa hace un recuento de la crisis por el covid-19\" \/>\n<meta name=\"robots\" content=\"index, follow, max-snippet:-1, max-image-preview:large, max-video-preview:-1\" \/>\n<link rel=\"canonical\" href=\"https:\/\/fai.org.co\/serintegral\/covid-19\/recuerdos-de-un-medico-en-los-dias-dificiles-de-la-pandemia\/\" \/>\n<meta property=\"og:locale\" content=\"es_ES\" \/>\n<meta property=\"og:type\" content=\"article\" \/>\n<meta property=\"og:title\" content=\"Pandemia, Covid 19 y reflexiones a futuro.\" \/>\n<meta property=\"og:description\" content=\"Recuerdos de un m\u00e9dico en los d\u00edas dif\u00edciles de la pandemia. El doctor Juan Carlos Cata\u00f1o Correa hace un recuento de la crisis por el covid-19\" \/>\n<meta property=\"og:url\" content=\"https:\/\/fai.org.co\/serintegral\/covid-19\/recuerdos-de-un-medico-en-los-dias-dificiles-de-la-pandemia\/\" \/>\n<meta property=\"og:site_name\" content=\"Ser integral\" \/>\n<meta property=\"article:published_time\" content=\"2022-10-01T15:21:26+00:00\" \/>\n<meta property=\"article:modified_time\" content=\"2022-10-01T15:30:27+00:00\" \/>\n<meta property=\"og:image\" content=\"https:\/\/fai.org.co\/serintegral\/wp-content\/uploads\/2022\/10\/JUAN-CARLOS-CATANO-COVID-19-e1664638211219.png\" \/>\n\t<meta property=\"og:image:width\" content=\"780\" \/>\n\t<meta property=\"og:image:height\" content=\"526\" \/>\n<meta name=\"twitter:card\" content=\"summary_large_image\" \/>\n<meta name=\"twitter:label1\" content=\"Escrito por\" \/>\n\t<meta name=\"twitter:data1\" content=\"ser_integral\" \/>\n\t<meta name=\"twitter:label2\" content=\"Tiempo estimado de lectura\" \/>\n\t<meta name=\"twitter:data2\" content=\"7 minutos\" \/>\n<script type=\"application\/ld+json\" class=\"yoast-schema-graph\">{\"@context\":\"https:\/\/schema.org\",\"@graph\":[{\"@type\":\"WebSite\",\"@id\":\"https:\/\/fai.org.co\/serintegral\/#website\",\"url\":\"https:\/\/fai.org.co\/serintegral\/\",\"name\":\"Ser integral\",\"description\":\"\",\"potentialAction\":[{\"@type\":\"SearchAction\",\"target\":{\"@type\":\"EntryPoint\",\"urlTemplate\":\"https:\/\/fai.org.co\/serintegral\/?s={search_term_string}\"},\"query-input\":\"required name=search_term_string\"}],\"inLanguage\":\"es-CO\"},{\"@type\":\"ImageObject\",\"@id\":\"https:\/\/fai.org.co\/serintegral\/covid-19\/recuerdos-de-un-medico-en-los-dias-dificiles-de-la-pandemia\/#primaryimage\",\"inLanguage\":\"es-CO\",\"url\":\"https:\/\/fai.org.co\/serintegral\/wp-content\/uploads\/2022\/10\/JUAN-CARLOS-CATANO-COVID-19-e1664638211219.png\",\"contentUrl\":\"https:\/\/fai.org.co\/serintegral\/wp-content\/uploads\/2022\/10\/JUAN-CARLOS-CATANO-COVID-19-e1664638211219.png\",\"width\":780,\"height\":526,\"caption\":\"https:\/\/www.instagram.com\/serintegral_fai\/?hl=es\"},{\"@type\":\"WebPage\",\"@id\":\"https:\/\/fai.org.co\/serintegral\/covid-19\/recuerdos-de-un-medico-en-los-dias-dificiles-de-la-pandemia\/#webpage\",\"url\":\"https:\/\/fai.org.co\/serintegral\/covid-19\/recuerdos-de-un-medico-en-los-dias-dificiles-de-la-pandemia\/\",\"name\":\"Pandemia, Covid 19 y reflexiones a futuro.\",\"isPartOf\":{\"@id\":\"https:\/\/fai.org.co\/serintegral\/#website\"},\"primaryImageOfPage\":{\"@id\":\"https:\/\/fai.org.co\/serintegral\/covid-19\/recuerdos-de-un-medico-en-los-dias-dificiles-de-la-pandemia\/#primaryimage\"},\"datePublished\":\"2022-10-01T15:21:26+00:00\",\"dateModified\":\"2022-10-01T15:30:27+00:00\",\"author\":{\"@id\":\"https:\/\/fai.org.co\/serintegral\/#\/schema\/person\/07947feccb7e085e4a0897f398e7e09c\"},\"description\":\"Recuerdos de un m\\u00e9dico en los d\\u00edas dif\\u00edciles de la pandemia. El doctor Juan Carlos Cata\\u00f1o Correa hace un recuento de la crisis por el covid-19\",\"breadcrumb\":{\"@id\":\"https:\/\/fai.org.co\/serintegral\/covid-19\/recuerdos-de-un-medico-en-los-dias-dificiles-de-la-pandemia\/#breadcrumb\"},\"inLanguage\":\"es-CO\",\"potentialAction\":[{\"@type\":\"ReadAction\",\"target\":[\"https:\/\/fai.org.co\/serintegral\/covid-19\/recuerdos-de-un-medico-en-los-dias-dificiles-de-la-pandemia\/\"]}]},{\"@type\":\"BreadcrumbList\",\"@id\":\"https:\/\/fai.org.co\/serintegral\/covid-19\/recuerdos-de-un-medico-en-los-dias-dificiles-de-la-pandemia\/#breadcrumb\",\"itemListElement\":[{\"@type\":\"ListItem\",\"position\":1,\"name\":\"Inicio\",\"item\":\"https:\/\/fai.org.co\/serintegral\/\"},{\"@type\":\"ListItem\",\"position\":2,\"name\":\"Recuerdos de un m\\u00e9dico en los d\\u00edas dif\\u00edciles de la pandemia\"}]},{\"@type\":\"Person\",\"@id\":\"https:\/\/fai.org.co\/serintegral\/#\/schema\/person\/07947feccb7e085e4a0897f398e7e09c\",\"name\":\"ser_integral\",\"image\":{\"@type\":\"ImageObject\",\"@id\":\"https:\/\/fai.org.co\/serintegral\/#personlogo\",\"inLanguage\":\"es-CO\",\"url\":\"https:\/\/secure.gravatar.com\/avatar\/d019f5050c26fda22d47330ce0f99cf86745e4f9d41b4f7de838ecf51eeb5eaa?s=96&d=mm&r=g\",\"contentUrl\":\"https:\/\/secure.gravatar.com\/avatar\/d019f5050c26fda22d47330ce0f99cf86745e4f9d41b4f7de838ecf51eeb5eaa?s=96&d=mm&r=g\",\"caption\":\"ser_integral\"},\"url\":\"https:\/\/fai.org.co\/serintegral\/author\/ser_integral\/\"}]}<\/script>\n<!-- \/ Yoast SEO plugin. -->","yoast_head_json":{"title":"Pandemia, Covid 19 y reflexiones a futuro.","description":"Recuerdos de un m\u00e9dico en los d\u00edas dif\u00edciles de la pandemia. El doctor Juan Carlos Cata\u00f1o Correa hace un recuento de la crisis por el covid-19","robots":{"index":"index","follow":"follow","max-snippet":"max-snippet:-1","max-image-preview":"max-image-preview:large","max-video-preview":"max-video-preview:-1"},"canonical":"https:\/\/fai.org.co\/serintegral\/covid-19\/recuerdos-de-un-medico-en-los-dias-dificiles-de-la-pandemia\/","og_locale":"es_ES","og_type":"article","og_title":"Pandemia, Covid 19 y reflexiones a futuro.","og_description":"Recuerdos de un m\u00e9dico en los d\u00edas dif\u00edciles de la pandemia. El doctor Juan Carlos Cata\u00f1o Correa hace un recuento de la crisis por el covid-19","og_url":"https:\/\/fai.org.co\/serintegral\/covid-19\/recuerdos-de-un-medico-en-los-dias-dificiles-de-la-pandemia\/","og_site_name":"Ser integral","article_published_time":"2022-10-01T15:21:26+00:00","article_modified_time":"2022-10-01T15:30:27+00:00","og_image":[{"width":780,"height":526,"url":"https:\/\/fai.org.co\/serintegral\/wp-content\/uploads\/2022\/10\/JUAN-CARLOS-CATANO-COVID-19-e1664638211219.png","type":"image\/png"}],"twitter_card":"summary_large_image","twitter_misc":{"Escrito por":"ser_integral","Tiempo estimado de lectura":"7 minutos"},"schema":{"@context":"https:\/\/schema.org","@graph":[{"@type":"WebSite","@id":"https:\/\/fai.org.co\/serintegral\/#website","url":"https:\/\/fai.org.co\/serintegral\/","name":"Ser integral","description":"","potentialAction":[{"@type":"SearchAction","target":{"@type":"EntryPoint","urlTemplate":"https:\/\/fai.org.co\/serintegral\/?s={search_term_string}"},"query-input":"required name=search_term_string"}],"inLanguage":"es-CO"},{"@type":"ImageObject","@id":"https:\/\/fai.org.co\/serintegral\/covid-19\/recuerdos-de-un-medico-en-los-dias-dificiles-de-la-pandemia\/#primaryimage","inLanguage":"es-CO","url":"https:\/\/fai.org.co\/serintegral\/wp-content\/uploads\/2022\/10\/JUAN-CARLOS-CATANO-COVID-19-e1664638211219.png","contentUrl":"https:\/\/fai.org.co\/serintegral\/wp-content\/uploads\/2022\/10\/JUAN-CARLOS-CATANO-COVID-19-e1664638211219.png","width":780,"height":526,"caption":"https:\/\/www.instagram.com\/serintegral_fai\/?hl=es"},{"@type":"WebPage","@id":"https:\/\/fai.org.co\/serintegral\/covid-19\/recuerdos-de-un-medico-en-los-dias-dificiles-de-la-pandemia\/#webpage","url":"https:\/\/fai.org.co\/serintegral\/covid-19\/recuerdos-de-un-medico-en-los-dias-dificiles-de-la-pandemia\/","name":"Pandemia, Covid 19 y reflexiones a futuro.","isPartOf":{"@id":"https:\/\/fai.org.co\/serintegral\/#website"},"primaryImageOfPage":{"@id":"https:\/\/fai.org.co\/serintegral\/covid-19\/recuerdos-de-un-medico-en-los-dias-dificiles-de-la-pandemia\/#primaryimage"},"datePublished":"2022-10-01T15:21:26+00:00","dateModified":"2022-10-01T15:30:27+00:00","author":{"@id":"https:\/\/fai.org.co\/serintegral\/#\/schema\/person\/07947feccb7e085e4a0897f398e7e09c"},"description":"Recuerdos de un m\u00e9dico en los d\u00edas dif\u00edciles de la pandemia. El doctor Juan Carlos Cata\u00f1o Correa hace un recuento de la crisis por el covid-19","breadcrumb":{"@id":"https:\/\/fai.org.co\/serintegral\/covid-19\/recuerdos-de-un-medico-en-los-dias-dificiles-de-la-pandemia\/#breadcrumb"},"inLanguage":"es-CO","potentialAction":[{"@type":"ReadAction","target":["https:\/\/fai.org.co\/serintegral\/covid-19\/recuerdos-de-un-medico-en-los-dias-dificiles-de-la-pandemia\/"]}]},{"@type":"BreadcrumbList","@id":"https:\/\/fai.org.co\/serintegral\/covid-19\/recuerdos-de-un-medico-en-los-dias-dificiles-de-la-pandemia\/#breadcrumb","itemListElement":[{"@type":"ListItem","position":1,"name":"Inicio","item":"https:\/\/fai.org.co\/serintegral\/"},{"@type":"ListItem","position":2,"name":"Recuerdos de un m\u00e9dico en los d\u00edas dif\u00edciles de la pandemia"}]},{"@type":"Person","@id":"https:\/\/fai.org.co\/serintegral\/#\/schema\/person\/07947feccb7e085e4a0897f398e7e09c","name":"ser_integral","image":{"@type":"ImageObject","@id":"https:\/\/fai.org.co\/serintegral\/#personlogo","inLanguage":"es-CO","url":"https:\/\/secure.gravatar.com\/avatar\/d019f5050c26fda22d47330ce0f99cf86745e4f9d41b4f7de838ecf51eeb5eaa?s=96&d=mm&r=g","contentUrl":"https:\/\/secure.gravatar.com\/avatar\/d019f5050c26fda22d47330ce0f99cf86745e4f9d41b4f7de838ecf51eeb5eaa?s=96&d=mm&r=g","caption":"ser_integral"},"url":"https:\/\/fai.org.co\/serintegral\/author\/ser_integral\/"}]}},"jetpack_featured_media_url":"https:\/\/fai.org.co\/serintegral\/wp-content\/uploads\/2022\/10\/JUAN-CARLOS-CATANO-COVID-19-e1664638211219.png","_links":{"self":[{"href":"https:\/\/fai.org.co\/serintegral\/wp-json\/wp\/v2\/posts\/2432","targetHints":{"allow":["GET"]}}],"collection":[{"href":"https:\/\/fai.org.co\/serintegral\/wp-json\/wp\/v2\/posts"}],"about":[{"href":"https:\/\/fai.org.co\/serintegral\/wp-json\/wp\/v2\/types\/post"}],"author":[{"embeddable":true,"href":"https:\/\/fai.org.co\/serintegral\/wp-json\/wp\/v2\/users\/2"}],"replies":[{"embeddable":true,"href":"https:\/\/fai.org.co\/serintegral\/wp-json\/wp\/v2\/comments?post=2432"}],"version-history":[{"count":5,"href":"https:\/\/fai.org.co\/serintegral\/wp-json\/wp\/v2\/posts\/2432\/revisions"}],"predecessor-version":[{"id":2438,"href":"https:\/\/fai.org.co\/serintegral\/wp-json\/wp\/v2\/posts\/2432\/revisions\/2438"}],"wp:featuredmedia":[{"embeddable":true,"href":"https:\/\/fai.org.co\/serintegral\/wp-json\/wp\/v2\/media\/2439"}],"wp:attachment":[{"href":"https:\/\/fai.org.co\/serintegral\/wp-json\/wp\/v2\/media?parent=2432"}],"wp:term":[{"taxonomy":"category","embeddable":true,"href":"https:\/\/fai.org.co\/serintegral\/wp-json\/wp\/v2\/categories?post=2432"},{"taxonomy":"post_tag","embeddable":true,"href":"https:\/\/fai.org.co\/serintegral\/wp-json\/wp\/v2\/tags?post=2432"}],"curies":[{"name":"wp","href":"https:\/\/api.w.org\/{rel}","templated":true}]}}