{"id":2469,"date":"2022-10-15T11:21:22","date_gmt":"2022-10-15T16:21:22","guid":{"rendered":"https:\/\/fai.org.co\/serintegral\/?p=2469"},"modified":"2022-10-15T11:23:37","modified_gmt":"2022-10-15T16:23:37","slug":"la-vacuna-para-prevenir-la-influenza","status":"publish","type":"post","link":"https:\/\/fai.org.co\/serintegral\/videos\/la-vacuna-para-prevenir-la-influenza\/","title":{"rendered":"C\u00e1psula Informativa &#8211; La vacuna para prevenir la influenza"},"content":{"rendered":"<h1>La vacuna para prevenir la influenza.<\/h1>\n<h1>C\u00e1psula Informativa Ser Integral FAI<\/h1>\n<p>Recuerda nunca automedicarte, siempre visita al m\u00e9dico de familia No olvides compartir nuestro contenido.<\/p>\n<p>Hoy en nuestra c\u00e1psula informativa, hablaremos sobre Influenza, \u00bfQu\u00e9 es?, tratamientos y algunos datos importantes para nuestra salud.<\/p>\n<p>Sobre nosotros:<\/p>\n<p>\ud83d\udcf3+57 (4) 448 1001<\/p>\n<p>\u2709\ufe0fcontacto@fai.org.co<\/p>\n<p>\ud83d\udccdCarrera 70 No. 26 A 10 Sector Bel\u00e9n Rosales ubicada a 3 cuadras de Metropl\u00fas<\/p>\n<p><iframe loading=\"lazy\" title=\"Ser Integral FAI: La vacuna para prevenir la influenza\" width=\"800\" height=\"450\" src=\"https:\/\/www.youtube.com\/embed\/KEZahVm6okc?feature=oembed\" frameborder=\"0\" allow=\"accelerometer; autoplay; clipboard-write; encrypted-media; gyroscope; picture-in-picture\" allowfullscreen><\/iframe><\/p>\n<p>&nbsp;<\/p>\n<hr \/>\n<p><a href=\"https:\/\/www.quenocescondadeti.co\/\" target=\"_blank\" rel=\"noopener\"><img loading=\"lazy\" decoding=\"async\" class=\"aligncenter wp-image-1228 \" src=\"https:\/\/fai.org.co\/serintegral\/wp-content\/uploads\/2021\/08\/boton_QueNoCEscondaDeTi_Ser-Integral-FAI_VHC01-1-1024x256.png\" alt=\"hepatitis\" width=\"748\" height=\"187\" srcset=\"https:\/\/fai.org.co\/serintegral\/wp-content\/uploads\/2021\/08\/boton_QueNoCEscondaDeTi_Ser-Integral-FAI_VHC01-1-1024x256.png 1024w, https:\/\/fai.org.co\/serintegral\/wp-content\/uploads\/2021\/08\/boton_QueNoCEscondaDeTi_Ser-Integral-FAI_VHC01-1-300x75.png 300w, https:\/\/fai.org.co\/serintegral\/wp-content\/uploads\/2021\/08\/boton_QueNoCEscondaDeTi_Ser-Integral-FAI_VHC01-1-768x192.png 768w, https:\/\/fai.org.co\/serintegral\/wp-content\/uploads\/2021\/08\/boton_QueNoCEscondaDeTi_Ser-Integral-FAI_VHC01-1-1536x384.png 1536w, https:\/\/fai.org.co\/serintegral\/wp-content\/uploads\/2021\/08\/boton_QueNoCEscondaDeTi_Ser-Integral-FAI_VHC01-1-2048x512.png 2048w\" sizes=\"auto, (max-width: 748px) 100vw, 748px\" \/><\/a><\/p>\n","protected":false},"excerpt":{"rendered":"<p>La vacuna para prevenir la influenza. C\u00e1psula Informativa Ser Integral FAI Recuerda nunca automedicarte, siempre visita al m\u00e9dico de familia No olvides compartir nuestro contenido. Hoy en nuestra c\u00e1psula informativa, hablaremos sobre Influenza, \u00bfQu\u00e9 es?, tratamientos y algunos datos importantes para nuestra salud. Sobre nosotros: \ud83d\udcf3+57 (4) 448 1001 \u2709\ufe0fcontacto@fai.org.co \ud83d\udccdCarrera 70 No. 26 A [&hellip;]<\/p>\n","protected":false},"author":2,"featured_media":2462,"comment_status":"open","ping_status":"open","sticky":false,"template":"","format":"standard","meta":{"_monsterinsights_skip_tracking":false,"_monsterinsights_sitenote_active":false,"_monsterinsights_sitenote_note":"","_monsterinsights_sitenote_category":0,"spay_email":"","footnotes":""},"categories":[14,15,6],"tags":[],"class_list":["post-2469","post","type-post","status-publish","format-standard","has-post-thumbnail","hentry","category-influenza","category-influenza-videos","category-videos"],"aioseo_notices":[],"yoast_head":"<!-- This site is optimized with the Yoast SEO plugin v17.5 - https:\/\/yoast.com\/wordpress\/plugins\/seo\/ -->\n<title>C\u00e1psula Informativa Ser Integral FAI - La vacuna para prevenir la influenza<\/title>\n<meta name=\"description\" content=\"C\u00e1psula Informativa Ser Integral FAI - La vacuna para prevenir la influenza.\" \/>\n<meta name=\"robots\" content=\"index, follow, max-snippet:-1, max-image-preview:large, max-video-preview:-1\" \/>\n<link rel=\"canonical\" href=\"https:\/\/fai.org.co\/serintegral\/videos\/la-vacuna-para-prevenir-la-influenza\/\" \/>\n<meta property=\"og:locale\" content=\"es_ES\" \/>\n<meta property=\"og:type\" content=\"article\" \/>\n<meta property=\"og:title\" content=\"C\u00e1psula Informativa Ser Integral FAI - La vacuna para prevenir la influenza\" \/>\n<meta property=\"og:description\" content=\"C\u00e1psula Informativa Ser Integral FAI - La vacuna para prevenir la influenza.\" \/>\n<meta property=\"og:url\" content=\"https:\/\/fai.org.co\/serintegral\/videos\/la-vacuna-para-prevenir-la-influenza\/\" \/>\n<meta property=\"og:site_name\" content=\"Ser integral\" \/>\n<meta property=\"article:published_time\" content=\"2022-10-15T16:21:22+00:00\" \/>\n<meta property=\"article:modified_time\" content=\"2022-10-15T16:23:37+00:00\" \/>\n<meta property=\"og:image\" content=\"https:\/\/fai.org.co\/serintegral\/wp-content\/uploads\/2022\/10\/Ser-integral-fai.jpg\" \/>\n\t<meta property=\"og:image:width\" content=\"1280\" \/>\n\t<meta property=\"og:image:height\" content=\"712\" \/>\n<meta name=\"twitter:card\" content=\"summary_large_image\" \/>\n<meta name=\"twitter:label1\" content=\"Escrito por\" \/>\n\t<meta name=\"twitter:data1\" content=\"ser_integral\" \/>\n\t<meta name=\"twitter:label2\" content=\"Tiempo estimado de lectura\" \/>\n\t<meta name=\"twitter:data2\" content=\"1 minuto\" \/>\n<script type=\"application\/ld+json\" class=\"yoast-schema-graph\">{\"@context\":\"https:\/\/schema.org\",\"@graph\":[{\"@type\":\"WebSite\",\"@id\":\"https:\/\/fai.org.co\/serintegral\/#website\",\"url\":\"https:\/\/fai.org.co\/serintegral\/\",\"name\":\"Ser integral\",\"description\":\"\",\"potentialAction\":[{\"@type\":\"SearchAction\",\"target\":{\"@type\":\"EntryPoint\",\"urlTemplate\":\"https:\/\/fai.org.co\/serintegral\/?s={search_term_string}\"},\"query-input\":\"required name=search_term_string\"}],\"inLanguage\":\"es-CO\"},{\"@type\":\"ImageObject\",\"@id\":\"https:\/\/fai.org.co\/serintegral\/videos\/la-vacuna-para-prevenir-la-influenza\/#primaryimage\",\"inLanguage\":\"es-CO\",\"url\":\"https:\/\/fai.org.co\/serintegral\/wp-content\/uploads\/2022\/10\/Ser-integral-fai.jpg\",\"contentUrl\":\"https:\/\/fai.org.co\/serintegral\/wp-content\/uploads\/2022\/10\/Ser-integral-fai.jpg\",\"width\":1280,\"height\":712},{\"@type\":\"WebPage\",\"@id\":\"https:\/\/fai.org.co\/serintegral\/videos\/la-vacuna-para-prevenir-la-influenza\/#webpage\",\"url\":\"https:\/\/fai.org.co\/serintegral\/videos\/la-vacuna-para-prevenir-la-influenza\/\",\"name\":\"C\\u00e1psula Informativa Ser Integral FAI - La vacuna para prevenir la influenza\",\"isPartOf\":{\"@id\":\"https:\/\/fai.org.co\/serintegral\/#website\"},\"primaryImageOfPage\":{\"@id\":\"https:\/\/fai.org.co\/serintegral\/videos\/la-vacuna-para-prevenir-la-influenza\/#primaryimage\"},\"datePublished\":\"2022-10-15T16:21:22+00:00\",\"dateModified\":\"2022-10-15T16:23:37+00:00\",\"author\":{\"@id\":\"https:\/\/fai.org.co\/serintegral\/#\/schema\/person\/07947feccb7e085e4a0897f398e7e09c\"},\"description\":\"C\\u00e1psula Informativa Ser Integral FAI - La vacuna para prevenir la influenza.\",\"breadcrumb\":{\"@id\":\"https:\/\/fai.org.co\/serintegral\/videos\/la-vacuna-para-prevenir-la-influenza\/#breadcrumb\"},\"inLanguage\":\"es-CO\",\"potentialAction\":[{\"@type\":\"ReadAction\",\"target\":[\"https:\/\/fai.org.co\/serintegral\/videos\/la-vacuna-para-prevenir-la-influenza\/\"]}]},{\"@type\":\"BreadcrumbList\",\"@id\":\"https:\/\/fai.org.co\/serintegral\/videos\/la-vacuna-para-prevenir-la-influenza\/#breadcrumb\",\"itemListElement\":[{\"@type\":\"ListItem\",\"position\":1,\"name\":\"Inicio\",\"item\":\"https:\/\/fai.org.co\/serintegral\/\"},{\"@type\":\"ListItem\",\"position\":2,\"name\":\"C\\u00e1psula Informativa &#8211; La vacuna para prevenir la influenza\"}]},{\"@type\":\"Person\",\"@id\":\"https:\/\/fai.org.co\/serintegral\/#\/schema\/person\/07947feccb7e085e4a0897f398e7e09c\",\"name\":\"ser_integral\",\"image\":{\"@type\":\"ImageObject\",\"@id\":\"https:\/\/fai.org.co\/serintegral\/#personlogo\",\"inLanguage\":\"es-CO\",\"url\":\"https:\/\/secure.gravatar.com\/avatar\/d019f5050c26fda22d47330ce0f99cf86745e4f9d41b4f7de838ecf51eeb5eaa?s=96&d=mm&r=g\",\"contentUrl\":\"https:\/\/secure.gravatar.com\/avatar\/d019f5050c26fda22d47330ce0f99cf86745e4f9d41b4f7de838ecf51eeb5eaa?s=96&d=mm&r=g\",\"caption\":\"ser_integral\"},\"url\":\"https:\/\/fai.org.co\/serintegral\/author\/ser_integral\/\"}]}<\/script>\n<!-- \/ Yoast SEO plugin. -->","yoast_head_json":{"title":"C\u00e1psula Informativa Ser Integral FAI - La vacuna para prevenir la influenza","description":"C\u00e1psula Informativa Ser Integral FAI - La vacuna para prevenir la influenza.","robots":{"index":"index","follow":"follow","max-snippet":"max-snippet:-1","max-image-preview":"max-image-preview:large","max-video-preview":"max-video-preview:-1"},"canonical":"https:\/\/fai.org.co\/serintegral\/videos\/la-vacuna-para-prevenir-la-influenza\/","og_locale":"es_ES","og_type":"article","og_title":"C\u00e1psula Informativa Ser Integral FAI - La vacuna para prevenir la influenza","og_description":"C\u00e1psula Informativa Ser Integral FAI - La vacuna para prevenir la influenza.","og_url":"https:\/\/fai.org.co\/serintegral\/videos\/la-vacuna-para-prevenir-la-influenza\/","og_site_name":"Ser integral","article_published_time":"2022-10-15T16:21:22+00:00","article_modified_time":"2022-10-15T16:23:37+00:00","og_image":[{"width":1280,"height":712,"url":"https:\/\/fai.org.co\/serintegral\/wp-content\/uploads\/2022\/10\/Ser-integral-fai.jpg","type":"image\/jpeg"}],"twitter_card":"summary_large_image","twitter_misc":{"Escrito por":"ser_integral","Tiempo estimado de lectura":"1 minuto"},"schema":{"@context":"https:\/\/schema.org","@graph":[{"@type":"WebSite","@id":"https:\/\/fai.org.co\/serintegral\/#website","url":"https:\/\/fai.org.co\/serintegral\/","name":"Ser integral","description":"","potentialAction":[{"@type":"SearchAction","target":{"@type":"EntryPoint","urlTemplate":"https:\/\/fai.org.co\/serintegral\/?s={search_term_string}"},"query-input":"required name=search_term_string"}],"inLanguage":"es-CO"},{"@type":"ImageObject","@id":"https:\/\/fai.org.co\/serintegral\/videos\/la-vacuna-para-prevenir-la-influenza\/#primaryimage","inLanguage":"es-CO","url":"https:\/\/fai.org.co\/serintegral\/wp-content\/uploads\/2022\/10\/Ser-integral-fai.jpg","contentUrl":"https:\/\/fai.org.co\/serintegral\/wp-content\/uploads\/2022\/10\/Ser-integral-fai.jpg","width":1280,"height":712},{"@type":"WebPage","@id":"https:\/\/fai.org.co\/serintegral\/videos\/la-vacuna-para-prevenir-la-influenza\/#webpage","url":"https:\/\/fai.org.co\/serintegral\/videos\/la-vacuna-para-prevenir-la-influenza\/","name":"C\u00e1psula Informativa Ser Integral FAI - La vacuna para prevenir la influenza","isPartOf":{"@id":"https:\/\/fai.org.co\/serintegral\/#website"},"primaryImageOfPage":{"@id":"https:\/\/fai.org.co\/serintegral\/videos\/la-vacuna-para-prevenir-la-influenza\/#primaryimage"},"datePublished":"2022-10-15T16:21:22+00:00","dateModified":"2022-10-15T16:23:37+00:00","author":{"@id":"https:\/\/fai.org.co\/serintegral\/#\/schema\/person\/07947feccb7e085e4a0897f398e7e09c"},"description":"C\u00e1psula Informativa Ser Integral FAI - La vacuna para prevenir la influenza.","breadcrumb":{"@id":"https:\/\/fai.org.co\/serintegral\/videos\/la-vacuna-para-prevenir-la-influenza\/#breadcrumb"},"inLanguage":"es-CO","potentialAction":[{"@type":"ReadAction","target":["https:\/\/fai.org.co\/serintegral\/videos\/la-vacuna-para-prevenir-la-influenza\/"]}]},{"@type":"BreadcrumbList","@id":"https:\/\/fai.org.co\/serintegral\/videos\/la-vacuna-para-prevenir-la-influenza\/#breadcrumb","itemListElement":[{"@type":"ListItem","position":1,"name":"Inicio","item":"https:\/\/fai.org.co\/serintegral\/"},{"@type":"ListItem","position":2,"name":"C\u00e1psula Informativa &#8211; La vacuna para prevenir la influenza"}]},{"@type":"Person","@id":"https:\/\/fai.org.co\/serintegral\/#\/schema\/person\/07947feccb7e085e4a0897f398e7e09c","name":"ser_integral","image":{"@type":"ImageObject","@id":"https:\/\/fai.org.co\/serintegral\/#personlogo","inLanguage":"es-CO","url":"https:\/\/secure.gravatar.com\/avatar\/d019f5050c26fda22d47330ce0f99cf86745e4f9d41b4f7de838ecf51eeb5eaa?s=96&d=mm&r=g","contentUrl":"https:\/\/secure.gravatar.com\/avatar\/d019f5050c26fda22d47330ce0f99cf86745e4f9d41b4f7de838ecf51eeb5eaa?s=96&d=mm&r=g","caption":"ser_integral"},"url":"https:\/\/fai.org.co\/serintegral\/author\/ser_integral\/"}]}},"jetpack_featured_media_url":"https:\/\/fai.org.co\/serintegral\/wp-content\/uploads\/2022\/10\/Ser-integral-fai.jpg","_links":{"self":[{"href":"https:\/\/fai.org.co\/serintegral\/wp-json\/wp\/v2\/posts\/2469","targetHints":{"allow":["GET"]}}],"collection":[{"href":"https:\/\/fai.org.co\/serintegral\/wp-json\/wp\/v2\/posts"}],"about":[{"href":"https:\/\/fai.org.co\/serintegral\/wp-json\/wp\/v2\/types\/post"}],"author":[{"embeddable":true,"href":"https:\/\/fai.org.co\/serintegral\/wp-json\/wp\/v2\/users\/2"}],"replies":[{"embeddable":true,"href":"https:\/\/fai.org.co\/serintegral\/wp-json\/wp\/v2\/comments?post=2469"}],"version-history":[{"count":3,"href":"https:\/\/fai.org.co\/serintegral\/wp-json\/wp\/v2\/posts\/2469\/revisions"}],"predecessor-version":[{"id":2472,"href":"https:\/\/fai.org.co\/serintegral\/wp-json\/wp\/v2\/posts\/2469\/revisions\/2472"}],"wp:featuredmedia":[{"embeddable":true,"href":"https:\/\/fai.org.co\/serintegral\/wp-json\/wp\/v2\/media\/2462"}],"wp:attachment":[{"href":"https:\/\/fai.org.co\/serintegral\/wp-json\/wp\/v2\/media?parent=2469"}],"wp:term":[{"taxonomy":"category","embeddable":true,"href":"https:\/\/fai.org.co\/serintegral\/wp-json\/wp\/v2\/categories?post=2469"},{"taxonomy":"post_tag","embeddable":true,"href":"https:\/\/fai.org.co\/serintegral\/wp-json\/wp\/v2\/tags?post=2469"}],"curies":[{"name":"wp","href":"https:\/\/api.w.org\/{rel}","templated":true}]}}