{"id":2500,"date":"2022-11-01T10:53:50","date_gmt":"2022-11-01T15:53:50","guid":{"rendered":"https:\/\/fai.org.co\/serintegral\/?p=2500"},"modified":"2022-11-01T11:00:15","modified_gmt":"2022-11-01T16:00:15","slug":"efectividad-de-las-vacunas-en-enfermedades-virales-como-el-covid19","status":"publish","type":"post","link":"https:\/\/fai.org.co\/serintegral\/covid-19\/efectividad-de-las-vacunas-en-enfermedades-virales-como-el-covid19\/","title":{"rendered":"EFECTIVIDAD DE LAS VACUNAS EN ENFERMEDADES VIRALES COMO EL COVID19."},"content":{"rendered":"<h1 style=\"text-align: justify;\"><strong>Las vacunas son efectivas contra virus como el covid 19, lo que nos dice la OMS.<\/strong><\/h1>\n<h3 style=\"text-align: justify;\"><em>EFECTIVIDAD DE LAS VACUNAS EN ENFERMEDADES VIRALES COMO EL COVID19.<\/em><\/h3>\n<p style=\"text-align: justify;\">La vacuna contra la COVID-19 recomendada por la OMS es muy eficaz para prevenir enfermedades graves, hospitalizaciones y muertes por todas las cepas del SARS-CoV-2 (el virus que causa la COVID-19), incluidas las variantes Delta y Omicron. Adem\u00e1s, las vacunas son muy eficaces para reducir la propagaci\u00f3n del virus, aunque es normal y posible que no prevengan completamente la infecci\u00f3n.<\/p>\n<p><img loading=\"lazy\" decoding=\"async\" class=\"size-medium wp-image-2504 aligncenter\" src=\"https:\/\/fai.org.co\/serintegral\/wp-content\/uploads\/2022\/11\/coronavirus-300x182.jpg\" alt=\"\" width=\"300\" height=\"182\" srcset=\"https:\/\/fai.org.co\/serintegral\/wp-content\/uploads\/2022\/11\/coronavirus-300x182.jpg 300w, https:\/\/fai.org.co\/serintegral\/wp-content\/uploads\/2022\/11\/coronavirus.jpg 560w\" sizes=\"auto, (max-width: 300px) 100vw, 300px\" \/><\/p>\n<p style=\"text-align: justify;\"><strong>\u00bfC\u00f3mo funciona la vacuna?<\/strong><\/p>\n<p style=\"text-align: justify;\">La vacuna anti-Covid funciona ense\u00f1ando al sistema inmunol\u00f3gico del cuerpo a reconocer y combatir el virus que causa el COVID-19, protegi\u00e9ndolo as\u00ed de la infecci\u00f3n que causa el virus. Se ha demostrado que todos estos son efectivos para reducir el riesgo de contraerlo, as\u00ed como para reducir el riesgo de enfermedades graves despu\u00e9s de la infecci\u00f3n.<\/p>\n<p style=\"text-align: justify;\">Vacunarse puede reducir la propagaci\u00f3n de enfermedades y ayudar a proteger a quienes est\u00e1n vacunados y a quienes los rodean.<\/p>\n<p><img loading=\"lazy\" decoding=\"async\" class=\" wp-image-2503 aligncenter\" src=\"https:\/\/fai.org.co\/serintegral\/wp-content\/uploads\/2022\/11\/covid-19-vaccine-300x139.webp\" alt=\"\" width=\"343\" height=\"159\" srcset=\"https:\/\/fai.org.co\/serintegral\/wp-content\/uploads\/2022\/11\/covid-19-vaccine-300x139.webp 300w, https:\/\/fai.org.co\/serintegral\/wp-content\/uploads\/2022\/11\/covid-19-vaccine.webp 650w\" sizes=\"auto, (max-width: 343px) 100vw, 343px\" \/><\/p>\n<p style=\"text-align: justify;\"><strong>Ahora bien, las vacunas no siempre son efectivas contra virus como el covid 19.<\/strong><\/p>\n<p style=\"text-align: justify;\">Las vacunas contra el COVID-19 son efectivas para prevenir enfermedades graves, hospitalizaciones y muertes. Sin embargo, debido a que las vacunas no son 100 % efectivas para prevenir infecciones, algunas personas con recomendaciones de vacunas actualizadas a\u00fan pueden contraer COVID-19. Esto se llama infecci\u00f3n por la persona vacunada. Cuando estas desarrollan s\u00edntomas del virus, tienden a tenerlos m\u00e1s leves que las no vacunadas.<\/p>\n<p style=\"text-align: justify;\"><strong>Algunas conclusiones<\/strong><\/p>\n<p style=\"text-align: justify;\">Adem\u00e1s de la informaci\u00f3n de los ensayos cl\u00ednicos, la evidencia de los estudios de eficacia de vacunas en el mundo real sugiere que las vacunas contra el COVID-19 ayudan a prevenir la infecci\u00f3n por COVID-19 con o sin s\u00edntomas (infecci\u00f3n asintom\u00e1tica). La efectividad de la vacuna en la prevenci\u00f3n de hospitalizaciones se ha mantenido relativamente alta con el tiempo, aunque tiende a ser ligeramente menor en adultos mayores y aquellos con sistemas inmunitarios debilitados.<\/p>\n<p style=\"text-align: justify;\"><strong>\u00bfLa vacuna nos dar\u00eda positivo en una prueba?<\/strong><\/p>\n<p style=\"text-align: justify;\">Ninguna de las vacunas aprobadas har\u00e1 que d\u00e9 positivo por el virus COVID-19, que se usa para ver si est\u00e1 infectado actualmente. Si su cuerpo genera una respuesta inmunitaria (este es el objetivo de las vacunas), puede dar positivo en algunos anticuerpos contra el COVID-19. Las pruebas de anticuerpos muestran que ha tenido una infecci\u00f3n previa. Hoy, los expertos est\u00e1n estudiando c\u00f3mo la vacuna COVID-19 afecta los resultados de las pruebas de anticuerpos.<\/p>\n<p style=\"text-align: justify;\">Para conocer m\u00e1s de la Fundaci\u00f3n Antioque\u00f1a de Infectolog\u00eda FAI, sigue nuestras redes sociales e ingresa al sitio web <a href=\"http:\/\/www.fai.org.co\">www.fai.org.co<\/a> y <a href=\"http:\/\/www.fai.org.co\/serintegral\">www.fai.org.co\/serintegral<\/a><\/p>\n<p style=\"text-align: justify;\">Si deseas agendar una cita puedes hacerlo por nuestros canales de comunicaci\u00f3n: <a href=\"mailto:serintegral@fai.org.co\">serintegral@fai.org.co<\/a>, <a href=\"mailto:contacto@fai.org.co\">contacto@fai.org.co<\/a>, +57 (4) 448 1001, WhatsApp: 3157625594, Carrera 70 No. 26 A 10 Sector Bel\u00e9n Rosales Ubicada a 3 cuadras de Metropl\u00fas.<\/p>\n<p>&nbsp;<\/p>\n<p>Santiago Zapata Mazo<\/p>\n<p>F\u00e9nixPuntoNet <a href=\"http:\/\/www.fenixpuntonet.com\">www.fenixpuntonet.com<\/a><\/p>\n<p>&nbsp;<\/p>\n<hr \/>\n<p>&nbsp;<\/p>\n<p>Sobre nosotros:<\/p>\n<p>\ud83d\udcf3+57 (4) 448 1001<\/p>\n<p>\u2709\ufe0fcontacto@fai.org.co<\/p>\n<p>\ud83d\udccdCarrera 70 No. 26 A 10 Sector Bel\u00e9n Rosales ubicada a 3 cuadras de Metropl\u00fas<\/p>\n<p>&nbsp;<\/p>\n<p><iframe loading=\"lazy\" title=\"Recomendaciones finales en pacientes con Covid 19.\" width=\"800\" height=\"450\" src=\"https:\/\/www.youtube.com\/embed\/4QMWFN5F190?feature=oembed\" frameborder=\"0\" allow=\"accelerometer; autoplay; clipboard-write; encrypted-media; gyroscope; picture-in-picture\" allowfullscreen><\/iframe><\/p>\n<hr \/>\n<p><a href=\"https:\/\/www.quenocescondadeti.co\/\" target=\"_blank\" rel=\"noopener\"><img loading=\"lazy\" decoding=\"async\" class=\"aligncenter wp-image-1228 \" src=\"https:\/\/fai.org.co\/serintegral\/wp-content\/uploads\/2021\/08\/boton_QueNoCEscondaDeTi_Ser-Integral-FAI_VHC01-1-1024x256.png\" alt=\"hepatitis\" width=\"748\" height=\"187\" srcset=\"https:\/\/fai.org.co\/serintegral\/wp-content\/uploads\/2021\/08\/boton_QueNoCEscondaDeTi_Ser-Integral-FAI_VHC01-1-1024x256.png 1024w, https:\/\/fai.org.co\/serintegral\/wp-content\/uploads\/2021\/08\/boton_QueNoCEscondaDeTi_Ser-Integral-FAI_VHC01-1-300x75.png 300w, https:\/\/fai.org.co\/serintegral\/wp-content\/uploads\/2021\/08\/boton_QueNoCEscondaDeTi_Ser-Integral-FAI_VHC01-1-768x192.png 768w, https:\/\/fai.org.co\/serintegral\/wp-content\/uploads\/2021\/08\/boton_QueNoCEscondaDeTi_Ser-Integral-FAI_VHC01-1-1536x384.png 1536w, https:\/\/fai.org.co\/serintegral\/wp-content\/uploads\/2021\/08\/boton_QueNoCEscondaDeTi_Ser-Integral-FAI_VHC01-1-2048x512.png 2048w\" sizes=\"auto, (max-width: 748px) 100vw, 748px\" \/><\/a><\/p>\n","protected":false},"excerpt":{"rendered":"<p>Las vacunas son efectivas contra virus como el covid 19, lo que nos dice la OMS. EFECTIVIDAD DE LAS VACUNAS EN ENFERMEDADES VIRALES COMO EL COVID19. La vacuna contra la COVID-19 recomendada por la OMS es muy eficaz para prevenir enfermedades graves, hospitalizaciones y muertes por todas las cepas del SARS-CoV-2 (el virus que causa [&hellip;]<\/p>\n","protected":false},"author":2,"featured_media":2508,"comment_status":"open","ping_status":"open","sticky":false,"template":"","format":"standard","meta":{"_monsterinsights_skip_tracking":false,"_monsterinsights_sitenote_active":false,"_monsterinsights_sitenote_note":"","_monsterinsights_sitenote_category":0,"spay_email":"","footnotes":""},"categories":[12],"tags":[],"class_list":["post-2500","post","type-post","status-publish","format-standard","has-post-thumbnail","hentry","category-covid-19"],"aioseo_notices":[],"yoast_head":"<!-- This site is optimized with the Yoast SEO plugin v17.5 - https:\/\/yoast.com\/wordpress\/plugins\/seo\/ -->\n<title>EFECTIVIDAD DE LAS VACUNAS EN EL COVID19.<\/title>\n<meta name=\"description\" content=\"EFECTIVIDAD DE LAS VACUNAS EN ENFERMEDADES VIRALES COMO EL COVID19. Informaci\u00f3n y opini\u00f3n sobre los efectos, pruebas y vacunas.\" \/>\n<meta name=\"robots\" content=\"index, follow, max-snippet:-1, max-image-preview:large, max-video-preview:-1\" \/>\n<link rel=\"canonical\" href=\"https:\/\/fai.org.co\/serintegral\/covid-19\/efectividad-de-las-vacunas-en-enfermedades-virales-como-el-covid19\/\" \/>\n<meta property=\"og:locale\" content=\"es_ES\" \/>\n<meta property=\"og:type\" content=\"article\" \/>\n<meta property=\"og:title\" content=\"EFECTIVIDAD DE LAS VACUNAS EN EL COVID19.\" \/>\n<meta property=\"og:description\" content=\"EFECTIVIDAD DE LAS VACUNAS EN ENFERMEDADES VIRALES COMO EL COVID19. Informaci\u00f3n y opini\u00f3n sobre los efectos, pruebas y vacunas.\" \/>\n<meta property=\"og:url\" content=\"https:\/\/fai.org.co\/serintegral\/covid-19\/efectividad-de-las-vacunas-en-enfermedades-virales-como-el-covid19\/\" \/>\n<meta property=\"og:site_name\" content=\"Ser integral\" \/>\n<meta property=\"article:published_time\" content=\"2022-11-01T15:53:50+00:00\" \/>\n<meta property=\"article:modified_time\" content=\"2022-11-01T16:00:15+00:00\" \/>\n<meta property=\"og:image\" content=\"https:\/\/fai.org.co\/serintegral\/wp-content\/uploads\/2022\/11\/VACUNACION-COVID-2.jpg\" \/>\n\t<meta property=\"og:image:width\" content=\"1299\" \/>\n\t<meta property=\"og:image:height\" content=\"866\" \/>\n<meta name=\"twitter:card\" content=\"summary_large_image\" \/>\n<meta name=\"twitter:label1\" content=\"Escrito por\" \/>\n\t<meta name=\"twitter:data1\" content=\"ser_integral\" \/>\n\t<meta name=\"twitter:label2\" content=\"Tiempo estimado de lectura\" \/>\n\t<meta name=\"twitter:data2\" content=\"3 minutos\" \/>\n<script type=\"application\/ld+json\" class=\"yoast-schema-graph\">{\"@context\":\"https:\/\/schema.org\",\"@graph\":[{\"@type\":\"WebSite\",\"@id\":\"https:\/\/fai.org.co\/serintegral\/#website\",\"url\":\"https:\/\/fai.org.co\/serintegral\/\",\"name\":\"Ser integral\",\"description\":\"\",\"potentialAction\":[{\"@type\":\"SearchAction\",\"target\":{\"@type\":\"EntryPoint\",\"urlTemplate\":\"https:\/\/fai.org.co\/serintegral\/?s={search_term_string}\"},\"query-input\":\"required name=search_term_string\"}],\"inLanguage\":\"es-CO\"},{\"@type\":\"ImageObject\",\"@id\":\"https:\/\/fai.org.co\/serintegral\/covid-19\/efectividad-de-las-vacunas-en-enfermedades-virales-como-el-covid19\/#primaryimage\",\"inLanguage\":\"es-CO\",\"url\":\"https:\/\/fai.org.co\/serintegral\/wp-content\/uploads\/2022\/11\/VACUNACION-COVID-2.jpg\",\"contentUrl\":\"https:\/\/fai.org.co\/serintegral\/wp-content\/uploads\/2022\/11\/VACUNACION-COVID-2.jpg\",\"width\":1299,\"height\":866},{\"@type\":\"WebPage\",\"@id\":\"https:\/\/fai.org.co\/serintegral\/covid-19\/efectividad-de-las-vacunas-en-enfermedades-virales-como-el-covid19\/#webpage\",\"url\":\"https:\/\/fai.org.co\/serintegral\/covid-19\/efectividad-de-las-vacunas-en-enfermedades-virales-como-el-covid19\/\",\"name\":\"EFECTIVIDAD DE LAS VACUNAS EN EL COVID19.\",\"isPartOf\":{\"@id\":\"https:\/\/fai.org.co\/serintegral\/#website\"},\"primaryImageOfPage\":{\"@id\":\"https:\/\/fai.org.co\/serintegral\/covid-19\/efectividad-de-las-vacunas-en-enfermedades-virales-como-el-covid19\/#primaryimage\"},\"datePublished\":\"2022-11-01T15:53:50+00:00\",\"dateModified\":\"2022-11-01T16:00:15+00:00\",\"author\":{\"@id\":\"https:\/\/fai.org.co\/serintegral\/#\/schema\/person\/07947feccb7e085e4a0897f398e7e09c\"},\"description\":\"EFECTIVIDAD DE LAS VACUNAS EN ENFERMEDADES VIRALES COMO EL COVID19. Informaci\\u00f3n y opini\\u00f3n sobre los efectos, pruebas y vacunas.\",\"breadcrumb\":{\"@id\":\"https:\/\/fai.org.co\/serintegral\/covid-19\/efectividad-de-las-vacunas-en-enfermedades-virales-como-el-covid19\/#breadcrumb\"},\"inLanguage\":\"es-CO\",\"potentialAction\":[{\"@type\":\"ReadAction\",\"target\":[\"https:\/\/fai.org.co\/serintegral\/covid-19\/efectividad-de-las-vacunas-en-enfermedades-virales-como-el-covid19\/\"]}]},{\"@type\":\"BreadcrumbList\",\"@id\":\"https:\/\/fai.org.co\/serintegral\/covid-19\/efectividad-de-las-vacunas-en-enfermedades-virales-como-el-covid19\/#breadcrumb\",\"itemListElement\":[{\"@type\":\"ListItem\",\"position\":1,\"name\":\"Inicio\",\"item\":\"https:\/\/fai.org.co\/serintegral\/\"},{\"@type\":\"ListItem\",\"position\":2,\"name\":\"EFECTIVIDAD DE LAS VACUNAS EN ENFERMEDADES VIRALES COMO EL COVID19.\"}]},{\"@type\":\"Person\",\"@id\":\"https:\/\/fai.org.co\/serintegral\/#\/schema\/person\/07947feccb7e085e4a0897f398e7e09c\",\"name\":\"ser_integral\",\"image\":{\"@type\":\"ImageObject\",\"@id\":\"https:\/\/fai.org.co\/serintegral\/#personlogo\",\"inLanguage\":\"es-CO\",\"url\":\"https:\/\/secure.gravatar.com\/avatar\/d019f5050c26fda22d47330ce0f99cf86745e4f9d41b4f7de838ecf51eeb5eaa?s=96&d=mm&r=g\",\"contentUrl\":\"https:\/\/secure.gravatar.com\/avatar\/d019f5050c26fda22d47330ce0f99cf86745e4f9d41b4f7de838ecf51eeb5eaa?s=96&d=mm&r=g\",\"caption\":\"ser_integral\"},\"url\":\"https:\/\/fai.org.co\/serintegral\/author\/ser_integral\/\"}]}<\/script>\n<!-- \/ Yoast SEO plugin. -->","yoast_head_json":{"title":"EFECTIVIDAD DE LAS VACUNAS EN EL COVID19.","description":"EFECTIVIDAD DE LAS VACUNAS EN ENFERMEDADES VIRALES COMO EL COVID19. Informaci\u00f3n y opini\u00f3n sobre los efectos, pruebas y vacunas.","robots":{"index":"index","follow":"follow","max-snippet":"max-snippet:-1","max-image-preview":"max-image-preview:large","max-video-preview":"max-video-preview:-1"},"canonical":"https:\/\/fai.org.co\/serintegral\/covid-19\/efectividad-de-las-vacunas-en-enfermedades-virales-como-el-covid19\/","og_locale":"es_ES","og_type":"article","og_title":"EFECTIVIDAD DE LAS VACUNAS EN EL COVID19.","og_description":"EFECTIVIDAD DE LAS VACUNAS EN ENFERMEDADES VIRALES COMO EL COVID19. Informaci\u00f3n y opini\u00f3n sobre los efectos, pruebas y vacunas.","og_url":"https:\/\/fai.org.co\/serintegral\/covid-19\/efectividad-de-las-vacunas-en-enfermedades-virales-como-el-covid19\/","og_site_name":"Ser integral","article_published_time":"2022-11-01T15:53:50+00:00","article_modified_time":"2022-11-01T16:00:15+00:00","og_image":[{"width":1299,"height":866,"url":"https:\/\/fai.org.co\/serintegral\/wp-content\/uploads\/2022\/11\/VACUNACION-COVID-2.jpg","type":"image\/jpeg"}],"twitter_card":"summary_large_image","twitter_misc":{"Escrito por":"ser_integral","Tiempo estimado de lectura":"3 minutos"},"schema":{"@context":"https:\/\/schema.org","@graph":[{"@type":"WebSite","@id":"https:\/\/fai.org.co\/serintegral\/#website","url":"https:\/\/fai.org.co\/serintegral\/","name":"Ser integral","description":"","potentialAction":[{"@type":"SearchAction","target":{"@type":"EntryPoint","urlTemplate":"https:\/\/fai.org.co\/serintegral\/?s={search_term_string}"},"query-input":"required name=search_term_string"}],"inLanguage":"es-CO"},{"@type":"ImageObject","@id":"https:\/\/fai.org.co\/serintegral\/covid-19\/efectividad-de-las-vacunas-en-enfermedades-virales-como-el-covid19\/#primaryimage","inLanguage":"es-CO","url":"https:\/\/fai.org.co\/serintegral\/wp-content\/uploads\/2022\/11\/VACUNACION-COVID-2.jpg","contentUrl":"https:\/\/fai.org.co\/serintegral\/wp-content\/uploads\/2022\/11\/VACUNACION-COVID-2.jpg","width":1299,"height":866},{"@type":"WebPage","@id":"https:\/\/fai.org.co\/serintegral\/covid-19\/efectividad-de-las-vacunas-en-enfermedades-virales-como-el-covid19\/#webpage","url":"https:\/\/fai.org.co\/serintegral\/covid-19\/efectividad-de-las-vacunas-en-enfermedades-virales-como-el-covid19\/","name":"EFECTIVIDAD DE LAS VACUNAS EN EL COVID19.","isPartOf":{"@id":"https:\/\/fai.org.co\/serintegral\/#website"},"primaryImageOfPage":{"@id":"https:\/\/fai.org.co\/serintegral\/covid-19\/efectividad-de-las-vacunas-en-enfermedades-virales-como-el-covid19\/#primaryimage"},"datePublished":"2022-11-01T15:53:50+00:00","dateModified":"2022-11-01T16:00:15+00:00","author":{"@id":"https:\/\/fai.org.co\/serintegral\/#\/schema\/person\/07947feccb7e085e4a0897f398e7e09c"},"description":"EFECTIVIDAD DE LAS VACUNAS EN ENFERMEDADES VIRALES COMO EL COVID19. Informaci\u00f3n y opini\u00f3n sobre los efectos, pruebas y vacunas.","breadcrumb":{"@id":"https:\/\/fai.org.co\/serintegral\/covid-19\/efectividad-de-las-vacunas-en-enfermedades-virales-como-el-covid19\/#breadcrumb"},"inLanguage":"es-CO","potentialAction":[{"@type":"ReadAction","target":["https:\/\/fai.org.co\/serintegral\/covid-19\/efectividad-de-las-vacunas-en-enfermedades-virales-como-el-covid19\/"]}]},{"@type":"BreadcrumbList","@id":"https:\/\/fai.org.co\/serintegral\/covid-19\/efectividad-de-las-vacunas-en-enfermedades-virales-como-el-covid19\/#breadcrumb","itemListElement":[{"@type":"ListItem","position":1,"name":"Inicio","item":"https:\/\/fai.org.co\/serintegral\/"},{"@type":"ListItem","position":2,"name":"EFECTIVIDAD DE LAS VACUNAS EN ENFERMEDADES VIRALES COMO EL COVID19."}]},{"@type":"Person","@id":"https:\/\/fai.org.co\/serintegral\/#\/schema\/person\/07947feccb7e085e4a0897f398e7e09c","name":"ser_integral","image":{"@type":"ImageObject","@id":"https:\/\/fai.org.co\/serintegral\/#personlogo","inLanguage":"es-CO","url":"https:\/\/secure.gravatar.com\/avatar\/d019f5050c26fda22d47330ce0f99cf86745e4f9d41b4f7de838ecf51eeb5eaa?s=96&d=mm&r=g","contentUrl":"https:\/\/secure.gravatar.com\/avatar\/d019f5050c26fda22d47330ce0f99cf86745e4f9d41b4f7de838ecf51eeb5eaa?s=96&d=mm&r=g","caption":"ser_integral"},"url":"https:\/\/fai.org.co\/serintegral\/author\/ser_integral\/"}]}},"jetpack_featured_media_url":"https:\/\/fai.org.co\/serintegral\/wp-content\/uploads\/2022\/11\/VACUNACION-COVID-2.jpg","_links":{"self":[{"href":"https:\/\/fai.org.co\/serintegral\/wp-json\/wp\/v2\/posts\/2500","targetHints":{"allow":["GET"]}}],"collection":[{"href":"https:\/\/fai.org.co\/serintegral\/wp-json\/wp\/v2\/posts"}],"about":[{"href":"https:\/\/fai.org.co\/serintegral\/wp-json\/wp\/v2\/types\/post"}],"author":[{"embeddable":true,"href":"https:\/\/fai.org.co\/serintegral\/wp-json\/wp\/v2\/users\/2"}],"replies":[{"embeddable":true,"href":"https:\/\/fai.org.co\/serintegral\/wp-json\/wp\/v2\/comments?post=2500"}],"version-history":[{"count":4,"href":"https:\/\/fai.org.co\/serintegral\/wp-json\/wp\/v2\/posts\/2500\/revisions"}],"predecessor-version":[{"id":2507,"href":"https:\/\/fai.org.co\/serintegral\/wp-json\/wp\/v2\/posts\/2500\/revisions\/2507"}],"wp:featuredmedia":[{"embeddable":true,"href":"https:\/\/fai.org.co\/serintegral\/wp-json\/wp\/v2\/media\/2508"}],"wp:attachment":[{"href":"https:\/\/fai.org.co\/serintegral\/wp-json\/wp\/v2\/media?parent=2500"}],"wp:term":[{"taxonomy":"category","embeddable":true,"href":"https:\/\/fai.org.co\/serintegral\/wp-json\/wp\/v2\/categories?post=2500"},{"taxonomy":"post_tag","embeddable":true,"href":"https:\/\/fai.org.co\/serintegral\/wp-json\/wp\/v2\/tags?post=2500"}],"curies":[{"name":"wp","href":"https:\/\/api.w.org\/{rel}","templated":true}]}}