{"id":2512,"date":"2022-11-04T12:01:20","date_gmt":"2022-11-04T17:01:20","guid":{"rendered":"https:\/\/fai.org.co\/serintegral\/?p=2512"},"modified":"2022-11-04T12:03:59","modified_gmt":"2022-11-04T17:03:59","slug":"sindrome-post-covid-19-doctora-maria-angelica-maya","status":"publish","type":"post","link":"https:\/\/fai.org.co\/serintegral\/videos\/sindrome-post-covid-19-doctora-maria-angelica-maya\/","title":{"rendered":"S\u00edndrome Post Covid 19 &#8211; Doctora Mar\u00eda Ang\u00e9lica Maya"},"content":{"rendered":"<h3>\u00bfQu\u00e9 es el s\u00edndrome pos-COVID-19 y qu\u00e9 frecuencia tiene?<\/h3>\n<p>El s\u00edndrome pos-<abbr title=\"enfermedad por coronavirus\u00a02019\">COVID-19<\/abbr>\u00a0implica una variedad de s\u00edntomas nuevos, recurrentes o continuos que las personas presentan despu\u00e9s de las cuatro semanas posteriores a contraer el virus de la\u00a0<abbr title=\"enfermedad por coronavirus\u00a02019\">COVID-19<\/abbr>. En algunos casos, el s\u00edndrome pos-<abbr title=\"enfermedad por coronavirus\u00a02019\">COVID-19<\/abbr>\u00a0dura meses o a\u00f1os y puede causar discapacidad.<\/p>\n<p>Seg\u00fan las investigaciones, entre uno y 12\u00a0meses despu\u00e9s de tener\u00a0<abbr title=\"enfermedad por coronavirus\u00a02019\">COVID-19<\/abbr>, una de cada cinco personas de\u00a018 a 64\u00a0a\u00f1os presenta al menos una afecci\u00f3n m\u00e9dica que podr\u00eda deberse a la\u00a0<abbr title=\"enfermedad por coronavirus\u00a02019\">COVID-19<\/abbr>. Entre las personas de 65\u00a0a\u00f1os y mayores, una de cada cuatro tiene al menos una afecci\u00f3n m\u00e9dica que podr\u00eda deberse a la\u00a0<abbr title=\"enfermedad por coronavirus\u00a02019\">COVID-19<\/abbr>.<\/p>\n<p>&nbsp;<\/p>\n<hr \/>\n<p>&nbsp;<\/p>\n<p>S\u00edndrome Post Covid 19 &#8211; Doctora Mar\u00eda Ang\u00e9lica Maya<\/p>\n<p>Hoy en nuestra c\u00e1psula informativa, hablaremos sobre el S\u00edndrome Post Covid 19<\/p>\n<p><iframe loading=\"lazy\" title=\"S\u00edndrome Post Covid 19 - Doctora Mar\u00eda Ang\u00e9lica Maya\" width=\"800\" height=\"450\" src=\"https:\/\/www.youtube.com\/embed\/9xJb_dXESxA?feature=oembed\" frameborder=\"0\" allow=\"accelerometer; autoplay; clipboard-write; encrypted-media; gyroscope; picture-in-picture\" allowfullscreen><\/iframe><\/p>\n<p>&nbsp;<\/p>\n<hr \/>\n<p>Sobre nosotros:<\/p>\n<p>\ud83d\udcf3+57 (4) 448 1001<\/p>\n<p>\u2709\ufe0fcontacto@fai.org.co<\/p>\n<p>\ud83d\udccdCarrera 70 No. 26 A 10 Sector Bel\u00e9n Rosales ubicada a 3 cuadras de Metropl\u00fas<\/p>\n<p>&nbsp;<\/p>\n<hr \/>\n<p><a href=\"https:\/\/www.quenocescondadeti.co\/\" target=\"_blank\" rel=\"noopener\"><img loading=\"lazy\" decoding=\"async\" class=\"aligncenter wp-image-1228 \" src=\"https:\/\/fai.org.co\/serintegral\/wp-content\/uploads\/2021\/08\/boton_QueNoCEscondaDeTi_Ser-Integral-FAI_VHC01-1-1024x256.png\" alt=\"hepatitis\" width=\"748\" height=\"187\" srcset=\"https:\/\/fai.org.co\/serintegral\/wp-content\/uploads\/2021\/08\/boton_QueNoCEscondaDeTi_Ser-Integral-FAI_VHC01-1-1024x256.png 1024w, https:\/\/fai.org.co\/serintegral\/wp-content\/uploads\/2021\/08\/boton_QueNoCEscondaDeTi_Ser-Integral-FAI_VHC01-1-300x75.png 300w, https:\/\/fai.org.co\/serintegral\/wp-content\/uploads\/2021\/08\/boton_QueNoCEscondaDeTi_Ser-Integral-FAI_VHC01-1-768x192.png 768w, https:\/\/fai.org.co\/serintegral\/wp-content\/uploads\/2021\/08\/boton_QueNoCEscondaDeTi_Ser-Integral-FAI_VHC01-1-1536x384.png 1536w, https:\/\/fai.org.co\/serintegral\/wp-content\/uploads\/2021\/08\/boton_QueNoCEscondaDeTi_Ser-Integral-FAI_VHC01-1-2048x512.png 2048w\" sizes=\"auto, (max-width: 748px) 100vw, 748px\" \/><\/a><\/p>\n","protected":false},"excerpt":{"rendered":"<p>\u00bfQu\u00e9 es el s\u00edndrome pos-COVID-19 y qu\u00e9 frecuencia tiene? El s\u00edndrome pos-COVID-19\u00a0implica una variedad de s\u00edntomas nuevos, recurrentes o continuos que las personas presentan despu\u00e9s de las cuatro semanas posteriores a contraer el virus de la\u00a0COVID-19. En algunos casos, el s\u00edndrome pos-COVID-19\u00a0dura meses o a\u00f1os y puede causar discapacidad. Seg\u00fan las investigaciones, entre uno y [&hellip;]<\/p>\n","protected":false},"author":2,"featured_media":2511,"comment_status":"open","ping_status":"open","sticky":false,"template":"","format":"standard","meta":{"_monsterinsights_skip_tracking":false,"_monsterinsights_sitenote_active":false,"_monsterinsights_sitenote_note":"","_monsterinsights_sitenote_category":0,"spay_email":"","footnotes":""},"categories":[12,13,6],"tags":[],"class_list":["post-2512","post","type-post","status-publish","format-standard","has-post-thumbnail","hentry","category-covid-19","category-covid-19-videos","category-videos"],"aioseo_notices":[],"yoast_head":"<!-- This site is optimized with the Yoast SEO plugin v17.5 - https:\/\/yoast.com\/wordpress\/plugins\/seo\/ -->\n<title>S\u00edndrome Post Covid 19<\/title>\n<meta name=\"description\" content=\"S\u00edndrome Post Covid 19 - Doctora Mar\u00eda Ang\u00e9lica MayaHoy en nuestra c\u00e1psula informativa, hablaremos sobre el S\u00edndrome Post Covid 19\u00a0\" \/>\n<meta name=\"robots\" content=\"index, follow, max-snippet:-1, max-image-preview:large, max-video-preview:-1\" \/>\n<link rel=\"canonical\" href=\"https:\/\/fai.org.co\/serintegral\/videos\/sindrome-post-covid-19-doctora-maria-angelica-maya\/\" \/>\n<meta property=\"og:locale\" content=\"es_ES\" \/>\n<meta property=\"og:type\" content=\"article\" \/>\n<meta property=\"og:title\" content=\"S\u00edndrome Post Covid 19\" \/>\n<meta property=\"og:description\" content=\"S\u00edndrome Post Covid 19 - Doctora Mar\u00eda Ang\u00e9lica MayaHoy en nuestra c\u00e1psula informativa, hablaremos sobre el S\u00edndrome Post Covid 19\u00a0\" \/>\n<meta property=\"og:url\" content=\"https:\/\/fai.org.co\/serintegral\/videos\/sindrome-post-covid-19-doctora-maria-angelica-maya\/\" \/>\n<meta property=\"og:site_name\" content=\"Ser integral\" \/>\n<meta property=\"article:published_time\" content=\"2022-11-04T17:01:20+00:00\" \/>\n<meta property=\"article:modified_time\" content=\"2022-11-04T17:03:59+00:00\" \/>\n<meta property=\"og:image\" content=\"https:\/\/fai.org.co\/serintegral\/wp-content\/uploads\/2022\/11\/MARIA-ANGELICA-MAYA--1024x576.jpg\" \/>\n\t<meta property=\"og:image:width\" content=\"1024\" \/>\n\t<meta property=\"og:image:height\" content=\"576\" \/>\n<meta name=\"twitter:card\" content=\"summary_large_image\" \/>\n<meta name=\"twitter:label1\" content=\"Escrito por\" \/>\n\t<meta name=\"twitter:data1\" content=\"ser_integral\" \/>\n\t<meta name=\"twitter:label2\" content=\"Tiempo estimado de lectura\" \/>\n\t<meta name=\"twitter:data2\" content=\"1 minuto\" \/>\n<script type=\"application\/ld+json\" class=\"yoast-schema-graph\">{\"@context\":\"https:\/\/schema.org\",\"@graph\":[{\"@type\":\"WebSite\",\"@id\":\"https:\/\/fai.org.co\/serintegral\/#website\",\"url\":\"https:\/\/fai.org.co\/serintegral\/\",\"name\":\"Ser integral\",\"description\":\"\",\"potentialAction\":[{\"@type\":\"SearchAction\",\"target\":{\"@type\":\"EntryPoint\",\"urlTemplate\":\"https:\/\/fai.org.co\/serintegral\/?s={search_term_string}\"},\"query-input\":\"required name=search_term_string\"}],\"inLanguage\":\"es-CO\"},{\"@type\":\"ImageObject\",\"@id\":\"https:\/\/fai.org.co\/serintegral\/videos\/sindrome-post-covid-19-doctora-maria-angelica-maya\/#primaryimage\",\"inLanguage\":\"es-CO\",\"url\":\"https:\/\/fai.org.co\/serintegral\/wp-content\/uploads\/2022\/11\/MARIA-ANGELICA-MAYA-.jpg\",\"contentUrl\":\"https:\/\/fai.org.co\/serintegral\/wp-content\/uploads\/2022\/11\/MARIA-ANGELICA-MAYA-.jpg\",\"width\":1920,\"height\":1080},{\"@type\":\"WebPage\",\"@id\":\"https:\/\/fai.org.co\/serintegral\/videos\/sindrome-post-covid-19-doctora-maria-angelica-maya\/#webpage\",\"url\":\"https:\/\/fai.org.co\/serintegral\/videos\/sindrome-post-covid-19-doctora-maria-angelica-maya\/\",\"name\":\"S\\u00edndrome Post Covid 19\",\"isPartOf\":{\"@id\":\"https:\/\/fai.org.co\/serintegral\/#website\"},\"primaryImageOfPage\":{\"@id\":\"https:\/\/fai.org.co\/serintegral\/videos\/sindrome-post-covid-19-doctora-maria-angelica-maya\/#primaryimage\"},\"datePublished\":\"2022-11-04T17:01:20+00:00\",\"dateModified\":\"2022-11-04T17:03:59+00:00\",\"author\":{\"@id\":\"https:\/\/fai.org.co\/serintegral\/#\/schema\/person\/07947feccb7e085e4a0897f398e7e09c\"},\"description\":\"S\\u00edndrome Post Covid 19 - Doctora Mar\\u00eda Ang\\u00e9lica MayaHoy en nuestra c\\u00e1psula informativa, hablaremos sobre el S\\u00edndrome Post Covid 19\\u00a0\",\"breadcrumb\":{\"@id\":\"https:\/\/fai.org.co\/serintegral\/videos\/sindrome-post-covid-19-doctora-maria-angelica-maya\/#breadcrumb\"},\"inLanguage\":\"es-CO\",\"potentialAction\":[{\"@type\":\"ReadAction\",\"target\":[\"https:\/\/fai.org.co\/serintegral\/videos\/sindrome-post-covid-19-doctora-maria-angelica-maya\/\"]}]},{\"@type\":\"BreadcrumbList\",\"@id\":\"https:\/\/fai.org.co\/serintegral\/videos\/sindrome-post-covid-19-doctora-maria-angelica-maya\/#breadcrumb\",\"itemListElement\":[{\"@type\":\"ListItem\",\"position\":1,\"name\":\"Inicio\",\"item\":\"https:\/\/fai.org.co\/serintegral\/\"},{\"@type\":\"ListItem\",\"position\":2,\"name\":\"S\\u00edndrome Post Covid 19 &#8211; Doctora Mar\\u00eda Ang\\u00e9lica Maya\"}]},{\"@type\":\"Person\",\"@id\":\"https:\/\/fai.org.co\/serintegral\/#\/schema\/person\/07947feccb7e085e4a0897f398e7e09c\",\"name\":\"ser_integral\",\"image\":{\"@type\":\"ImageObject\",\"@id\":\"https:\/\/fai.org.co\/serintegral\/#personlogo\",\"inLanguage\":\"es-CO\",\"url\":\"https:\/\/secure.gravatar.com\/avatar\/d019f5050c26fda22d47330ce0f99cf86745e4f9d41b4f7de838ecf51eeb5eaa?s=96&d=mm&r=g\",\"contentUrl\":\"https:\/\/secure.gravatar.com\/avatar\/d019f5050c26fda22d47330ce0f99cf86745e4f9d41b4f7de838ecf51eeb5eaa?s=96&d=mm&r=g\",\"caption\":\"ser_integral\"},\"url\":\"https:\/\/fai.org.co\/serintegral\/author\/ser_integral\/\"}]}<\/script>\n<!-- \/ Yoast SEO plugin. -->","yoast_head_json":{"title":"S\u00edndrome Post Covid 19","description":"S\u00edndrome Post Covid 19 - Doctora Mar\u00eda Ang\u00e9lica MayaHoy en nuestra c\u00e1psula informativa, hablaremos sobre el S\u00edndrome Post Covid 19\u00a0","robots":{"index":"index","follow":"follow","max-snippet":"max-snippet:-1","max-image-preview":"max-image-preview:large","max-video-preview":"max-video-preview:-1"},"canonical":"https:\/\/fai.org.co\/serintegral\/videos\/sindrome-post-covid-19-doctora-maria-angelica-maya\/","og_locale":"es_ES","og_type":"article","og_title":"S\u00edndrome Post Covid 19","og_description":"S\u00edndrome Post Covid 19 - Doctora Mar\u00eda Ang\u00e9lica MayaHoy en nuestra c\u00e1psula informativa, hablaremos sobre el S\u00edndrome Post Covid 19\u00a0","og_url":"https:\/\/fai.org.co\/serintegral\/videos\/sindrome-post-covid-19-doctora-maria-angelica-maya\/","og_site_name":"Ser integral","article_published_time":"2022-11-04T17:01:20+00:00","article_modified_time":"2022-11-04T17:03:59+00:00","og_image":[{"width":1024,"height":576,"url":"https:\/\/fai.org.co\/serintegral\/wp-content\/uploads\/2022\/11\/MARIA-ANGELICA-MAYA--1024x576.jpg","type":"image\/jpeg"}],"twitter_card":"summary_large_image","twitter_misc":{"Escrito por":"ser_integral","Tiempo estimado de lectura":"1 minuto"},"schema":{"@context":"https:\/\/schema.org","@graph":[{"@type":"WebSite","@id":"https:\/\/fai.org.co\/serintegral\/#website","url":"https:\/\/fai.org.co\/serintegral\/","name":"Ser integral","description":"","potentialAction":[{"@type":"SearchAction","target":{"@type":"EntryPoint","urlTemplate":"https:\/\/fai.org.co\/serintegral\/?s={search_term_string}"},"query-input":"required name=search_term_string"}],"inLanguage":"es-CO"},{"@type":"ImageObject","@id":"https:\/\/fai.org.co\/serintegral\/videos\/sindrome-post-covid-19-doctora-maria-angelica-maya\/#primaryimage","inLanguage":"es-CO","url":"https:\/\/fai.org.co\/serintegral\/wp-content\/uploads\/2022\/11\/MARIA-ANGELICA-MAYA-.jpg","contentUrl":"https:\/\/fai.org.co\/serintegral\/wp-content\/uploads\/2022\/11\/MARIA-ANGELICA-MAYA-.jpg","width":1920,"height":1080},{"@type":"WebPage","@id":"https:\/\/fai.org.co\/serintegral\/videos\/sindrome-post-covid-19-doctora-maria-angelica-maya\/#webpage","url":"https:\/\/fai.org.co\/serintegral\/videos\/sindrome-post-covid-19-doctora-maria-angelica-maya\/","name":"S\u00edndrome Post Covid 19","isPartOf":{"@id":"https:\/\/fai.org.co\/serintegral\/#website"},"primaryImageOfPage":{"@id":"https:\/\/fai.org.co\/serintegral\/videos\/sindrome-post-covid-19-doctora-maria-angelica-maya\/#primaryimage"},"datePublished":"2022-11-04T17:01:20+00:00","dateModified":"2022-11-04T17:03:59+00:00","author":{"@id":"https:\/\/fai.org.co\/serintegral\/#\/schema\/person\/07947feccb7e085e4a0897f398e7e09c"},"description":"S\u00edndrome Post Covid 19 - Doctora Mar\u00eda Ang\u00e9lica MayaHoy en nuestra c\u00e1psula informativa, hablaremos sobre el S\u00edndrome Post Covid 19\u00a0","breadcrumb":{"@id":"https:\/\/fai.org.co\/serintegral\/videos\/sindrome-post-covid-19-doctora-maria-angelica-maya\/#breadcrumb"},"inLanguage":"es-CO","potentialAction":[{"@type":"ReadAction","target":["https:\/\/fai.org.co\/serintegral\/videos\/sindrome-post-covid-19-doctora-maria-angelica-maya\/"]}]},{"@type":"BreadcrumbList","@id":"https:\/\/fai.org.co\/serintegral\/videos\/sindrome-post-covid-19-doctora-maria-angelica-maya\/#breadcrumb","itemListElement":[{"@type":"ListItem","position":1,"name":"Inicio","item":"https:\/\/fai.org.co\/serintegral\/"},{"@type":"ListItem","position":2,"name":"S\u00edndrome Post Covid 19 &#8211; Doctora Mar\u00eda Ang\u00e9lica Maya"}]},{"@type":"Person","@id":"https:\/\/fai.org.co\/serintegral\/#\/schema\/person\/07947feccb7e085e4a0897f398e7e09c","name":"ser_integral","image":{"@type":"ImageObject","@id":"https:\/\/fai.org.co\/serintegral\/#personlogo","inLanguage":"es-CO","url":"https:\/\/secure.gravatar.com\/avatar\/d019f5050c26fda22d47330ce0f99cf86745e4f9d41b4f7de838ecf51eeb5eaa?s=96&d=mm&r=g","contentUrl":"https:\/\/secure.gravatar.com\/avatar\/d019f5050c26fda22d47330ce0f99cf86745e4f9d41b4f7de838ecf51eeb5eaa?s=96&d=mm&r=g","caption":"ser_integral"},"url":"https:\/\/fai.org.co\/serintegral\/author\/ser_integral\/"}]}},"jetpack_featured_media_url":"https:\/\/fai.org.co\/serintegral\/wp-content\/uploads\/2022\/11\/MARIA-ANGELICA-MAYA-.jpg","_links":{"self":[{"href":"https:\/\/fai.org.co\/serintegral\/wp-json\/wp\/v2\/posts\/2512","targetHints":{"allow":["GET"]}}],"collection":[{"href":"https:\/\/fai.org.co\/serintegral\/wp-json\/wp\/v2\/posts"}],"about":[{"href":"https:\/\/fai.org.co\/serintegral\/wp-json\/wp\/v2\/types\/post"}],"author":[{"embeddable":true,"href":"https:\/\/fai.org.co\/serintegral\/wp-json\/wp\/v2\/users\/2"}],"replies":[{"embeddable":true,"href":"https:\/\/fai.org.co\/serintegral\/wp-json\/wp\/v2\/comments?post=2512"}],"version-history":[{"count":2,"href":"https:\/\/fai.org.co\/serintegral\/wp-json\/wp\/v2\/posts\/2512\/revisions"}],"predecessor-version":[{"id":2514,"href":"https:\/\/fai.org.co\/serintegral\/wp-json\/wp\/v2\/posts\/2512\/revisions\/2514"}],"wp:featuredmedia":[{"embeddable":true,"href":"https:\/\/fai.org.co\/serintegral\/wp-json\/wp\/v2\/media\/2511"}],"wp:attachment":[{"href":"https:\/\/fai.org.co\/serintegral\/wp-json\/wp\/v2\/media?parent=2512"}],"wp:term":[{"taxonomy":"category","embeddable":true,"href":"https:\/\/fai.org.co\/serintegral\/wp-json\/wp\/v2\/categories?post=2512"},{"taxonomy":"post_tag","embeddable":true,"href":"https:\/\/fai.org.co\/serintegral\/wp-json\/wp\/v2\/tags?post=2512"}],"curies":[{"name":"wp","href":"https:\/\/api.w.org\/{rel}","templated":true}]}}