{"id":2564,"date":"2023-01-12T14:57:49","date_gmt":"2023-01-12T19:57:49","guid":{"rendered":"https:\/\/fai.org.co\/serintegral\/?p=2564"},"modified":"2023-01-12T14:57:49","modified_gmt":"2023-01-12T19:57:49","slug":"mitos-de-los-antibioticos","status":"publish","type":"post","link":"https:\/\/fai.org.co\/serintegral\/covid-19\/mitos-de-los-antibioticos\/","title":{"rendered":"Acabar con los mitos: La verdad sobre el uso correcto de los antibi\u00f3ticos"},"content":{"rendered":"<h1>\u00bfQu\u00e9 son los antibi\u00f3ticos?<\/h1>\n<p style=\"text-align: justify;\">Los antibi\u00f3ticos son medicamentos utilizados para tratar <strong>infecciones bacterianas.<\/strong> Act\u00faan matando o ralentizando el crecimiento de las bacterias. Los antibi\u00f3ticos se utilizan normalmente para tratar enfermedades causadas por bacterias.<\/p>\n<h2>Conceptos err\u00f3neos sobre los antibi\u00f3ticos<\/h2>\n<p style=\"text-align: justify;\">Existen algunas ideas err\u00f3neas sobre los antibi\u00f3ticos. Una de las m\u00e1s comunes es que los antibi\u00f3ticos pueden utilizarse para tratar cualquier enfermedad, independientemente de su causa. <strong>Esto es falso, ya que los antibi\u00f3ticos s\u00f3lo son eficaces contra las infecciones bacterianas.<\/strong><\/p>\n<p style=\"text-align: justify;\">Otra idea equivocada es que los antibi\u00f3ticos deben tomarse en cuanto aparecen los s\u00edntomas. Esto no siempre es as\u00ed, ya que los antibi\u00f3ticos s\u00f3lo deben tomarse por prescripci\u00f3n m\u00e9dica. <strong>Tomar antibi\u00f3ticos innecesariamente puede ser m\u00e1s perjudicial que beneficioso.<\/strong><\/p>\n<p><a href=\"https:\/\/fai.org.co\/serintegral\/\"><img loading=\"lazy\" decoding=\"async\" class=\"aligncenter\" src=\"https:\/\/ultralaboratorios.com.mx\/wp-content\/uploads\/2021\/05\/antibioticos-content.jpg\" alt=\"antibioticos\" width=\"1623\" height=\"1258\" \/><\/a><\/p>\n<p>&nbsp;<\/p>\n<h3>Uso correcto de los antibi\u00f3ticos<\/h3>\n<p style=\"text-align: justify;\">El uso correcto de los antibi\u00f3ticos es fundamental para garantizar su eficacia y reducir el riesgo de resistencia a los mismos. Cuando se prescriben antibi\u00f3ticos, es importante tomarlos exactamente como se indica. Esto incluye tomar el tratamiento antibi\u00f3tico completo, incluso si los s\u00edntomas mejoran.<\/p>\n<p style=\"text-align: justify;\"><strong>Tambi\u00e9n es importante seguir cualquier otra indicaci\u00f3n del m\u00e9dico, como tomar los antibi\u00f3ticos con alimentos o a intervalos espec\u00edficos.<\/strong> Tomar los antibi\u00f3ticos correctamente es la mejor manera de garantizar un tratamiento eficaz de la infecci\u00f3n.<\/p>\n<h3>\u00bfCu\u00e1ndo no tomar antibi\u00f3ticos?<\/h3>\n<p style=\"text-align: justify;\">En algunos casos, los antibi\u00f3ticos no son la mejor opci\u00f3n para tratar una infecci\u00f3n. Por ejemplo, los antibi\u00f3ticos no son eficaces contra las infecciones v\u00edricas, como el resfriado com\u00fan o la gripe. En estos casos, los antibi\u00f3ticos no ayudar\u00e1n y podr\u00edan causar m\u00e1s da\u00f1o que beneficio.<\/p>\n<p style=\"text-align: justify;\">Tambi\u00e9n es importante tener en cuenta que los antibi\u00f3ticos no siempre son necesarios para las infecciones bacterianas. <strong>A veces, el sistema inmunitario del organismo es capaz de combatir la infecci\u00f3n sin necesidad de antibi\u00f3ticos.<\/strong> En estos casos, el m\u00e9dico puede recomendar reposo, l\u00edquidos y medicamentos sin receta para aliviar los s\u00edntomas.<\/p>\n<h3>Conclusi\u00f3n<\/h3>\n<p style=\"text-align: justify;\">Los antibi\u00f3ticos son medicamentos potentes que pueden utilizarse para tratar infecciones bacterianas, pero deben usarse correctamente para garantizar su eficacia y reducir el riesgo de resistencia a los antibi\u00f3ticos. Es importante tomar antibi\u00f3ticos s\u00f3lo cuando los prescriba un m\u00e9dico, tomarlos exactamente como se indica y completar todo el tratamiento, incluso si los s\u00edntomas mejoran. Tomar los antibi\u00f3ticos correctamente es la mejor manera de garantizar su eficacia y reducir el riesgo de resistencia a los antibi\u00f3ticos.<\/p>\n<p style=\"text-align: justify;\">Si no se recetan antibi\u00f3ticos, lo mejor es probar remedios naturales o medicamentos sin receta para aliviar los s\u00edntomas. <strong>Tambi\u00e9n es importante ser consciente de los riesgos de tomar antibi\u00f3ticos cuando no son necesarios. El uso innecesario de antibi\u00f3ticos puede causar efectos secundarios, provocar resistencia a los antibi\u00f3ticos y puede no estar cubierto por el seguro.<\/strong><\/p>\n<p>Si deseas saber m\u00e1s de los virus e infecciones no dudes en seguir nuestras redes sociales, FAI <a href=\"https:\/\/www.facebook.com\/FAIColombia\">Facebook<\/a>, <a href=\"https:\/\/www.instagram.com\/fai_org\/?hl=es\">Instagram<\/a> y de Ser Integral <a href=\"https:\/\/www.facebook.com\/serintegral.fai\">Facebook<\/a> e <a href=\"https:\/\/www.instagram.com\/serintegral_fai\/?hl=es\">Instagram<\/a><\/p>\n<p>Nuestras l\u00edneas de atenci\u00f3n son: +57 (4) 448 1001, <a href=\"mailto:contacto@fai.org.co\">contacto@fai.org.co<\/a>, <a href=\"http:\/\/www.fai.org.co\">www.fai.org.co<\/a>, Carrera 70 No. 26 A 10, Sector Bel\u00e9n Rosales ubicada a 3 cuadras de Metropl\u00fas.<\/p>\n<p>&nbsp;<\/p>\n<hr \/>\n<p>&nbsp;<\/p>\n<p>Sobre nosotros:<\/p>\n<p>\ud83d\udcf3+57 (4) 448 1001<\/p>\n<p>\u2709\ufe0fcontacto@fai.org.co<\/p>\n<p>\ud83d\udccdCarrera 70 No. 26 A 10 Sector Bel\u00e9n Rosales ubicada a 3 cuadras de Metropl\u00fas<\/p>\n<p>&nbsp;<\/p>\n<p>&nbsp;<\/p>\n<hr \/>\n<p>&nbsp;<\/p>\n","protected":false},"excerpt":{"rendered":"<p>\u00bfQu\u00e9 son los antibi\u00f3ticos? Los antibi\u00f3ticos son medicamentos utilizados para tratar infecciones bacterianas. Act\u00faan matando o ralentizando el crecimiento de las bacterias. Los antibi\u00f3ticos se utilizan normalmente para tratar enfermedades causadas por bacterias. Conceptos err\u00f3neos sobre los antibi\u00f3ticos Existen algunas ideas err\u00f3neas sobre los antibi\u00f3ticos. Una de las m\u00e1s comunes es que los antibi\u00f3ticos pueden [&hellip;]<\/p>\n","protected":false},"author":2,"featured_media":2355,"comment_status":"open","ping_status":"open","sticky":false,"template":"","format":"standard","meta":{"_monsterinsights_skip_tracking":false,"_monsterinsights_sitenote_active":false,"_monsterinsights_sitenote_note":"","_monsterinsights_sitenote_category":0,"spay_email":"","footnotes":""},"categories":[12,8,14,19,10],"tags":[],"class_list":["post-2564","post","type-post","status-publish","format-standard","has-post-thumbnail","hentry","category-covid-19","category-hepatitis-c","category-influenza","category-meningitis","category-neumonia"],"aioseo_notices":[],"yoast_head":"<!-- This site is optimized with the Yoast SEO plugin v17.5 - https:\/\/yoast.com\/wordpress\/plugins\/seo\/ -->\n<title>La verdad sobre el uso correcto de los antibi\u00f3ticos<\/title>\n<meta name=\"description\" content=\"La verdad sobre el uso correcto de los antibi\u00f3ticos en diferentes enfermedades: mitos y realidades.\" \/>\n<meta name=\"robots\" content=\"index, follow, max-snippet:-1, max-image-preview:large, max-video-preview:-1\" \/>\n<link rel=\"canonical\" href=\"https:\/\/fai.org.co\/serintegral\/covid-19\/mitos-de-los-antibioticos\/\" \/>\n<meta property=\"og:locale\" content=\"es_ES\" \/>\n<meta property=\"og:type\" content=\"article\" \/>\n<meta property=\"og:title\" content=\"La verdad sobre el uso correcto de los antibi\u00f3ticos\" \/>\n<meta property=\"og:description\" content=\"La verdad sobre el uso correcto de los antibi\u00f3ticos en diferentes enfermedades: mitos y realidades.\" \/>\n<meta property=\"og:url\" content=\"https:\/\/fai.org.co\/serintegral\/covid-19\/mitos-de-los-antibioticos\/\" \/>\n<meta property=\"og:site_name\" content=\"Ser integral\" \/>\n<meta property=\"article:published_time\" content=\"2023-01-12T19:57:49+00:00\" \/>\n<meta property=\"og:image\" content=\"https:\/\/fai.org.co\/serintegral\/wp-content\/uploads\/2022\/09\/antibiotics-us-adequat-1.jpg\" \/>\n\t<meta property=\"og:image:width\" content=\"936\" \/>\n\t<meta property=\"og:image:height\" content=\"623\" \/>\n<meta name=\"twitter:card\" content=\"summary_large_image\" \/>\n<meta name=\"twitter:label1\" content=\"Escrito por\" \/>\n\t<meta name=\"twitter:data1\" content=\"ser_integral\" \/>\n\t<meta name=\"twitter:label2\" content=\"Tiempo estimado de lectura\" \/>\n\t<meta name=\"twitter:data2\" content=\"3 minutos\" \/>\n<script type=\"application\/ld+json\" class=\"yoast-schema-graph\">{\"@context\":\"https:\/\/schema.org\",\"@graph\":[{\"@type\":\"WebSite\",\"@id\":\"https:\/\/fai.org.co\/serintegral\/#website\",\"url\":\"https:\/\/fai.org.co\/serintegral\/\",\"name\":\"Ser integral\",\"description\":\"\",\"potentialAction\":[{\"@type\":\"SearchAction\",\"target\":{\"@type\":\"EntryPoint\",\"urlTemplate\":\"https:\/\/fai.org.co\/serintegral\/?s={search_term_string}\"},\"query-input\":\"required name=search_term_string\"}],\"inLanguage\":\"es-CO\"},{\"@type\":\"ImageObject\",\"@id\":\"https:\/\/fai.org.co\/serintegral\/covid-19\/mitos-de-los-antibioticos\/#primaryimage\",\"inLanguage\":\"es-CO\",\"url\":\"https:\/\/fai.org.co\/serintegral\/wp-content\/uploads\/2022\/09\/antibiotics-us-adequat-1.jpg\",\"contentUrl\":\"https:\/\/fai.org.co\/serintegral\/wp-content\/uploads\/2022\/09\/antibiotics-us-adequat-1.jpg\",\"width\":936,\"height\":623},{\"@type\":\"WebPage\",\"@id\":\"https:\/\/fai.org.co\/serintegral\/covid-19\/mitos-de-los-antibioticos\/#webpage\",\"url\":\"https:\/\/fai.org.co\/serintegral\/covid-19\/mitos-de-los-antibioticos\/\",\"name\":\"La verdad sobre el uso correcto de los antibi\\u00f3ticos\",\"isPartOf\":{\"@id\":\"https:\/\/fai.org.co\/serintegral\/#website\"},\"primaryImageOfPage\":{\"@id\":\"https:\/\/fai.org.co\/serintegral\/covid-19\/mitos-de-los-antibioticos\/#primaryimage\"},\"datePublished\":\"2023-01-12T19:57:49+00:00\",\"dateModified\":\"2023-01-12T19:57:49+00:00\",\"author\":{\"@id\":\"https:\/\/fai.org.co\/serintegral\/#\/schema\/person\/07947feccb7e085e4a0897f398e7e09c\"},\"description\":\"La verdad sobre el uso correcto de los antibi\\u00f3ticos en diferentes enfermedades: mitos y realidades.\",\"breadcrumb\":{\"@id\":\"https:\/\/fai.org.co\/serintegral\/covid-19\/mitos-de-los-antibioticos\/#breadcrumb\"},\"inLanguage\":\"es-CO\",\"potentialAction\":[{\"@type\":\"ReadAction\",\"target\":[\"https:\/\/fai.org.co\/serintegral\/covid-19\/mitos-de-los-antibioticos\/\"]}]},{\"@type\":\"BreadcrumbList\",\"@id\":\"https:\/\/fai.org.co\/serintegral\/covid-19\/mitos-de-los-antibioticos\/#breadcrumb\",\"itemListElement\":[{\"@type\":\"ListItem\",\"position\":1,\"name\":\"Inicio\",\"item\":\"https:\/\/fai.org.co\/serintegral\/\"},{\"@type\":\"ListItem\",\"position\":2,\"name\":\"Acabar con los mitos: La verdad sobre el uso correcto de los antibi\\u00f3ticos\"}]},{\"@type\":\"Person\",\"@id\":\"https:\/\/fai.org.co\/serintegral\/#\/schema\/person\/07947feccb7e085e4a0897f398e7e09c\",\"name\":\"ser_integral\",\"image\":{\"@type\":\"ImageObject\",\"@id\":\"https:\/\/fai.org.co\/serintegral\/#personlogo\",\"inLanguage\":\"es-CO\",\"url\":\"https:\/\/secure.gravatar.com\/avatar\/d019f5050c26fda22d47330ce0f99cf86745e4f9d41b4f7de838ecf51eeb5eaa?s=96&d=mm&r=g\",\"contentUrl\":\"https:\/\/secure.gravatar.com\/avatar\/d019f5050c26fda22d47330ce0f99cf86745e4f9d41b4f7de838ecf51eeb5eaa?s=96&d=mm&r=g\",\"caption\":\"ser_integral\"},\"url\":\"https:\/\/fai.org.co\/serintegral\/author\/ser_integral\/\"}]}<\/script>\n<!-- \/ Yoast SEO plugin. -->","yoast_head_json":{"title":"La verdad sobre el uso correcto de los antibi\u00f3ticos","description":"La verdad sobre el uso correcto de los antibi\u00f3ticos en diferentes enfermedades: mitos y realidades.","robots":{"index":"index","follow":"follow","max-snippet":"max-snippet:-1","max-image-preview":"max-image-preview:large","max-video-preview":"max-video-preview:-1"},"canonical":"https:\/\/fai.org.co\/serintegral\/covid-19\/mitos-de-los-antibioticos\/","og_locale":"es_ES","og_type":"article","og_title":"La verdad sobre el uso correcto de los antibi\u00f3ticos","og_description":"La verdad sobre el uso correcto de los antibi\u00f3ticos en diferentes enfermedades: mitos y realidades.","og_url":"https:\/\/fai.org.co\/serintegral\/covid-19\/mitos-de-los-antibioticos\/","og_site_name":"Ser integral","article_published_time":"2023-01-12T19:57:49+00:00","og_image":[{"width":936,"height":623,"url":"https:\/\/fai.org.co\/serintegral\/wp-content\/uploads\/2022\/09\/antibiotics-us-adequat-1.jpg","type":"image\/jpeg"}],"twitter_card":"summary_large_image","twitter_misc":{"Escrito por":"ser_integral","Tiempo estimado de lectura":"3 minutos"},"schema":{"@context":"https:\/\/schema.org","@graph":[{"@type":"WebSite","@id":"https:\/\/fai.org.co\/serintegral\/#website","url":"https:\/\/fai.org.co\/serintegral\/","name":"Ser integral","description":"","potentialAction":[{"@type":"SearchAction","target":{"@type":"EntryPoint","urlTemplate":"https:\/\/fai.org.co\/serintegral\/?s={search_term_string}"},"query-input":"required name=search_term_string"}],"inLanguage":"es-CO"},{"@type":"ImageObject","@id":"https:\/\/fai.org.co\/serintegral\/covid-19\/mitos-de-los-antibioticos\/#primaryimage","inLanguage":"es-CO","url":"https:\/\/fai.org.co\/serintegral\/wp-content\/uploads\/2022\/09\/antibiotics-us-adequat-1.jpg","contentUrl":"https:\/\/fai.org.co\/serintegral\/wp-content\/uploads\/2022\/09\/antibiotics-us-adequat-1.jpg","width":936,"height":623},{"@type":"WebPage","@id":"https:\/\/fai.org.co\/serintegral\/covid-19\/mitos-de-los-antibioticos\/#webpage","url":"https:\/\/fai.org.co\/serintegral\/covid-19\/mitos-de-los-antibioticos\/","name":"La verdad sobre el uso correcto de los antibi\u00f3ticos","isPartOf":{"@id":"https:\/\/fai.org.co\/serintegral\/#website"},"primaryImageOfPage":{"@id":"https:\/\/fai.org.co\/serintegral\/covid-19\/mitos-de-los-antibioticos\/#primaryimage"},"datePublished":"2023-01-12T19:57:49+00:00","dateModified":"2023-01-12T19:57:49+00:00","author":{"@id":"https:\/\/fai.org.co\/serintegral\/#\/schema\/person\/07947feccb7e085e4a0897f398e7e09c"},"description":"La verdad sobre el uso correcto de los antibi\u00f3ticos en diferentes enfermedades: mitos y realidades.","breadcrumb":{"@id":"https:\/\/fai.org.co\/serintegral\/covid-19\/mitos-de-los-antibioticos\/#breadcrumb"},"inLanguage":"es-CO","potentialAction":[{"@type":"ReadAction","target":["https:\/\/fai.org.co\/serintegral\/covid-19\/mitos-de-los-antibioticos\/"]}]},{"@type":"BreadcrumbList","@id":"https:\/\/fai.org.co\/serintegral\/covid-19\/mitos-de-los-antibioticos\/#breadcrumb","itemListElement":[{"@type":"ListItem","position":1,"name":"Inicio","item":"https:\/\/fai.org.co\/serintegral\/"},{"@type":"ListItem","position":2,"name":"Acabar con los mitos: La verdad sobre el uso correcto de los antibi\u00f3ticos"}]},{"@type":"Person","@id":"https:\/\/fai.org.co\/serintegral\/#\/schema\/person\/07947feccb7e085e4a0897f398e7e09c","name":"ser_integral","image":{"@type":"ImageObject","@id":"https:\/\/fai.org.co\/serintegral\/#personlogo","inLanguage":"es-CO","url":"https:\/\/secure.gravatar.com\/avatar\/d019f5050c26fda22d47330ce0f99cf86745e4f9d41b4f7de838ecf51eeb5eaa?s=96&d=mm&r=g","contentUrl":"https:\/\/secure.gravatar.com\/avatar\/d019f5050c26fda22d47330ce0f99cf86745e4f9d41b4f7de838ecf51eeb5eaa?s=96&d=mm&r=g","caption":"ser_integral"},"url":"https:\/\/fai.org.co\/serintegral\/author\/ser_integral\/"}]}},"jetpack_featured_media_url":"https:\/\/fai.org.co\/serintegral\/wp-content\/uploads\/2022\/09\/antibiotics-us-adequat-1.jpg","_links":{"self":[{"href":"https:\/\/fai.org.co\/serintegral\/wp-json\/wp\/v2\/posts\/2564","targetHints":{"allow":["GET"]}}],"collection":[{"href":"https:\/\/fai.org.co\/serintegral\/wp-json\/wp\/v2\/posts"}],"about":[{"href":"https:\/\/fai.org.co\/serintegral\/wp-json\/wp\/v2\/types\/post"}],"author":[{"embeddable":true,"href":"https:\/\/fai.org.co\/serintegral\/wp-json\/wp\/v2\/users\/2"}],"replies":[{"embeddable":true,"href":"https:\/\/fai.org.co\/serintegral\/wp-json\/wp\/v2\/comments?post=2564"}],"version-history":[{"count":1,"href":"https:\/\/fai.org.co\/serintegral\/wp-json\/wp\/v2\/posts\/2564\/revisions"}],"predecessor-version":[{"id":2565,"href":"https:\/\/fai.org.co\/serintegral\/wp-json\/wp\/v2\/posts\/2564\/revisions\/2565"}],"wp:featuredmedia":[{"embeddable":true,"href":"https:\/\/fai.org.co\/serintegral\/wp-json\/wp\/v2\/media\/2355"}],"wp:attachment":[{"href":"https:\/\/fai.org.co\/serintegral\/wp-json\/wp\/v2\/media?parent=2564"}],"wp:term":[{"taxonomy":"category","embeddable":true,"href":"https:\/\/fai.org.co\/serintegral\/wp-json\/wp\/v2\/categories?post=2564"},{"taxonomy":"post_tag","embeddable":true,"href":"https:\/\/fai.org.co\/serintegral\/wp-json\/wp\/v2\/tags?post=2564"}],"curies":[{"name":"wp","href":"https:\/\/api.w.org\/{rel}","templated":true}]}}