{"id":2616,"date":"2023-07-08T12:35:00","date_gmt":"2023-07-08T17:35:00","guid":{"rendered":"https:\/\/fai.org.co\/serintegral\/?p=2616"},"modified":"2023-07-08T12:48:38","modified_gmt":"2023-07-08T17:48:38","slug":"conoce-el-nuevo-esquema-de-vacunacion-en-los-ninos","status":"publish","type":"post","link":"https:\/\/fai.org.co\/serintegral\/sin-categoria\/conoce-el-nuevo-esquema-de-vacunacion-en-los-ninos\/","title":{"rendered":"Conoce el nuevo esquema de vacunaci\u00f3n en los ni\u00f1os"},"content":{"rendered":"<p>La vacunaci\u00f3n es un proceso importante tanto para ni\u00f1os como para adultos, lo ideal es iniciar este proceso en la ni\u00f1ez, con esto se crea inmunidad ante posibles enfermedades que pueden llegar a ser graves, como la meningitis, el t\u00e9tanos, neumon\u00eda, entre otros. Seg\u00fan los c\u00e1lculos de la OMS, las vacunas infantiles salvan la vida de 4 millones de ni\u00f1os cada a\u00f1o.<\/p>\n<p>Las vacunas pueden causar efectos secundarios como fiebre, dolor o enrojecimiento en la zona de la inyecci\u00f3n, estos desaparecer\u00e1n en pocos d\u00edas.<\/p>\n<p>En Colombia, al igual que en la mayor\u00eda de pa\u00edses, existe un esquema de vacunaci\u00f3n infantil, que sirve de gu\u00eda para proteger a los ni\u00f1os, este esquema lo determina y actualiza el ministerio de salud. El sistema de salud tiene el programa ampliado de inmunizaci\u00f3n (PAI) para que los ni\u00f1os puedan estar cubiertos para estas enfermedades.<\/p>\n<p>El esquema de vacunaci\u00f3n en Colombia de 2023 se dirige a todos los ni\u00f1os y ni\u00f1as menores de cinco a\u00f1os, algunas para adolescentes, embarazadas y adultos mayores de 60 a\u00f1os,\u00a0 est\u00e1n disponibles en todo el pa\u00eds de forma gratuita y segura. Seg\u00fan la actualizaci\u00f3n, el esquema quedar\u00eda as\u00ed para cada edad:<\/p>\n<p>&nbsp;<\/p>\n<p><strong>&#8211; El reci\u00e9n nacido<\/strong><\/p>\n<p>Se administrar\u00e1 una \u00fanica dosis de la vacuna BGC antituberculosa. Vacunaci\u00f3n contra la Hepatitis B.<\/p>\n<p><strong>&#8211;\u00a0 A los 2 meses<\/strong><\/p>\n<p>Primera dosis de polio intramuscular, Vacuna Penta \u00a0primera dosis (<em>Haemophilus<\/em> influenza b, Difteria- T\u00e9tanos-Tosferina (DPT) y HepatitisB) , rotavirus primera dosis, neumococo\u00a0 primera dosis<\/p>\n<p><strong>&#8211; A los 4 meses<\/strong><\/p>\n<p>Segunda dosis de polio intramuscular, Vacuna Penta segunda dosis (<em>Haemophilus<\/em> influenza b, Difteria- T\u00e8tanos-Tosferina (DPT) y HepatitisB) , rotavirus segunda dosis, neumococo\u00a0 segunda dosis<\/p>\n<p><strong>&#8211; A los 6 meses<\/strong><\/p>\n<p>Tercera dosis polio intramsucular ,Vacuna Penta segunda dosis (<em>Haemophilus<\/em> influenza b, Difteria- T\u00e8tanos-Tosferina (DPT) y HepatitisB), primera dosis de vacuna virus influenza estacional<\/p>\n<p>&nbsp;<\/p>\n<p><strong>&#8211; A los 7 meses<\/strong><\/p>\n<p>Segunda dosis de la vacunaci\u00f3n virus influenza estacional<\/p>\n<p><strong>&#8211; A los 12 meses (un a\u00f1o)<\/strong><\/p>\n<p>Primera dosis de sarampi\u00f3n, rubeola y paperas, primera dosis de varicela, dosis \u00fanica de Hepatitis A, refuerzo de vacuna neumococo<\/p>\n<p><strong>&#8211; A los 18 meses<\/strong><\/p>\n<p>Refuerzo de Penta (<em>Haemophilus<\/em> influenza b, Difteria- T\u00e9tanos-Tosferina (DPT) y HepatitisB), Dosis \u00fanica de fiebre amarilla, refuerzo de polio intramuscular, refuerzo de sarampi\u00f3n, rubeola, paperas.<\/p>\n<p><strong>&#8211; A los 5 a\u00f1os<\/strong><\/p>\n<p>Segundo refuerzo vacunaci\u00f3n antipolio intramuscular. Difteria, tosferina y t\u00e9tanos (DPT).<\/p>\n<p><strong>Ni\u00f1as de 9 a 17 a\u00f1os<\/strong>\u00a0Primera dosis de papilomavirus humano (VPH) y refuerzo a los 6 meses<\/p>\n<p><strong>Mujeres gestantes:<\/strong> Vacuna virus influenza estacional a partir de la semana 14 de gestaci\u00f3n en cada embarazo.\u00a0\u00a0 Vacuna TdaP ( T\u00e9tanos, difteria,tosferina acelular) adultos una dosis a partir de la semana 26 de gestaci\u00f3n\u00a0\u00a0 en cada embarazo<\/p>\n<p><strong>Adultos de 60 a\u00f1os y mayores<\/strong>\u00a01 dosis de vacuna virus influenza estacional anual<\/p>\n<p>En conclusi\u00f3n, se hicieron nuevas modificaciones del ministerio de salud con el fin de reducir riesgos, como, por ejemplo: la vacuna de triple viral, que protege contra el sarampi\u00f3n, rub\u00e9ola y paperas, que se aplicaba a los 5 a\u00f1os ahora se aplicar\u00e1 a los 18 meses para reducir riesgo en caso de brotes. As\u00ed mismo, a los 18 meses se aplicar\u00e1 el primer refuerzo de la vacuna Pentavalente, que previene contra cinco enfermedades: hepatitis B<em>, Haemophilus influenzae<\/em> b, difteria, tosferina y t\u00e9tanos.<\/p>\n<p>Todas las dosis de polio quedan intramusculares.<\/p>\n<p>La vacunaci\u00f3n es un proceso importante que debe hacerse desde el inicio de la ni\u00f1ez para evitar complicaciones futuras, por eso debemos fomentar la vacunaci\u00f3n, podamos estar protegidos contra todas estas enfermedades inmunoprevenibles y evitar secuelas y defunciones.<\/p>\n<p>&nbsp;<\/p>\n<p>&nbsp;<\/p>\n<p>Fuente: Ministerio de Salud y Protecci\u00f3n Social de la Rep\u00fablica de Colombia.<\/p>\n","protected":false},"excerpt":{"rendered":"<p>La vacunaci\u00f3n es un proceso importante tanto para ni\u00f1os como para adultos, lo ideal es iniciar este proceso en la ni\u00f1ez, con esto se crea inmunidad ante posibles enfermedades que pueden llegar a ser graves, como la meningitis, el t\u00e9tanos, neumon\u00eda, entre otros. Seg\u00fan los c\u00e1lculos de la OMS, las vacunas infantiles salvan la vida [&hellip;]<\/p>\n","protected":false},"author":3,"featured_media":2617,"comment_status":"open","ping_status":"open","sticky":false,"template":"","format":"standard","meta":{"_monsterinsights_skip_tracking":false,"_monsterinsights_sitenote_active":false,"_monsterinsights_sitenote_note":"","_monsterinsights_sitenote_category":0,"spay_email":"","footnotes":""},"categories":[1],"tags":[],"class_list":["post-2616","post","type-post","status-publish","format-standard","has-post-thumbnail","hentry","category-sin-categoria"],"aioseo_notices":[],"yoast_head":"<!-- This site is optimized with the Yoast SEO plugin v17.5 - https:\/\/yoast.com\/wordpress\/plugins\/seo\/ -->\n<title>Conoce el nuevo esquema de vacunaci\u00f3n en los ni\u00f1os - Ser integral<\/title>\n<meta name=\"robots\" content=\"index, follow, max-snippet:-1, max-image-preview:large, max-video-preview:-1\" \/>\n<link rel=\"canonical\" href=\"https:\/\/fai.org.co\/serintegral\/sin-categoria\/conoce-el-nuevo-esquema-de-vacunacion-en-los-ninos\/\" \/>\n<meta property=\"og:locale\" content=\"es_ES\" \/>\n<meta property=\"og:type\" content=\"article\" \/>\n<meta property=\"og:title\" content=\"Conoce el nuevo esquema de vacunaci\u00f3n en los ni\u00f1os - Ser integral\" \/>\n<meta property=\"og:description\" content=\"La vacunaci\u00f3n es un proceso importante tanto para ni\u00f1os como para adultos, lo ideal es iniciar este proceso en la ni\u00f1ez, con esto se crea inmunidad ante posibles enfermedades que pueden llegar a ser graves, como la meningitis, el t\u00e9tanos, neumon\u00eda, entre otros. Seg\u00fan los c\u00e1lculos de la OMS, las vacunas infantiles salvan la vida [&hellip;]\" \/>\n<meta property=\"og:url\" content=\"https:\/\/fai.org.co\/serintegral\/sin-categoria\/conoce-el-nuevo-esquema-de-vacunacion-en-los-ninos\/\" \/>\n<meta property=\"og:site_name\" content=\"Ser integral\" \/>\n<meta property=\"article:published_time\" content=\"2023-07-08T17:35:00+00:00\" \/>\n<meta property=\"article:modified_time\" content=\"2023-07-08T17:48:38+00:00\" \/>\n<meta property=\"og:image\" content=\"https:\/\/fai.org.co\/serintegral\/wp-content\/uploads\/2023\/07\/Captura.jpg\" \/>\n\t<meta property=\"og:image:width\" content=\"613\" \/>\n\t<meta property=\"og:image:height\" content=\"410\" \/>\n<meta name=\"twitter:card\" content=\"summary_large_image\" \/>\n<meta name=\"twitter:label1\" content=\"Escrito por\" \/>\n\t<meta name=\"twitter:data1\" content=\"Isabel Arroyave\" \/>\n\t<meta name=\"twitter:label2\" content=\"Tiempo estimado de lectura\" \/>\n\t<meta name=\"twitter:data2\" content=\"3 minutos\" \/>\n<script type=\"application\/ld+json\" class=\"yoast-schema-graph\">{\"@context\":\"https:\/\/schema.org\",\"@graph\":[{\"@type\":\"WebSite\",\"@id\":\"https:\/\/fai.org.co\/serintegral\/#website\",\"url\":\"https:\/\/fai.org.co\/serintegral\/\",\"name\":\"Ser integral\",\"description\":\"\",\"potentialAction\":[{\"@type\":\"SearchAction\",\"target\":{\"@type\":\"EntryPoint\",\"urlTemplate\":\"https:\/\/fai.org.co\/serintegral\/?s={search_term_string}\"},\"query-input\":\"required name=search_term_string\"}],\"inLanguage\":\"es-CO\"},{\"@type\":\"ImageObject\",\"@id\":\"https:\/\/fai.org.co\/serintegral\/sin-categoria\/conoce-el-nuevo-esquema-de-vacunacion-en-los-ninos\/#primaryimage\",\"inLanguage\":\"es-CO\",\"url\":\"https:\/\/fai.org.co\/serintegral\/wp-content\/uploads\/2023\/07\/Captura.jpg\",\"contentUrl\":\"https:\/\/fai.org.co\/serintegral\/wp-content\/uploads\/2023\/07\/Captura.jpg\",\"width\":613,\"height\":410},{\"@type\":\"WebPage\",\"@id\":\"https:\/\/fai.org.co\/serintegral\/sin-categoria\/conoce-el-nuevo-esquema-de-vacunacion-en-los-ninos\/#webpage\",\"url\":\"https:\/\/fai.org.co\/serintegral\/sin-categoria\/conoce-el-nuevo-esquema-de-vacunacion-en-los-ninos\/\",\"name\":\"Conoce el nuevo esquema de vacunaci\\u00f3n en los ni\\u00f1os - Ser integral\",\"isPartOf\":{\"@id\":\"https:\/\/fai.org.co\/serintegral\/#website\"},\"primaryImageOfPage\":{\"@id\":\"https:\/\/fai.org.co\/serintegral\/sin-categoria\/conoce-el-nuevo-esquema-de-vacunacion-en-los-ninos\/#primaryimage\"},\"datePublished\":\"2023-07-08T17:35:00+00:00\",\"dateModified\":\"2023-07-08T17:48:38+00:00\",\"author\":{\"@id\":\"https:\/\/fai.org.co\/serintegral\/#\/schema\/person\/74dd1a4f199288dd897a5596d0ffce8d\"},\"breadcrumb\":{\"@id\":\"https:\/\/fai.org.co\/serintegral\/sin-categoria\/conoce-el-nuevo-esquema-de-vacunacion-en-los-ninos\/#breadcrumb\"},\"inLanguage\":\"es-CO\",\"potentialAction\":[{\"@type\":\"ReadAction\",\"target\":[\"https:\/\/fai.org.co\/serintegral\/sin-categoria\/conoce-el-nuevo-esquema-de-vacunacion-en-los-ninos\/\"]}]},{\"@type\":\"BreadcrumbList\",\"@id\":\"https:\/\/fai.org.co\/serintegral\/sin-categoria\/conoce-el-nuevo-esquema-de-vacunacion-en-los-ninos\/#breadcrumb\",\"itemListElement\":[{\"@type\":\"ListItem\",\"position\":1,\"name\":\"Inicio\",\"item\":\"https:\/\/fai.org.co\/serintegral\/\"},{\"@type\":\"ListItem\",\"position\":2,\"name\":\"Conoce el nuevo esquema de vacunaci\\u00f3n en los ni\\u00f1os\"}]},{\"@type\":\"Person\",\"@id\":\"https:\/\/fai.org.co\/serintegral\/#\/schema\/person\/74dd1a4f199288dd897a5596d0ffce8d\",\"name\":\"Isabel Arroyave\",\"image\":{\"@type\":\"ImageObject\",\"@id\":\"https:\/\/fai.org.co\/serintegral\/#personlogo\",\"inLanguage\":\"es-CO\",\"url\":\"https:\/\/secure.gravatar.com\/avatar\/c77ed908fda95f30709d773f4a4ede4bf137f7206d1cb98ae6bb01840a1990f0?s=96&d=mm&r=g\",\"contentUrl\":\"https:\/\/secure.gravatar.com\/avatar\/c77ed908fda95f30709d773f4a4ede4bf137f7206d1cb98ae6bb01840a1990f0?s=96&d=mm&r=g\",\"caption\":\"Isabel Arroyave\"},\"url\":\"https:\/\/fai.org.co\/serintegral\/author\/isabel-arroyave\/\"}]}<\/script>\n<!-- \/ Yoast SEO plugin. -->","yoast_head_json":{"title":"Conoce el nuevo esquema de vacunaci\u00f3n en los ni\u00f1os - Ser integral","robots":{"index":"index","follow":"follow","max-snippet":"max-snippet:-1","max-image-preview":"max-image-preview:large","max-video-preview":"max-video-preview:-1"},"canonical":"https:\/\/fai.org.co\/serintegral\/sin-categoria\/conoce-el-nuevo-esquema-de-vacunacion-en-los-ninos\/","og_locale":"es_ES","og_type":"article","og_title":"Conoce el nuevo esquema de vacunaci\u00f3n en los ni\u00f1os - Ser integral","og_description":"La vacunaci\u00f3n es un proceso importante tanto para ni\u00f1os como para adultos, lo ideal es iniciar este proceso en la ni\u00f1ez, con esto se crea inmunidad ante posibles enfermedades que pueden llegar a ser graves, como la meningitis, el t\u00e9tanos, neumon\u00eda, entre otros. Seg\u00fan los c\u00e1lculos de la OMS, las vacunas infantiles salvan la vida [&hellip;]","og_url":"https:\/\/fai.org.co\/serintegral\/sin-categoria\/conoce-el-nuevo-esquema-de-vacunacion-en-los-ninos\/","og_site_name":"Ser integral","article_published_time":"2023-07-08T17:35:00+00:00","article_modified_time":"2023-07-08T17:48:38+00:00","og_image":[{"width":613,"height":410,"url":"https:\/\/fai.org.co\/serintegral\/wp-content\/uploads\/2023\/07\/Captura.jpg","type":"image\/jpeg"}],"twitter_card":"summary_large_image","twitter_misc":{"Escrito por":"Isabel Arroyave","Tiempo estimado de lectura":"3 minutos"},"schema":{"@context":"https:\/\/schema.org","@graph":[{"@type":"WebSite","@id":"https:\/\/fai.org.co\/serintegral\/#website","url":"https:\/\/fai.org.co\/serintegral\/","name":"Ser integral","description":"","potentialAction":[{"@type":"SearchAction","target":{"@type":"EntryPoint","urlTemplate":"https:\/\/fai.org.co\/serintegral\/?s={search_term_string}"},"query-input":"required name=search_term_string"}],"inLanguage":"es-CO"},{"@type":"ImageObject","@id":"https:\/\/fai.org.co\/serintegral\/sin-categoria\/conoce-el-nuevo-esquema-de-vacunacion-en-los-ninos\/#primaryimage","inLanguage":"es-CO","url":"https:\/\/fai.org.co\/serintegral\/wp-content\/uploads\/2023\/07\/Captura.jpg","contentUrl":"https:\/\/fai.org.co\/serintegral\/wp-content\/uploads\/2023\/07\/Captura.jpg","width":613,"height":410},{"@type":"WebPage","@id":"https:\/\/fai.org.co\/serintegral\/sin-categoria\/conoce-el-nuevo-esquema-de-vacunacion-en-los-ninos\/#webpage","url":"https:\/\/fai.org.co\/serintegral\/sin-categoria\/conoce-el-nuevo-esquema-de-vacunacion-en-los-ninos\/","name":"Conoce el nuevo esquema de vacunaci\u00f3n en los ni\u00f1os - Ser integral","isPartOf":{"@id":"https:\/\/fai.org.co\/serintegral\/#website"},"primaryImageOfPage":{"@id":"https:\/\/fai.org.co\/serintegral\/sin-categoria\/conoce-el-nuevo-esquema-de-vacunacion-en-los-ninos\/#primaryimage"},"datePublished":"2023-07-08T17:35:00+00:00","dateModified":"2023-07-08T17:48:38+00:00","author":{"@id":"https:\/\/fai.org.co\/serintegral\/#\/schema\/person\/74dd1a4f199288dd897a5596d0ffce8d"},"breadcrumb":{"@id":"https:\/\/fai.org.co\/serintegral\/sin-categoria\/conoce-el-nuevo-esquema-de-vacunacion-en-los-ninos\/#breadcrumb"},"inLanguage":"es-CO","potentialAction":[{"@type":"ReadAction","target":["https:\/\/fai.org.co\/serintegral\/sin-categoria\/conoce-el-nuevo-esquema-de-vacunacion-en-los-ninos\/"]}]},{"@type":"BreadcrumbList","@id":"https:\/\/fai.org.co\/serintegral\/sin-categoria\/conoce-el-nuevo-esquema-de-vacunacion-en-los-ninos\/#breadcrumb","itemListElement":[{"@type":"ListItem","position":1,"name":"Inicio","item":"https:\/\/fai.org.co\/serintegral\/"},{"@type":"ListItem","position":2,"name":"Conoce el nuevo esquema de vacunaci\u00f3n en los ni\u00f1os"}]},{"@type":"Person","@id":"https:\/\/fai.org.co\/serintegral\/#\/schema\/person\/74dd1a4f199288dd897a5596d0ffce8d","name":"Isabel Arroyave","image":{"@type":"ImageObject","@id":"https:\/\/fai.org.co\/serintegral\/#personlogo","inLanguage":"es-CO","url":"https:\/\/secure.gravatar.com\/avatar\/c77ed908fda95f30709d773f4a4ede4bf137f7206d1cb98ae6bb01840a1990f0?s=96&d=mm&r=g","contentUrl":"https:\/\/secure.gravatar.com\/avatar\/c77ed908fda95f30709d773f4a4ede4bf137f7206d1cb98ae6bb01840a1990f0?s=96&d=mm&r=g","caption":"Isabel Arroyave"},"url":"https:\/\/fai.org.co\/serintegral\/author\/isabel-arroyave\/"}]}},"jetpack_featured_media_url":"https:\/\/fai.org.co\/serintegral\/wp-content\/uploads\/2023\/07\/Captura.jpg","_links":{"self":[{"href":"https:\/\/fai.org.co\/serintegral\/wp-json\/wp\/v2\/posts\/2616","targetHints":{"allow":["GET"]}}],"collection":[{"href":"https:\/\/fai.org.co\/serintegral\/wp-json\/wp\/v2\/posts"}],"about":[{"href":"https:\/\/fai.org.co\/serintegral\/wp-json\/wp\/v2\/types\/post"}],"author":[{"embeddable":true,"href":"https:\/\/fai.org.co\/serintegral\/wp-json\/wp\/v2\/users\/3"}],"replies":[{"embeddable":true,"href":"https:\/\/fai.org.co\/serintegral\/wp-json\/wp\/v2\/comments?post=2616"}],"version-history":[{"count":3,"href":"https:\/\/fai.org.co\/serintegral\/wp-json\/wp\/v2\/posts\/2616\/revisions"}],"predecessor-version":[{"id":2626,"href":"https:\/\/fai.org.co\/serintegral\/wp-json\/wp\/v2\/posts\/2616\/revisions\/2626"}],"wp:featuredmedia":[{"embeddable":true,"href":"https:\/\/fai.org.co\/serintegral\/wp-json\/wp\/v2\/media\/2617"}],"wp:attachment":[{"href":"https:\/\/fai.org.co\/serintegral\/wp-json\/wp\/v2\/media?parent=2616"}],"wp:term":[{"taxonomy":"category","embeddable":true,"href":"https:\/\/fai.org.co\/serintegral\/wp-json\/wp\/v2\/categories?post=2616"},{"taxonomy":"post_tag","embeddable":true,"href":"https:\/\/fai.org.co\/serintegral\/wp-json\/wp\/v2\/tags?post=2616"}],"curies":[{"name":"wp","href":"https:\/\/api.w.org\/{rel}","templated":true}]}}