{"id":2620,"date":"2023-07-08T12:44:44","date_gmt":"2023-07-08T17:44:44","guid":{"rendered":"https:\/\/fai.org.co\/serintegral\/?p=2620"},"modified":"2023-07-08T12:44:44","modified_gmt":"2023-07-08T17:44:44","slug":"neumococo-una-amenaza-silenciosa","status":"publish","type":"post","link":"https:\/\/fai.org.co\/serintegral\/sin-categoria\/neumococo-una-amenaza-silenciosa\/","title":{"rendered":"Neumococo \u00bfUna amenaza silenciosa?"},"content":{"rendered":"<p><em>Streptococcus pneumoniae<\/em>, conocido tambi\u00e9n como Neumococo, es una bacteria causante de diversas infecciones en los seres humanos, principalmente en el sistema respiratorio (neumon\u00eda-otitis y sinusitis), pero eventualmente tambi\u00e9n puede producir compromiso sist\u00e9mico a nivel del sistema nervioso central (meningitis) y el torrente circulatorio (bacteriemia).<\/p>\n<p>Se trasmite por v\u00eda a\u00e9rea a trav\u00e9s del contacto directo con personas infectadas por la bacteria, generalmente las personas que corren m\u00e1s riesgo de contraer esta enfermedad son los extremos de la vida: ni\u00f1os peque\u00f1os y personas mayores de 60 a\u00f1os, as\u00ed como pacientes inmunosuprimidos (terapia biol\u00f3gica, trasplantados, esplenectomizados o que viven con VIH), pero todo esto se puede prevenir a trav\u00e9s de las vacunas espec\u00edficas que tenemos disponibles.<\/p>\n<p>Es importante crear conciencia sobre esta bacteria, ya que muchas veces pasa desapercibida por la poblaci\u00f3n en general, pero puede llegar a ser letal, con una vacunaci\u00f3n oportuna se podr\u00eda disminuir su impacto, garantizando la salud y el bienestar de todos los que est\u00e1n en riesgo.<\/p>\n<p>\u00bfCu\u00e1les son los s\u00edntomas? Los s\u00edntomas causados por esta bacteria son generalmente: fiebre, tos, dolor de garganta o de o\u00eddo, asfixia, escalofr\u00edos, y dolor de cabeza. Si se presenta alguno de estos s\u00edntomas lo mejor es acudir al m\u00e9dico, pues requieres que te practiquen todos los estudios necesarios para poder realizar un diagn\u00f3stico oportuno, pues con el tratamiento antibi\u00f3tico adecuado se evitan complicaciones.<\/p>\n<p>Las vacunas contra Neumococo pueden evitar la enfermedad y disminuir el contagio, en la actualidad existen dos vacunas disponibles, la 13 Valente (vacuna conjugada) y la 23 Valente (vacuna polis ac\u00e1rida) ambas son vacunas muertas y una es el complemento de la otra, de manera que se deben aplicar en forma de esquema as\u00ed: primero la 13 y ocho semanas despu\u00e9s la 23, pero si por alguna raz\u00f3n primero se aplic\u00f3 la 23, se debe esperar un a\u00f1o para aplicar el refuerzo de la 13, y en ambos escenarios, se debe aplicar un refuerzo de la 23 a los 5 a\u00f1os posteriores a la \u00faltima dosis de la 23.<\/p>\n<p>Neumococo es una bacteria que puede causar enfermedades graves, algunas llegando a ser mortales en ciertas poblaciones, por eso lo mejor es prevenir a trav\u00e9s de las medidas b\u00e1sicas de higiene, actualizar los esquemas de vacunaci\u00f3n (esquema completo) en poblaci\u00f3n de riesgo, consultar a tiempo en caso de s\u00edntomas, y un tratamiento oportuno, logrando as\u00ed reducir el impacto en la poblaci\u00f3n general.<\/p>\n","protected":false},"excerpt":{"rendered":"<p>Streptococcus pneumoniae, conocido tambi\u00e9n como Neumococo, es una bacteria causante de diversas infecciones en los seres humanos, principalmente en el sistema respiratorio (neumon\u00eda-otitis y sinusitis), pero eventualmente tambi\u00e9n puede producir compromiso sist\u00e9mico a nivel del sistema nervioso central (meningitis) y el torrente circulatorio (bacteriemia). Se trasmite por v\u00eda a\u00e9rea a trav\u00e9s del contacto directo con [&hellip;]<\/p>\n","protected":false},"author":3,"featured_media":2622,"comment_status":"open","ping_status":"open","sticky":false,"template":"","format":"standard","meta":{"_monsterinsights_skip_tracking":false,"_monsterinsights_sitenote_active":false,"_monsterinsights_sitenote_note":"","_monsterinsights_sitenote_category":0,"spay_email":"","footnotes":""},"categories":[1],"tags":[],"class_list":["post-2620","post","type-post","status-publish","format-standard","has-post-thumbnail","hentry","category-sin-categoria"],"aioseo_notices":[],"yoast_head":"<!-- This site is optimized with the Yoast SEO plugin v17.5 - https:\/\/yoast.com\/wordpress\/plugins\/seo\/ -->\n<title>Neumococo \u00bfUna amenaza silenciosa? - Ser integral<\/title>\n<meta name=\"robots\" content=\"index, follow, max-snippet:-1, max-image-preview:large, max-video-preview:-1\" \/>\n<link rel=\"canonical\" href=\"https:\/\/fai.org.co\/serintegral\/sin-categoria\/neumococo-una-amenaza-silenciosa\/\" \/>\n<meta property=\"og:locale\" content=\"es_ES\" \/>\n<meta property=\"og:type\" content=\"article\" \/>\n<meta property=\"og:title\" content=\"Neumococo \u00bfUna amenaza silenciosa? - Ser integral\" \/>\n<meta property=\"og:description\" content=\"Streptococcus pneumoniae, conocido tambi\u00e9n como Neumococo, es una bacteria causante de diversas infecciones en los seres humanos, principalmente en el sistema respiratorio (neumon\u00eda-otitis y sinusitis), pero eventualmente tambi\u00e9n puede producir compromiso sist\u00e9mico a nivel del sistema nervioso central (meningitis) y el torrente circulatorio (bacteriemia). Se trasmite por v\u00eda a\u00e9rea a trav\u00e9s del contacto directo con [&hellip;]\" \/>\n<meta property=\"og:url\" content=\"https:\/\/fai.org.co\/serintegral\/sin-categoria\/neumococo-una-amenaza-silenciosa\/\" \/>\n<meta property=\"og:site_name\" content=\"Ser integral\" \/>\n<meta property=\"article:published_time\" content=\"2023-07-08T17:44:44+00:00\" \/>\n<meta property=\"og:image\" content=\"https:\/\/fai.org.co\/serintegral\/wp-content\/uploads\/2023\/07\/Captura-1.jpg\" \/>\n\t<meta property=\"og:image:width\" content=\"606\" \/>\n\t<meta property=\"og:image:height\" content=\"403\" \/>\n<meta name=\"twitter:card\" content=\"summary_large_image\" \/>\n<meta name=\"twitter:label1\" content=\"Escrito por\" \/>\n\t<meta name=\"twitter:data1\" content=\"Isabel Arroyave\" \/>\n\t<meta name=\"twitter:label2\" content=\"Tiempo estimado de lectura\" \/>\n\t<meta name=\"twitter:data2\" content=\"2 minutos\" \/>\n<script type=\"application\/ld+json\" class=\"yoast-schema-graph\">{\"@context\":\"https:\/\/schema.org\",\"@graph\":[{\"@type\":\"WebSite\",\"@id\":\"https:\/\/fai.org.co\/serintegral\/#website\",\"url\":\"https:\/\/fai.org.co\/serintegral\/\",\"name\":\"Ser integral\",\"description\":\"\",\"potentialAction\":[{\"@type\":\"SearchAction\",\"target\":{\"@type\":\"EntryPoint\",\"urlTemplate\":\"https:\/\/fai.org.co\/serintegral\/?s={search_term_string}\"},\"query-input\":\"required name=search_term_string\"}],\"inLanguage\":\"es-CO\"},{\"@type\":\"ImageObject\",\"@id\":\"https:\/\/fai.org.co\/serintegral\/sin-categoria\/neumococo-una-amenaza-silenciosa\/#primaryimage\",\"inLanguage\":\"es-CO\",\"url\":\"https:\/\/fai.org.co\/serintegral\/wp-content\/uploads\/2023\/07\/Captura-1.jpg\",\"contentUrl\":\"https:\/\/fai.org.co\/serintegral\/wp-content\/uploads\/2023\/07\/Captura-1.jpg\",\"width\":606,\"height\":403},{\"@type\":\"WebPage\",\"@id\":\"https:\/\/fai.org.co\/serintegral\/sin-categoria\/neumococo-una-amenaza-silenciosa\/#webpage\",\"url\":\"https:\/\/fai.org.co\/serintegral\/sin-categoria\/neumococo-una-amenaza-silenciosa\/\",\"name\":\"Neumococo \\u00bfUna amenaza silenciosa? - Ser integral\",\"isPartOf\":{\"@id\":\"https:\/\/fai.org.co\/serintegral\/#website\"},\"primaryImageOfPage\":{\"@id\":\"https:\/\/fai.org.co\/serintegral\/sin-categoria\/neumococo-una-amenaza-silenciosa\/#primaryimage\"},\"datePublished\":\"2023-07-08T17:44:44+00:00\",\"dateModified\":\"2023-07-08T17:44:44+00:00\",\"author\":{\"@id\":\"https:\/\/fai.org.co\/serintegral\/#\/schema\/person\/74dd1a4f199288dd897a5596d0ffce8d\"},\"breadcrumb\":{\"@id\":\"https:\/\/fai.org.co\/serintegral\/sin-categoria\/neumococo-una-amenaza-silenciosa\/#breadcrumb\"},\"inLanguage\":\"es-CO\",\"potentialAction\":[{\"@type\":\"ReadAction\",\"target\":[\"https:\/\/fai.org.co\/serintegral\/sin-categoria\/neumococo-una-amenaza-silenciosa\/\"]}]},{\"@type\":\"BreadcrumbList\",\"@id\":\"https:\/\/fai.org.co\/serintegral\/sin-categoria\/neumococo-una-amenaza-silenciosa\/#breadcrumb\",\"itemListElement\":[{\"@type\":\"ListItem\",\"position\":1,\"name\":\"Inicio\",\"item\":\"https:\/\/fai.org.co\/serintegral\/\"},{\"@type\":\"ListItem\",\"position\":2,\"name\":\"Neumococo \\u00bfUna amenaza silenciosa?\"}]},{\"@type\":\"Person\",\"@id\":\"https:\/\/fai.org.co\/serintegral\/#\/schema\/person\/74dd1a4f199288dd897a5596d0ffce8d\",\"name\":\"Isabel Arroyave\",\"image\":{\"@type\":\"ImageObject\",\"@id\":\"https:\/\/fai.org.co\/serintegral\/#personlogo\",\"inLanguage\":\"es-CO\",\"url\":\"https:\/\/secure.gravatar.com\/avatar\/c77ed908fda95f30709d773f4a4ede4bf137f7206d1cb98ae6bb01840a1990f0?s=96&d=mm&r=g\",\"contentUrl\":\"https:\/\/secure.gravatar.com\/avatar\/c77ed908fda95f30709d773f4a4ede4bf137f7206d1cb98ae6bb01840a1990f0?s=96&d=mm&r=g\",\"caption\":\"Isabel Arroyave\"},\"url\":\"https:\/\/fai.org.co\/serintegral\/author\/isabel-arroyave\/\"}]}<\/script>\n<!-- \/ Yoast SEO plugin. -->","yoast_head_json":{"title":"Neumococo \u00bfUna amenaza silenciosa? - Ser integral","robots":{"index":"index","follow":"follow","max-snippet":"max-snippet:-1","max-image-preview":"max-image-preview:large","max-video-preview":"max-video-preview:-1"},"canonical":"https:\/\/fai.org.co\/serintegral\/sin-categoria\/neumococo-una-amenaza-silenciosa\/","og_locale":"es_ES","og_type":"article","og_title":"Neumococo \u00bfUna amenaza silenciosa? - Ser integral","og_description":"Streptococcus pneumoniae, conocido tambi\u00e9n como Neumococo, es una bacteria causante de diversas infecciones en los seres humanos, principalmente en el sistema respiratorio (neumon\u00eda-otitis y sinusitis), pero eventualmente tambi\u00e9n puede producir compromiso sist\u00e9mico a nivel del sistema nervioso central (meningitis) y el torrente circulatorio (bacteriemia). Se trasmite por v\u00eda a\u00e9rea a trav\u00e9s del contacto directo con [&hellip;]","og_url":"https:\/\/fai.org.co\/serintegral\/sin-categoria\/neumococo-una-amenaza-silenciosa\/","og_site_name":"Ser integral","article_published_time":"2023-07-08T17:44:44+00:00","og_image":[{"width":606,"height":403,"url":"https:\/\/fai.org.co\/serintegral\/wp-content\/uploads\/2023\/07\/Captura-1.jpg","type":"image\/jpeg"}],"twitter_card":"summary_large_image","twitter_misc":{"Escrito por":"Isabel Arroyave","Tiempo estimado de lectura":"2 minutos"},"schema":{"@context":"https:\/\/schema.org","@graph":[{"@type":"WebSite","@id":"https:\/\/fai.org.co\/serintegral\/#website","url":"https:\/\/fai.org.co\/serintegral\/","name":"Ser integral","description":"","potentialAction":[{"@type":"SearchAction","target":{"@type":"EntryPoint","urlTemplate":"https:\/\/fai.org.co\/serintegral\/?s={search_term_string}"},"query-input":"required name=search_term_string"}],"inLanguage":"es-CO"},{"@type":"ImageObject","@id":"https:\/\/fai.org.co\/serintegral\/sin-categoria\/neumococo-una-amenaza-silenciosa\/#primaryimage","inLanguage":"es-CO","url":"https:\/\/fai.org.co\/serintegral\/wp-content\/uploads\/2023\/07\/Captura-1.jpg","contentUrl":"https:\/\/fai.org.co\/serintegral\/wp-content\/uploads\/2023\/07\/Captura-1.jpg","width":606,"height":403},{"@type":"WebPage","@id":"https:\/\/fai.org.co\/serintegral\/sin-categoria\/neumococo-una-amenaza-silenciosa\/#webpage","url":"https:\/\/fai.org.co\/serintegral\/sin-categoria\/neumococo-una-amenaza-silenciosa\/","name":"Neumococo \u00bfUna amenaza silenciosa? - Ser integral","isPartOf":{"@id":"https:\/\/fai.org.co\/serintegral\/#website"},"primaryImageOfPage":{"@id":"https:\/\/fai.org.co\/serintegral\/sin-categoria\/neumococo-una-amenaza-silenciosa\/#primaryimage"},"datePublished":"2023-07-08T17:44:44+00:00","dateModified":"2023-07-08T17:44:44+00:00","author":{"@id":"https:\/\/fai.org.co\/serintegral\/#\/schema\/person\/74dd1a4f199288dd897a5596d0ffce8d"},"breadcrumb":{"@id":"https:\/\/fai.org.co\/serintegral\/sin-categoria\/neumococo-una-amenaza-silenciosa\/#breadcrumb"},"inLanguage":"es-CO","potentialAction":[{"@type":"ReadAction","target":["https:\/\/fai.org.co\/serintegral\/sin-categoria\/neumococo-una-amenaza-silenciosa\/"]}]},{"@type":"BreadcrumbList","@id":"https:\/\/fai.org.co\/serintegral\/sin-categoria\/neumococo-una-amenaza-silenciosa\/#breadcrumb","itemListElement":[{"@type":"ListItem","position":1,"name":"Inicio","item":"https:\/\/fai.org.co\/serintegral\/"},{"@type":"ListItem","position":2,"name":"Neumococo \u00bfUna amenaza silenciosa?"}]},{"@type":"Person","@id":"https:\/\/fai.org.co\/serintegral\/#\/schema\/person\/74dd1a4f199288dd897a5596d0ffce8d","name":"Isabel Arroyave","image":{"@type":"ImageObject","@id":"https:\/\/fai.org.co\/serintegral\/#personlogo","inLanguage":"es-CO","url":"https:\/\/secure.gravatar.com\/avatar\/c77ed908fda95f30709d773f4a4ede4bf137f7206d1cb98ae6bb01840a1990f0?s=96&d=mm&r=g","contentUrl":"https:\/\/secure.gravatar.com\/avatar\/c77ed908fda95f30709d773f4a4ede4bf137f7206d1cb98ae6bb01840a1990f0?s=96&d=mm&r=g","caption":"Isabel Arroyave"},"url":"https:\/\/fai.org.co\/serintegral\/author\/isabel-arroyave\/"}]}},"jetpack_featured_media_url":"https:\/\/fai.org.co\/serintegral\/wp-content\/uploads\/2023\/07\/Captura-1.jpg","_links":{"self":[{"href":"https:\/\/fai.org.co\/serintegral\/wp-json\/wp\/v2\/posts\/2620","targetHints":{"allow":["GET"]}}],"collection":[{"href":"https:\/\/fai.org.co\/serintegral\/wp-json\/wp\/v2\/posts"}],"about":[{"href":"https:\/\/fai.org.co\/serintegral\/wp-json\/wp\/v2\/types\/post"}],"author":[{"embeddable":true,"href":"https:\/\/fai.org.co\/serintegral\/wp-json\/wp\/v2\/users\/3"}],"replies":[{"embeddable":true,"href":"https:\/\/fai.org.co\/serintegral\/wp-json\/wp\/v2\/comments?post=2620"}],"version-history":[{"count":2,"href":"https:\/\/fai.org.co\/serintegral\/wp-json\/wp\/v2\/posts\/2620\/revisions"}],"predecessor-version":[{"id":2624,"href":"https:\/\/fai.org.co\/serintegral\/wp-json\/wp\/v2\/posts\/2620\/revisions\/2624"}],"wp:featuredmedia":[{"embeddable":true,"href":"https:\/\/fai.org.co\/serintegral\/wp-json\/wp\/v2\/media\/2622"}],"wp:attachment":[{"href":"https:\/\/fai.org.co\/serintegral\/wp-json\/wp\/v2\/media?parent=2620"}],"wp:term":[{"taxonomy":"category","embeddable":true,"href":"https:\/\/fai.org.co\/serintegral\/wp-json\/wp\/v2\/categories?post=2620"},{"taxonomy":"post_tag","embeddable":true,"href":"https:\/\/fai.org.co\/serintegral\/wp-json\/wp\/v2\/tags?post=2620"}],"curies":[{"name":"wp","href":"https:\/\/api.w.org\/{rel}","templated":true}]}}