{"id":2632,"date":"2023-08-05T12:21:33","date_gmt":"2023-08-05T17:21:33","guid":{"rendered":"https:\/\/fai.org.co\/serintegral\/?p=2632"},"modified":"2023-08-05T12:21:33","modified_gmt":"2023-08-05T17:21:33","slug":"5-mitos-sobre-los-antibioticos","status":"publish","type":"post","link":"https:\/\/fai.org.co\/serintegral\/sin-categoria\/5-mitos-sobre-los-antibioticos\/","title":{"rendered":"5 mitos sobre los antibi\u00f3ticos"},"content":{"rendered":"<p>Uno de los mayores avances en la historia de la medicina han sido los <strong>antibi\u00f3ticos<\/strong>, salvando vidas y revolucionando el tratamiento de infecciones, sin embargo, han surgido muchos mitos y conceptos err\u00f3neos sobre estos medicamentos. En este blog te explicaremos los mitos m\u00e1s comunes y si est\u00e1n errados o no, con esto aprender\u00e1s m\u00e1s acerca del uso adecuado de los <strong>antibi\u00f3ticos<\/strong>, y como estos pueden ser eficaces en los tratamientos contra diversas infecciones.<\/p>\n<p>A continuaci\u00f3n, te dejamos algunos de los mitos m\u00e1s comunes que se tienen sobre los antibi\u00f3ticos:<\/p>\n<ol>\n<li><strong>\u201cLos antibi\u00f3ticos curan todo\u201d<\/strong><\/li>\n<\/ol>\n<p>Una creencia muy com\u00fan es que los antibi\u00f3ticos son la cura milagrosa para cualquier enfermedad. Cuando en realidad, solo son efectivos para infecciones bacterianas, y no tienen ning\u00fan efecto sobre los virus, por ejemplo, muchas personas lo toman para curar la gripa o la diarrea, cuando en realidad este carece de actividad alguna, pero si puede presentar mejor\u00eda pasados unos d\u00edas de la toma del antibi\u00f3tico, efecto que solo representa la evoluci\u00f3n natural de la enfermedad, con o sin <strong>antibi\u00f3tico<\/strong>, pero que nos deja la sensaci\u00f3n que de verdad sirvieron para algo, cuando en verdad tienen una consecuencia muy grave, y es el mal uso de los antibi\u00f3ticos, que contribuye a la resistencia bacteriana, y que puede incluso afectar \u00f3rganos vitales como el h\u00edgado o los ri\u00f1ones.<\/p>\n<ol start=\"2\">\n<li><strong>\u201cSi ya no tengo s\u00edntomas, puede dejar de tomar los antibi\u00f3ticos\u201d<\/strong><\/li>\n<\/ol>\n<p>Err\u00f3neamente, se cree que al momento que ya no se tienen s\u00edntomas se puede parar el tratamiento de antibi\u00f3ticos. Es muy importante seguir el tratamiento al pie de la letra seg\u00fan la prescripci\u00f3n del <strong>m\u00e9dico<\/strong>. Detener el tratamiento antes de tiempo puede hacer que las bacterias que sigan vivas creen resistencia y se vuelvan m\u00e1s dif\u00edciles de tratar, e incluso que la infecci\u00f3n recaiga.<\/p>\n<ol start=\"3\">\n<li><strong>\u201cTengo fiebre, debe ser una infecci\u00f3n, tomar\u00e9 antibi\u00f3ticos para tratarla\u201d<\/strong><\/li>\n<\/ol>\n<p>La presencia de <strong>fiebre<\/strong> no siempre significa que tienes una infecci\u00f3n, existen m\u00faltiples causas no infecciosas de fiebre, e incluso algunas infecciones que se acompa\u00f1an de fiebre, son de origen viral y no requieren antibi\u00f3ticos, pues estos solo funcionan si una infecci\u00f3n es causada por bacterias, si esto lo est\u00e1 causando otro agente no tendr\u00e1 ning\u00fan resultado.<\/p>\n<p>&nbsp;<\/p>\n<ol start=\"4\">\n<li><strong>\u201cMientras m\u00e1s fuerte el antibi\u00f3tico mejor\u201d<\/strong><\/li>\n<\/ol>\n<p>Esto es falso, para cada tipo de infecci\u00f3n existe el antibi\u00f3tico adecuado. No porque el antibi\u00f3tico sea de mayor concentraci\u00f3n, es m\u00e1s efectivo, el m\u00e9dico seleccionara el antibi\u00f3tico dependiendo de la infecci\u00f3n que tenga el paciente, con la dosis adecuada, para as\u00ed tener un resultado eficaz y <strong>minimizar efectos adversos.<\/strong><\/p>\n<p>&nbsp;<\/p>\n<ol start=\"5\">\n<li><strong>\u201cNo importa, esos los consigo en la farmacia sin receta\u201d<\/strong><\/li>\n<\/ol>\n<p>Es muy importante tener en cuenta que la automedicaci\u00f3n puede ser muy peligrosa. Solo un m\u00e9dico est\u00e1 capacitado para evaluar si es necesario un <strong>tratamiento de antibi\u00f3ticos<\/strong> y supervisar su uso. El uso inadecuado de los antibi\u00f3ticos puede traer consecuencias como la resistencia bacteriana, empeorar la infecci\u00f3n y poner en riesgo tu salud, pues los antibi\u00f3ticos tienen diversos efectos secundarios en \u00f3rganos vitales como el h\u00edgado y los ri\u00f1ones.<\/p>\n<p>&nbsp;<\/p>\n<p>Todos estos son pensamientos que se tienen en la sociedad y que se deben erradicar, educando e inform\u00e1ndose sobre los antibi\u00f3ticos, al menos consultando a tu m\u00e9dico de confianza para estar seguros. Lo que si debemos saber, es que se debe evitar a toda costa <strong>automedicarse<\/strong>, para un uso m\u00e1s adecuado debes seguir un tratamiento recetado por un m\u00e9dico al pie de la letra, as\u00ed atacaras la infecci\u00f3n y podr\u00e1s curarte sin eventos adversos.<\/p>\n","protected":false},"excerpt":{"rendered":"<p>Uno de los mayores avances en la historia de la medicina han sido los antibi\u00f3ticos, salvando vidas y revolucionando el tratamiento de infecciones, sin embargo, han surgido muchos mitos y conceptos err\u00f3neos sobre estos medicamentos. En este blog te explicaremos los mitos m\u00e1s comunes y si est\u00e1n errados o no, con esto aprender\u00e1s m\u00e1s acerca [&hellip;]<\/p>\n","protected":false},"author":3,"featured_media":2633,"comment_status":"open","ping_status":"open","sticky":false,"template":"","format":"standard","meta":{"_monsterinsights_skip_tracking":false,"_monsterinsights_sitenote_active":false,"_monsterinsights_sitenote_note":"","_monsterinsights_sitenote_category":0,"spay_email":"","footnotes":""},"categories":[1],"tags":[],"class_list":["post-2632","post","type-post","status-publish","format-standard","has-post-thumbnail","hentry","category-sin-categoria"],"aioseo_notices":[],"yoast_head":"<!-- This site is optimized with the Yoast SEO plugin v17.5 - https:\/\/yoast.com\/wordpress\/plugins\/seo\/ -->\n<title>5 mitos sobre los antibi\u00f3ticos - Ser integral<\/title>\n<meta name=\"robots\" content=\"index, follow, max-snippet:-1, max-image-preview:large, max-video-preview:-1\" \/>\n<link rel=\"canonical\" href=\"https:\/\/fai.org.co\/serintegral\/sin-categoria\/5-mitos-sobre-los-antibioticos\/\" \/>\n<meta property=\"og:locale\" content=\"es_ES\" \/>\n<meta property=\"og:type\" content=\"article\" \/>\n<meta property=\"og:title\" content=\"5 mitos sobre los antibi\u00f3ticos - Ser integral\" \/>\n<meta property=\"og:description\" content=\"Uno de los mayores avances en la historia de la medicina han sido los antibi\u00f3ticos, salvando vidas y revolucionando el tratamiento de infecciones, sin embargo, han surgido muchos mitos y conceptos err\u00f3neos sobre estos medicamentos. En este blog te explicaremos los mitos m\u00e1s comunes y si est\u00e1n errados o no, con esto aprender\u00e1s m\u00e1s acerca [&hellip;]\" \/>\n<meta property=\"og:url\" content=\"https:\/\/fai.org.co\/serintegral\/sin-categoria\/5-mitos-sobre-los-antibioticos\/\" \/>\n<meta property=\"og:site_name\" content=\"Ser integral\" \/>\n<meta property=\"article:published_time\" content=\"2023-08-05T17:21:33+00:00\" \/>\n<meta property=\"og:image\" content=\"https:\/\/fai.org.co\/serintegral\/wp-content\/uploads\/2023\/08\/Captura.jpg\" \/>\n\t<meta property=\"og:image:width\" content=\"1044\" \/>\n\t<meta property=\"og:image:height\" content=\"647\" \/>\n<meta name=\"twitter:card\" content=\"summary_large_image\" \/>\n<meta name=\"twitter:label1\" content=\"Escrito por\" \/>\n\t<meta name=\"twitter:data1\" content=\"Isabel Arroyave\" \/>\n\t<meta name=\"twitter:label2\" content=\"Tiempo estimado de lectura\" \/>\n\t<meta name=\"twitter:data2\" content=\"3 minutos\" \/>\n<script type=\"application\/ld+json\" class=\"yoast-schema-graph\">{\"@context\":\"https:\/\/schema.org\",\"@graph\":[{\"@type\":\"WebSite\",\"@id\":\"https:\/\/fai.org.co\/serintegral\/#website\",\"url\":\"https:\/\/fai.org.co\/serintegral\/\",\"name\":\"Ser integral\",\"description\":\"\",\"potentialAction\":[{\"@type\":\"SearchAction\",\"target\":{\"@type\":\"EntryPoint\",\"urlTemplate\":\"https:\/\/fai.org.co\/serintegral\/?s={search_term_string}\"},\"query-input\":\"required name=search_term_string\"}],\"inLanguage\":\"es-CO\"},{\"@type\":\"ImageObject\",\"@id\":\"https:\/\/fai.org.co\/serintegral\/sin-categoria\/5-mitos-sobre-los-antibioticos\/#primaryimage\",\"inLanguage\":\"es-CO\",\"url\":\"https:\/\/fai.org.co\/serintegral\/wp-content\/uploads\/2023\/08\/Captura.jpg\",\"contentUrl\":\"https:\/\/fai.org.co\/serintegral\/wp-content\/uploads\/2023\/08\/Captura.jpg\",\"width\":1044,\"height\":647},{\"@type\":\"WebPage\",\"@id\":\"https:\/\/fai.org.co\/serintegral\/sin-categoria\/5-mitos-sobre-los-antibioticos\/#webpage\",\"url\":\"https:\/\/fai.org.co\/serintegral\/sin-categoria\/5-mitos-sobre-los-antibioticos\/\",\"name\":\"5 mitos sobre los antibi\\u00f3ticos - Ser integral\",\"isPartOf\":{\"@id\":\"https:\/\/fai.org.co\/serintegral\/#website\"},\"primaryImageOfPage\":{\"@id\":\"https:\/\/fai.org.co\/serintegral\/sin-categoria\/5-mitos-sobre-los-antibioticos\/#primaryimage\"},\"datePublished\":\"2023-08-05T17:21:33+00:00\",\"dateModified\":\"2023-08-05T17:21:33+00:00\",\"author\":{\"@id\":\"https:\/\/fai.org.co\/serintegral\/#\/schema\/person\/74dd1a4f199288dd897a5596d0ffce8d\"},\"breadcrumb\":{\"@id\":\"https:\/\/fai.org.co\/serintegral\/sin-categoria\/5-mitos-sobre-los-antibioticos\/#breadcrumb\"},\"inLanguage\":\"es-CO\",\"potentialAction\":[{\"@type\":\"ReadAction\",\"target\":[\"https:\/\/fai.org.co\/serintegral\/sin-categoria\/5-mitos-sobre-los-antibioticos\/\"]}]},{\"@type\":\"BreadcrumbList\",\"@id\":\"https:\/\/fai.org.co\/serintegral\/sin-categoria\/5-mitos-sobre-los-antibioticos\/#breadcrumb\",\"itemListElement\":[{\"@type\":\"ListItem\",\"position\":1,\"name\":\"Inicio\",\"item\":\"https:\/\/fai.org.co\/serintegral\/\"},{\"@type\":\"ListItem\",\"position\":2,\"name\":\"5 mitos sobre los antibi\\u00f3ticos\"}]},{\"@type\":\"Person\",\"@id\":\"https:\/\/fai.org.co\/serintegral\/#\/schema\/person\/74dd1a4f199288dd897a5596d0ffce8d\",\"name\":\"Isabel Arroyave\",\"image\":{\"@type\":\"ImageObject\",\"@id\":\"https:\/\/fai.org.co\/serintegral\/#personlogo\",\"inLanguage\":\"es-CO\",\"url\":\"https:\/\/secure.gravatar.com\/avatar\/c77ed908fda95f30709d773f4a4ede4bf137f7206d1cb98ae6bb01840a1990f0?s=96&d=mm&r=g\",\"contentUrl\":\"https:\/\/secure.gravatar.com\/avatar\/c77ed908fda95f30709d773f4a4ede4bf137f7206d1cb98ae6bb01840a1990f0?s=96&d=mm&r=g\",\"caption\":\"Isabel Arroyave\"},\"url\":\"https:\/\/fai.org.co\/serintegral\/author\/isabel-arroyave\/\"}]}<\/script>\n<!-- \/ Yoast SEO plugin. -->","yoast_head_json":{"title":"5 mitos sobre los antibi\u00f3ticos - Ser integral","robots":{"index":"index","follow":"follow","max-snippet":"max-snippet:-1","max-image-preview":"max-image-preview:large","max-video-preview":"max-video-preview:-1"},"canonical":"https:\/\/fai.org.co\/serintegral\/sin-categoria\/5-mitos-sobre-los-antibioticos\/","og_locale":"es_ES","og_type":"article","og_title":"5 mitos sobre los antibi\u00f3ticos - Ser integral","og_description":"Uno de los mayores avances en la historia de la medicina han sido los antibi\u00f3ticos, salvando vidas y revolucionando el tratamiento de infecciones, sin embargo, han surgido muchos mitos y conceptos err\u00f3neos sobre estos medicamentos. En este blog te explicaremos los mitos m\u00e1s comunes y si est\u00e1n errados o no, con esto aprender\u00e1s m\u00e1s acerca [&hellip;]","og_url":"https:\/\/fai.org.co\/serintegral\/sin-categoria\/5-mitos-sobre-los-antibioticos\/","og_site_name":"Ser integral","article_published_time":"2023-08-05T17:21:33+00:00","og_image":[{"width":1044,"height":647,"url":"https:\/\/fai.org.co\/serintegral\/wp-content\/uploads\/2023\/08\/Captura.jpg","type":"image\/jpeg"}],"twitter_card":"summary_large_image","twitter_misc":{"Escrito por":"Isabel Arroyave","Tiempo estimado de lectura":"3 minutos"},"schema":{"@context":"https:\/\/schema.org","@graph":[{"@type":"WebSite","@id":"https:\/\/fai.org.co\/serintegral\/#website","url":"https:\/\/fai.org.co\/serintegral\/","name":"Ser integral","description":"","potentialAction":[{"@type":"SearchAction","target":{"@type":"EntryPoint","urlTemplate":"https:\/\/fai.org.co\/serintegral\/?s={search_term_string}"},"query-input":"required name=search_term_string"}],"inLanguage":"es-CO"},{"@type":"ImageObject","@id":"https:\/\/fai.org.co\/serintegral\/sin-categoria\/5-mitos-sobre-los-antibioticos\/#primaryimage","inLanguage":"es-CO","url":"https:\/\/fai.org.co\/serintegral\/wp-content\/uploads\/2023\/08\/Captura.jpg","contentUrl":"https:\/\/fai.org.co\/serintegral\/wp-content\/uploads\/2023\/08\/Captura.jpg","width":1044,"height":647},{"@type":"WebPage","@id":"https:\/\/fai.org.co\/serintegral\/sin-categoria\/5-mitos-sobre-los-antibioticos\/#webpage","url":"https:\/\/fai.org.co\/serintegral\/sin-categoria\/5-mitos-sobre-los-antibioticos\/","name":"5 mitos sobre los antibi\u00f3ticos - Ser integral","isPartOf":{"@id":"https:\/\/fai.org.co\/serintegral\/#website"},"primaryImageOfPage":{"@id":"https:\/\/fai.org.co\/serintegral\/sin-categoria\/5-mitos-sobre-los-antibioticos\/#primaryimage"},"datePublished":"2023-08-05T17:21:33+00:00","dateModified":"2023-08-05T17:21:33+00:00","author":{"@id":"https:\/\/fai.org.co\/serintegral\/#\/schema\/person\/74dd1a4f199288dd897a5596d0ffce8d"},"breadcrumb":{"@id":"https:\/\/fai.org.co\/serintegral\/sin-categoria\/5-mitos-sobre-los-antibioticos\/#breadcrumb"},"inLanguage":"es-CO","potentialAction":[{"@type":"ReadAction","target":["https:\/\/fai.org.co\/serintegral\/sin-categoria\/5-mitos-sobre-los-antibioticos\/"]}]},{"@type":"BreadcrumbList","@id":"https:\/\/fai.org.co\/serintegral\/sin-categoria\/5-mitos-sobre-los-antibioticos\/#breadcrumb","itemListElement":[{"@type":"ListItem","position":1,"name":"Inicio","item":"https:\/\/fai.org.co\/serintegral\/"},{"@type":"ListItem","position":2,"name":"5 mitos sobre los antibi\u00f3ticos"}]},{"@type":"Person","@id":"https:\/\/fai.org.co\/serintegral\/#\/schema\/person\/74dd1a4f199288dd897a5596d0ffce8d","name":"Isabel Arroyave","image":{"@type":"ImageObject","@id":"https:\/\/fai.org.co\/serintegral\/#personlogo","inLanguage":"es-CO","url":"https:\/\/secure.gravatar.com\/avatar\/c77ed908fda95f30709d773f4a4ede4bf137f7206d1cb98ae6bb01840a1990f0?s=96&d=mm&r=g","contentUrl":"https:\/\/secure.gravatar.com\/avatar\/c77ed908fda95f30709d773f4a4ede4bf137f7206d1cb98ae6bb01840a1990f0?s=96&d=mm&r=g","caption":"Isabel Arroyave"},"url":"https:\/\/fai.org.co\/serintegral\/author\/isabel-arroyave\/"}]}},"jetpack_featured_media_url":"https:\/\/fai.org.co\/serintegral\/wp-content\/uploads\/2023\/08\/Captura.jpg","_links":{"self":[{"href":"https:\/\/fai.org.co\/serintegral\/wp-json\/wp\/v2\/posts\/2632","targetHints":{"allow":["GET"]}}],"collection":[{"href":"https:\/\/fai.org.co\/serintegral\/wp-json\/wp\/v2\/posts"}],"about":[{"href":"https:\/\/fai.org.co\/serintegral\/wp-json\/wp\/v2\/types\/post"}],"author":[{"embeddable":true,"href":"https:\/\/fai.org.co\/serintegral\/wp-json\/wp\/v2\/users\/3"}],"replies":[{"embeddable":true,"href":"https:\/\/fai.org.co\/serintegral\/wp-json\/wp\/v2\/comments?post=2632"}],"version-history":[{"count":1,"href":"https:\/\/fai.org.co\/serintegral\/wp-json\/wp\/v2\/posts\/2632\/revisions"}],"predecessor-version":[{"id":2634,"href":"https:\/\/fai.org.co\/serintegral\/wp-json\/wp\/v2\/posts\/2632\/revisions\/2634"}],"wp:featuredmedia":[{"embeddable":true,"href":"https:\/\/fai.org.co\/serintegral\/wp-json\/wp\/v2\/media\/2633"}],"wp:attachment":[{"href":"https:\/\/fai.org.co\/serintegral\/wp-json\/wp\/v2\/media?parent=2632"}],"wp:term":[{"taxonomy":"category","embeddable":true,"href":"https:\/\/fai.org.co\/serintegral\/wp-json\/wp\/v2\/categories?post=2632"},{"taxonomy":"post_tag","embeddable":true,"href":"https:\/\/fai.org.co\/serintegral\/wp-json\/wp\/v2\/tags?post=2632"}],"curies":[{"name":"wp","href":"https:\/\/api.w.org\/{rel}","templated":true}]}}