{"id":2638,"date":"2023-09-01T10:58:03","date_gmt":"2023-09-01T15:58:03","guid":{"rendered":"https:\/\/fai.org.co\/serintegral\/?p=2638"},"modified":"2023-09-01T10:58:03","modified_gmt":"2023-09-01T15:58:03","slug":"resistencia-antimicrobiana-una-amenaza-para-la-salud-publica","status":"publish","type":"post","link":"https:\/\/fai.org.co\/serintegral\/sin-categoria\/resistencia-antimicrobiana-una-amenaza-para-la-salud-publica\/","title":{"rendered":"Resistencia antimicrobiana \u00bfUna amenaza para la salud p\u00fablica?"},"content":{"rendered":"<p>La resistencia antimicrobiana se produce cuando bacterias, virus, hongos y par\u00e1sitos cambian al verse expuestos a los antibi\u00f3ticos, antivirales, antif\u00fangicos, y antiparasitarios, dejando de responder a los medicamentos y resistiendo a sus efectos. Como resultado, los medicamentos se vuelven ineficaces y las infecciones persisten en las personas, lo cual incrementa el riesgo de propagaci\u00f3n y mortalidad.<\/p>\n<p>Entonces, \u00bfLa resistencia antimicrobiana afecta a la salud p\u00fablica?&#8230; Si, es una seria amenaza para la salud p\u00fablica a nivel mundial, pues esta reduce las opciones de tratamiento, haciendo que los medicamentos se vuelvan obsoletos, siendo de esta manera m\u00e1s dif\u00edcil curar infecciones, y por ende aumentan los casos de mortalidad.<\/p>\n<p>Esta resistencia se genera por diversos factores biol\u00f3gicos, gen\u00e9ticos, ambientales y humanos. Varias de las razones principales de este fen\u00f3meno so el uso indebido de los antimicrobianos, la automedicaci\u00f3n, y no cumplir con los esquemas de tratamiento propuestos.<\/p>\n<p>De otro lado, los microorganismos tienen la capacidad de mutar y desarrollar resistencia a los antimicrobianos, a trav\u00e9s de diversos y complejos cambios gen\u00e9ticos, pero adem\u00e1s, las poblaciones de microorganismos que ya tienen mutaciones que les confieren resistencia a diversos antibi\u00f3ticos, tienen una ventaja en t\u00e9rminos de supervivencia, y pueden proliferar en presencia del medicamento, facilitando la capacidad de enfermar al paciente, e incluso de transferir este mecanismo de resistencia a otros microorganismos similares.<\/p>\n<p>Una prescripci\u00f3n r\u00e1pida sin un diagn\u00f3stico definitivo, puede llevar al uso incorrecto de medicamentos y al desarrollo de resistencia.<\/p>\n<p>Las consecuencias de este fen\u00f3meno pueden llegar a ser graves, con consecuencias para la salud p\u00fablica y la atenci\u00f3n m\u00e9dica en general:<\/p>\n<ol>\n<li>Mayor mortalidad: Las infecciones resistentes tienen tasas m\u00e1s altas de mortalidad, ya que las opciones de tratamiento son limitadas y menos efectivas.<\/li>\n<li>Dificultad en el tratamiento de infecciones: Las infecciones resistentes a los medicamentos son m\u00e1s dif\u00edciles de tratar, lo que puede llevar a una mayor duraci\u00f3n de la enfermedad, mayores costos m\u00e9dicos y un aumento en la morbimortalidad.<\/li>\n<li>Aumento del riesgo en procedimientos m\u00e9dicos: al crear cierta resistencia, los microorganismos suelen hacer m\u00e1s dif\u00edciles procedimientos que antes eran m\u00e1s sencillos, ya que aumentan los riesgos de infecci\u00f3n.<\/li>\n<li>Impacto negativo en la atenci\u00f3n m\u00e9dica: aumenta la duraci\u00f3n de hospitalizaciones, teniendo que acceder a tratamientos m\u00e1s costosos<\/li>\n<li>Limitaci\u00f3n de opciones: al crear resistencia los microorganismos limitan las opciones de tratamientos efectivos, pudiendo llegar a un punto en que no haya medicamentos para tratar ciertas infecciones.<\/li>\n<\/ol>\n<p>&nbsp;<\/p>\n<p>En conjunto, estos factores contribuyen al desarrollo y propagaci\u00f3n de la resistencia antimicrobiana.<\/p>\n<p>Para controlar esta amenaza, es primordial tomar medidas a nivel mundial, que \u00a0promuevan un uso adecuado de los antimicrobianos, supervisando frecuentemente la resistencia antimicrobiana en el medio, fomentando la investigaci\u00f3n y el desarrollo de nuevos antimicrobianos, y educando al p\u00fablico en general y a los profesionales de la salud, sobre la importancia de su uso responsable.<\/p>\n","protected":false},"excerpt":{"rendered":"<p>La resistencia antimicrobiana se produce cuando bacterias, virus, hongos y par\u00e1sitos cambian al verse expuestos a los antibi\u00f3ticos, antivirales, antif\u00fangicos, y antiparasitarios, dejando de responder a los medicamentos y resistiendo a sus efectos. Como resultado, los medicamentos se vuelven ineficaces y las infecciones persisten en las personas, lo cual incrementa el riesgo de propagaci\u00f3n y [&hellip;]<\/p>\n","protected":false},"author":3,"featured_media":2639,"comment_status":"open","ping_status":"open","sticky":false,"template":"","format":"standard","meta":{"_monsterinsights_skip_tracking":false,"_monsterinsights_sitenote_active":false,"_monsterinsights_sitenote_note":"","_monsterinsights_sitenote_category":0,"spay_email":"","footnotes":""},"categories":[1],"tags":[],"class_list":["post-2638","post","type-post","status-publish","format-standard","has-post-thumbnail","hentry","category-sin-categoria"],"aioseo_notices":[],"yoast_head":"<!-- This site is optimized with the Yoast SEO plugin v17.5 - https:\/\/yoast.com\/wordpress\/plugins\/seo\/ -->\n<title>Resistencia antimicrobiana \u00bfUna amenaza para la salud p\u00fablica? - Ser integral<\/title>\n<meta name=\"robots\" content=\"index, follow, max-snippet:-1, max-image-preview:large, max-video-preview:-1\" \/>\n<link rel=\"canonical\" href=\"https:\/\/fai.org.co\/serintegral\/sin-categoria\/resistencia-antimicrobiana-una-amenaza-para-la-salud-publica\/\" \/>\n<meta property=\"og:locale\" content=\"es_ES\" \/>\n<meta property=\"og:type\" content=\"article\" \/>\n<meta property=\"og:title\" content=\"Resistencia antimicrobiana \u00bfUna amenaza para la salud p\u00fablica? - Ser integral\" \/>\n<meta property=\"og:description\" content=\"La resistencia antimicrobiana se produce cuando bacterias, virus, hongos y par\u00e1sitos cambian al verse expuestos a los antibi\u00f3ticos, antivirales, antif\u00fangicos, y antiparasitarios, dejando de responder a los medicamentos y resistiendo a sus efectos. Como resultado, los medicamentos se vuelven ineficaces y las infecciones persisten en las personas, lo cual incrementa el riesgo de propagaci\u00f3n y [&hellip;]\" \/>\n<meta property=\"og:url\" content=\"https:\/\/fai.org.co\/serintegral\/sin-categoria\/resistencia-antimicrobiana-una-amenaza-para-la-salud-publica\/\" \/>\n<meta property=\"og:site_name\" content=\"Ser integral\" \/>\n<meta property=\"article:published_time\" content=\"2023-09-01T15:58:03+00:00\" \/>\n<meta property=\"og:image\" content=\"https:\/\/fai.org.co\/serintegral\/wp-content\/uploads\/2023\/09\/Captura.jpg\" \/>\n\t<meta property=\"og:image:width\" content=\"710\" \/>\n\t<meta property=\"og:image:height\" content=\"462\" \/>\n<meta name=\"twitter:card\" content=\"summary_large_image\" \/>\n<meta name=\"twitter:label1\" content=\"Escrito por\" \/>\n\t<meta name=\"twitter:data1\" content=\"Isabel Arroyave\" \/>\n\t<meta name=\"twitter:label2\" content=\"Tiempo estimado de lectura\" \/>\n\t<meta name=\"twitter:data2\" content=\"3 minutos\" \/>\n<script type=\"application\/ld+json\" class=\"yoast-schema-graph\">{\"@context\":\"https:\/\/schema.org\",\"@graph\":[{\"@type\":\"WebSite\",\"@id\":\"https:\/\/fai.org.co\/serintegral\/#website\",\"url\":\"https:\/\/fai.org.co\/serintegral\/\",\"name\":\"Ser integral\",\"description\":\"\",\"potentialAction\":[{\"@type\":\"SearchAction\",\"target\":{\"@type\":\"EntryPoint\",\"urlTemplate\":\"https:\/\/fai.org.co\/serintegral\/?s={search_term_string}\"},\"query-input\":\"required name=search_term_string\"}],\"inLanguage\":\"es-CO\"},{\"@type\":\"ImageObject\",\"@id\":\"https:\/\/fai.org.co\/serintegral\/sin-categoria\/resistencia-antimicrobiana-una-amenaza-para-la-salud-publica\/#primaryimage\",\"inLanguage\":\"es-CO\",\"url\":\"https:\/\/fai.org.co\/serintegral\/wp-content\/uploads\/2023\/09\/Captura.jpg\",\"contentUrl\":\"https:\/\/fai.org.co\/serintegral\/wp-content\/uploads\/2023\/09\/Captura.jpg\",\"width\":710,\"height\":462},{\"@type\":\"WebPage\",\"@id\":\"https:\/\/fai.org.co\/serintegral\/sin-categoria\/resistencia-antimicrobiana-una-amenaza-para-la-salud-publica\/#webpage\",\"url\":\"https:\/\/fai.org.co\/serintegral\/sin-categoria\/resistencia-antimicrobiana-una-amenaza-para-la-salud-publica\/\",\"name\":\"Resistencia antimicrobiana \\u00bfUna amenaza para la salud p\\u00fablica? - Ser integral\",\"isPartOf\":{\"@id\":\"https:\/\/fai.org.co\/serintegral\/#website\"},\"primaryImageOfPage\":{\"@id\":\"https:\/\/fai.org.co\/serintegral\/sin-categoria\/resistencia-antimicrobiana-una-amenaza-para-la-salud-publica\/#primaryimage\"},\"datePublished\":\"2023-09-01T15:58:03+00:00\",\"dateModified\":\"2023-09-01T15:58:03+00:00\",\"author\":{\"@id\":\"https:\/\/fai.org.co\/serintegral\/#\/schema\/person\/74dd1a4f199288dd897a5596d0ffce8d\"},\"breadcrumb\":{\"@id\":\"https:\/\/fai.org.co\/serintegral\/sin-categoria\/resistencia-antimicrobiana-una-amenaza-para-la-salud-publica\/#breadcrumb\"},\"inLanguage\":\"es-CO\",\"potentialAction\":[{\"@type\":\"ReadAction\",\"target\":[\"https:\/\/fai.org.co\/serintegral\/sin-categoria\/resistencia-antimicrobiana-una-amenaza-para-la-salud-publica\/\"]}]},{\"@type\":\"BreadcrumbList\",\"@id\":\"https:\/\/fai.org.co\/serintegral\/sin-categoria\/resistencia-antimicrobiana-una-amenaza-para-la-salud-publica\/#breadcrumb\",\"itemListElement\":[{\"@type\":\"ListItem\",\"position\":1,\"name\":\"Inicio\",\"item\":\"https:\/\/fai.org.co\/serintegral\/\"},{\"@type\":\"ListItem\",\"position\":2,\"name\":\"Resistencia antimicrobiana \\u00bfUna amenaza para la salud p\\u00fablica?\"}]},{\"@type\":\"Person\",\"@id\":\"https:\/\/fai.org.co\/serintegral\/#\/schema\/person\/74dd1a4f199288dd897a5596d0ffce8d\",\"name\":\"Isabel Arroyave\",\"image\":{\"@type\":\"ImageObject\",\"@id\":\"https:\/\/fai.org.co\/serintegral\/#personlogo\",\"inLanguage\":\"es-CO\",\"url\":\"https:\/\/secure.gravatar.com\/avatar\/c77ed908fda95f30709d773f4a4ede4bf137f7206d1cb98ae6bb01840a1990f0?s=96&d=mm&r=g\",\"contentUrl\":\"https:\/\/secure.gravatar.com\/avatar\/c77ed908fda95f30709d773f4a4ede4bf137f7206d1cb98ae6bb01840a1990f0?s=96&d=mm&r=g\",\"caption\":\"Isabel Arroyave\"},\"url\":\"https:\/\/fai.org.co\/serintegral\/author\/isabel-arroyave\/\"}]}<\/script>\n<!-- \/ Yoast SEO plugin. -->","yoast_head_json":{"title":"Resistencia antimicrobiana \u00bfUna amenaza para la salud p\u00fablica? - Ser integral","robots":{"index":"index","follow":"follow","max-snippet":"max-snippet:-1","max-image-preview":"max-image-preview:large","max-video-preview":"max-video-preview:-1"},"canonical":"https:\/\/fai.org.co\/serintegral\/sin-categoria\/resistencia-antimicrobiana-una-amenaza-para-la-salud-publica\/","og_locale":"es_ES","og_type":"article","og_title":"Resistencia antimicrobiana \u00bfUna amenaza para la salud p\u00fablica? - Ser integral","og_description":"La resistencia antimicrobiana se produce cuando bacterias, virus, hongos y par\u00e1sitos cambian al verse expuestos a los antibi\u00f3ticos, antivirales, antif\u00fangicos, y antiparasitarios, dejando de responder a los medicamentos y resistiendo a sus efectos. Como resultado, los medicamentos se vuelven ineficaces y las infecciones persisten en las personas, lo cual incrementa el riesgo de propagaci\u00f3n y [&hellip;]","og_url":"https:\/\/fai.org.co\/serintegral\/sin-categoria\/resistencia-antimicrobiana-una-amenaza-para-la-salud-publica\/","og_site_name":"Ser integral","article_published_time":"2023-09-01T15:58:03+00:00","og_image":[{"width":710,"height":462,"url":"https:\/\/fai.org.co\/serintegral\/wp-content\/uploads\/2023\/09\/Captura.jpg","type":"image\/jpeg"}],"twitter_card":"summary_large_image","twitter_misc":{"Escrito por":"Isabel Arroyave","Tiempo estimado de lectura":"3 minutos"},"schema":{"@context":"https:\/\/schema.org","@graph":[{"@type":"WebSite","@id":"https:\/\/fai.org.co\/serintegral\/#website","url":"https:\/\/fai.org.co\/serintegral\/","name":"Ser integral","description":"","potentialAction":[{"@type":"SearchAction","target":{"@type":"EntryPoint","urlTemplate":"https:\/\/fai.org.co\/serintegral\/?s={search_term_string}"},"query-input":"required name=search_term_string"}],"inLanguage":"es-CO"},{"@type":"ImageObject","@id":"https:\/\/fai.org.co\/serintegral\/sin-categoria\/resistencia-antimicrobiana-una-amenaza-para-la-salud-publica\/#primaryimage","inLanguage":"es-CO","url":"https:\/\/fai.org.co\/serintegral\/wp-content\/uploads\/2023\/09\/Captura.jpg","contentUrl":"https:\/\/fai.org.co\/serintegral\/wp-content\/uploads\/2023\/09\/Captura.jpg","width":710,"height":462},{"@type":"WebPage","@id":"https:\/\/fai.org.co\/serintegral\/sin-categoria\/resistencia-antimicrobiana-una-amenaza-para-la-salud-publica\/#webpage","url":"https:\/\/fai.org.co\/serintegral\/sin-categoria\/resistencia-antimicrobiana-una-amenaza-para-la-salud-publica\/","name":"Resistencia antimicrobiana \u00bfUna amenaza para la salud p\u00fablica? - Ser integral","isPartOf":{"@id":"https:\/\/fai.org.co\/serintegral\/#website"},"primaryImageOfPage":{"@id":"https:\/\/fai.org.co\/serintegral\/sin-categoria\/resistencia-antimicrobiana-una-amenaza-para-la-salud-publica\/#primaryimage"},"datePublished":"2023-09-01T15:58:03+00:00","dateModified":"2023-09-01T15:58:03+00:00","author":{"@id":"https:\/\/fai.org.co\/serintegral\/#\/schema\/person\/74dd1a4f199288dd897a5596d0ffce8d"},"breadcrumb":{"@id":"https:\/\/fai.org.co\/serintegral\/sin-categoria\/resistencia-antimicrobiana-una-amenaza-para-la-salud-publica\/#breadcrumb"},"inLanguage":"es-CO","potentialAction":[{"@type":"ReadAction","target":["https:\/\/fai.org.co\/serintegral\/sin-categoria\/resistencia-antimicrobiana-una-amenaza-para-la-salud-publica\/"]}]},{"@type":"BreadcrumbList","@id":"https:\/\/fai.org.co\/serintegral\/sin-categoria\/resistencia-antimicrobiana-una-amenaza-para-la-salud-publica\/#breadcrumb","itemListElement":[{"@type":"ListItem","position":1,"name":"Inicio","item":"https:\/\/fai.org.co\/serintegral\/"},{"@type":"ListItem","position":2,"name":"Resistencia antimicrobiana \u00bfUna amenaza para la salud p\u00fablica?"}]},{"@type":"Person","@id":"https:\/\/fai.org.co\/serintegral\/#\/schema\/person\/74dd1a4f199288dd897a5596d0ffce8d","name":"Isabel Arroyave","image":{"@type":"ImageObject","@id":"https:\/\/fai.org.co\/serintegral\/#personlogo","inLanguage":"es-CO","url":"https:\/\/secure.gravatar.com\/avatar\/c77ed908fda95f30709d773f4a4ede4bf137f7206d1cb98ae6bb01840a1990f0?s=96&d=mm&r=g","contentUrl":"https:\/\/secure.gravatar.com\/avatar\/c77ed908fda95f30709d773f4a4ede4bf137f7206d1cb98ae6bb01840a1990f0?s=96&d=mm&r=g","caption":"Isabel Arroyave"},"url":"https:\/\/fai.org.co\/serintegral\/author\/isabel-arroyave\/"}]}},"jetpack_featured_media_url":"https:\/\/fai.org.co\/serintegral\/wp-content\/uploads\/2023\/09\/Captura.jpg","_links":{"self":[{"href":"https:\/\/fai.org.co\/serintegral\/wp-json\/wp\/v2\/posts\/2638","targetHints":{"allow":["GET"]}}],"collection":[{"href":"https:\/\/fai.org.co\/serintegral\/wp-json\/wp\/v2\/posts"}],"about":[{"href":"https:\/\/fai.org.co\/serintegral\/wp-json\/wp\/v2\/types\/post"}],"author":[{"embeddable":true,"href":"https:\/\/fai.org.co\/serintegral\/wp-json\/wp\/v2\/users\/3"}],"replies":[{"embeddable":true,"href":"https:\/\/fai.org.co\/serintegral\/wp-json\/wp\/v2\/comments?post=2638"}],"version-history":[{"count":1,"href":"https:\/\/fai.org.co\/serintegral\/wp-json\/wp\/v2\/posts\/2638\/revisions"}],"predecessor-version":[{"id":2640,"href":"https:\/\/fai.org.co\/serintegral\/wp-json\/wp\/v2\/posts\/2638\/revisions\/2640"}],"wp:featuredmedia":[{"embeddable":true,"href":"https:\/\/fai.org.co\/serintegral\/wp-json\/wp\/v2\/media\/2639"}],"wp:attachment":[{"href":"https:\/\/fai.org.co\/serintegral\/wp-json\/wp\/v2\/media?parent=2638"}],"wp:term":[{"taxonomy":"category","embeddable":true,"href":"https:\/\/fai.org.co\/serintegral\/wp-json\/wp\/v2\/categories?post=2638"},{"taxonomy":"post_tag","embeddable":true,"href":"https:\/\/fai.org.co\/serintegral\/wp-json\/wp\/v2\/tags?post=2638"}],"curies":[{"name":"wp","href":"https:\/\/api.w.org\/{rel}","templated":true}]}}