{"id":2641,"date":"2023-09-01T11:01:17","date_gmt":"2023-09-01T16:01:17","guid":{"rendered":"https:\/\/fai.org.co\/serintegral\/?p=2641"},"modified":"2023-09-01T11:01:17","modified_gmt":"2023-09-01T16:01:17","slug":"todo-lo-que-debes-sabes-sobre-la-nueva-variante-de-covid-19","status":"publish","type":"post","link":"https:\/\/fai.org.co\/serintegral\/sin-categoria\/todo-lo-que-debes-sabes-sobre-la-nueva-variante-de-covid-19\/","title":{"rendered":"Todo lo que debes sabes sobre la nueva variante de COVID-19"},"content":{"rendered":"<p>Desde la pandemia, el COVID-19 ha estado presente en nuestras vidas. Esta fue una \u00e9poca complicada por las medidas de bioseguridad, cuarentena y la cantidad de vidas perdidas a manos de esta enfermedad.<\/p>\n<p>&nbsp;<\/p>\n<p>Esta nueva variante llamada EG.5, es un derivado de la variante XBB, perteneciente a la familia \u00f3micron, y constituye un ajuste adicional gradual del virus, en lugar de representar un cambio evolutivo significativo similar al de la cepa \u00f3micron original.<\/p>\n<p>En comparaci\u00f3n con su precursor, la variante XBB.1,9.2, EG presenta una mutaci\u00f3n extra en la regi\u00f3n de la prote\u00edna de pico, espec\u00edficamente en la posici\u00f3n 465. Esta misma mutaci\u00f3n ya hab\u00eda aparecido en otras variantes de coronavirus en el pasado. Aunque no se tiene certeza sobre los nuevos comportamientos que esta mutaci\u00f3n le confiere al virus, los expertos en variantes del virus est\u00e1n vigilantes, debido a que varios descendientes recientes de XBB han adoptado esta misma mutaci\u00f3n.<\/p>\n<p>&nbsp;<\/p>\n<p>A pesar de esto, no hay que alarmarse, la OMS la clasifico como variante bajo vigilancia, y el riesgo para la salud p\u00fablica que plantea EG.5 se ha evaluado como bajo.<\/p>\n<p>Seg\u00fan la Organizaci\u00f3n Panamericana de la Salud (OPS), se han reportado infecciones por EG.5 en pa\u00edses de la regi\u00f3n, como Rep\u00fablica Dominicana, Costa Rica, Canad\u00e1, Estados Unidos y Colombia.<\/p>\n<p>Cl\u00ednicamente, estas variantes no est\u00e1n causando s\u00edntomas nuevos o de m\u00e1s gravedad que los virus anteriores, pero si est\u00e1 ganando m\u00e1s terreno, lo cual no necesariamente nos debe preocupar, pero de igual manera se est\u00e1 monitoreando constantemente. La variante se ha convertido en la m\u00e1s prevalente en Estados Unidos, en un momento en el que se est\u00e1n registrando incrementos en los casos, las admisiones a las salas de emergencia y las hospitalizaciones. Sin embargo, no existen indicios que respalden la noci\u00f3n de que esta variante en particular sea la responsable de estos aumentos.<\/p>\n<p>En conclusi\u00f3n, esta variante puede estar causando aumentos de casos en ciertos pa\u00edses como Colombia, pero no mayor a sus antecesoras. En lo que respecta a su grado de contagio, sus s\u00edntomas o su probabilidad de provocar una enfermedad grave, se est\u00e1 comportando igual que las variantes conocidas.<\/p>\n","protected":false},"excerpt":{"rendered":"<p>Desde la pandemia, el COVID-19 ha estado presente en nuestras vidas. Esta fue una \u00e9poca complicada por las medidas de bioseguridad, cuarentena y la cantidad de vidas perdidas a manos de esta enfermedad. &nbsp; Esta nueva variante llamada EG.5, es un derivado de la variante XBB, perteneciente a la familia \u00f3micron, y constituye un ajuste [&hellip;]<\/p>\n","protected":false},"author":3,"featured_media":2642,"comment_status":"open","ping_status":"open","sticky":false,"template":"","format":"standard","meta":{"_monsterinsights_skip_tracking":false,"_monsterinsights_sitenote_active":false,"_monsterinsights_sitenote_note":"","_monsterinsights_sitenote_category":0,"spay_email":"","footnotes":""},"categories":[1],"tags":[],"class_list":["post-2641","post","type-post","status-publish","format-standard","has-post-thumbnail","hentry","category-sin-categoria"],"aioseo_notices":[],"yoast_head":"<!-- This site is optimized with the Yoast SEO plugin v17.5 - https:\/\/yoast.com\/wordpress\/plugins\/seo\/ -->\n<title>Todo lo que debes sabes sobre la nueva variante de COVID-19 - Ser integral<\/title>\n<meta name=\"robots\" content=\"index, follow, max-snippet:-1, max-image-preview:large, max-video-preview:-1\" \/>\n<link rel=\"canonical\" href=\"https:\/\/fai.org.co\/serintegral\/sin-categoria\/todo-lo-que-debes-sabes-sobre-la-nueva-variante-de-covid-19\/\" \/>\n<meta property=\"og:locale\" content=\"es_ES\" \/>\n<meta property=\"og:type\" content=\"article\" \/>\n<meta property=\"og:title\" content=\"Todo lo que debes sabes sobre la nueva variante de COVID-19 - Ser integral\" \/>\n<meta property=\"og:description\" content=\"Desde la pandemia, el COVID-19 ha estado presente en nuestras vidas. Esta fue una \u00e9poca complicada por las medidas de bioseguridad, cuarentena y la cantidad de vidas perdidas a manos de esta enfermedad. &nbsp; Esta nueva variante llamada EG.5, es un derivado de la variante XBB, perteneciente a la familia \u00f3micron, y constituye un ajuste [&hellip;]\" \/>\n<meta property=\"og:url\" content=\"https:\/\/fai.org.co\/serintegral\/sin-categoria\/todo-lo-que-debes-sabes-sobre-la-nueva-variante-de-covid-19\/\" \/>\n<meta property=\"og:site_name\" content=\"Ser integral\" \/>\n<meta property=\"article:published_time\" content=\"2023-09-01T16:01:17+00:00\" \/>\n<meta property=\"og:image\" content=\"https:\/\/fai.org.co\/serintegral\/wp-content\/uploads\/2023\/09\/Captura-1.jpg\" \/>\n\t<meta property=\"og:image:width\" content=\"667\" \/>\n\t<meta property=\"og:image:height\" content=\"443\" \/>\n<meta name=\"twitter:card\" content=\"summary_large_image\" \/>\n<meta name=\"twitter:label1\" content=\"Escrito por\" \/>\n\t<meta name=\"twitter:data1\" content=\"Isabel Arroyave\" \/>\n\t<meta name=\"twitter:label2\" content=\"Tiempo estimado de lectura\" \/>\n\t<meta name=\"twitter:data2\" content=\"2 minutos\" \/>\n<script type=\"application\/ld+json\" class=\"yoast-schema-graph\">{\"@context\":\"https:\/\/schema.org\",\"@graph\":[{\"@type\":\"WebSite\",\"@id\":\"https:\/\/fai.org.co\/serintegral\/#website\",\"url\":\"https:\/\/fai.org.co\/serintegral\/\",\"name\":\"Ser integral\",\"description\":\"\",\"potentialAction\":[{\"@type\":\"SearchAction\",\"target\":{\"@type\":\"EntryPoint\",\"urlTemplate\":\"https:\/\/fai.org.co\/serintegral\/?s={search_term_string}\"},\"query-input\":\"required name=search_term_string\"}],\"inLanguage\":\"es-CO\"},{\"@type\":\"ImageObject\",\"@id\":\"https:\/\/fai.org.co\/serintegral\/sin-categoria\/todo-lo-que-debes-sabes-sobre-la-nueva-variante-de-covid-19\/#primaryimage\",\"inLanguage\":\"es-CO\",\"url\":\"https:\/\/fai.org.co\/serintegral\/wp-content\/uploads\/2023\/09\/Captura-1.jpg\",\"contentUrl\":\"https:\/\/fai.org.co\/serintegral\/wp-content\/uploads\/2023\/09\/Captura-1.jpg\",\"width\":667,\"height\":443},{\"@type\":\"WebPage\",\"@id\":\"https:\/\/fai.org.co\/serintegral\/sin-categoria\/todo-lo-que-debes-sabes-sobre-la-nueva-variante-de-covid-19\/#webpage\",\"url\":\"https:\/\/fai.org.co\/serintegral\/sin-categoria\/todo-lo-que-debes-sabes-sobre-la-nueva-variante-de-covid-19\/\",\"name\":\"Todo lo que debes sabes sobre la nueva variante de COVID-19 - Ser integral\",\"isPartOf\":{\"@id\":\"https:\/\/fai.org.co\/serintegral\/#website\"},\"primaryImageOfPage\":{\"@id\":\"https:\/\/fai.org.co\/serintegral\/sin-categoria\/todo-lo-que-debes-sabes-sobre-la-nueva-variante-de-covid-19\/#primaryimage\"},\"datePublished\":\"2023-09-01T16:01:17+00:00\",\"dateModified\":\"2023-09-01T16:01:17+00:00\",\"author\":{\"@id\":\"https:\/\/fai.org.co\/serintegral\/#\/schema\/person\/74dd1a4f199288dd897a5596d0ffce8d\"},\"breadcrumb\":{\"@id\":\"https:\/\/fai.org.co\/serintegral\/sin-categoria\/todo-lo-que-debes-sabes-sobre-la-nueva-variante-de-covid-19\/#breadcrumb\"},\"inLanguage\":\"es-CO\",\"potentialAction\":[{\"@type\":\"ReadAction\",\"target\":[\"https:\/\/fai.org.co\/serintegral\/sin-categoria\/todo-lo-que-debes-sabes-sobre-la-nueva-variante-de-covid-19\/\"]}]},{\"@type\":\"BreadcrumbList\",\"@id\":\"https:\/\/fai.org.co\/serintegral\/sin-categoria\/todo-lo-que-debes-sabes-sobre-la-nueva-variante-de-covid-19\/#breadcrumb\",\"itemListElement\":[{\"@type\":\"ListItem\",\"position\":1,\"name\":\"Inicio\",\"item\":\"https:\/\/fai.org.co\/serintegral\/\"},{\"@type\":\"ListItem\",\"position\":2,\"name\":\"Todo lo que debes sabes sobre la nueva variante de COVID-19\"}]},{\"@type\":\"Person\",\"@id\":\"https:\/\/fai.org.co\/serintegral\/#\/schema\/person\/74dd1a4f199288dd897a5596d0ffce8d\",\"name\":\"Isabel Arroyave\",\"image\":{\"@type\":\"ImageObject\",\"@id\":\"https:\/\/fai.org.co\/serintegral\/#personlogo\",\"inLanguage\":\"es-CO\",\"url\":\"https:\/\/secure.gravatar.com\/avatar\/c77ed908fda95f30709d773f4a4ede4bf137f7206d1cb98ae6bb01840a1990f0?s=96&d=mm&r=g\",\"contentUrl\":\"https:\/\/secure.gravatar.com\/avatar\/c77ed908fda95f30709d773f4a4ede4bf137f7206d1cb98ae6bb01840a1990f0?s=96&d=mm&r=g\",\"caption\":\"Isabel Arroyave\"},\"url\":\"https:\/\/fai.org.co\/serintegral\/author\/isabel-arroyave\/\"}]}<\/script>\n<!-- \/ Yoast SEO plugin. -->","yoast_head_json":{"title":"Todo lo que debes sabes sobre la nueva variante de COVID-19 - Ser integral","robots":{"index":"index","follow":"follow","max-snippet":"max-snippet:-1","max-image-preview":"max-image-preview:large","max-video-preview":"max-video-preview:-1"},"canonical":"https:\/\/fai.org.co\/serintegral\/sin-categoria\/todo-lo-que-debes-sabes-sobre-la-nueva-variante-de-covid-19\/","og_locale":"es_ES","og_type":"article","og_title":"Todo lo que debes sabes sobre la nueva variante de COVID-19 - Ser integral","og_description":"Desde la pandemia, el COVID-19 ha estado presente en nuestras vidas. Esta fue una \u00e9poca complicada por las medidas de bioseguridad, cuarentena y la cantidad de vidas perdidas a manos de esta enfermedad. &nbsp; Esta nueva variante llamada EG.5, es un derivado de la variante XBB, perteneciente a la familia \u00f3micron, y constituye un ajuste [&hellip;]","og_url":"https:\/\/fai.org.co\/serintegral\/sin-categoria\/todo-lo-que-debes-sabes-sobre-la-nueva-variante-de-covid-19\/","og_site_name":"Ser integral","article_published_time":"2023-09-01T16:01:17+00:00","og_image":[{"width":667,"height":443,"url":"https:\/\/fai.org.co\/serintegral\/wp-content\/uploads\/2023\/09\/Captura-1.jpg","type":"image\/jpeg"}],"twitter_card":"summary_large_image","twitter_misc":{"Escrito por":"Isabel Arroyave","Tiempo estimado de lectura":"2 minutos"},"schema":{"@context":"https:\/\/schema.org","@graph":[{"@type":"WebSite","@id":"https:\/\/fai.org.co\/serintegral\/#website","url":"https:\/\/fai.org.co\/serintegral\/","name":"Ser integral","description":"","potentialAction":[{"@type":"SearchAction","target":{"@type":"EntryPoint","urlTemplate":"https:\/\/fai.org.co\/serintegral\/?s={search_term_string}"},"query-input":"required name=search_term_string"}],"inLanguage":"es-CO"},{"@type":"ImageObject","@id":"https:\/\/fai.org.co\/serintegral\/sin-categoria\/todo-lo-que-debes-sabes-sobre-la-nueva-variante-de-covid-19\/#primaryimage","inLanguage":"es-CO","url":"https:\/\/fai.org.co\/serintegral\/wp-content\/uploads\/2023\/09\/Captura-1.jpg","contentUrl":"https:\/\/fai.org.co\/serintegral\/wp-content\/uploads\/2023\/09\/Captura-1.jpg","width":667,"height":443},{"@type":"WebPage","@id":"https:\/\/fai.org.co\/serintegral\/sin-categoria\/todo-lo-que-debes-sabes-sobre-la-nueva-variante-de-covid-19\/#webpage","url":"https:\/\/fai.org.co\/serintegral\/sin-categoria\/todo-lo-que-debes-sabes-sobre-la-nueva-variante-de-covid-19\/","name":"Todo lo que debes sabes sobre la nueva variante de COVID-19 - Ser integral","isPartOf":{"@id":"https:\/\/fai.org.co\/serintegral\/#website"},"primaryImageOfPage":{"@id":"https:\/\/fai.org.co\/serintegral\/sin-categoria\/todo-lo-que-debes-sabes-sobre-la-nueva-variante-de-covid-19\/#primaryimage"},"datePublished":"2023-09-01T16:01:17+00:00","dateModified":"2023-09-01T16:01:17+00:00","author":{"@id":"https:\/\/fai.org.co\/serintegral\/#\/schema\/person\/74dd1a4f199288dd897a5596d0ffce8d"},"breadcrumb":{"@id":"https:\/\/fai.org.co\/serintegral\/sin-categoria\/todo-lo-que-debes-sabes-sobre-la-nueva-variante-de-covid-19\/#breadcrumb"},"inLanguage":"es-CO","potentialAction":[{"@type":"ReadAction","target":["https:\/\/fai.org.co\/serintegral\/sin-categoria\/todo-lo-que-debes-sabes-sobre-la-nueva-variante-de-covid-19\/"]}]},{"@type":"BreadcrumbList","@id":"https:\/\/fai.org.co\/serintegral\/sin-categoria\/todo-lo-que-debes-sabes-sobre-la-nueva-variante-de-covid-19\/#breadcrumb","itemListElement":[{"@type":"ListItem","position":1,"name":"Inicio","item":"https:\/\/fai.org.co\/serintegral\/"},{"@type":"ListItem","position":2,"name":"Todo lo que debes sabes sobre la nueva variante de COVID-19"}]},{"@type":"Person","@id":"https:\/\/fai.org.co\/serintegral\/#\/schema\/person\/74dd1a4f199288dd897a5596d0ffce8d","name":"Isabel Arroyave","image":{"@type":"ImageObject","@id":"https:\/\/fai.org.co\/serintegral\/#personlogo","inLanguage":"es-CO","url":"https:\/\/secure.gravatar.com\/avatar\/c77ed908fda95f30709d773f4a4ede4bf137f7206d1cb98ae6bb01840a1990f0?s=96&d=mm&r=g","contentUrl":"https:\/\/secure.gravatar.com\/avatar\/c77ed908fda95f30709d773f4a4ede4bf137f7206d1cb98ae6bb01840a1990f0?s=96&d=mm&r=g","caption":"Isabel Arroyave"},"url":"https:\/\/fai.org.co\/serintegral\/author\/isabel-arroyave\/"}]}},"jetpack_featured_media_url":"https:\/\/fai.org.co\/serintegral\/wp-content\/uploads\/2023\/09\/Captura-1.jpg","_links":{"self":[{"href":"https:\/\/fai.org.co\/serintegral\/wp-json\/wp\/v2\/posts\/2641","targetHints":{"allow":["GET"]}}],"collection":[{"href":"https:\/\/fai.org.co\/serintegral\/wp-json\/wp\/v2\/posts"}],"about":[{"href":"https:\/\/fai.org.co\/serintegral\/wp-json\/wp\/v2\/types\/post"}],"author":[{"embeddable":true,"href":"https:\/\/fai.org.co\/serintegral\/wp-json\/wp\/v2\/users\/3"}],"replies":[{"embeddable":true,"href":"https:\/\/fai.org.co\/serintegral\/wp-json\/wp\/v2\/comments?post=2641"}],"version-history":[{"count":1,"href":"https:\/\/fai.org.co\/serintegral\/wp-json\/wp\/v2\/posts\/2641\/revisions"}],"predecessor-version":[{"id":2643,"href":"https:\/\/fai.org.co\/serintegral\/wp-json\/wp\/v2\/posts\/2641\/revisions\/2643"}],"wp:featuredmedia":[{"embeddable":true,"href":"https:\/\/fai.org.co\/serintegral\/wp-json\/wp\/v2\/media\/2642"}],"wp:attachment":[{"href":"https:\/\/fai.org.co\/serintegral\/wp-json\/wp\/v2\/media?parent=2641"}],"wp:term":[{"taxonomy":"category","embeddable":true,"href":"https:\/\/fai.org.co\/serintegral\/wp-json\/wp\/v2\/categories?post=2641"},{"taxonomy":"post_tag","embeddable":true,"href":"https:\/\/fai.org.co\/serintegral\/wp-json\/wp\/v2\/tags?post=2641"}],"curies":[{"name":"wp","href":"https:\/\/api.w.org\/{rel}","templated":true}]}}