{"id":2645,"date":"2023-10-18T09:45:39","date_gmt":"2023-10-18T14:45:39","guid":{"rendered":"https:\/\/fai.org.co\/serintegral\/?p=2645"},"modified":"2023-10-18T09:45:39","modified_gmt":"2023-10-18T14:45:39","slug":"minsalud-anuncia-4-jornadas-de-intensificacion-de-vacunacion-en-el-pais","status":"publish","type":"post","link":"https:\/\/fai.org.co\/serintegral\/neumonia\/minsalud-anuncia-4-jornadas-de-intensificacion-de-vacunacion-en-el-pais\/","title":{"rendered":"Minsalud anuncia 4 jornadas de intensificaci\u00f3n de vacunaci\u00f3n en el pa\u00eds"},"content":{"rendered":"<p>Para prevenir el riesgo que representan los esquemas incompletos de vacunaci\u00f3n, sobre todo en menores de edad y personas mayores, adem\u00e1s de la poblaci\u00f3n en general. El ministerio de salud propuso cuatro jornadas intensivas de vacunaci\u00f3n en lo que resta del a\u00f1o.<\/p>\n<p>Las cuatro jornadas se llevar\u00e1n a cabo en 4 fechas: 30 de septiembre, 21 de octubre, 18 de noviembre y 16 de diciembre. En dichas jornadas estar\u00e1n disponibles en todos los puntos de vacunaci\u00f3n, 22 vacunas que protegen contra 30 enfermedades,<\/p>\n<p>Esta estrategia tambi\u00e9n se enfoca en la prevenci\u00f3n del c\u00e1ncer de cuello uterino con la vacuna contra el virus del papiloma humano, y en la reducci\u00f3n de riesgos de enfermedades prevenibles durante la gestaci\u00f3n.<\/p>\n<p>Otra de las razones para la realizaci\u00f3n de esta jornada, es que el 80% de los ni\u00f1os y ni\u00f1as con esquemas de vacunaci\u00f3n incompletos est\u00e1n concentrados en 82 municipios del pa\u00eds, y el 50% de los infantes, sin la tercera dosis de Pentavalente se encuentran en 13 municipios.<\/p>\n<p>De este modo, el departamento de salud se esfuerza por recuperar y superar las tasas de cobertura previas a la pandemia. Esto se lograr\u00e1 mediante la vacunaci\u00f3n de m\u00e1s de 16.000 ni\u00f1os contra el sarampi\u00f3n, la rub\u00e9ola, las paperas y la varicela, adem\u00e1s de administrar biol\u00f3gicos a aquellos que a\u00fan no han recibido la tercera dosis para prevenir la hepatitis A, la difteria, el t\u00e9tanos, la tosferina, la hepatitis B, la meningitis, la neumon\u00eda, la otitis causada por <em>Haemophilus,<\/em> la infecci\u00f3n por influenza tipo B y la poliomielitis.<\/p>\n<p>As\u00ed que ya sabes, si necesitas completar tu esquema de vacunaci\u00f3n, puedes acercarte a los puntos de vacunaci\u00f3n en las fechas establecidas, para recibir las dosis necesarias, recuerda que es muy importante contar con tus vacunas al d\u00eda, as\u00ed te proteges y proteges a los dem\u00e1s a tu alrededor.<\/p>\n","protected":false},"excerpt":{"rendered":"<p>Para prevenir el riesgo que representan los esquemas incompletos de vacunaci\u00f3n, sobre todo en menores de edad y personas mayores, adem\u00e1s de la poblaci\u00f3n en general. El ministerio de salud propuso cuatro jornadas intensivas de vacunaci\u00f3n en lo que resta del a\u00f1o. Las cuatro jornadas se llevar\u00e1n a cabo en 4 fechas: 30 de septiembre, [&hellip;]<\/p>\n","protected":false},"author":2,"featured_media":2646,"comment_status":"open","ping_status":"open","sticky":false,"template":"","format":"standard","meta":{"_monsterinsights_skip_tracking":false,"_monsterinsights_sitenote_active":false,"_monsterinsights_sitenote_note":"","_monsterinsights_sitenote_category":0,"spay_email":"","footnotes":""},"categories":[10],"tags":[],"class_list":["post-2645","post","type-post","status-publish","format-standard","has-post-thumbnail","hentry","category-neumonia"],"aioseo_notices":[],"yoast_head":"<!-- This site is optimized with the Yoast SEO plugin v17.5 - https:\/\/yoast.com\/wordpress\/plugins\/seo\/ -->\n<title>Minsalud anuncia 4 jornadas de intensificaci\u00f3n de vacunaci\u00f3n en el pa\u00eds - Ser integral<\/title>\n<meta name=\"robots\" content=\"index, follow, max-snippet:-1, max-image-preview:large, max-video-preview:-1\" \/>\n<link rel=\"canonical\" href=\"https:\/\/fai.org.co\/serintegral\/neumonia\/minsalud-anuncia-4-jornadas-de-intensificacion-de-vacunacion-en-el-pais\/\" \/>\n<meta property=\"og:locale\" content=\"es_ES\" \/>\n<meta property=\"og:type\" content=\"article\" \/>\n<meta property=\"og:title\" content=\"Minsalud anuncia 4 jornadas de intensificaci\u00f3n de vacunaci\u00f3n en el pa\u00eds - Ser integral\" \/>\n<meta property=\"og:description\" content=\"Para prevenir el riesgo que representan los esquemas incompletos de vacunaci\u00f3n, sobre todo en menores de edad y personas mayores, adem\u00e1s de la poblaci\u00f3n en general. El ministerio de salud propuso cuatro jornadas intensivas de vacunaci\u00f3n en lo que resta del a\u00f1o. Las cuatro jornadas se llevar\u00e1n a cabo en 4 fechas: 30 de septiembre, [&hellip;]\" \/>\n<meta property=\"og:url\" content=\"https:\/\/fai.org.co\/serintegral\/neumonia\/minsalud-anuncia-4-jornadas-de-intensificacion-de-vacunacion-en-el-pais\/\" \/>\n<meta property=\"og:site_name\" content=\"Ser integral\" \/>\n<meta property=\"article:published_time\" content=\"2023-10-18T14:45:39+00:00\" \/>\n<meta property=\"og:image\" content=\"https:\/\/fai.org.co\/serintegral\/wp-content\/uploads\/2023\/10\/VACUNACION-FOTO-ARCHIVO-1.jpg\" \/>\n\t<meta property=\"og:image:width\" content=\"750\" \/>\n\t<meta property=\"og:image:height\" content=\"500\" \/>\n<meta name=\"twitter:card\" content=\"summary_large_image\" \/>\n<meta name=\"twitter:label1\" content=\"Escrito por\" \/>\n\t<meta name=\"twitter:data1\" content=\"ser_integral\" \/>\n\t<meta name=\"twitter:label2\" content=\"Tiempo estimado de lectura\" \/>\n\t<meta name=\"twitter:data2\" content=\"2 minutos\" \/>\n<script type=\"application\/ld+json\" class=\"yoast-schema-graph\">{\"@context\":\"https:\/\/schema.org\",\"@graph\":[{\"@type\":\"WebSite\",\"@id\":\"https:\/\/fai.org.co\/serintegral\/#website\",\"url\":\"https:\/\/fai.org.co\/serintegral\/\",\"name\":\"Ser integral\",\"description\":\"\",\"potentialAction\":[{\"@type\":\"SearchAction\",\"target\":{\"@type\":\"EntryPoint\",\"urlTemplate\":\"https:\/\/fai.org.co\/serintegral\/?s={search_term_string}\"},\"query-input\":\"required name=search_term_string\"}],\"inLanguage\":\"es-CO\"},{\"@type\":\"ImageObject\",\"@id\":\"https:\/\/fai.org.co\/serintegral\/neumonia\/minsalud-anuncia-4-jornadas-de-intensificacion-de-vacunacion-en-el-pais\/#primaryimage\",\"inLanguage\":\"es-CO\",\"url\":\"https:\/\/fai.org.co\/serintegral\/wp-content\/uploads\/2023\/10\/VACUNACION-FOTO-ARCHIVO-1.jpg\",\"contentUrl\":\"https:\/\/fai.org.co\/serintegral\/wp-content\/uploads\/2023\/10\/VACUNACION-FOTO-ARCHIVO-1.jpg\",\"width\":750,\"height\":500},{\"@type\":\"WebPage\",\"@id\":\"https:\/\/fai.org.co\/serintegral\/neumonia\/minsalud-anuncia-4-jornadas-de-intensificacion-de-vacunacion-en-el-pais\/#webpage\",\"url\":\"https:\/\/fai.org.co\/serintegral\/neumonia\/minsalud-anuncia-4-jornadas-de-intensificacion-de-vacunacion-en-el-pais\/\",\"name\":\"Minsalud anuncia 4 jornadas de intensificaci\\u00f3n de vacunaci\\u00f3n en el pa\\u00eds - Ser integral\",\"isPartOf\":{\"@id\":\"https:\/\/fai.org.co\/serintegral\/#website\"},\"primaryImageOfPage\":{\"@id\":\"https:\/\/fai.org.co\/serintegral\/neumonia\/minsalud-anuncia-4-jornadas-de-intensificacion-de-vacunacion-en-el-pais\/#primaryimage\"},\"datePublished\":\"2023-10-18T14:45:39+00:00\",\"dateModified\":\"2023-10-18T14:45:39+00:00\",\"author\":{\"@id\":\"https:\/\/fai.org.co\/serintegral\/#\/schema\/person\/07947feccb7e085e4a0897f398e7e09c\"},\"breadcrumb\":{\"@id\":\"https:\/\/fai.org.co\/serintegral\/neumonia\/minsalud-anuncia-4-jornadas-de-intensificacion-de-vacunacion-en-el-pais\/#breadcrumb\"},\"inLanguage\":\"es-CO\",\"potentialAction\":[{\"@type\":\"ReadAction\",\"target\":[\"https:\/\/fai.org.co\/serintegral\/neumonia\/minsalud-anuncia-4-jornadas-de-intensificacion-de-vacunacion-en-el-pais\/\"]}]},{\"@type\":\"BreadcrumbList\",\"@id\":\"https:\/\/fai.org.co\/serintegral\/neumonia\/minsalud-anuncia-4-jornadas-de-intensificacion-de-vacunacion-en-el-pais\/#breadcrumb\",\"itemListElement\":[{\"@type\":\"ListItem\",\"position\":1,\"name\":\"Inicio\",\"item\":\"https:\/\/fai.org.co\/serintegral\/\"},{\"@type\":\"ListItem\",\"position\":2,\"name\":\"Minsalud anuncia 4 jornadas de intensificaci\\u00f3n de vacunaci\\u00f3n en el pa\\u00eds\"}]},{\"@type\":\"Person\",\"@id\":\"https:\/\/fai.org.co\/serintegral\/#\/schema\/person\/07947feccb7e085e4a0897f398e7e09c\",\"name\":\"ser_integral\",\"image\":{\"@type\":\"ImageObject\",\"@id\":\"https:\/\/fai.org.co\/serintegral\/#personlogo\",\"inLanguage\":\"es-CO\",\"url\":\"https:\/\/secure.gravatar.com\/avatar\/d019f5050c26fda22d47330ce0f99cf86745e4f9d41b4f7de838ecf51eeb5eaa?s=96&d=mm&r=g\",\"contentUrl\":\"https:\/\/secure.gravatar.com\/avatar\/d019f5050c26fda22d47330ce0f99cf86745e4f9d41b4f7de838ecf51eeb5eaa?s=96&d=mm&r=g\",\"caption\":\"ser_integral\"},\"url\":\"https:\/\/fai.org.co\/serintegral\/author\/ser_integral\/\"}]}<\/script>\n<!-- \/ Yoast SEO plugin. -->","yoast_head_json":{"title":"Minsalud anuncia 4 jornadas de intensificaci\u00f3n de vacunaci\u00f3n en el pa\u00eds - Ser integral","robots":{"index":"index","follow":"follow","max-snippet":"max-snippet:-1","max-image-preview":"max-image-preview:large","max-video-preview":"max-video-preview:-1"},"canonical":"https:\/\/fai.org.co\/serintegral\/neumonia\/minsalud-anuncia-4-jornadas-de-intensificacion-de-vacunacion-en-el-pais\/","og_locale":"es_ES","og_type":"article","og_title":"Minsalud anuncia 4 jornadas de intensificaci\u00f3n de vacunaci\u00f3n en el pa\u00eds - Ser integral","og_description":"Para prevenir el riesgo que representan los esquemas incompletos de vacunaci\u00f3n, sobre todo en menores de edad y personas mayores, adem\u00e1s de la poblaci\u00f3n en general. El ministerio de salud propuso cuatro jornadas intensivas de vacunaci\u00f3n en lo que resta del a\u00f1o. Las cuatro jornadas se llevar\u00e1n a cabo en 4 fechas: 30 de septiembre, [&hellip;]","og_url":"https:\/\/fai.org.co\/serintegral\/neumonia\/minsalud-anuncia-4-jornadas-de-intensificacion-de-vacunacion-en-el-pais\/","og_site_name":"Ser integral","article_published_time":"2023-10-18T14:45:39+00:00","og_image":[{"width":750,"height":500,"url":"https:\/\/fai.org.co\/serintegral\/wp-content\/uploads\/2023\/10\/VACUNACION-FOTO-ARCHIVO-1.jpg","type":"image\/jpeg"}],"twitter_card":"summary_large_image","twitter_misc":{"Escrito por":"ser_integral","Tiempo estimado de lectura":"2 minutos"},"schema":{"@context":"https:\/\/schema.org","@graph":[{"@type":"WebSite","@id":"https:\/\/fai.org.co\/serintegral\/#website","url":"https:\/\/fai.org.co\/serintegral\/","name":"Ser integral","description":"","potentialAction":[{"@type":"SearchAction","target":{"@type":"EntryPoint","urlTemplate":"https:\/\/fai.org.co\/serintegral\/?s={search_term_string}"},"query-input":"required name=search_term_string"}],"inLanguage":"es-CO"},{"@type":"ImageObject","@id":"https:\/\/fai.org.co\/serintegral\/neumonia\/minsalud-anuncia-4-jornadas-de-intensificacion-de-vacunacion-en-el-pais\/#primaryimage","inLanguage":"es-CO","url":"https:\/\/fai.org.co\/serintegral\/wp-content\/uploads\/2023\/10\/VACUNACION-FOTO-ARCHIVO-1.jpg","contentUrl":"https:\/\/fai.org.co\/serintegral\/wp-content\/uploads\/2023\/10\/VACUNACION-FOTO-ARCHIVO-1.jpg","width":750,"height":500},{"@type":"WebPage","@id":"https:\/\/fai.org.co\/serintegral\/neumonia\/minsalud-anuncia-4-jornadas-de-intensificacion-de-vacunacion-en-el-pais\/#webpage","url":"https:\/\/fai.org.co\/serintegral\/neumonia\/minsalud-anuncia-4-jornadas-de-intensificacion-de-vacunacion-en-el-pais\/","name":"Minsalud anuncia 4 jornadas de intensificaci\u00f3n de vacunaci\u00f3n en el pa\u00eds - Ser integral","isPartOf":{"@id":"https:\/\/fai.org.co\/serintegral\/#website"},"primaryImageOfPage":{"@id":"https:\/\/fai.org.co\/serintegral\/neumonia\/minsalud-anuncia-4-jornadas-de-intensificacion-de-vacunacion-en-el-pais\/#primaryimage"},"datePublished":"2023-10-18T14:45:39+00:00","dateModified":"2023-10-18T14:45:39+00:00","author":{"@id":"https:\/\/fai.org.co\/serintegral\/#\/schema\/person\/07947feccb7e085e4a0897f398e7e09c"},"breadcrumb":{"@id":"https:\/\/fai.org.co\/serintegral\/neumonia\/minsalud-anuncia-4-jornadas-de-intensificacion-de-vacunacion-en-el-pais\/#breadcrumb"},"inLanguage":"es-CO","potentialAction":[{"@type":"ReadAction","target":["https:\/\/fai.org.co\/serintegral\/neumonia\/minsalud-anuncia-4-jornadas-de-intensificacion-de-vacunacion-en-el-pais\/"]}]},{"@type":"BreadcrumbList","@id":"https:\/\/fai.org.co\/serintegral\/neumonia\/minsalud-anuncia-4-jornadas-de-intensificacion-de-vacunacion-en-el-pais\/#breadcrumb","itemListElement":[{"@type":"ListItem","position":1,"name":"Inicio","item":"https:\/\/fai.org.co\/serintegral\/"},{"@type":"ListItem","position":2,"name":"Minsalud anuncia 4 jornadas de intensificaci\u00f3n de vacunaci\u00f3n en el pa\u00eds"}]},{"@type":"Person","@id":"https:\/\/fai.org.co\/serintegral\/#\/schema\/person\/07947feccb7e085e4a0897f398e7e09c","name":"ser_integral","image":{"@type":"ImageObject","@id":"https:\/\/fai.org.co\/serintegral\/#personlogo","inLanguage":"es-CO","url":"https:\/\/secure.gravatar.com\/avatar\/d019f5050c26fda22d47330ce0f99cf86745e4f9d41b4f7de838ecf51eeb5eaa?s=96&d=mm&r=g","contentUrl":"https:\/\/secure.gravatar.com\/avatar\/d019f5050c26fda22d47330ce0f99cf86745e4f9d41b4f7de838ecf51eeb5eaa?s=96&d=mm&r=g","caption":"ser_integral"},"url":"https:\/\/fai.org.co\/serintegral\/author\/ser_integral\/"}]}},"jetpack_featured_media_url":"https:\/\/fai.org.co\/serintegral\/wp-content\/uploads\/2023\/10\/VACUNACION-FOTO-ARCHIVO-1.jpg","_links":{"self":[{"href":"https:\/\/fai.org.co\/serintegral\/wp-json\/wp\/v2\/posts\/2645","targetHints":{"allow":["GET"]}}],"collection":[{"href":"https:\/\/fai.org.co\/serintegral\/wp-json\/wp\/v2\/posts"}],"about":[{"href":"https:\/\/fai.org.co\/serintegral\/wp-json\/wp\/v2\/types\/post"}],"author":[{"embeddable":true,"href":"https:\/\/fai.org.co\/serintegral\/wp-json\/wp\/v2\/users\/2"}],"replies":[{"embeddable":true,"href":"https:\/\/fai.org.co\/serintegral\/wp-json\/wp\/v2\/comments?post=2645"}],"version-history":[{"count":1,"href":"https:\/\/fai.org.co\/serintegral\/wp-json\/wp\/v2\/posts\/2645\/revisions"}],"predecessor-version":[{"id":2647,"href":"https:\/\/fai.org.co\/serintegral\/wp-json\/wp\/v2\/posts\/2645\/revisions\/2647"}],"wp:featuredmedia":[{"embeddable":true,"href":"https:\/\/fai.org.co\/serintegral\/wp-json\/wp\/v2\/media\/2646"}],"wp:attachment":[{"href":"https:\/\/fai.org.co\/serintegral\/wp-json\/wp\/v2\/media?parent=2645"}],"wp:term":[{"taxonomy":"category","embeddable":true,"href":"https:\/\/fai.org.co\/serintegral\/wp-json\/wp\/v2\/categories?post=2645"},{"taxonomy":"post_tag","embeddable":true,"href":"https:\/\/fai.org.co\/serintegral\/wp-json\/wp\/v2\/tags?post=2645"}],"curies":[{"name":"wp","href":"https:\/\/api.w.org\/{rel}","templated":true}]}}