{"id":2656,"date":"2023-11-21T11:39:51","date_gmt":"2023-11-21T16:39:51","guid":{"rendered":"https:\/\/fai.org.co\/serintegral\/?p=2656"},"modified":"2023-11-21T11:48:24","modified_gmt":"2023-11-21T16:48:24","slug":"malestar-despues-de-la-vacuna-covid-19-esto-puede-ser-un-signo-positivo","status":"publish","type":"post","link":"https:\/\/fai.org.co\/serintegral\/sin-categoria\/malestar-despues-de-la-vacuna-covid-19-esto-puede-ser-un-signo-positivo\/","title":{"rendered":"Malestar despu\u00e9s de la vacuna COVID-19: \u00a1Esto puede ser un signo positivo!"},"content":{"rendered":"<p>La vacuna contra el COVID-19 ha sido una de las mayores haza\u00f1as cient\u00edficas de los \u00faltimos a\u00f1os. A medida que las personas reciben sus vacunas a nivel mundial, es com\u00fan escuchar acerca de experiencias de malestar o reacciones leves posteriores a la inmunizaci\u00f3n. Pero, \u00bfsab\u00edas que este malestar podr\u00eda ser en realidad un signo positivo? En esta entrada, te explicamos por qu\u00e9 sentirte mal despu\u00e9s de recibir la vacuna contra la COVID-19 puede ser una se\u00f1al de que tu cuerpo est\u00e1 fortaleciendo sus defensas y te est\u00e1 preparando para enfrentar el virus, entendiendo un poco mejor las reacciones postvacuna y lo que significan para tu salud.<\/p>\n<p>&nbsp;<\/p>\n<h3>\u00bfCu\u00e1les son las se\u00f1ales de que tu sistema inmunol\u00f3gico est\u00e1 respondiendo?<\/h3>\n<p>&nbsp;<\/p>\n<p>Cuando te inyectan la vacuna contra la COVID-19, se introduce una peque\u00f1a porci\u00f3n inofensiva del virus, o informaci\u00f3n gen\u00e9tica relacionada con el virus en tu organismo. Tu sistema inmunol\u00f3gico reconoce esto como una amenaza y comienza a producir anticuerpos y a movilizar sus defensas para combatirla.<\/p>\n<p>Las reacciones comunes despu\u00e9s de la vacuna, como dolor en el brazo, fiebre baja, cansancio, dolor de cabeza y muscular, son s\u00edntomas que tu sistema inmunol\u00f3gico est\u00e1 activando una respuesta. Estas reacciones que sientes son el resultado de esta respuesta inmunol\u00f3gica en acci\u00f3n.<\/p>\n<p>&nbsp;<\/p>\n<p>Esto se puede ver reflejado en investigaciones, que seg\u00fan las personas que presentaron esos efectos secundarios despu\u00e9s de la segunda dosis de la vacuna, ten\u00edan m\u00e1s anticuerpos contra el coronavirus al mes y seis meses despu\u00e9s de la aplicaci\u00f3n, en comparaci\u00f3n con quienes no tuvieron ning\u00fan s\u00edntoma.<\/p>\n<p>&nbsp;<\/p>\n<p>Sabemos que las reacciones pueden llegar a ser incomodas, pero tienen un lado positivo, significan que tu sistema inmunol\u00f3gico est\u00e1 trabajando como deber\u00eda. Igualmente, estas reacciones son solo temporales y suelen durar un par de d\u00edas. En comparaci\u00f3n con la gravedad de la COVID-19, que puede resultar en enfermedades graves o la muerte, las molestias postvacuna son un peque\u00f1o precio a pagar por la protecci\u00f3n que obtendr\u00e1s.<\/p>\n<p>&nbsp;<\/p>\n<p>Para concluir, sentirse mal luego de la vacuna contra la COVID-19 no es algo de que preocuparse, si no todo lo contrario. Esto indica que tu cuerpo esta asimilando de forma positiva y creando defensas contra la enfermedad. As\u00ed que si tenias dudas de si vacunarte contra esta enfermedad y sus variantes ya puedes hacerlo con m\u00e1s seguridad.<\/p>\n","protected":false},"excerpt":{"rendered":"<p>La vacuna contra el COVID-19 ha sido una de las mayores haza\u00f1as cient\u00edficas de los \u00faltimos a\u00f1os. A medida que las personas reciben sus vacunas a nivel mundial, es com\u00fan escuchar acerca de experiencias de malestar o reacciones leves posteriores a la inmunizaci\u00f3n. Pero, \u00bfsab\u00edas que este malestar podr\u00eda ser en realidad un signo positivo? [&hellip;]<\/p>\n","protected":false},"author":3,"featured_media":2657,"comment_status":"open","ping_status":"open","sticky":false,"template":"","format":"standard","meta":{"_monsterinsights_skip_tracking":false,"_monsterinsights_sitenote_active":false,"_monsterinsights_sitenote_note":"","_monsterinsights_sitenote_category":0,"spay_email":"","footnotes":""},"categories":[1],"tags":[],"class_list":["post-2656","post","type-post","status-publish","format-standard","has-post-thumbnail","hentry","category-sin-categoria"],"aioseo_notices":[],"yoast_head":"<!-- This site is optimized with the Yoast SEO plugin v17.5 - https:\/\/yoast.com\/wordpress\/plugins\/seo\/ -->\n<title>Malestar despu\u00e9s de la vacuna COVID-19: \u00a1Esto puede ser un signo positivo! - Ser integral<\/title>\n<meta name=\"robots\" content=\"index, follow, max-snippet:-1, max-image-preview:large, max-video-preview:-1\" \/>\n<link rel=\"canonical\" href=\"https:\/\/fai.org.co\/serintegral\/sin-categoria\/malestar-despues-de-la-vacuna-covid-19-esto-puede-ser-un-signo-positivo\/\" \/>\n<meta property=\"og:locale\" content=\"es_ES\" \/>\n<meta property=\"og:type\" content=\"article\" \/>\n<meta property=\"og:title\" content=\"Malestar despu\u00e9s de la vacuna COVID-19: \u00a1Esto puede ser un signo positivo! - Ser integral\" \/>\n<meta property=\"og:description\" content=\"La vacuna contra el COVID-19 ha sido una de las mayores haza\u00f1as cient\u00edficas de los \u00faltimos a\u00f1os. A medida que las personas reciben sus vacunas a nivel mundial, es com\u00fan escuchar acerca de experiencias de malestar o reacciones leves posteriores a la inmunizaci\u00f3n. Pero, \u00bfsab\u00edas que este malestar podr\u00eda ser en realidad un signo positivo? [&hellip;]\" \/>\n<meta property=\"og:url\" content=\"https:\/\/fai.org.co\/serintegral\/sin-categoria\/malestar-despues-de-la-vacuna-covid-19-esto-puede-ser-un-signo-positivo\/\" \/>\n<meta property=\"og:site_name\" content=\"Ser integral\" \/>\n<meta property=\"article:published_time\" content=\"2023-11-21T16:39:51+00:00\" \/>\n<meta property=\"article:modified_time\" content=\"2023-11-21T16:48:24+00:00\" \/>\n<meta property=\"og:image\" content=\"https:\/\/fai.org.co\/serintegral\/wp-content\/uploads\/2023\/11\/Captura.jpg\" \/>\n\t<meta property=\"og:image:width\" content=\"679\" \/>\n\t<meta property=\"og:image:height\" content=\"450\" \/>\n<meta name=\"twitter:card\" content=\"summary_large_image\" \/>\n<meta name=\"twitter:label1\" content=\"Escrito por\" \/>\n\t<meta name=\"twitter:data1\" content=\"Isabel Arroyave\" \/>\n\t<meta name=\"twitter:label2\" content=\"Tiempo estimado de lectura\" \/>\n\t<meta name=\"twitter:data2\" content=\"2 minutos\" \/>\n<script type=\"application\/ld+json\" class=\"yoast-schema-graph\">{\"@context\":\"https:\/\/schema.org\",\"@graph\":[{\"@type\":\"WebSite\",\"@id\":\"https:\/\/fai.org.co\/serintegral\/#website\",\"url\":\"https:\/\/fai.org.co\/serintegral\/\",\"name\":\"Ser integral\",\"description\":\"\",\"potentialAction\":[{\"@type\":\"SearchAction\",\"target\":{\"@type\":\"EntryPoint\",\"urlTemplate\":\"https:\/\/fai.org.co\/serintegral\/?s={search_term_string}\"},\"query-input\":\"required name=search_term_string\"}],\"inLanguage\":\"es-CO\"},{\"@type\":\"ImageObject\",\"@id\":\"https:\/\/fai.org.co\/serintegral\/sin-categoria\/malestar-despues-de-la-vacuna-covid-19-esto-puede-ser-un-signo-positivo\/#primaryimage\",\"inLanguage\":\"es-CO\",\"url\":\"https:\/\/fai.org.co\/serintegral\/wp-content\/uploads\/2023\/11\/Captura.jpg\",\"contentUrl\":\"https:\/\/fai.org.co\/serintegral\/wp-content\/uploads\/2023\/11\/Captura.jpg\",\"width\":679,\"height\":450},{\"@type\":\"WebPage\",\"@id\":\"https:\/\/fai.org.co\/serintegral\/sin-categoria\/malestar-despues-de-la-vacuna-covid-19-esto-puede-ser-un-signo-positivo\/#webpage\",\"url\":\"https:\/\/fai.org.co\/serintegral\/sin-categoria\/malestar-despues-de-la-vacuna-covid-19-esto-puede-ser-un-signo-positivo\/\",\"name\":\"Malestar despu\\u00e9s de la vacuna COVID-19: \\u00a1Esto puede ser un signo positivo! - Ser integral\",\"isPartOf\":{\"@id\":\"https:\/\/fai.org.co\/serintegral\/#website\"},\"primaryImageOfPage\":{\"@id\":\"https:\/\/fai.org.co\/serintegral\/sin-categoria\/malestar-despues-de-la-vacuna-covid-19-esto-puede-ser-un-signo-positivo\/#primaryimage\"},\"datePublished\":\"2023-11-21T16:39:51+00:00\",\"dateModified\":\"2023-11-21T16:48:24+00:00\",\"author\":{\"@id\":\"https:\/\/fai.org.co\/serintegral\/#\/schema\/person\/74dd1a4f199288dd897a5596d0ffce8d\"},\"breadcrumb\":{\"@id\":\"https:\/\/fai.org.co\/serintegral\/sin-categoria\/malestar-despues-de-la-vacuna-covid-19-esto-puede-ser-un-signo-positivo\/#breadcrumb\"},\"inLanguage\":\"es-CO\",\"potentialAction\":[{\"@type\":\"ReadAction\",\"target\":[\"https:\/\/fai.org.co\/serintegral\/sin-categoria\/malestar-despues-de-la-vacuna-covid-19-esto-puede-ser-un-signo-positivo\/\"]}]},{\"@type\":\"BreadcrumbList\",\"@id\":\"https:\/\/fai.org.co\/serintegral\/sin-categoria\/malestar-despues-de-la-vacuna-covid-19-esto-puede-ser-un-signo-positivo\/#breadcrumb\",\"itemListElement\":[{\"@type\":\"ListItem\",\"position\":1,\"name\":\"Inicio\",\"item\":\"https:\/\/fai.org.co\/serintegral\/\"},{\"@type\":\"ListItem\",\"position\":2,\"name\":\"Malestar despu\\u00e9s de la vacuna COVID-19: \\u00a1Esto puede ser un signo positivo!\"}]},{\"@type\":\"Person\",\"@id\":\"https:\/\/fai.org.co\/serintegral\/#\/schema\/person\/74dd1a4f199288dd897a5596d0ffce8d\",\"name\":\"Isabel Arroyave\",\"image\":{\"@type\":\"ImageObject\",\"@id\":\"https:\/\/fai.org.co\/serintegral\/#personlogo\",\"inLanguage\":\"es-CO\",\"url\":\"https:\/\/secure.gravatar.com\/avatar\/c77ed908fda95f30709d773f4a4ede4bf137f7206d1cb98ae6bb01840a1990f0?s=96&d=mm&r=g\",\"contentUrl\":\"https:\/\/secure.gravatar.com\/avatar\/c77ed908fda95f30709d773f4a4ede4bf137f7206d1cb98ae6bb01840a1990f0?s=96&d=mm&r=g\",\"caption\":\"Isabel Arroyave\"},\"url\":\"https:\/\/fai.org.co\/serintegral\/author\/isabel-arroyave\/\"}]}<\/script>\n<!-- \/ Yoast SEO plugin. -->","yoast_head_json":{"title":"Malestar despu\u00e9s de la vacuna COVID-19: \u00a1Esto puede ser un signo positivo! - Ser integral","robots":{"index":"index","follow":"follow","max-snippet":"max-snippet:-1","max-image-preview":"max-image-preview:large","max-video-preview":"max-video-preview:-1"},"canonical":"https:\/\/fai.org.co\/serintegral\/sin-categoria\/malestar-despues-de-la-vacuna-covid-19-esto-puede-ser-un-signo-positivo\/","og_locale":"es_ES","og_type":"article","og_title":"Malestar despu\u00e9s de la vacuna COVID-19: \u00a1Esto puede ser un signo positivo! - Ser integral","og_description":"La vacuna contra el COVID-19 ha sido una de las mayores haza\u00f1as cient\u00edficas de los \u00faltimos a\u00f1os. A medida que las personas reciben sus vacunas a nivel mundial, es com\u00fan escuchar acerca de experiencias de malestar o reacciones leves posteriores a la inmunizaci\u00f3n. Pero, \u00bfsab\u00edas que este malestar podr\u00eda ser en realidad un signo positivo? [&hellip;]","og_url":"https:\/\/fai.org.co\/serintegral\/sin-categoria\/malestar-despues-de-la-vacuna-covid-19-esto-puede-ser-un-signo-positivo\/","og_site_name":"Ser integral","article_published_time":"2023-11-21T16:39:51+00:00","article_modified_time":"2023-11-21T16:48:24+00:00","og_image":[{"width":679,"height":450,"url":"https:\/\/fai.org.co\/serintegral\/wp-content\/uploads\/2023\/11\/Captura.jpg","type":"image\/jpeg"}],"twitter_card":"summary_large_image","twitter_misc":{"Escrito por":"Isabel Arroyave","Tiempo estimado de lectura":"2 minutos"},"schema":{"@context":"https:\/\/schema.org","@graph":[{"@type":"WebSite","@id":"https:\/\/fai.org.co\/serintegral\/#website","url":"https:\/\/fai.org.co\/serintegral\/","name":"Ser integral","description":"","potentialAction":[{"@type":"SearchAction","target":{"@type":"EntryPoint","urlTemplate":"https:\/\/fai.org.co\/serintegral\/?s={search_term_string}"},"query-input":"required name=search_term_string"}],"inLanguage":"es-CO"},{"@type":"ImageObject","@id":"https:\/\/fai.org.co\/serintegral\/sin-categoria\/malestar-despues-de-la-vacuna-covid-19-esto-puede-ser-un-signo-positivo\/#primaryimage","inLanguage":"es-CO","url":"https:\/\/fai.org.co\/serintegral\/wp-content\/uploads\/2023\/11\/Captura.jpg","contentUrl":"https:\/\/fai.org.co\/serintegral\/wp-content\/uploads\/2023\/11\/Captura.jpg","width":679,"height":450},{"@type":"WebPage","@id":"https:\/\/fai.org.co\/serintegral\/sin-categoria\/malestar-despues-de-la-vacuna-covid-19-esto-puede-ser-un-signo-positivo\/#webpage","url":"https:\/\/fai.org.co\/serintegral\/sin-categoria\/malestar-despues-de-la-vacuna-covid-19-esto-puede-ser-un-signo-positivo\/","name":"Malestar despu\u00e9s de la vacuna COVID-19: \u00a1Esto puede ser un signo positivo! - Ser integral","isPartOf":{"@id":"https:\/\/fai.org.co\/serintegral\/#website"},"primaryImageOfPage":{"@id":"https:\/\/fai.org.co\/serintegral\/sin-categoria\/malestar-despues-de-la-vacuna-covid-19-esto-puede-ser-un-signo-positivo\/#primaryimage"},"datePublished":"2023-11-21T16:39:51+00:00","dateModified":"2023-11-21T16:48:24+00:00","author":{"@id":"https:\/\/fai.org.co\/serintegral\/#\/schema\/person\/74dd1a4f199288dd897a5596d0ffce8d"},"breadcrumb":{"@id":"https:\/\/fai.org.co\/serintegral\/sin-categoria\/malestar-despues-de-la-vacuna-covid-19-esto-puede-ser-un-signo-positivo\/#breadcrumb"},"inLanguage":"es-CO","potentialAction":[{"@type":"ReadAction","target":["https:\/\/fai.org.co\/serintegral\/sin-categoria\/malestar-despues-de-la-vacuna-covid-19-esto-puede-ser-un-signo-positivo\/"]}]},{"@type":"BreadcrumbList","@id":"https:\/\/fai.org.co\/serintegral\/sin-categoria\/malestar-despues-de-la-vacuna-covid-19-esto-puede-ser-un-signo-positivo\/#breadcrumb","itemListElement":[{"@type":"ListItem","position":1,"name":"Inicio","item":"https:\/\/fai.org.co\/serintegral\/"},{"@type":"ListItem","position":2,"name":"Malestar despu\u00e9s de la vacuna COVID-19: \u00a1Esto puede ser un signo positivo!"}]},{"@type":"Person","@id":"https:\/\/fai.org.co\/serintegral\/#\/schema\/person\/74dd1a4f199288dd897a5596d0ffce8d","name":"Isabel Arroyave","image":{"@type":"ImageObject","@id":"https:\/\/fai.org.co\/serintegral\/#personlogo","inLanguage":"es-CO","url":"https:\/\/secure.gravatar.com\/avatar\/c77ed908fda95f30709d773f4a4ede4bf137f7206d1cb98ae6bb01840a1990f0?s=96&d=mm&r=g","contentUrl":"https:\/\/secure.gravatar.com\/avatar\/c77ed908fda95f30709d773f4a4ede4bf137f7206d1cb98ae6bb01840a1990f0?s=96&d=mm&r=g","caption":"Isabel Arroyave"},"url":"https:\/\/fai.org.co\/serintegral\/author\/isabel-arroyave\/"}]}},"jetpack_featured_media_url":"https:\/\/fai.org.co\/serintegral\/wp-content\/uploads\/2023\/11\/Captura.jpg","_links":{"self":[{"href":"https:\/\/fai.org.co\/serintegral\/wp-json\/wp\/v2\/posts\/2656","targetHints":{"allow":["GET"]}}],"collection":[{"href":"https:\/\/fai.org.co\/serintegral\/wp-json\/wp\/v2\/posts"}],"about":[{"href":"https:\/\/fai.org.co\/serintegral\/wp-json\/wp\/v2\/types\/post"}],"author":[{"embeddable":true,"href":"https:\/\/fai.org.co\/serintegral\/wp-json\/wp\/v2\/users\/3"}],"replies":[{"embeddable":true,"href":"https:\/\/fai.org.co\/serintegral\/wp-json\/wp\/v2\/comments?post=2656"}],"version-history":[{"count":1,"href":"https:\/\/fai.org.co\/serintegral\/wp-json\/wp\/v2\/posts\/2656\/revisions"}],"predecessor-version":[{"id":2658,"href":"https:\/\/fai.org.co\/serintegral\/wp-json\/wp\/v2\/posts\/2656\/revisions\/2658"}],"wp:featuredmedia":[{"embeddable":true,"href":"https:\/\/fai.org.co\/serintegral\/wp-json\/wp\/v2\/media\/2657"}],"wp:attachment":[{"href":"https:\/\/fai.org.co\/serintegral\/wp-json\/wp\/v2\/media?parent=2656"}],"wp:term":[{"taxonomy":"category","embeddable":true,"href":"https:\/\/fai.org.co\/serintegral\/wp-json\/wp\/v2\/categories?post=2656"},{"taxonomy":"post_tag","embeddable":true,"href":"https:\/\/fai.org.co\/serintegral\/wp-json\/wp\/v2\/tags?post=2656"}],"curies":[{"name":"wp","href":"https:\/\/api.w.org\/{rel}","templated":true}]}}