{"id":2665,"date":"2023-12-11T11:22:20","date_gmt":"2023-12-11T16:22:20","guid":{"rendered":"https:\/\/fai.org.co\/serintegral\/?p=2665"},"modified":"2023-12-11T11:22:20","modified_gmt":"2023-12-11T16:22:20","slug":"se-puede-combinar-antibioticos-con-alcohol-conoce-los-riesgos-de-esta-mezcla","status":"publish","type":"post","link":"https:\/\/fai.org.co\/serintegral\/sin-categoria\/se-puede-combinar-antibioticos-con-alcohol-conoce-los-riesgos-de-esta-mezcla\/","title":{"rendered":"\u00bfSe puede combinar antibi\u00f3ticos con alcohol? Conoce los riesgos de esta mezcla"},"content":{"rendered":"<p>Frecuentemente nos encontramos en situaciones en donde debemos equilibrar o darles m\u00e1s importancia a ciertos aspectos de nuestra vida diaria. Uno de los dilemas de muchos es la combinaci\u00f3n del alcohol con antibi\u00f3ticos.<\/p>\n<p>Aunque pueda parecer inofensivo disfrutar de una copa de vino o una cerveza mientras se sigue un tratamiento con antibi\u00f3ticos, la realidad es que esta mezcla puede tener consecuencias m\u00e1s graves de lo que muchos imaginan.<\/p>\n<p>Los antibi\u00f3ticos son medicamentos dise\u00f1ados para combatir infecciones bacterianas, y su efectividad puede reducirse dr\u00e1sticamente cuando se mezclan con alcohol. La raz\u00f3n detr\u00e1s de esta advertencia no es simplemente un capricho m\u00e9dico, sino una cuesti\u00f3n de interacci\u00f3n qu\u00edmica. El alcohol puede interferir con la absorci\u00f3n de los antibi\u00f3ticos en el cuerpo, disminuyendo su eficacia y prolongando el tiempo necesario para recuperarse por completo.<\/p>\n<p>La combinaci\u00f3n de antibi\u00f3ticos y alcohol no solo afecta la eficacia del tratamiento, sino que tambi\u00e9n puede provocar efectos secundarios desagradables. Desde mareos y n\u00e1useas, hasta dolores de cabeza intensos. La interacci\u00f3n entre estos dos elementos puede exacerbar los efectos secundarios tanto de los antibi\u00f3ticos como del alcohol, creando un c\u00f3ctel potencialmente peligroso para la salud.<\/p>\n<p>&nbsp;<\/p>\n<h2><strong>Consecuencias a largo plazo<\/strong><\/h2>\n<p>El riesgo de mezclar antibi\u00f3ticos y alcohol no se limita solo a los efectos inmediatos. Este h\u00e1bito podr\u00eda contribuir al desarrollo de resistencia bacteriana, un fen\u00f3meno cada vez m\u00e1s preocupante en la comunidad m\u00e9dica. La resistencia bacteriana hace que las infecciones sean m\u00e1s dif\u00edciles de tratar, complicando los esfuerzos m\u00e9dicos y poniendo en peligro la eficacia de los antibi\u00f3ticos en el futuro.<\/p>\n<p>&nbsp;<\/p>\n<p>En \u00faltima instancia, el riesgo de mezclar antibi\u00f3ticos y alcohol subraya la importancia de ser consciente de las decisiones que tomamos en relaci\u00f3n con nuestra salud. La precauci\u00f3n y la responsabilidad son clave para garantizar que los tratamientos m\u00e9dicos sean efectivos y que no pongamos en peligro nuestra recuperaci\u00f3n.<\/p>\n","protected":false},"excerpt":{"rendered":"<p>Frecuentemente nos encontramos en situaciones en donde debemos equilibrar o darles m\u00e1s importancia a ciertos aspectos de nuestra vida diaria. Uno de los dilemas de muchos es la combinaci\u00f3n del alcohol con antibi\u00f3ticos. Aunque pueda parecer inofensivo disfrutar de una copa de vino o una cerveza mientras se sigue un tratamiento con antibi\u00f3ticos, la realidad [&hellip;]<\/p>\n","protected":false},"author":3,"featured_media":2666,"comment_status":"open","ping_status":"open","sticky":false,"template":"","format":"standard","meta":{"_monsterinsights_skip_tracking":false,"_monsterinsights_sitenote_active":false,"_monsterinsights_sitenote_note":"","_monsterinsights_sitenote_category":0,"spay_email":"","footnotes":""},"categories":[1],"tags":[],"class_list":["post-2665","post","type-post","status-publish","format-standard","has-post-thumbnail","hentry","category-sin-categoria"],"aioseo_notices":[],"yoast_head":"<!-- This site is optimized with the Yoast SEO plugin v17.5 - https:\/\/yoast.com\/wordpress\/plugins\/seo\/ -->\n<title>\u00bfSe puede combinar antibi\u00f3ticos con alcohol? Conoce los riesgos de esta mezcla - Ser integral<\/title>\n<meta name=\"robots\" content=\"index, follow, max-snippet:-1, max-image-preview:large, max-video-preview:-1\" \/>\n<link rel=\"canonical\" href=\"https:\/\/fai.org.co\/serintegral\/sin-categoria\/se-puede-combinar-antibioticos-con-alcohol-conoce-los-riesgos-de-esta-mezcla\/\" \/>\n<meta property=\"og:locale\" content=\"es_ES\" \/>\n<meta property=\"og:type\" content=\"article\" \/>\n<meta property=\"og:title\" content=\"\u00bfSe puede combinar antibi\u00f3ticos con alcohol? Conoce los riesgos de esta mezcla - Ser integral\" \/>\n<meta property=\"og:description\" content=\"Frecuentemente nos encontramos en situaciones en donde debemos equilibrar o darles m\u00e1s importancia a ciertos aspectos de nuestra vida diaria. Uno de los dilemas de muchos es la combinaci\u00f3n del alcohol con antibi\u00f3ticos. Aunque pueda parecer inofensivo disfrutar de una copa de vino o una cerveza mientras se sigue un tratamiento con antibi\u00f3ticos, la realidad [&hellip;]\" \/>\n<meta property=\"og:url\" content=\"https:\/\/fai.org.co\/serintegral\/sin-categoria\/se-puede-combinar-antibioticos-con-alcohol-conoce-los-riesgos-de-esta-mezcla\/\" \/>\n<meta property=\"og:site_name\" content=\"Ser integral\" \/>\n<meta property=\"article:published_time\" content=\"2023-12-11T16:22:20+00:00\" \/>\n<meta property=\"og:image\" content=\"https:\/\/fai.org.co\/serintegral\/wp-content\/uploads\/2023\/12\/Captjjjura.jpg\" \/>\n\t<meta property=\"og:image:width\" content=\"680\" \/>\n\t<meta property=\"og:image:height\" content=\"452\" \/>\n<meta name=\"twitter:card\" content=\"summary_large_image\" \/>\n<meta name=\"twitter:label1\" content=\"Escrito por\" \/>\n\t<meta name=\"twitter:data1\" content=\"Isabel Arroyave\" \/>\n\t<meta name=\"twitter:label2\" content=\"Tiempo estimado de lectura\" \/>\n\t<meta name=\"twitter:data2\" content=\"2 minutos\" \/>\n<script type=\"application\/ld+json\" class=\"yoast-schema-graph\">{\"@context\":\"https:\/\/schema.org\",\"@graph\":[{\"@type\":\"WebSite\",\"@id\":\"https:\/\/fai.org.co\/serintegral\/#website\",\"url\":\"https:\/\/fai.org.co\/serintegral\/\",\"name\":\"Ser integral\",\"description\":\"\",\"potentialAction\":[{\"@type\":\"SearchAction\",\"target\":{\"@type\":\"EntryPoint\",\"urlTemplate\":\"https:\/\/fai.org.co\/serintegral\/?s={search_term_string}\"},\"query-input\":\"required name=search_term_string\"}],\"inLanguage\":\"es-CO\"},{\"@type\":\"ImageObject\",\"@id\":\"https:\/\/fai.org.co\/serintegral\/sin-categoria\/se-puede-combinar-antibioticos-con-alcohol-conoce-los-riesgos-de-esta-mezcla\/#primaryimage\",\"inLanguage\":\"es-CO\",\"url\":\"https:\/\/fai.org.co\/serintegral\/wp-content\/uploads\/2023\/12\/Captjjjura.jpg\",\"contentUrl\":\"https:\/\/fai.org.co\/serintegral\/wp-content\/uploads\/2023\/12\/Captjjjura.jpg\",\"width\":680,\"height\":452},{\"@type\":\"WebPage\",\"@id\":\"https:\/\/fai.org.co\/serintegral\/sin-categoria\/se-puede-combinar-antibioticos-con-alcohol-conoce-los-riesgos-de-esta-mezcla\/#webpage\",\"url\":\"https:\/\/fai.org.co\/serintegral\/sin-categoria\/se-puede-combinar-antibioticos-con-alcohol-conoce-los-riesgos-de-esta-mezcla\/\",\"name\":\"\\u00bfSe puede combinar antibi\\u00f3ticos con alcohol? Conoce los riesgos de esta mezcla - Ser integral\",\"isPartOf\":{\"@id\":\"https:\/\/fai.org.co\/serintegral\/#website\"},\"primaryImageOfPage\":{\"@id\":\"https:\/\/fai.org.co\/serintegral\/sin-categoria\/se-puede-combinar-antibioticos-con-alcohol-conoce-los-riesgos-de-esta-mezcla\/#primaryimage\"},\"datePublished\":\"2023-12-11T16:22:20+00:00\",\"dateModified\":\"2023-12-11T16:22:20+00:00\",\"author\":{\"@id\":\"https:\/\/fai.org.co\/serintegral\/#\/schema\/person\/74dd1a4f199288dd897a5596d0ffce8d\"},\"breadcrumb\":{\"@id\":\"https:\/\/fai.org.co\/serintegral\/sin-categoria\/se-puede-combinar-antibioticos-con-alcohol-conoce-los-riesgos-de-esta-mezcla\/#breadcrumb\"},\"inLanguage\":\"es-CO\",\"potentialAction\":[{\"@type\":\"ReadAction\",\"target\":[\"https:\/\/fai.org.co\/serintegral\/sin-categoria\/se-puede-combinar-antibioticos-con-alcohol-conoce-los-riesgos-de-esta-mezcla\/\"]}]},{\"@type\":\"BreadcrumbList\",\"@id\":\"https:\/\/fai.org.co\/serintegral\/sin-categoria\/se-puede-combinar-antibioticos-con-alcohol-conoce-los-riesgos-de-esta-mezcla\/#breadcrumb\",\"itemListElement\":[{\"@type\":\"ListItem\",\"position\":1,\"name\":\"Inicio\",\"item\":\"https:\/\/fai.org.co\/serintegral\/\"},{\"@type\":\"ListItem\",\"position\":2,\"name\":\"\\u00bfSe puede combinar antibi\\u00f3ticos con alcohol? Conoce los riesgos de esta mezcla\"}]},{\"@type\":\"Person\",\"@id\":\"https:\/\/fai.org.co\/serintegral\/#\/schema\/person\/74dd1a4f199288dd897a5596d0ffce8d\",\"name\":\"Isabel Arroyave\",\"image\":{\"@type\":\"ImageObject\",\"@id\":\"https:\/\/fai.org.co\/serintegral\/#personlogo\",\"inLanguage\":\"es-CO\",\"url\":\"https:\/\/secure.gravatar.com\/avatar\/c77ed908fda95f30709d773f4a4ede4bf137f7206d1cb98ae6bb01840a1990f0?s=96&d=mm&r=g\",\"contentUrl\":\"https:\/\/secure.gravatar.com\/avatar\/c77ed908fda95f30709d773f4a4ede4bf137f7206d1cb98ae6bb01840a1990f0?s=96&d=mm&r=g\",\"caption\":\"Isabel Arroyave\"},\"url\":\"https:\/\/fai.org.co\/serintegral\/author\/isabel-arroyave\/\"}]}<\/script>\n<!-- \/ Yoast SEO plugin. -->","yoast_head_json":{"title":"\u00bfSe puede combinar antibi\u00f3ticos con alcohol? Conoce los riesgos de esta mezcla - Ser integral","robots":{"index":"index","follow":"follow","max-snippet":"max-snippet:-1","max-image-preview":"max-image-preview:large","max-video-preview":"max-video-preview:-1"},"canonical":"https:\/\/fai.org.co\/serintegral\/sin-categoria\/se-puede-combinar-antibioticos-con-alcohol-conoce-los-riesgos-de-esta-mezcla\/","og_locale":"es_ES","og_type":"article","og_title":"\u00bfSe puede combinar antibi\u00f3ticos con alcohol? Conoce los riesgos de esta mezcla - Ser integral","og_description":"Frecuentemente nos encontramos en situaciones en donde debemos equilibrar o darles m\u00e1s importancia a ciertos aspectos de nuestra vida diaria. Uno de los dilemas de muchos es la combinaci\u00f3n del alcohol con antibi\u00f3ticos. Aunque pueda parecer inofensivo disfrutar de una copa de vino o una cerveza mientras se sigue un tratamiento con antibi\u00f3ticos, la realidad [&hellip;]","og_url":"https:\/\/fai.org.co\/serintegral\/sin-categoria\/se-puede-combinar-antibioticos-con-alcohol-conoce-los-riesgos-de-esta-mezcla\/","og_site_name":"Ser integral","article_published_time":"2023-12-11T16:22:20+00:00","og_image":[{"width":680,"height":452,"url":"https:\/\/fai.org.co\/serintegral\/wp-content\/uploads\/2023\/12\/Captjjjura.jpg","type":"image\/jpeg"}],"twitter_card":"summary_large_image","twitter_misc":{"Escrito por":"Isabel Arroyave","Tiempo estimado de lectura":"2 minutos"},"schema":{"@context":"https:\/\/schema.org","@graph":[{"@type":"WebSite","@id":"https:\/\/fai.org.co\/serintegral\/#website","url":"https:\/\/fai.org.co\/serintegral\/","name":"Ser integral","description":"","potentialAction":[{"@type":"SearchAction","target":{"@type":"EntryPoint","urlTemplate":"https:\/\/fai.org.co\/serintegral\/?s={search_term_string}"},"query-input":"required name=search_term_string"}],"inLanguage":"es-CO"},{"@type":"ImageObject","@id":"https:\/\/fai.org.co\/serintegral\/sin-categoria\/se-puede-combinar-antibioticos-con-alcohol-conoce-los-riesgos-de-esta-mezcla\/#primaryimage","inLanguage":"es-CO","url":"https:\/\/fai.org.co\/serintegral\/wp-content\/uploads\/2023\/12\/Captjjjura.jpg","contentUrl":"https:\/\/fai.org.co\/serintegral\/wp-content\/uploads\/2023\/12\/Captjjjura.jpg","width":680,"height":452},{"@type":"WebPage","@id":"https:\/\/fai.org.co\/serintegral\/sin-categoria\/se-puede-combinar-antibioticos-con-alcohol-conoce-los-riesgos-de-esta-mezcla\/#webpage","url":"https:\/\/fai.org.co\/serintegral\/sin-categoria\/se-puede-combinar-antibioticos-con-alcohol-conoce-los-riesgos-de-esta-mezcla\/","name":"\u00bfSe puede combinar antibi\u00f3ticos con alcohol? Conoce los riesgos de esta mezcla - Ser integral","isPartOf":{"@id":"https:\/\/fai.org.co\/serintegral\/#website"},"primaryImageOfPage":{"@id":"https:\/\/fai.org.co\/serintegral\/sin-categoria\/se-puede-combinar-antibioticos-con-alcohol-conoce-los-riesgos-de-esta-mezcla\/#primaryimage"},"datePublished":"2023-12-11T16:22:20+00:00","dateModified":"2023-12-11T16:22:20+00:00","author":{"@id":"https:\/\/fai.org.co\/serintegral\/#\/schema\/person\/74dd1a4f199288dd897a5596d0ffce8d"},"breadcrumb":{"@id":"https:\/\/fai.org.co\/serintegral\/sin-categoria\/se-puede-combinar-antibioticos-con-alcohol-conoce-los-riesgos-de-esta-mezcla\/#breadcrumb"},"inLanguage":"es-CO","potentialAction":[{"@type":"ReadAction","target":["https:\/\/fai.org.co\/serintegral\/sin-categoria\/se-puede-combinar-antibioticos-con-alcohol-conoce-los-riesgos-de-esta-mezcla\/"]}]},{"@type":"BreadcrumbList","@id":"https:\/\/fai.org.co\/serintegral\/sin-categoria\/se-puede-combinar-antibioticos-con-alcohol-conoce-los-riesgos-de-esta-mezcla\/#breadcrumb","itemListElement":[{"@type":"ListItem","position":1,"name":"Inicio","item":"https:\/\/fai.org.co\/serintegral\/"},{"@type":"ListItem","position":2,"name":"\u00bfSe puede combinar antibi\u00f3ticos con alcohol? Conoce los riesgos de esta mezcla"}]},{"@type":"Person","@id":"https:\/\/fai.org.co\/serintegral\/#\/schema\/person\/74dd1a4f199288dd897a5596d0ffce8d","name":"Isabel Arroyave","image":{"@type":"ImageObject","@id":"https:\/\/fai.org.co\/serintegral\/#personlogo","inLanguage":"es-CO","url":"https:\/\/secure.gravatar.com\/avatar\/c77ed908fda95f30709d773f4a4ede4bf137f7206d1cb98ae6bb01840a1990f0?s=96&d=mm&r=g","contentUrl":"https:\/\/secure.gravatar.com\/avatar\/c77ed908fda95f30709d773f4a4ede4bf137f7206d1cb98ae6bb01840a1990f0?s=96&d=mm&r=g","caption":"Isabel Arroyave"},"url":"https:\/\/fai.org.co\/serintegral\/author\/isabel-arroyave\/"}]}},"jetpack_featured_media_url":"https:\/\/fai.org.co\/serintegral\/wp-content\/uploads\/2023\/12\/Captjjjura.jpg","_links":{"self":[{"href":"https:\/\/fai.org.co\/serintegral\/wp-json\/wp\/v2\/posts\/2665","targetHints":{"allow":["GET"]}}],"collection":[{"href":"https:\/\/fai.org.co\/serintegral\/wp-json\/wp\/v2\/posts"}],"about":[{"href":"https:\/\/fai.org.co\/serintegral\/wp-json\/wp\/v2\/types\/post"}],"author":[{"embeddable":true,"href":"https:\/\/fai.org.co\/serintegral\/wp-json\/wp\/v2\/users\/3"}],"replies":[{"embeddable":true,"href":"https:\/\/fai.org.co\/serintegral\/wp-json\/wp\/v2\/comments?post=2665"}],"version-history":[{"count":1,"href":"https:\/\/fai.org.co\/serintegral\/wp-json\/wp\/v2\/posts\/2665\/revisions"}],"predecessor-version":[{"id":2667,"href":"https:\/\/fai.org.co\/serintegral\/wp-json\/wp\/v2\/posts\/2665\/revisions\/2667"}],"wp:featuredmedia":[{"embeddable":true,"href":"https:\/\/fai.org.co\/serintegral\/wp-json\/wp\/v2\/media\/2666"}],"wp:attachment":[{"href":"https:\/\/fai.org.co\/serintegral\/wp-json\/wp\/v2\/media?parent=2665"}],"wp:term":[{"taxonomy":"category","embeddable":true,"href":"https:\/\/fai.org.co\/serintegral\/wp-json\/wp\/v2\/categories?post=2665"},{"taxonomy":"post_tag","embeddable":true,"href":"https:\/\/fai.org.co\/serintegral\/wp-json\/wp\/v2\/tags?post=2665"}],"curies":[{"name":"wp","href":"https:\/\/api.w.org\/{rel}","templated":true}]}}