{"id":2673,"date":"2024-04-08T15:43:45","date_gmt":"2024-04-08T20:43:45","guid":{"rendered":"https:\/\/fai.org.co\/serintegral\/?p=2673"},"modified":"2024-04-08T15:43:45","modified_gmt":"2024-04-08T20:43:45","slug":"asi-han-evolucionado-las-vacunas-en-el-tiempo","status":"publish","type":"post","link":"https:\/\/fai.org.co\/serintegral\/vacunas\/asi-han-evolucionado-las-vacunas-en-el-tiempo\/","title":{"rendered":"As\u00ed han evolucionado las vacunas en el tiempo"},"content":{"rendered":"<p>Han transcurrido 225 a\u00f1os desde que el ingl\u00e9s Edward Jenner (17 de mayo de 1749 \u2013 26 de enero de 1823) administr\u00f3 la que se considera la primera vacuna de la historia, sin embargo existen pr\u00e1cticas m\u00e1s antiguas asociadas a la idea de inmunidad y en el siguiente contenido te las vamos a contar.<\/p>\n<p>Esta historia se remonta al siglo X, cuando m\u00e9dicos chinos experimentaron tomando material de las p\u00fastulas de los afectados de viruela para inmunizar a otros. La inoculaci\u00f3n o variolizaci\u00f3n, inyectar por v\u00eda subcut\u00e1nea polvo de las costras de los enfermos, se practic\u00f3 durante siglos en China, India y \u00c1frica antes de llegar a o\u00eddos de la Royal Society a comienzos del siglo XVIII, pero sin generar gran inter\u00e9s.<\/p>\n<p>Desde mediados del siglo XVIII se ten\u00eda la idea de que las personas infectadas con la versi\u00f3n bovina de la viruela quedaban inmunizadas contra la enfermedad humana. En 1796 se vacuna por primera vez a un paciente, un ni\u00f1o de ocho a\u00f1os.<\/p>\n<p>El peque\u00f1o no enferm\u00f3 al ser expuesto despu\u00e9s a la viruela. En el siglo XIX se obtuvieron vacunas contra bacterias muertas. A comienzos del XX se encontr\u00f3 el modo de atenuar los pat\u00f3genos trat\u00e1ndolos con m\u00e9todos f\u00edsico-qu\u00edmicos o mediante pases sucesivos en cultivo.<\/p>\n<p>En 1955 se alcanz\u00f3 uno de los mayores hitos en la historia de las vacunas: la vacuna contra el polio, la cual fue creada con un virus inactivado que elimina el riesgo de los pat\u00f3genos atenuados. El desarrollo de la ingenier\u00eda gen\u00e9tica en los a\u00f1os 70 y 80 abri\u00f3 el camino a una nueva generaci\u00f3n de vacunas sint\u00e9ticas, desde aquellas que utilizan prote\u00ednas u otros componentes, hasta las que emplean vectores recombinantes.<\/p>\n<p>El \u00faltimo gran salto tecnol\u00f3gico comenz\u00f3 a gestarse en los a\u00f1os 90, y consiste en introducir en el organismo las instrucciones, en forma de ARN mensajero (ARNm), para que sea el propio cuerpo el que fabrique su vacuna, el ant\u00edgeno que estimula la respuesta inmune.<\/p>\n","protected":false},"excerpt":{"rendered":"<p>Han transcurrido 225 a\u00f1os desde que el ingl\u00e9s Edward Jenner (17 de mayo de 1749 \u2013 26 de enero de 1823) administr\u00f3 la que se considera la primera vacuna de la historia, sin embargo existen pr\u00e1cticas m\u00e1s antiguas asociadas a la idea de inmunidad y en el siguiente contenido te las vamos a contar. Esta [&hellip;]<\/p>\n","protected":false},"author":3,"featured_media":1397,"comment_status":"open","ping_status":"open","sticky":false,"template":"","format":"standard","meta":{"_monsterinsights_skip_tracking":false,"_monsterinsights_sitenote_active":false,"_monsterinsights_sitenote_note":"","_monsterinsights_sitenote_category":0,"spay_email":"","footnotes":""},"categories":[35],"tags":[36],"class_list":["post-2673","post","type-post","status-publish","format-standard","has-post-thumbnail","hentry","category-vacunas","tag-vacunas"],"aioseo_notices":[],"yoast_head":"<!-- This site is optimized with the Yoast SEO plugin v17.5 - https:\/\/yoast.com\/wordpress\/plugins\/seo\/ -->\n<title>As\u00ed han evolucionado las vacunas en el tiempo - Ser integral<\/title>\n<meta name=\"description\" content=\"Han transcurrido 225 a\u00f1os desde que el ingl\u00e9s Edward Jenner (17 de mayo de 1749 \u2013 26 de enero de 1823) administr\u00f3 la que se considera la primera vacuna de la historia, sin embargo existen pr\u00e1cticas m\u00e1s antiguas asociadas a la idea de inmunidad y en el siguiente contenido te las vamos a contar.\" \/>\n<meta name=\"robots\" content=\"index, follow, max-snippet:-1, max-image-preview:large, max-video-preview:-1\" \/>\n<link rel=\"canonical\" href=\"https:\/\/fai.org.co\/serintegral\/vacunas\/asi-han-evolucionado-las-vacunas-en-el-tiempo\/\" \/>\n<meta property=\"og:locale\" content=\"es_ES\" \/>\n<meta property=\"og:type\" content=\"article\" \/>\n<meta property=\"og:title\" content=\"As\u00ed han evolucionado las vacunas en el tiempo - Ser integral\" \/>\n<meta property=\"og:description\" content=\"Han transcurrido 225 a\u00f1os desde que el ingl\u00e9s Edward Jenner (17 de mayo de 1749 \u2013 26 de enero de 1823) administr\u00f3 la que se considera la primera vacuna de la historia, sin embargo existen pr\u00e1cticas m\u00e1s antiguas asociadas a la idea de inmunidad y en el siguiente contenido te las vamos a contar.\" \/>\n<meta property=\"og:url\" content=\"https:\/\/fai.org.co\/serintegral\/vacunas\/asi-han-evolucionado-las-vacunas-en-el-tiempo\/\" \/>\n<meta property=\"og:site_name\" content=\"Ser integral\" \/>\n<meta property=\"article:published_time\" content=\"2024-04-08T20:43:45+00:00\" \/>\n<meta property=\"og:image\" content=\"https:\/\/fai.org.co\/serintegral\/wp-content\/uploads\/2021\/09\/influenza-en-tiempos-de-covid.jpg\" \/>\n\t<meta property=\"og:image:width\" content=\"539\" \/>\n\t<meta property=\"og:image:height\" content=\"369\" \/>\n<meta name=\"twitter:card\" content=\"summary_large_image\" \/>\n<meta name=\"twitter:label1\" content=\"Escrito por\" \/>\n\t<meta name=\"twitter:data1\" content=\"Isabel Arroyave\" \/>\n\t<meta name=\"twitter:label2\" content=\"Tiempo estimado de lectura\" \/>\n\t<meta name=\"twitter:data2\" content=\"2 minutos\" \/>\n<script type=\"application\/ld+json\" class=\"yoast-schema-graph\">{\"@context\":\"https:\/\/schema.org\",\"@graph\":[{\"@type\":\"WebSite\",\"@id\":\"https:\/\/fai.org.co\/serintegral\/#website\",\"url\":\"https:\/\/fai.org.co\/serintegral\/\",\"name\":\"Ser integral\",\"description\":\"\",\"potentialAction\":[{\"@type\":\"SearchAction\",\"target\":{\"@type\":\"EntryPoint\",\"urlTemplate\":\"https:\/\/fai.org.co\/serintegral\/?s={search_term_string}\"},\"query-input\":\"required name=search_term_string\"}],\"inLanguage\":\"es-CO\"},{\"@type\":\"ImageObject\",\"@id\":\"https:\/\/fai.org.co\/serintegral\/vacunas\/asi-han-evolucionado-las-vacunas-en-el-tiempo\/#primaryimage\",\"inLanguage\":\"es-CO\",\"url\":\"https:\/\/fai.org.co\/serintegral\/wp-content\/uploads\/2021\/09\/influenza-en-tiempos-de-covid.jpg\",\"contentUrl\":\"https:\/\/fai.org.co\/serintegral\/wp-content\/uploads\/2021\/09\/influenza-en-tiempos-de-covid.jpg\",\"width\":539,\"height\":369,\"caption\":\"Foto benzoix en freepik.es\"},{\"@type\":\"WebPage\",\"@id\":\"https:\/\/fai.org.co\/serintegral\/vacunas\/asi-han-evolucionado-las-vacunas-en-el-tiempo\/#webpage\",\"url\":\"https:\/\/fai.org.co\/serintegral\/vacunas\/asi-han-evolucionado-las-vacunas-en-el-tiempo\/\",\"name\":\"As\\u00ed han evolucionado las vacunas en el tiempo - Ser integral\",\"isPartOf\":{\"@id\":\"https:\/\/fai.org.co\/serintegral\/#website\"},\"primaryImageOfPage\":{\"@id\":\"https:\/\/fai.org.co\/serintegral\/vacunas\/asi-han-evolucionado-las-vacunas-en-el-tiempo\/#primaryimage\"},\"datePublished\":\"2024-04-08T20:43:45+00:00\",\"dateModified\":\"2024-04-08T20:43:45+00:00\",\"author\":{\"@id\":\"https:\/\/fai.org.co\/serintegral\/#\/schema\/person\/74dd1a4f199288dd897a5596d0ffce8d\"},\"description\":\"Han transcurrido 225 a\\u00f1os desde que el ingl\\u00e9s Edward Jenner (17 de mayo de 1749 \\u2013 26 de enero de 1823) administr\\u00f3 la que se considera la primera vacuna de la historia, sin embargo existen pr\\u00e1cticas m\\u00e1s antiguas asociadas a la idea de inmunidad y en el siguiente contenido te las vamos a contar.\",\"breadcrumb\":{\"@id\":\"https:\/\/fai.org.co\/serintegral\/vacunas\/asi-han-evolucionado-las-vacunas-en-el-tiempo\/#breadcrumb\"},\"inLanguage\":\"es-CO\",\"potentialAction\":[{\"@type\":\"ReadAction\",\"target\":[\"https:\/\/fai.org.co\/serintegral\/vacunas\/asi-han-evolucionado-las-vacunas-en-el-tiempo\/\"]}]},{\"@type\":\"BreadcrumbList\",\"@id\":\"https:\/\/fai.org.co\/serintegral\/vacunas\/asi-han-evolucionado-las-vacunas-en-el-tiempo\/#breadcrumb\",\"itemListElement\":[{\"@type\":\"ListItem\",\"position\":1,\"name\":\"Inicio\",\"item\":\"https:\/\/fai.org.co\/serintegral\/\"},{\"@type\":\"ListItem\",\"position\":2,\"name\":\"As\\u00ed han evolucionado las vacunas en el tiempo\"}]},{\"@type\":\"Person\",\"@id\":\"https:\/\/fai.org.co\/serintegral\/#\/schema\/person\/74dd1a4f199288dd897a5596d0ffce8d\",\"name\":\"Isabel Arroyave\",\"image\":{\"@type\":\"ImageObject\",\"@id\":\"https:\/\/fai.org.co\/serintegral\/#personlogo\",\"inLanguage\":\"es-CO\",\"url\":\"https:\/\/secure.gravatar.com\/avatar\/c77ed908fda95f30709d773f4a4ede4bf137f7206d1cb98ae6bb01840a1990f0?s=96&d=mm&r=g\",\"contentUrl\":\"https:\/\/secure.gravatar.com\/avatar\/c77ed908fda95f30709d773f4a4ede4bf137f7206d1cb98ae6bb01840a1990f0?s=96&d=mm&r=g\",\"caption\":\"Isabel Arroyave\"},\"url\":\"https:\/\/fai.org.co\/serintegral\/author\/isabel-arroyave\/\"}]}<\/script>\n<!-- \/ Yoast SEO plugin. -->","yoast_head_json":{"title":"As\u00ed han evolucionado las vacunas en el tiempo - Ser integral","description":"Han transcurrido 225 a\u00f1os desde que el ingl\u00e9s Edward Jenner (17 de mayo de 1749 \u2013 26 de enero de 1823) administr\u00f3 la que se considera la primera vacuna de la historia, sin embargo existen pr\u00e1cticas m\u00e1s antiguas asociadas a la idea de inmunidad y en el siguiente contenido te las vamos a contar.","robots":{"index":"index","follow":"follow","max-snippet":"max-snippet:-1","max-image-preview":"max-image-preview:large","max-video-preview":"max-video-preview:-1"},"canonical":"https:\/\/fai.org.co\/serintegral\/vacunas\/asi-han-evolucionado-las-vacunas-en-el-tiempo\/","og_locale":"es_ES","og_type":"article","og_title":"As\u00ed han evolucionado las vacunas en el tiempo - Ser integral","og_description":"Han transcurrido 225 a\u00f1os desde que el ingl\u00e9s Edward Jenner (17 de mayo de 1749 \u2013 26 de enero de 1823) administr\u00f3 la que se considera la primera vacuna de la historia, sin embargo existen pr\u00e1cticas m\u00e1s antiguas asociadas a la idea de inmunidad y en el siguiente contenido te las vamos a contar.","og_url":"https:\/\/fai.org.co\/serintegral\/vacunas\/asi-han-evolucionado-las-vacunas-en-el-tiempo\/","og_site_name":"Ser integral","article_published_time":"2024-04-08T20:43:45+00:00","og_image":[{"width":539,"height":369,"url":"https:\/\/fai.org.co\/serintegral\/wp-content\/uploads\/2021\/09\/influenza-en-tiempos-de-covid.jpg","type":"image\/jpeg"}],"twitter_card":"summary_large_image","twitter_misc":{"Escrito por":"Isabel Arroyave","Tiempo estimado de lectura":"2 minutos"},"schema":{"@context":"https:\/\/schema.org","@graph":[{"@type":"WebSite","@id":"https:\/\/fai.org.co\/serintegral\/#website","url":"https:\/\/fai.org.co\/serintegral\/","name":"Ser integral","description":"","potentialAction":[{"@type":"SearchAction","target":{"@type":"EntryPoint","urlTemplate":"https:\/\/fai.org.co\/serintegral\/?s={search_term_string}"},"query-input":"required name=search_term_string"}],"inLanguage":"es-CO"},{"@type":"ImageObject","@id":"https:\/\/fai.org.co\/serintegral\/vacunas\/asi-han-evolucionado-las-vacunas-en-el-tiempo\/#primaryimage","inLanguage":"es-CO","url":"https:\/\/fai.org.co\/serintegral\/wp-content\/uploads\/2021\/09\/influenza-en-tiempos-de-covid.jpg","contentUrl":"https:\/\/fai.org.co\/serintegral\/wp-content\/uploads\/2021\/09\/influenza-en-tiempos-de-covid.jpg","width":539,"height":369,"caption":"Foto benzoix en freepik.es"},{"@type":"WebPage","@id":"https:\/\/fai.org.co\/serintegral\/vacunas\/asi-han-evolucionado-las-vacunas-en-el-tiempo\/#webpage","url":"https:\/\/fai.org.co\/serintegral\/vacunas\/asi-han-evolucionado-las-vacunas-en-el-tiempo\/","name":"As\u00ed han evolucionado las vacunas en el tiempo - Ser integral","isPartOf":{"@id":"https:\/\/fai.org.co\/serintegral\/#website"},"primaryImageOfPage":{"@id":"https:\/\/fai.org.co\/serintegral\/vacunas\/asi-han-evolucionado-las-vacunas-en-el-tiempo\/#primaryimage"},"datePublished":"2024-04-08T20:43:45+00:00","dateModified":"2024-04-08T20:43:45+00:00","author":{"@id":"https:\/\/fai.org.co\/serintegral\/#\/schema\/person\/74dd1a4f199288dd897a5596d0ffce8d"},"description":"Han transcurrido 225 a\u00f1os desde que el ingl\u00e9s Edward Jenner (17 de mayo de 1749 \u2013 26 de enero de 1823) administr\u00f3 la que se considera la primera vacuna de la historia, sin embargo existen pr\u00e1cticas m\u00e1s antiguas asociadas a la idea de inmunidad y en el siguiente contenido te las vamos a contar.","breadcrumb":{"@id":"https:\/\/fai.org.co\/serintegral\/vacunas\/asi-han-evolucionado-las-vacunas-en-el-tiempo\/#breadcrumb"},"inLanguage":"es-CO","potentialAction":[{"@type":"ReadAction","target":["https:\/\/fai.org.co\/serintegral\/vacunas\/asi-han-evolucionado-las-vacunas-en-el-tiempo\/"]}]},{"@type":"BreadcrumbList","@id":"https:\/\/fai.org.co\/serintegral\/vacunas\/asi-han-evolucionado-las-vacunas-en-el-tiempo\/#breadcrumb","itemListElement":[{"@type":"ListItem","position":1,"name":"Inicio","item":"https:\/\/fai.org.co\/serintegral\/"},{"@type":"ListItem","position":2,"name":"As\u00ed han evolucionado las vacunas en el tiempo"}]},{"@type":"Person","@id":"https:\/\/fai.org.co\/serintegral\/#\/schema\/person\/74dd1a4f199288dd897a5596d0ffce8d","name":"Isabel Arroyave","image":{"@type":"ImageObject","@id":"https:\/\/fai.org.co\/serintegral\/#personlogo","inLanguage":"es-CO","url":"https:\/\/secure.gravatar.com\/avatar\/c77ed908fda95f30709d773f4a4ede4bf137f7206d1cb98ae6bb01840a1990f0?s=96&d=mm&r=g","contentUrl":"https:\/\/secure.gravatar.com\/avatar\/c77ed908fda95f30709d773f4a4ede4bf137f7206d1cb98ae6bb01840a1990f0?s=96&d=mm&r=g","caption":"Isabel Arroyave"},"url":"https:\/\/fai.org.co\/serintegral\/author\/isabel-arroyave\/"}]}},"jetpack_featured_media_url":"https:\/\/fai.org.co\/serintegral\/wp-content\/uploads\/2021\/09\/influenza-en-tiempos-de-covid.jpg","_links":{"self":[{"href":"https:\/\/fai.org.co\/serintegral\/wp-json\/wp\/v2\/posts\/2673","targetHints":{"allow":["GET"]}}],"collection":[{"href":"https:\/\/fai.org.co\/serintegral\/wp-json\/wp\/v2\/posts"}],"about":[{"href":"https:\/\/fai.org.co\/serintegral\/wp-json\/wp\/v2\/types\/post"}],"author":[{"embeddable":true,"href":"https:\/\/fai.org.co\/serintegral\/wp-json\/wp\/v2\/users\/3"}],"replies":[{"embeddable":true,"href":"https:\/\/fai.org.co\/serintegral\/wp-json\/wp\/v2\/comments?post=2673"}],"version-history":[{"count":1,"href":"https:\/\/fai.org.co\/serintegral\/wp-json\/wp\/v2\/posts\/2673\/revisions"}],"predecessor-version":[{"id":2674,"href":"https:\/\/fai.org.co\/serintegral\/wp-json\/wp\/v2\/posts\/2673\/revisions\/2674"}],"wp:featuredmedia":[{"embeddable":true,"href":"https:\/\/fai.org.co\/serintegral\/wp-json\/wp\/v2\/media\/1397"}],"wp:attachment":[{"href":"https:\/\/fai.org.co\/serintegral\/wp-json\/wp\/v2\/media?parent=2673"}],"wp:term":[{"taxonomy":"category","embeddable":true,"href":"https:\/\/fai.org.co\/serintegral\/wp-json\/wp\/v2\/categories?post=2673"},{"taxonomy":"post_tag","embeddable":true,"href":"https:\/\/fai.org.co\/serintegral\/wp-json\/wp\/v2\/tags?post=2673"}],"curies":[{"name":"wp","href":"https:\/\/api.w.org\/{rel}","templated":true}]}}