{"id":2678,"date":"2024-05-27T09:17:41","date_gmt":"2024-05-27T14:17:41","guid":{"rendered":"https:\/\/fai.org.co\/serintegral\/?p=2678"},"modified":"2024-05-27T09:17:41","modified_gmt":"2024-05-27T14:17:41","slug":"todo-lo-que-necesitas-saber-sobre-la-neumonia-sintomas-diagnostico-y-consecuencias","status":"publish","type":"post","link":"https:\/\/fai.org.co\/serintegral\/sin-categoria\/todo-lo-que-necesitas-saber-sobre-la-neumonia-sintomas-diagnostico-y-consecuencias\/","title":{"rendered":"Todo lo que Necesitas Saber sobre la Neumon\u00eda: S\u00edntomas, Diagn\u00f3stico y Consecuencias"},"content":{"rendered":"<p>La neumon\u00eda es una infecci\u00f3n respiratoria que afecta los pulmones, y aunque puede ser grave, con el conocimiento adecuado es posible detectarla a tiempo y tratarla eficazmente. En este art\u00edculo de la Fundaci\u00f3n Antioque\u00f1a de Infectolog\u00eda, te ofrecemos una gu\u00eda acerca de la neumon\u00eda, desde los s\u00edntomas hasta las consecuencias y el diagn\u00f3stico.<\/p>\n<p><strong>\u00bfQu\u00e9 es la Neumon\u00eda?<\/strong><\/p>\n<p>La neumon\u00eda es una infecci\u00f3n que inflama los sacos de aire en uno o ambos pulmones. Estos sacos pueden llenarse de l\u00edquido o pus, causando tos con flema o pus, fiebre, escalofr\u00edos y dificultad para respirar. Puede ser causada por una variedad de organismos, incluyendo bacterias, virus y hongos.<\/p>\n<p><strong>\u00bfCu\u00e1les son los s\u00edntomas? <\/strong><\/p>\n<p>Los s\u00edntomas que se pueden presentar pueden variar desde leves hasta graves, dependiendo de factores propios del paciente como la edad y comorbilidades, asi como del germen que cause la infecci\u00f3n. Los m\u00e1s comunes son:<\/p>\n<p>&nbsp;<\/p>\n<ul>\n<li><strong>Fiebre y escalofr\u00edos:<\/strong> Un aumento de la temperatura corporal acompa\u00f1ado de temblores.<\/li>\n<li><strong>Tos:<\/strong> Puede ser seca o con flema (mucosidad o incluso sangre).<\/li>\n<li><strong>Dificultad para respirar:<\/strong> Sensaci\u00f3n de falta de aire o respiraci\u00f3n r\u00e1pida.<\/li>\n<li><strong>Dolor en el pecho:<\/strong> Dolor agudo o punzante que empeora con la respiraci\u00f3n profunda o la tos.<\/li>\n<li><strong>Fatiga:<\/strong> Sentimiento general de cansancio o debilidad.<\/li>\n<li><strong>Sudoraci\u00f3n y piel h\u00fameda:<\/strong> Transpiraci\u00f3n excesiva.<\/li>\n<\/ul>\n<p>&nbsp;<\/p>\n<p>En casos puntuales de adultos mayores o personas con un sistema inmune vulnerable, los s\u00edntomas pueden ser menos espec\u00edficos, como una baja en la temperatura corporal, confusi\u00f3n o cambios en el estado mental.<\/p>\n<p><strong>\u00a0<\/strong><\/p>\n<p><strong>\u00bfC\u00f3mo detectar la neumon\u00eda?<\/strong><\/p>\n<p>Es muy importante detectar la neumon\u00eda a tiempo para iniciar el tratamiento adecuado \u00bfC\u00f3mo?<\/p>\n<p>&nbsp;<\/p>\n<ul>\n<li><strong>Examen f\u00edsico:<\/strong> Consulta a tu m\u00e9dico para que revise tus pulmones<\/li>\n<li><strong>Radiograf\u00eda de t\u00f3rax:<\/strong> Esta prueba puede mostrar la extensi\u00f3n y ubicaci\u00f3n de la infecci\u00f3n pulmonar.<\/li>\n<li><strong>An\u00e1lisis de sangre:<\/strong> Un hemograma completo puede sugerir la presencia de una infecci\u00f3n.<\/li>\n<li><strong>Cultivo de esputo:<\/strong> Analizar una muestra de flema puede ayudar a identificar el organismo causante de la neumon\u00eda.<\/li>\n<li><strong>Oximetr\u00eda de pulso:<\/strong> Este dispositivo mide el nivel de ox\u00edgeno en la sangre, ayudando a determinar si requieres oxigeno suplementario en casos de neumon\u00eda.<\/li>\n<\/ul>\n<p>&nbsp;<\/p>\n<p><strong>\u00bfC\u00f3mo se previene y cu\u00e1l es el tratamiento?<\/strong><\/p>\n<p>Las medidas m\u00e1s importantes para prevenir la neumon\u00eda son la vacunaci\u00f3n (Neumococo e Influenza principalmente) y evitar el tabaquismo.<\/p>\n<p>El tratamiento depende de la causa de la neumon\u00eda:<\/p>\n<p>&nbsp;<\/p>\n<ul>\n<li><strong>Antibi\u00f3ticos:<\/strong> Para neumon\u00edas bacterianas.<\/li>\n<li><strong>Antivirales:<\/strong> Para algunas neumon\u00edas virales.<\/li>\n<li><strong>Antif\u00fangicos:<\/strong> Para neumon\u00edas causadas por hongos.<\/li>\n<li><strong>Oxigenoterapia:<\/strong> En casos graves para ayudar a la respiraci\u00f3n.<\/li>\n<\/ul>\n<p>&nbsp;<\/p>\n<p>Entonces s\u00ed, la neumon\u00eda puede llegar a ser una enfermedad grave pero tratable. Una detecci\u00f3n temprana, consultar a tu m\u00e9dico y seguir las recomendaciones pueden marcar una gran diferencia. En la Fundaci\u00f3n Antioque\u00f1a de Infectolog\u00eda, estamos comprometidos a brindar la informaci\u00f3n y el apoyo necesarios para combatir esta y otras infecciones.<\/p>\n<p>Esperamos que esta gu\u00eda sea de ayuda e informaci\u00f3n acerca de esta enfermedad. Si tienes alguna duda, necesitas m\u00e1s informaci\u00f3n o si presentas s\u00edntomas, no dudes en contactarnos.<\/p>\n","protected":false},"excerpt":{"rendered":"<p>La neumon\u00eda es una infecci\u00f3n respiratoria que afecta los pulmones, y aunque puede ser grave, con el conocimiento adecuado es posible detectarla a tiempo y tratarla eficazmente. En este art\u00edculo de la Fundaci\u00f3n Antioque\u00f1a de Infectolog\u00eda, te ofrecemos una gu\u00eda acerca de la neumon\u00eda, desde los s\u00edntomas hasta las consecuencias y el diagn\u00f3stico. \u00bfQu\u00e9 es [&hellip;]<\/p>\n","protected":false},"author":3,"featured_media":2588,"comment_status":"open","ping_status":"open","sticky":false,"template":"","format":"standard","meta":{"_monsterinsights_skip_tracking":false,"_monsterinsights_sitenote_active":false,"_monsterinsights_sitenote_note":"","_monsterinsights_sitenote_category":0,"spay_email":"","footnotes":""},"categories":[1],"tags":[],"class_list":["post-2678","post","type-post","status-publish","format-standard","has-post-thumbnail","hentry","category-sin-categoria"],"aioseo_notices":[],"yoast_head":"<!-- This site is optimized with the Yoast SEO plugin v17.5 - https:\/\/yoast.com\/wordpress\/plugins\/seo\/ -->\n<title>Todo lo que Necesitas Saber sobre la Neumon\u00eda: S\u00edntomas, Diagn\u00f3stico y Consecuencias - Ser integral<\/title>\n<meta name=\"robots\" content=\"index, follow, max-snippet:-1, max-image-preview:large, max-video-preview:-1\" \/>\n<link rel=\"canonical\" href=\"https:\/\/fai.org.co\/serintegral\/sin-categoria\/todo-lo-que-necesitas-saber-sobre-la-neumonia-sintomas-diagnostico-y-consecuencias\/\" \/>\n<meta property=\"og:locale\" content=\"es_ES\" \/>\n<meta property=\"og:type\" content=\"article\" \/>\n<meta property=\"og:title\" content=\"Todo lo que Necesitas Saber sobre la Neumon\u00eda: S\u00edntomas, Diagn\u00f3stico y Consecuencias - Ser integral\" \/>\n<meta property=\"og:description\" content=\"La neumon\u00eda es una infecci\u00f3n respiratoria que afecta los pulmones, y aunque puede ser grave, con el conocimiento adecuado es posible detectarla a tiempo y tratarla eficazmente. En este art\u00edculo de la Fundaci\u00f3n Antioque\u00f1a de Infectolog\u00eda, te ofrecemos una gu\u00eda acerca de la neumon\u00eda, desde los s\u00edntomas hasta las consecuencias y el diagn\u00f3stico. \u00bfQu\u00e9 es [&hellip;]\" \/>\n<meta property=\"og:url\" content=\"https:\/\/fai.org.co\/serintegral\/sin-categoria\/todo-lo-que-necesitas-saber-sobre-la-neumonia-sintomas-diagnostico-y-consecuencias\/\" \/>\n<meta property=\"og:site_name\" content=\"Ser integral\" \/>\n<meta property=\"article:published_time\" content=\"2024-05-27T14:17:41+00:00\" \/>\n<meta property=\"og:image\" content=\"https:\/\/fai.org.co\/serintegral\/wp-content\/uploads\/2023\/03\/pulmones.jpg\" \/>\n\t<meta property=\"og:image:width\" content=\"1140\" \/>\n\t<meta property=\"og:image:height\" content=\"655\" \/>\n<meta name=\"twitter:card\" content=\"summary_large_image\" \/>\n<meta name=\"twitter:label1\" content=\"Escrito por\" \/>\n\t<meta name=\"twitter:data1\" content=\"Isabel Arroyave\" \/>\n\t<meta name=\"twitter:label2\" content=\"Tiempo estimado de lectura\" \/>\n\t<meta name=\"twitter:data2\" content=\"3 minutos\" \/>\n<script type=\"application\/ld+json\" class=\"yoast-schema-graph\">{\"@context\":\"https:\/\/schema.org\",\"@graph\":[{\"@type\":\"WebSite\",\"@id\":\"https:\/\/fai.org.co\/serintegral\/#website\",\"url\":\"https:\/\/fai.org.co\/serintegral\/\",\"name\":\"Ser integral\",\"description\":\"\",\"potentialAction\":[{\"@type\":\"SearchAction\",\"target\":{\"@type\":\"EntryPoint\",\"urlTemplate\":\"https:\/\/fai.org.co\/serintegral\/?s={search_term_string}\"},\"query-input\":\"required name=search_term_string\"}],\"inLanguage\":\"es-CO\"},{\"@type\":\"ImageObject\",\"@id\":\"https:\/\/fai.org.co\/serintegral\/sin-categoria\/todo-lo-que-necesitas-saber-sobre-la-neumonia-sintomas-diagnostico-y-consecuencias\/#primaryimage\",\"inLanguage\":\"es-CO\",\"url\":\"https:\/\/fai.org.co\/serintegral\/wp-content\/uploads\/2023\/03\/pulmones.jpg\",\"contentUrl\":\"https:\/\/fai.org.co\/serintegral\/wp-content\/uploads\/2023\/03\/pulmones.jpg\",\"width\":1140,\"height\":655,\"caption\":\"Ilustraci\\u00f3n de una persona donde se destacan los pulmones\"},{\"@type\":\"WebPage\",\"@id\":\"https:\/\/fai.org.co\/serintegral\/sin-categoria\/todo-lo-que-necesitas-saber-sobre-la-neumonia-sintomas-diagnostico-y-consecuencias\/#webpage\",\"url\":\"https:\/\/fai.org.co\/serintegral\/sin-categoria\/todo-lo-que-necesitas-saber-sobre-la-neumonia-sintomas-diagnostico-y-consecuencias\/\",\"name\":\"Todo lo que Necesitas Saber sobre la Neumon\\u00eda: S\\u00edntomas, Diagn\\u00f3stico y Consecuencias - Ser integral\",\"isPartOf\":{\"@id\":\"https:\/\/fai.org.co\/serintegral\/#website\"},\"primaryImageOfPage\":{\"@id\":\"https:\/\/fai.org.co\/serintegral\/sin-categoria\/todo-lo-que-necesitas-saber-sobre-la-neumonia-sintomas-diagnostico-y-consecuencias\/#primaryimage\"},\"datePublished\":\"2024-05-27T14:17:41+00:00\",\"dateModified\":\"2024-05-27T14:17:41+00:00\",\"author\":{\"@id\":\"https:\/\/fai.org.co\/serintegral\/#\/schema\/person\/74dd1a4f199288dd897a5596d0ffce8d\"},\"breadcrumb\":{\"@id\":\"https:\/\/fai.org.co\/serintegral\/sin-categoria\/todo-lo-que-necesitas-saber-sobre-la-neumonia-sintomas-diagnostico-y-consecuencias\/#breadcrumb\"},\"inLanguage\":\"es-CO\",\"potentialAction\":[{\"@type\":\"ReadAction\",\"target\":[\"https:\/\/fai.org.co\/serintegral\/sin-categoria\/todo-lo-que-necesitas-saber-sobre-la-neumonia-sintomas-diagnostico-y-consecuencias\/\"]}]},{\"@type\":\"BreadcrumbList\",\"@id\":\"https:\/\/fai.org.co\/serintegral\/sin-categoria\/todo-lo-que-necesitas-saber-sobre-la-neumonia-sintomas-diagnostico-y-consecuencias\/#breadcrumb\",\"itemListElement\":[{\"@type\":\"ListItem\",\"position\":1,\"name\":\"Inicio\",\"item\":\"https:\/\/fai.org.co\/serintegral\/\"},{\"@type\":\"ListItem\",\"position\":2,\"name\":\"Todo lo que Necesitas Saber sobre la Neumon\\u00eda: S\\u00edntomas, Diagn\\u00f3stico y Consecuencias\"}]},{\"@type\":\"Person\",\"@id\":\"https:\/\/fai.org.co\/serintegral\/#\/schema\/person\/74dd1a4f199288dd897a5596d0ffce8d\",\"name\":\"Isabel Arroyave\",\"image\":{\"@type\":\"ImageObject\",\"@id\":\"https:\/\/fai.org.co\/serintegral\/#personlogo\",\"inLanguage\":\"es-CO\",\"url\":\"https:\/\/secure.gravatar.com\/avatar\/c77ed908fda95f30709d773f4a4ede4bf137f7206d1cb98ae6bb01840a1990f0?s=96&d=mm&r=g\",\"contentUrl\":\"https:\/\/secure.gravatar.com\/avatar\/c77ed908fda95f30709d773f4a4ede4bf137f7206d1cb98ae6bb01840a1990f0?s=96&d=mm&r=g\",\"caption\":\"Isabel Arroyave\"},\"url\":\"https:\/\/fai.org.co\/serintegral\/author\/isabel-arroyave\/\"}]}<\/script>\n<!-- \/ Yoast SEO plugin. -->","yoast_head_json":{"title":"Todo lo que Necesitas Saber sobre la Neumon\u00eda: S\u00edntomas, Diagn\u00f3stico y Consecuencias - Ser integral","robots":{"index":"index","follow":"follow","max-snippet":"max-snippet:-1","max-image-preview":"max-image-preview:large","max-video-preview":"max-video-preview:-1"},"canonical":"https:\/\/fai.org.co\/serintegral\/sin-categoria\/todo-lo-que-necesitas-saber-sobre-la-neumonia-sintomas-diagnostico-y-consecuencias\/","og_locale":"es_ES","og_type":"article","og_title":"Todo lo que Necesitas Saber sobre la Neumon\u00eda: S\u00edntomas, Diagn\u00f3stico y Consecuencias - Ser integral","og_description":"La neumon\u00eda es una infecci\u00f3n respiratoria que afecta los pulmones, y aunque puede ser grave, con el conocimiento adecuado es posible detectarla a tiempo y tratarla eficazmente. En este art\u00edculo de la Fundaci\u00f3n Antioque\u00f1a de Infectolog\u00eda, te ofrecemos una gu\u00eda acerca de la neumon\u00eda, desde los s\u00edntomas hasta las consecuencias y el diagn\u00f3stico. \u00bfQu\u00e9 es [&hellip;]","og_url":"https:\/\/fai.org.co\/serintegral\/sin-categoria\/todo-lo-que-necesitas-saber-sobre-la-neumonia-sintomas-diagnostico-y-consecuencias\/","og_site_name":"Ser integral","article_published_time":"2024-05-27T14:17:41+00:00","og_image":[{"width":1140,"height":655,"url":"https:\/\/fai.org.co\/serintegral\/wp-content\/uploads\/2023\/03\/pulmones.jpg","type":"image\/jpeg"}],"twitter_card":"summary_large_image","twitter_misc":{"Escrito por":"Isabel Arroyave","Tiempo estimado de lectura":"3 minutos"},"schema":{"@context":"https:\/\/schema.org","@graph":[{"@type":"WebSite","@id":"https:\/\/fai.org.co\/serintegral\/#website","url":"https:\/\/fai.org.co\/serintegral\/","name":"Ser integral","description":"","potentialAction":[{"@type":"SearchAction","target":{"@type":"EntryPoint","urlTemplate":"https:\/\/fai.org.co\/serintegral\/?s={search_term_string}"},"query-input":"required name=search_term_string"}],"inLanguage":"es-CO"},{"@type":"ImageObject","@id":"https:\/\/fai.org.co\/serintegral\/sin-categoria\/todo-lo-que-necesitas-saber-sobre-la-neumonia-sintomas-diagnostico-y-consecuencias\/#primaryimage","inLanguage":"es-CO","url":"https:\/\/fai.org.co\/serintegral\/wp-content\/uploads\/2023\/03\/pulmones.jpg","contentUrl":"https:\/\/fai.org.co\/serintegral\/wp-content\/uploads\/2023\/03\/pulmones.jpg","width":1140,"height":655,"caption":"Ilustraci\u00f3n de una persona donde se destacan los pulmones"},{"@type":"WebPage","@id":"https:\/\/fai.org.co\/serintegral\/sin-categoria\/todo-lo-que-necesitas-saber-sobre-la-neumonia-sintomas-diagnostico-y-consecuencias\/#webpage","url":"https:\/\/fai.org.co\/serintegral\/sin-categoria\/todo-lo-que-necesitas-saber-sobre-la-neumonia-sintomas-diagnostico-y-consecuencias\/","name":"Todo lo que Necesitas Saber sobre la Neumon\u00eda: S\u00edntomas, Diagn\u00f3stico y Consecuencias - Ser integral","isPartOf":{"@id":"https:\/\/fai.org.co\/serintegral\/#website"},"primaryImageOfPage":{"@id":"https:\/\/fai.org.co\/serintegral\/sin-categoria\/todo-lo-que-necesitas-saber-sobre-la-neumonia-sintomas-diagnostico-y-consecuencias\/#primaryimage"},"datePublished":"2024-05-27T14:17:41+00:00","dateModified":"2024-05-27T14:17:41+00:00","author":{"@id":"https:\/\/fai.org.co\/serintegral\/#\/schema\/person\/74dd1a4f199288dd897a5596d0ffce8d"},"breadcrumb":{"@id":"https:\/\/fai.org.co\/serintegral\/sin-categoria\/todo-lo-que-necesitas-saber-sobre-la-neumonia-sintomas-diagnostico-y-consecuencias\/#breadcrumb"},"inLanguage":"es-CO","potentialAction":[{"@type":"ReadAction","target":["https:\/\/fai.org.co\/serintegral\/sin-categoria\/todo-lo-que-necesitas-saber-sobre-la-neumonia-sintomas-diagnostico-y-consecuencias\/"]}]},{"@type":"BreadcrumbList","@id":"https:\/\/fai.org.co\/serintegral\/sin-categoria\/todo-lo-que-necesitas-saber-sobre-la-neumonia-sintomas-diagnostico-y-consecuencias\/#breadcrumb","itemListElement":[{"@type":"ListItem","position":1,"name":"Inicio","item":"https:\/\/fai.org.co\/serintegral\/"},{"@type":"ListItem","position":2,"name":"Todo lo que Necesitas Saber sobre la Neumon\u00eda: S\u00edntomas, Diagn\u00f3stico y Consecuencias"}]},{"@type":"Person","@id":"https:\/\/fai.org.co\/serintegral\/#\/schema\/person\/74dd1a4f199288dd897a5596d0ffce8d","name":"Isabel Arroyave","image":{"@type":"ImageObject","@id":"https:\/\/fai.org.co\/serintegral\/#personlogo","inLanguage":"es-CO","url":"https:\/\/secure.gravatar.com\/avatar\/c77ed908fda95f30709d773f4a4ede4bf137f7206d1cb98ae6bb01840a1990f0?s=96&d=mm&r=g","contentUrl":"https:\/\/secure.gravatar.com\/avatar\/c77ed908fda95f30709d773f4a4ede4bf137f7206d1cb98ae6bb01840a1990f0?s=96&d=mm&r=g","caption":"Isabel Arroyave"},"url":"https:\/\/fai.org.co\/serintegral\/author\/isabel-arroyave\/"}]}},"jetpack_featured_media_url":"https:\/\/fai.org.co\/serintegral\/wp-content\/uploads\/2023\/03\/pulmones.jpg","_links":{"self":[{"href":"https:\/\/fai.org.co\/serintegral\/wp-json\/wp\/v2\/posts\/2678","targetHints":{"allow":["GET"]}}],"collection":[{"href":"https:\/\/fai.org.co\/serintegral\/wp-json\/wp\/v2\/posts"}],"about":[{"href":"https:\/\/fai.org.co\/serintegral\/wp-json\/wp\/v2\/types\/post"}],"author":[{"embeddable":true,"href":"https:\/\/fai.org.co\/serintegral\/wp-json\/wp\/v2\/users\/3"}],"replies":[{"embeddable":true,"href":"https:\/\/fai.org.co\/serintegral\/wp-json\/wp\/v2\/comments?post=2678"}],"version-history":[{"count":1,"href":"https:\/\/fai.org.co\/serintegral\/wp-json\/wp\/v2\/posts\/2678\/revisions"}],"predecessor-version":[{"id":2679,"href":"https:\/\/fai.org.co\/serintegral\/wp-json\/wp\/v2\/posts\/2678\/revisions\/2679"}],"wp:featuredmedia":[{"embeddable":true,"href":"https:\/\/fai.org.co\/serintegral\/wp-json\/wp\/v2\/media\/2588"}],"wp:attachment":[{"href":"https:\/\/fai.org.co\/serintegral\/wp-json\/wp\/v2\/media?parent=2678"}],"wp:term":[{"taxonomy":"category","embeddable":true,"href":"https:\/\/fai.org.co\/serintegral\/wp-json\/wp\/v2\/categories?post=2678"},{"taxonomy":"post_tag","embeddable":true,"href":"https:\/\/fai.org.co\/serintegral\/wp-json\/wp\/v2\/tags?post=2678"}],"curies":[{"name":"wp","href":"https:\/\/api.w.org\/{rel}","templated":true}]}}