{"id":2685,"date":"2024-07-12T15:05:50","date_gmt":"2024-07-12T20:05:50","guid":{"rendered":"https:\/\/fai.org.co\/serintegral\/?p=2685"},"modified":"2024-07-12T15:05:50","modified_gmt":"2024-07-12T20:05:50","slug":"sabes-como-se-manifiesta-el-virus-respiratorio-sincitial","status":"publish","type":"post","link":"https:\/\/fai.org.co\/serintegral\/sin-categoria\/sabes-como-se-manifiesta-el-virus-respiratorio-sincitial\/","title":{"rendered":"\u00bfSabes c\u00f3mo se manifiesta el Virus Respiratorio Sincitial?"},"content":{"rendered":"<p><strong>El virus respiratorio sincitial<\/strong> <strong>(VRS),<\/strong> en principio, se manifiesta por provocar infecciones leves del tracto respiratorio superior, siendo mayormente vulnerable la poblaci\u00f3n infantil, que a causa del virus podr\u00eda contraer enfermedades de mayor impacto como la bronquiolitis, y en pacientes con afecciones inmunitarias existe incluso la probabilidad de muerte. No obstante, <strong>la probabilidad de contagio en la adolescencia y la adultez<\/strong>, sigue siendo un riesgo inminente pese a ser menor con respecto a la ni\u00f1ez. Cabe anotar que recientemente se han realizado estudios que evidencian un incremento en la afecci\u00f3n por este virus en personas de edad avanzada.<\/p>\n<p>As\u00ed mismo, es importante resaltar que el <strong>VRS<\/strong>, es causante directo de agravar enfermedades de base como la Enfermedad Pulmonar Obstructiva Cr\u00f3nica EPOC, asma, e incluso insuficiencias cardiacas.<\/p>\n<p><strong>\u00bfC\u00f3mo se trasmite y propaga?<\/strong><\/p>\n<p>La transmisi\u00f3n del <strong>VRS<\/strong> se da en mayor medida a trav\u00e9s de <strong>part\u00edculas de saliva invisibles o secreciones nasales<\/strong>, que las personas contagiadas puedan esparcir en el ambiente al estornudar o toser, siendo o no conscientes de ello, puesto que en algunos casos puede ser asintom\u00e1tico, sin embargo, se ha determinado que en un alto porcentaje de los pacientes afectados, la duraci\u00f3n de los s\u00edntomas oscila entre\u00a0 7 y 14 d\u00edas, atacando con mayor fuerza los primeros 5 d\u00edas.<\/p>\n<p>Es de conocimiento popular, que las enfermedades respiratorias, se propagan con mayor fuerza y rapidez en lugares con hacinamiento, y <strong>el VRS<\/strong> no es la excepci\u00f3n, por lo que, en estos casos, se recomienda tomar medidas preventivas m\u00e1s estrictas, y acudir al m\u00e9dico de manera inmediata si hay sospechas de portar la enfermedad.<\/p>\n<p>El diagn\u00f3stico para descartar o confirmar el virus, se realiza usualmente tomando una muestra del l\u00edquido nasal a trav\u00e9s de un hisopo, el cual, en caso de ser positivo, es vital, acudir al m\u00e9dico para recibir instrucciones precisas de tratamiento y prevenci\u00f3n.<\/p>\n<p><strong>\u00bfExiste alguna vacuna?<\/strong><\/p>\n<p><strong>El pasado 21 de agosto de 2023<\/strong>, se aprob\u00f3 la primera vacuna contra el VSR, donde se busca implementar la inmunizaci\u00f3n en beb\u00e9s; puesto que este virus es causante principal de enfermedades respiratorias como <strong>la bronquiolitis, neumon\u00edas, sibilancias persistentes y limitaci\u00f3n del flujo a\u00e9reo en lactantes.<\/strong><\/p>\n<p>Otra poblaci\u00f3n que requiere prioridad en la administraci\u00f3n de la vacuna son las madres gestantes, donde podr\u00e1 ser administrada en <strong>mujeres embarazadas entre la semana 32 y 36 de la gestaci\u00f3n<\/strong>.<\/p>\n<p>Esta vacuna tambi\u00e9n fue aprobada para la administraci\u00f3n <strong>en personas mayores de 60 a\u00f1os<\/strong>, siendo esta tambi\u00e9n una de las poblaciones m\u00e1s vulnerables, sin embargo, cabe aclarar que el <strong>VSR <\/strong>puede atacar a comunidades de cualquier edad, por lo que es importante que todas las personas la reciban, toda vez que su uso, disminuye altamente el riesgo de contraer una enfermedad que en algunos casos podr\u00eda llegar a ser mortal.<\/p>\n","protected":false},"excerpt":{"rendered":"<p>El virus respiratorio sincitial (VRS), en principio, se manifiesta por provocar infecciones leves del tracto respiratorio superior, siendo mayormente vulnerable la poblaci\u00f3n infantil, que a causa del virus podr\u00eda contraer enfermedades de mayor impacto como la bronquiolitis, y en pacientes con afecciones inmunitarias existe incluso la probabilidad de muerte. No obstante, la probabilidad de contagio [&hellip;]<\/p>\n","protected":false},"author":3,"featured_media":1729,"comment_status":"open","ping_status":"open","sticky":false,"template":"","format":"standard","meta":{"_monsterinsights_skip_tracking":false,"_monsterinsights_sitenote_active":false,"_monsterinsights_sitenote_note":"","_monsterinsights_sitenote_category":0,"spay_email":"","footnotes":""},"categories":[1],"tags":[],"class_list":["post-2685","post","type-post","status-publish","format-standard","has-post-thumbnail","hentry","category-sin-categoria"],"aioseo_notices":[],"yoast_head":"<!-- This site is optimized with the Yoast SEO plugin v17.5 - https:\/\/yoast.com\/wordpress\/plugins\/seo\/ -->\n<title>\u00bfSabes c\u00f3mo se manifiesta el Virus Respiratorio Sincitial? - Ser integral<\/title>\n<meta name=\"description\" content=\"La transmisi\u00f3n del VRS se da en mayor medida a trav\u00e9s de part\u00edculas de saliva invisibles o secreciones nasales, que las personas contagiadas puedan esparcir en el ambiente al estornudar o toser, siendo o no conscientes de ello, puesto que en algunos casos puede ser asintom\u00e1tico, sin embargo, se ha determinado que en un alto porcentaje de los pacientes afectados, la duraci\u00f3n de los s\u00edntomas oscila entre\u00a0 7 y 14 d\u00edas, atacando con mayor fuerza los primeros 5 d\u00edas.\" \/>\n<meta name=\"robots\" content=\"index, follow, max-snippet:-1, max-image-preview:large, max-video-preview:-1\" \/>\n<link rel=\"canonical\" href=\"https:\/\/fai.org.co\/serintegral\/sin-categoria\/sabes-como-se-manifiesta-el-virus-respiratorio-sincitial\/\" \/>\n<meta property=\"og:locale\" content=\"es_ES\" \/>\n<meta property=\"og:type\" content=\"article\" \/>\n<meta property=\"og:title\" content=\"\u00bfSabes c\u00f3mo se manifiesta el Virus Respiratorio Sincitial? - Ser integral\" \/>\n<meta property=\"og:description\" content=\"La transmisi\u00f3n del VRS se da en mayor medida a trav\u00e9s de part\u00edculas de saliva invisibles o secreciones nasales, que las personas contagiadas puedan esparcir en el ambiente al estornudar o toser, siendo o no conscientes de ello, puesto que en algunos casos puede ser asintom\u00e1tico, sin embargo, se ha determinado que en un alto porcentaje de los pacientes afectados, la duraci\u00f3n de los s\u00edntomas oscila entre\u00a0 7 y 14 d\u00edas, atacando con mayor fuerza los primeros 5 d\u00edas.\" \/>\n<meta property=\"og:url\" content=\"https:\/\/fai.org.co\/serintegral\/sin-categoria\/sabes-como-se-manifiesta-el-virus-respiratorio-sincitial\/\" \/>\n<meta property=\"og:site_name\" content=\"Ser integral\" \/>\n<meta property=\"article:published_time\" content=\"2024-07-12T20:05:50+00:00\" \/>\n<meta property=\"og:image\" content=\"https:\/\/fai.org.co\/serintegral\/wp-content\/uploads\/2021\/10\/que-es-la-neumonia.jpg\" \/>\n\t<meta property=\"og:image:width\" content=\"539\" \/>\n\t<meta property=\"og:image:height\" content=\"369\" \/>\n<meta name=\"twitter:card\" content=\"summary_large_image\" \/>\n<meta name=\"twitter:label1\" content=\"Escrito por\" \/>\n\t<meta name=\"twitter:data1\" content=\"Isabel Arroyave\" \/>\n\t<meta name=\"twitter:label2\" content=\"Tiempo estimado de lectura\" \/>\n\t<meta name=\"twitter:data2\" content=\"2 minutos\" \/>\n<script type=\"application\/ld+json\" class=\"yoast-schema-graph\">{\"@context\":\"https:\/\/schema.org\",\"@graph\":[{\"@type\":\"WebSite\",\"@id\":\"https:\/\/fai.org.co\/serintegral\/#website\",\"url\":\"https:\/\/fai.org.co\/serintegral\/\",\"name\":\"Ser integral\",\"description\":\"\",\"potentialAction\":[{\"@type\":\"SearchAction\",\"target\":{\"@type\":\"EntryPoint\",\"urlTemplate\":\"https:\/\/fai.org.co\/serintegral\/?s={search_term_string}\"},\"query-input\":\"required name=search_term_string\"}],\"inLanguage\":\"es-CO\"},{\"@type\":\"ImageObject\",\"@id\":\"https:\/\/fai.org.co\/serintegral\/sin-categoria\/sabes-como-se-manifiesta-el-virus-respiratorio-sincitial\/#primaryimage\",\"inLanguage\":\"es-CO\",\"url\":\"https:\/\/fai.org.co\/serintegral\/wp-content\/uploads\/2021\/10\/que-es-la-neumonia.jpg\",\"contentUrl\":\"https:\/\/fai.org.co\/serintegral\/wp-content\/uploads\/2021\/10\/que-es-la-neumonia.jpg\",\"width\":539,\"height\":369,\"caption\":\"VRS\"},{\"@type\":\"WebPage\",\"@id\":\"https:\/\/fai.org.co\/serintegral\/sin-categoria\/sabes-como-se-manifiesta-el-virus-respiratorio-sincitial\/#webpage\",\"url\":\"https:\/\/fai.org.co\/serintegral\/sin-categoria\/sabes-como-se-manifiesta-el-virus-respiratorio-sincitial\/\",\"name\":\"\\u00bfSabes c\\u00f3mo se manifiesta el Virus Respiratorio Sincitial? - Ser integral\",\"isPartOf\":{\"@id\":\"https:\/\/fai.org.co\/serintegral\/#website\"},\"primaryImageOfPage\":{\"@id\":\"https:\/\/fai.org.co\/serintegral\/sin-categoria\/sabes-como-se-manifiesta-el-virus-respiratorio-sincitial\/#primaryimage\"},\"datePublished\":\"2024-07-12T20:05:50+00:00\",\"dateModified\":\"2024-07-12T20:05:50+00:00\",\"author\":{\"@id\":\"https:\/\/fai.org.co\/serintegral\/#\/schema\/person\/74dd1a4f199288dd897a5596d0ffce8d\"},\"description\":\"La transmisi\\u00f3n del VRS se da en mayor medida a trav\\u00e9s de part\\u00edculas de saliva invisibles o secreciones nasales, que las personas contagiadas puedan esparcir en el ambiente al estornudar o toser, siendo o no conscientes de ello, puesto que en algunos casos puede ser asintom\\u00e1tico, sin embargo, se ha determinado que en un alto porcentaje de los pacientes afectados, la duraci\\u00f3n de los s\\u00edntomas oscila entre\\u00a0 7 y 14 d\\u00edas, atacando con mayor fuerza los primeros 5 d\\u00edas.\",\"breadcrumb\":{\"@id\":\"https:\/\/fai.org.co\/serintegral\/sin-categoria\/sabes-como-se-manifiesta-el-virus-respiratorio-sincitial\/#breadcrumb\"},\"inLanguage\":\"es-CO\",\"potentialAction\":[{\"@type\":\"ReadAction\",\"target\":[\"https:\/\/fai.org.co\/serintegral\/sin-categoria\/sabes-como-se-manifiesta-el-virus-respiratorio-sincitial\/\"]}]},{\"@type\":\"BreadcrumbList\",\"@id\":\"https:\/\/fai.org.co\/serintegral\/sin-categoria\/sabes-como-se-manifiesta-el-virus-respiratorio-sincitial\/#breadcrumb\",\"itemListElement\":[{\"@type\":\"ListItem\",\"position\":1,\"name\":\"Inicio\",\"item\":\"https:\/\/fai.org.co\/serintegral\/\"},{\"@type\":\"ListItem\",\"position\":2,\"name\":\"\\u00bfSabes c\\u00f3mo se manifiesta el Virus Respiratorio Sincitial?\"}]},{\"@type\":\"Person\",\"@id\":\"https:\/\/fai.org.co\/serintegral\/#\/schema\/person\/74dd1a4f199288dd897a5596d0ffce8d\",\"name\":\"Isabel Arroyave\",\"image\":{\"@type\":\"ImageObject\",\"@id\":\"https:\/\/fai.org.co\/serintegral\/#personlogo\",\"inLanguage\":\"es-CO\",\"url\":\"https:\/\/secure.gravatar.com\/avatar\/c77ed908fda95f30709d773f4a4ede4bf137f7206d1cb98ae6bb01840a1990f0?s=96&d=mm&r=g\",\"contentUrl\":\"https:\/\/secure.gravatar.com\/avatar\/c77ed908fda95f30709d773f4a4ede4bf137f7206d1cb98ae6bb01840a1990f0?s=96&d=mm&r=g\",\"caption\":\"Isabel Arroyave\"},\"url\":\"https:\/\/fai.org.co\/serintegral\/author\/isabel-arroyave\/\"}]}<\/script>\n<!-- \/ Yoast SEO plugin. -->","yoast_head_json":{"title":"\u00bfSabes c\u00f3mo se manifiesta el Virus Respiratorio Sincitial? - Ser integral","description":"La transmisi\u00f3n del VRS se da en mayor medida a trav\u00e9s de part\u00edculas de saliva invisibles o secreciones nasales, que las personas contagiadas puedan esparcir en el ambiente al estornudar o toser, siendo o no conscientes de ello, puesto que en algunos casos puede ser asintom\u00e1tico, sin embargo, se ha determinado que en un alto porcentaje de los pacientes afectados, la duraci\u00f3n de los s\u00edntomas oscila entre\u00a0 7 y 14 d\u00edas, atacando con mayor fuerza los primeros 5 d\u00edas.","robots":{"index":"index","follow":"follow","max-snippet":"max-snippet:-1","max-image-preview":"max-image-preview:large","max-video-preview":"max-video-preview:-1"},"canonical":"https:\/\/fai.org.co\/serintegral\/sin-categoria\/sabes-como-se-manifiesta-el-virus-respiratorio-sincitial\/","og_locale":"es_ES","og_type":"article","og_title":"\u00bfSabes c\u00f3mo se manifiesta el Virus Respiratorio Sincitial? - Ser integral","og_description":"La transmisi\u00f3n del VRS se da en mayor medida a trav\u00e9s de part\u00edculas de saliva invisibles o secreciones nasales, que las personas contagiadas puedan esparcir en el ambiente al estornudar o toser, siendo o no conscientes de ello, puesto que en algunos casos puede ser asintom\u00e1tico, sin embargo, se ha determinado que en un alto porcentaje de los pacientes afectados, la duraci\u00f3n de los s\u00edntomas oscila entre\u00a0 7 y 14 d\u00edas, atacando con mayor fuerza los primeros 5 d\u00edas.","og_url":"https:\/\/fai.org.co\/serintegral\/sin-categoria\/sabes-como-se-manifiesta-el-virus-respiratorio-sincitial\/","og_site_name":"Ser integral","article_published_time":"2024-07-12T20:05:50+00:00","og_image":[{"width":539,"height":369,"url":"https:\/\/fai.org.co\/serintegral\/wp-content\/uploads\/2021\/10\/que-es-la-neumonia.jpg","type":"image\/jpeg"}],"twitter_card":"summary_large_image","twitter_misc":{"Escrito por":"Isabel Arroyave","Tiempo estimado de lectura":"2 minutos"},"schema":{"@context":"https:\/\/schema.org","@graph":[{"@type":"WebSite","@id":"https:\/\/fai.org.co\/serintegral\/#website","url":"https:\/\/fai.org.co\/serintegral\/","name":"Ser integral","description":"","potentialAction":[{"@type":"SearchAction","target":{"@type":"EntryPoint","urlTemplate":"https:\/\/fai.org.co\/serintegral\/?s={search_term_string}"},"query-input":"required name=search_term_string"}],"inLanguage":"es-CO"},{"@type":"ImageObject","@id":"https:\/\/fai.org.co\/serintegral\/sin-categoria\/sabes-como-se-manifiesta-el-virus-respiratorio-sincitial\/#primaryimage","inLanguage":"es-CO","url":"https:\/\/fai.org.co\/serintegral\/wp-content\/uploads\/2021\/10\/que-es-la-neumonia.jpg","contentUrl":"https:\/\/fai.org.co\/serintegral\/wp-content\/uploads\/2021\/10\/que-es-la-neumonia.jpg","width":539,"height":369,"caption":"VRS"},{"@type":"WebPage","@id":"https:\/\/fai.org.co\/serintegral\/sin-categoria\/sabes-como-se-manifiesta-el-virus-respiratorio-sincitial\/#webpage","url":"https:\/\/fai.org.co\/serintegral\/sin-categoria\/sabes-como-se-manifiesta-el-virus-respiratorio-sincitial\/","name":"\u00bfSabes c\u00f3mo se manifiesta el Virus Respiratorio Sincitial? - Ser integral","isPartOf":{"@id":"https:\/\/fai.org.co\/serintegral\/#website"},"primaryImageOfPage":{"@id":"https:\/\/fai.org.co\/serintegral\/sin-categoria\/sabes-como-se-manifiesta-el-virus-respiratorio-sincitial\/#primaryimage"},"datePublished":"2024-07-12T20:05:50+00:00","dateModified":"2024-07-12T20:05:50+00:00","author":{"@id":"https:\/\/fai.org.co\/serintegral\/#\/schema\/person\/74dd1a4f199288dd897a5596d0ffce8d"},"description":"La transmisi\u00f3n del VRS se da en mayor medida a trav\u00e9s de part\u00edculas de saliva invisibles o secreciones nasales, que las personas contagiadas puedan esparcir en el ambiente al estornudar o toser, siendo o no conscientes de ello, puesto que en algunos casos puede ser asintom\u00e1tico, sin embargo, se ha determinado que en un alto porcentaje de los pacientes afectados, la duraci\u00f3n de los s\u00edntomas oscila entre\u00a0 7 y 14 d\u00edas, atacando con mayor fuerza los primeros 5 d\u00edas.","breadcrumb":{"@id":"https:\/\/fai.org.co\/serintegral\/sin-categoria\/sabes-como-se-manifiesta-el-virus-respiratorio-sincitial\/#breadcrumb"},"inLanguage":"es-CO","potentialAction":[{"@type":"ReadAction","target":["https:\/\/fai.org.co\/serintegral\/sin-categoria\/sabes-como-se-manifiesta-el-virus-respiratorio-sincitial\/"]}]},{"@type":"BreadcrumbList","@id":"https:\/\/fai.org.co\/serintegral\/sin-categoria\/sabes-como-se-manifiesta-el-virus-respiratorio-sincitial\/#breadcrumb","itemListElement":[{"@type":"ListItem","position":1,"name":"Inicio","item":"https:\/\/fai.org.co\/serintegral\/"},{"@type":"ListItem","position":2,"name":"\u00bfSabes c\u00f3mo se manifiesta el Virus Respiratorio Sincitial?"}]},{"@type":"Person","@id":"https:\/\/fai.org.co\/serintegral\/#\/schema\/person\/74dd1a4f199288dd897a5596d0ffce8d","name":"Isabel Arroyave","image":{"@type":"ImageObject","@id":"https:\/\/fai.org.co\/serintegral\/#personlogo","inLanguage":"es-CO","url":"https:\/\/secure.gravatar.com\/avatar\/c77ed908fda95f30709d773f4a4ede4bf137f7206d1cb98ae6bb01840a1990f0?s=96&d=mm&r=g","contentUrl":"https:\/\/secure.gravatar.com\/avatar\/c77ed908fda95f30709d773f4a4ede4bf137f7206d1cb98ae6bb01840a1990f0?s=96&d=mm&r=g","caption":"Isabel Arroyave"},"url":"https:\/\/fai.org.co\/serintegral\/author\/isabel-arroyave\/"}]}},"jetpack_featured_media_url":"https:\/\/fai.org.co\/serintegral\/wp-content\/uploads\/2021\/10\/que-es-la-neumonia.jpg","_links":{"self":[{"href":"https:\/\/fai.org.co\/serintegral\/wp-json\/wp\/v2\/posts\/2685","targetHints":{"allow":["GET"]}}],"collection":[{"href":"https:\/\/fai.org.co\/serintegral\/wp-json\/wp\/v2\/posts"}],"about":[{"href":"https:\/\/fai.org.co\/serintegral\/wp-json\/wp\/v2\/types\/post"}],"author":[{"embeddable":true,"href":"https:\/\/fai.org.co\/serintegral\/wp-json\/wp\/v2\/users\/3"}],"replies":[{"embeddable":true,"href":"https:\/\/fai.org.co\/serintegral\/wp-json\/wp\/v2\/comments?post=2685"}],"version-history":[{"count":1,"href":"https:\/\/fai.org.co\/serintegral\/wp-json\/wp\/v2\/posts\/2685\/revisions"}],"predecessor-version":[{"id":2687,"href":"https:\/\/fai.org.co\/serintegral\/wp-json\/wp\/v2\/posts\/2685\/revisions\/2687"}],"wp:featuredmedia":[{"embeddable":true,"href":"https:\/\/fai.org.co\/serintegral\/wp-json\/wp\/v2\/media\/1729"}],"wp:attachment":[{"href":"https:\/\/fai.org.co\/serintegral\/wp-json\/wp\/v2\/media?parent=2685"}],"wp:term":[{"taxonomy":"category","embeddable":true,"href":"https:\/\/fai.org.co\/serintegral\/wp-json\/wp\/v2\/categories?post=2685"},{"taxonomy":"post_tag","embeddable":true,"href":"https:\/\/fai.org.co\/serintegral\/wp-json\/wp\/v2\/tags?post=2685"}],"curies":[{"name":"wp","href":"https:\/\/api.w.org\/{rel}","templated":true}]}}