{"id":2701,"date":"2024-08-14T16:01:13","date_gmt":"2024-08-14T21:01:13","guid":{"rendered":"https:\/\/fai.org.co\/serintegral\/?p=2701"},"modified":"2024-08-14T16:01:13","modified_gmt":"2024-08-14T21:01:13","slug":"que-es-la-neumonia-2","status":"publish","type":"post","link":"https:\/\/fai.org.co\/serintegral\/neumonia\/que-es-la-neumonia-2\/","title":{"rendered":"\u00bfQu\u00e9 es la Neumon\u00eda?"},"content":{"rendered":"<p style=\"text-align: left;\">Es una infecci\u00f3n que afecta los pulmones, la cual puede ser causada por diferentes tipos de microorganismos, como <strong>bacterias, virus, par\u00e1sitos y hongos.<\/strong> Se debe tener en cuenta que algunos de los s\u00edntomas m\u00e1s comunes de esta enfermedad son:<strong> fiebre, tos, dificultad para respirar, dolor en el pecho, fatiga y debilidad corporal.<\/strong><\/p>\n<p>La gravedad de<strong> la neumon\u00eda<\/strong> tiene una escala variable, ya que puede ocasionar s\u00edntomas de muy leves a graves, siendo todo esto un factor que puede variar seg\u00fan el tipo de persona que la contraiga, por ejemplo, <strong>en personas mayores, ni\u00f1os peque\u00f1os y aquellas personas con sistemas inmunol\u00f3gicos debilitados<\/strong>, podr\u00edan estar en una escala letal. Teniendo en cuenta que esta enfermedad es una de las principales causas de morbilidad y mortalidad en el mundo, especialmente en este tipo de poblaci\u00f3n.<\/p>\n<p>Lo m\u00e1s importante y recomendable, es buscar atenci\u00f3n m\u00e9dica si se sospecha de tener algunos de los s\u00edntomas de <strong>la neumon\u00eda<\/strong>, ya que un diagn\u00f3stico y tratamiento oportunos pueden prevenir complicaciones fatales.<\/p>\n<p><strong>\u00bfExisten tratamientos?<\/strong><\/p>\n<p>As\u00ed es, un tratamiento para combatir la neumon\u00eda generalmente implica el uso de antibi\u00f3ticos, antivirales, antiparasitarios o antif\u00fangicos, lo cual var\u00eda seg\u00fan la causa subyacente de la infecci\u00f3n. Teniendo presente que, en caso de iniciar un tratamiento, debes seguir las recomendaciones del especialista, terminando el tratamiento por completo, as\u00ed los s\u00edntomas mejoren o desaparezcan antes de este tiempo, con el fin de asegurarse de eliminar completamente la infecci\u00f3n y prevenir reca\u00eddas.<\/p>\n<p>Como dato adicional, varios art\u00edculos cient\u00edficos informan, que se contin\u00faa investigando para mejorar las vacunas existentes y desarrollar nuevos tratamientos efectivos contra diferentes causas de neumon\u00eda.<\/p>\n<p><strong>\u00bfSe puede prevenir?<\/strong><\/p>\n<p>Claro que s\u00ed, <strong>la neumon\u00eda<\/strong> se puede prevenir siguiendo las siguientes recomendaciones:<br \/>\n<strong><br \/>\nVacunarse:<\/strong> existen varias vacunas que ayudan a prevenir la neumon\u00eda, todas ellas disponibles en nuestro pa\u00eds.<br \/>\n<strong>No fumar:<\/strong> el tabaquismo perjudica y da\u00f1a las defensas naturales, teniendo como consecuencia que se fomenten las infecciones respiratorias.<br \/>\n<strong>Higiene oral adecuada:<\/strong> tener una buena higiene oral, ayuda a protegerte de las infecciones respiratorias que a menudo derivan en neumon\u00eda.<\/p>\n<p>Por \u00faltimo, ten presente que la vacuna contra neumococo e influenza, el lavado frecuente de manos, y evitar el contacto cercano con personas que tengan s\u00edntomas de esta enfermedad, ayudan a prevenir la neumon\u00eda.<\/p>\n","protected":false},"excerpt":{"rendered":"<p>Es una infecci\u00f3n que afecta los pulmones, la cual puede ser causada por diferentes tipos de microorganismos, como bacterias, virus, par\u00e1sitos y hongos. Se debe tener en cuenta que algunos de los s\u00edntomas m\u00e1s comunes de esta enfermedad son: fiebre, tos, dificultad para respirar, dolor en el pecho, fatiga y debilidad corporal. La gravedad de [&hellip;]<\/p>\n","protected":false},"author":3,"featured_media":2630,"comment_status":"open","ping_status":"open","sticky":false,"template":"","format":"standard","meta":{"_monsterinsights_skip_tracking":false,"_monsterinsights_sitenote_active":false,"_monsterinsights_sitenote_note":"","_monsterinsights_sitenote_category":0,"spay_email":"","footnotes":""},"categories":[10],"tags":[],"class_list":["post-2701","post","type-post","status-publish","format-standard","has-post-thumbnail","hentry","category-neumonia"],"aioseo_notices":[],"yoast_head":"<!-- This site is optimized with the Yoast SEO plugin v17.5 - https:\/\/yoast.com\/wordpress\/plugins\/seo\/ -->\n<title>\u00bfQu\u00e9 es la Neumon\u00eda? - Ser integral<\/title>\n<meta name=\"robots\" content=\"index, follow, max-snippet:-1, max-image-preview:large, max-video-preview:-1\" \/>\n<link rel=\"canonical\" href=\"https:\/\/fai.org.co\/serintegral\/neumonia\/que-es-la-neumonia-2\/\" \/>\n<meta property=\"og:locale\" content=\"es_ES\" \/>\n<meta property=\"og:type\" content=\"article\" \/>\n<meta property=\"og:title\" content=\"\u00bfQu\u00e9 es la Neumon\u00eda? - Ser integral\" \/>\n<meta property=\"og:description\" content=\"Es una infecci\u00f3n que afecta los pulmones, la cual puede ser causada por diferentes tipos de microorganismos, como bacterias, virus, par\u00e1sitos y hongos. Se debe tener en cuenta que algunos de los s\u00edntomas m\u00e1s comunes de esta enfermedad son: fiebre, tos, dificultad para respirar, dolor en el pecho, fatiga y debilidad corporal. La gravedad de [&hellip;]\" \/>\n<meta property=\"og:url\" content=\"https:\/\/fai.org.co\/serintegral\/neumonia\/que-es-la-neumonia-2\/\" \/>\n<meta property=\"og:site_name\" content=\"Ser integral\" \/>\n<meta property=\"article:published_time\" content=\"2024-08-14T21:01:13+00:00\" \/>\n<meta property=\"og:image\" content=\"https:\/\/fai.org.co\/serintegral\/wp-content\/uploads\/2023\/08\/Empireo-Recreacion-de-Papilomavirus-humano.jpg\" \/>\n\t<meta property=\"og:image:width\" content=\"1024\" \/>\n\t<meta property=\"og:image:height\" content=\"572\" \/>\n<meta name=\"twitter:card\" content=\"summary_large_image\" \/>\n<meta name=\"twitter:label1\" content=\"Escrito por\" \/>\n\t<meta name=\"twitter:data1\" content=\"Isabel Arroyave\" \/>\n\t<meta name=\"twitter:label2\" content=\"Tiempo estimado de lectura\" \/>\n\t<meta name=\"twitter:data2\" content=\"2 minutos\" \/>\n<script type=\"application\/ld+json\" class=\"yoast-schema-graph\">{\"@context\":\"https:\/\/schema.org\",\"@graph\":[{\"@type\":\"WebSite\",\"@id\":\"https:\/\/fai.org.co\/serintegral\/#website\",\"url\":\"https:\/\/fai.org.co\/serintegral\/\",\"name\":\"Ser integral\",\"description\":\"\",\"potentialAction\":[{\"@type\":\"SearchAction\",\"target\":{\"@type\":\"EntryPoint\",\"urlTemplate\":\"https:\/\/fai.org.co\/serintegral\/?s={search_term_string}\"},\"query-input\":\"required name=search_term_string\"}],\"inLanguage\":\"es-CO\"},{\"@type\":\"ImageObject\",\"@id\":\"https:\/\/fai.org.co\/serintegral\/neumonia\/que-es-la-neumonia-2\/#primaryimage\",\"inLanguage\":\"es-CO\",\"url\":\"https:\/\/fai.org.co\/serintegral\/wp-content\/uploads\/2023\/08\/Empireo-Recreacion-de-Papilomavirus-humano.jpg\",\"contentUrl\":\"https:\/\/fai.org.co\/serintegral\/wp-content\/uploads\/2023\/08\/Empireo-Recreacion-de-Papilomavirus-humano.jpg\",\"width\":1024,\"height\":572},{\"@type\":\"WebPage\",\"@id\":\"https:\/\/fai.org.co\/serintegral\/neumonia\/que-es-la-neumonia-2\/#webpage\",\"url\":\"https:\/\/fai.org.co\/serintegral\/neumonia\/que-es-la-neumonia-2\/\",\"name\":\"\\u00bfQu\\u00e9 es la Neumon\\u00eda? - Ser integral\",\"isPartOf\":{\"@id\":\"https:\/\/fai.org.co\/serintegral\/#website\"},\"primaryImageOfPage\":{\"@id\":\"https:\/\/fai.org.co\/serintegral\/neumonia\/que-es-la-neumonia-2\/#primaryimage\"},\"datePublished\":\"2024-08-14T21:01:13+00:00\",\"dateModified\":\"2024-08-14T21:01:13+00:00\",\"author\":{\"@id\":\"https:\/\/fai.org.co\/serintegral\/#\/schema\/person\/74dd1a4f199288dd897a5596d0ffce8d\"},\"breadcrumb\":{\"@id\":\"https:\/\/fai.org.co\/serintegral\/neumonia\/que-es-la-neumonia-2\/#breadcrumb\"},\"inLanguage\":\"es-CO\",\"potentialAction\":[{\"@type\":\"ReadAction\",\"target\":[\"https:\/\/fai.org.co\/serintegral\/neumonia\/que-es-la-neumonia-2\/\"]}]},{\"@type\":\"BreadcrumbList\",\"@id\":\"https:\/\/fai.org.co\/serintegral\/neumonia\/que-es-la-neumonia-2\/#breadcrumb\",\"itemListElement\":[{\"@type\":\"ListItem\",\"position\":1,\"name\":\"Inicio\",\"item\":\"https:\/\/fai.org.co\/serintegral\/\"},{\"@type\":\"ListItem\",\"position\":2,\"name\":\"\\u00bfQu\\u00e9 es la Neumon\\u00eda?\"}]},{\"@type\":\"Person\",\"@id\":\"https:\/\/fai.org.co\/serintegral\/#\/schema\/person\/74dd1a4f199288dd897a5596d0ffce8d\",\"name\":\"Isabel Arroyave\",\"image\":{\"@type\":\"ImageObject\",\"@id\":\"https:\/\/fai.org.co\/serintegral\/#personlogo\",\"inLanguage\":\"es-CO\",\"url\":\"https:\/\/secure.gravatar.com\/avatar\/c77ed908fda95f30709d773f4a4ede4bf137f7206d1cb98ae6bb01840a1990f0?s=96&d=mm&r=g\",\"contentUrl\":\"https:\/\/secure.gravatar.com\/avatar\/c77ed908fda95f30709d773f4a4ede4bf137f7206d1cb98ae6bb01840a1990f0?s=96&d=mm&r=g\",\"caption\":\"Isabel Arroyave\"},\"url\":\"https:\/\/fai.org.co\/serintegral\/author\/isabel-arroyave\/\"}]}<\/script>\n<!-- \/ Yoast SEO plugin. -->","yoast_head_json":{"title":"\u00bfQu\u00e9 es la Neumon\u00eda? - Ser integral","robots":{"index":"index","follow":"follow","max-snippet":"max-snippet:-1","max-image-preview":"max-image-preview:large","max-video-preview":"max-video-preview:-1"},"canonical":"https:\/\/fai.org.co\/serintegral\/neumonia\/que-es-la-neumonia-2\/","og_locale":"es_ES","og_type":"article","og_title":"\u00bfQu\u00e9 es la Neumon\u00eda? - Ser integral","og_description":"Es una infecci\u00f3n que afecta los pulmones, la cual puede ser causada por diferentes tipos de microorganismos, como bacterias, virus, par\u00e1sitos y hongos. Se debe tener en cuenta que algunos de los s\u00edntomas m\u00e1s comunes de esta enfermedad son: fiebre, tos, dificultad para respirar, dolor en el pecho, fatiga y debilidad corporal. La gravedad de [&hellip;]","og_url":"https:\/\/fai.org.co\/serintegral\/neumonia\/que-es-la-neumonia-2\/","og_site_name":"Ser integral","article_published_time":"2024-08-14T21:01:13+00:00","og_image":[{"width":1024,"height":572,"url":"https:\/\/fai.org.co\/serintegral\/wp-content\/uploads\/2023\/08\/Empireo-Recreacion-de-Papilomavirus-humano.jpg","type":"image\/jpeg"}],"twitter_card":"summary_large_image","twitter_misc":{"Escrito por":"Isabel Arroyave","Tiempo estimado de lectura":"2 minutos"},"schema":{"@context":"https:\/\/schema.org","@graph":[{"@type":"WebSite","@id":"https:\/\/fai.org.co\/serintegral\/#website","url":"https:\/\/fai.org.co\/serintegral\/","name":"Ser integral","description":"","potentialAction":[{"@type":"SearchAction","target":{"@type":"EntryPoint","urlTemplate":"https:\/\/fai.org.co\/serintegral\/?s={search_term_string}"},"query-input":"required name=search_term_string"}],"inLanguage":"es-CO"},{"@type":"ImageObject","@id":"https:\/\/fai.org.co\/serintegral\/neumonia\/que-es-la-neumonia-2\/#primaryimage","inLanguage":"es-CO","url":"https:\/\/fai.org.co\/serintegral\/wp-content\/uploads\/2023\/08\/Empireo-Recreacion-de-Papilomavirus-humano.jpg","contentUrl":"https:\/\/fai.org.co\/serintegral\/wp-content\/uploads\/2023\/08\/Empireo-Recreacion-de-Papilomavirus-humano.jpg","width":1024,"height":572},{"@type":"WebPage","@id":"https:\/\/fai.org.co\/serintegral\/neumonia\/que-es-la-neumonia-2\/#webpage","url":"https:\/\/fai.org.co\/serintegral\/neumonia\/que-es-la-neumonia-2\/","name":"\u00bfQu\u00e9 es la Neumon\u00eda? - Ser integral","isPartOf":{"@id":"https:\/\/fai.org.co\/serintegral\/#website"},"primaryImageOfPage":{"@id":"https:\/\/fai.org.co\/serintegral\/neumonia\/que-es-la-neumonia-2\/#primaryimage"},"datePublished":"2024-08-14T21:01:13+00:00","dateModified":"2024-08-14T21:01:13+00:00","author":{"@id":"https:\/\/fai.org.co\/serintegral\/#\/schema\/person\/74dd1a4f199288dd897a5596d0ffce8d"},"breadcrumb":{"@id":"https:\/\/fai.org.co\/serintegral\/neumonia\/que-es-la-neumonia-2\/#breadcrumb"},"inLanguage":"es-CO","potentialAction":[{"@type":"ReadAction","target":["https:\/\/fai.org.co\/serintegral\/neumonia\/que-es-la-neumonia-2\/"]}]},{"@type":"BreadcrumbList","@id":"https:\/\/fai.org.co\/serintegral\/neumonia\/que-es-la-neumonia-2\/#breadcrumb","itemListElement":[{"@type":"ListItem","position":1,"name":"Inicio","item":"https:\/\/fai.org.co\/serintegral\/"},{"@type":"ListItem","position":2,"name":"\u00bfQu\u00e9 es la Neumon\u00eda?"}]},{"@type":"Person","@id":"https:\/\/fai.org.co\/serintegral\/#\/schema\/person\/74dd1a4f199288dd897a5596d0ffce8d","name":"Isabel Arroyave","image":{"@type":"ImageObject","@id":"https:\/\/fai.org.co\/serintegral\/#personlogo","inLanguage":"es-CO","url":"https:\/\/secure.gravatar.com\/avatar\/c77ed908fda95f30709d773f4a4ede4bf137f7206d1cb98ae6bb01840a1990f0?s=96&d=mm&r=g","contentUrl":"https:\/\/secure.gravatar.com\/avatar\/c77ed908fda95f30709d773f4a4ede4bf137f7206d1cb98ae6bb01840a1990f0?s=96&d=mm&r=g","caption":"Isabel Arroyave"},"url":"https:\/\/fai.org.co\/serintegral\/author\/isabel-arroyave\/"}]}},"jetpack_featured_media_url":"https:\/\/fai.org.co\/serintegral\/wp-content\/uploads\/2023\/08\/Empireo-Recreacion-de-Papilomavirus-humano.jpg","_links":{"self":[{"href":"https:\/\/fai.org.co\/serintegral\/wp-json\/wp\/v2\/posts\/2701","targetHints":{"allow":["GET"]}}],"collection":[{"href":"https:\/\/fai.org.co\/serintegral\/wp-json\/wp\/v2\/posts"}],"about":[{"href":"https:\/\/fai.org.co\/serintegral\/wp-json\/wp\/v2\/types\/post"}],"author":[{"embeddable":true,"href":"https:\/\/fai.org.co\/serintegral\/wp-json\/wp\/v2\/users\/3"}],"replies":[{"embeddable":true,"href":"https:\/\/fai.org.co\/serintegral\/wp-json\/wp\/v2\/comments?post=2701"}],"version-history":[{"count":2,"href":"https:\/\/fai.org.co\/serintegral\/wp-json\/wp\/v2\/posts\/2701\/revisions"}],"predecessor-version":[{"id":2704,"href":"https:\/\/fai.org.co\/serintegral\/wp-json\/wp\/v2\/posts\/2701\/revisions\/2704"}],"wp:featuredmedia":[{"embeddable":true,"href":"https:\/\/fai.org.co\/serintegral\/wp-json\/wp\/v2\/media\/2630"}],"wp:attachment":[{"href":"https:\/\/fai.org.co\/serintegral\/wp-json\/wp\/v2\/media?parent=2701"}],"wp:term":[{"taxonomy":"category","embeddable":true,"href":"https:\/\/fai.org.co\/serintegral\/wp-json\/wp\/v2\/categories?post=2701"},{"taxonomy":"post_tag","embeddable":true,"href":"https:\/\/fai.org.co\/serintegral\/wp-json\/wp\/v2\/tags?post=2701"}],"curies":[{"name":"wp","href":"https:\/\/api.w.org\/{rel}","templated":true}]}}