{"id":2706,"date":"2024-09-16T10:38:29","date_gmt":"2024-09-16T15:38:29","guid":{"rendered":"https:\/\/fai.org.co\/serintegral\/?p=2706"},"modified":"2024-09-16T10:38:29","modified_gmt":"2024-09-16T15:38:29","slug":"meningitis-que-es-que-sintomas-produce-y-como-se-transmite","status":"publish","type":"post","link":"https:\/\/fai.org.co\/serintegral\/meningitis\/meningitis-que-es-que-sintomas-produce-y-como-se-transmite\/","title":{"rendered":"Meningitis, qu\u00e9 es, que s\u00edntomas produce y como se transmite"},"content":{"rendered":"<p><strong>La meningitis <\/strong>es una condici\u00f3n m\u00e9dica caracterizada por la inflamaci\u00f3n de las membranas que recubren el cerebro y la m\u00e9dula espinal, conocidas como meninges. Esta inflamaci\u00f3n, puede ser causada por diversos agentes pat\u00f3genos, incluidos<strong> bacterias, virus, hongos y par\u00e1sitos<\/strong>, as\u00ed, como por reacciones adversas a ciertos medicamentos o la presencia de tumores. Entre las variaciones m\u00e1s graves de meningitis, se encuentra la meningitis bacteriana, esta, puede tener consecuencias severas y potencialmente mortales, dejando tambi\u00e9n serias e incapacitantes secuelas, como el da\u00f1o cerebral permanente, la p\u00e9rdida auditiva y dificultades en el aprendizaje.<\/p>\n<p>Los s\u00edntomas t\u00edpicos de <strong>la meningitis<\/strong>, suelen manifestarse entre 3 y 7 d\u00edas despu\u00e9s de la exposici\u00f3n al agente infeccioso, la cual puede ocurrir a trav\u00e9s del contacto directo con secreciones respiratorias o saliva, de una persona infectada. Los signos m\u00e1s comunes incluyen: fiebre alta, rigidez de cuello, alteraciones en el estado mental, dolor de cabeza intenso, as\u00ed como n\u00e1useas y v\u00f3mitos. Dado el car\u00e1cter grave y la r\u00e1pida de progresi\u00f3n de la meningitis, es crucial buscar atenci\u00f3n m\u00e9dica inmediata si se presentan estos s\u00edntomas. El diagn\u00f3stico oportuno y el tratamiento adecuado, son esenciales para minimizar los riesgos de complicaciones y mejorar el pron\u00f3stico del paciente.<\/p>\n<p>La prevenci\u00f3n de <strong>la meningitis<\/strong> es esencial para reducir la incidencia y severidad de esta enfermedad potencialmente grave. Una de las estrategias m\u00e1s efectivas para prevenirla es la vacunaci\u00f3n, donde se ofrece protecci\u00f3n contra varios de los pat\u00f3genos m\u00e1s comunes que causan esta enfermedad. Se debe tener en cuenta que la prevenci\u00f3n de la meningitis, incluye la vacunaci\u00f3n contra<strong> meningococo, neumococo, varicela y Haemophilus influenza tipo b (Hib)<\/strong>.<\/p>\n<p>Recuerda, que adem\u00e1s de la vacunaci\u00f3n, se deben de tener en cuenta buenas pr\u00e1cticas de higiene, las cuales son cruciales para reducir el riesgo de infecciones que puedan causar meningitis. El lavado frecuente y adecuado de manos con agua y jab\u00f3n, es una medida sencilla pero eficaz para evitar la propagaci\u00f3n de los g\u00e9rmenes responsables de la meningitis. Evitar el contacto cercano con personas que tengan infecciones respiratorias y practicar una buena higiene respiratoria, como cubrirse la boca al toser o estornudar, tambi\u00e9n ayuda a prevenir la transmisi\u00f3n de estos pat\u00f3genos.<\/p>\n<p>En conclusi\u00f3n, es crucial entender que <strong>la meningitis<\/strong> es una enfermedad extremadamente grave, que puede tener consecuencias devastadoras a corto y largo plazo, pero que, con medidas sencillas como el lavado de manos, la higiene respiratoria, y la vacunaci\u00f3n, podemos prevenir su desarrollo y contagio.<\/p>\n","protected":false},"excerpt":{"rendered":"<p>La meningitis es una condici\u00f3n m\u00e9dica caracterizada por la inflamaci\u00f3n de las membranas que recubren el cerebro y la m\u00e9dula espinal, conocidas como meninges. Esta inflamaci\u00f3n, puede ser causada por diversos agentes pat\u00f3genos, incluidos bacterias, virus, hongos y par\u00e1sitos, as\u00ed, como por reacciones adversas a ciertos medicamentos o la presencia de tumores. Entre las variaciones [&hellip;]<\/p>\n","protected":false},"author":3,"featured_media":1645,"comment_status":"open","ping_status":"open","sticky":false,"template":"","format":"standard","meta":{"_monsterinsights_skip_tracking":false,"_monsterinsights_sitenote_active":false,"_monsterinsights_sitenote_note":"","_monsterinsights_sitenote_category":0,"spay_email":"","footnotes":""},"categories":[19],"tags":[],"class_list":["post-2706","post","type-post","status-publish","format-standard","has-post-thumbnail","hentry","category-meningitis"],"aioseo_notices":[],"yoast_head":"<!-- This site is optimized with the Yoast SEO plugin v17.5 - https:\/\/yoast.com\/wordpress\/plugins\/seo\/ -->\n<title>Meningitis, qu\u00e9 es, que s\u00edntomas produce y como se transmite - Ser integral<\/title>\n<meta name=\"robots\" content=\"index, follow, max-snippet:-1, max-image-preview:large, max-video-preview:-1\" \/>\n<link rel=\"canonical\" href=\"https:\/\/fai.org.co\/serintegral\/meningitis\/meningitis-que-es-que-sintomas-produce-y-como-se-transmite\/\" \/>\n<meta property=\"og:locale\" content=\"es_ES\" \/>\n<meta property=\"og:type\" content=\"article\" \/>\n<meta property=\"og:title\" content=\"Meningitis, qu\u00e9 es, que s\u00edntomas produce y como se transmite - Ser integral\" \/>\n<meta property=\"og:description\" content=\"La meningitis es una condici\u00f3n m\u00e9dica caracterizada por la inflamaci\u00f3n de las membranas que recubren el cerebro y la m\u00e9dula espinal, conocidas como meninges. Esta inflamaci\u00f3n, puede ser causada por diversos agentes pat\u00f3genos, incluidos bacterias, virus, hongos y par\u00e1sitos, as\u00ed, como por reacciones adversas a ciertos medicamentos o la presencia de tumores. Entre las variaciones [&hellip;]\" \/>\n<meta property=\"og:url\" content=\"https:\/\/fai.org.co\/serintegral\/meningitis\/meningitis-que-es-que-sintomas-produce-y-como-se-transmite\/\" \/>\n<meta property=\"og:site_name\" content=\"Ser integral\" \/>\n<meta property=\"article:published_time\" content=\"2024-09-16T15:38:29+00:00\" \/>\n<meta property=\"og:image\" content=\"https:\/\/fai.org.co\/serintegral\/wp-content\/uploads\/2021\/10\/cifras-y-realidades-de-la-meningitis-en-colombia.jpg\" \/>\n\t<meta property=\"og:image:width\" content=\"539\" \/>\n\t<meta property=\"og:image:height\" content=\"369\" \/>\n<meta name=\"twitter:card\" content=\"summary_large_image\" \/>\n<meta name=\"twitter:label1\" content=\"Escrito por\" \/>\n\t<meta name=\"twitter:data1\" content=\"Isabel Arroyave\" \/>\n\t<meta name=\"twitter:label2\" content=\"Tiempo estimado de lectura\" \/>\n\t<meta name=\"twitter:data2\" content=\"2 minutos\" \/>\n<script type=\"application\/ld+json\" class=\"yoast-schema-graph\">{\"@context\":\"https:\/\/schema.org\",\"@graph\":[{\"@type\":\"WebSite\",\"@id\":\"https:\/\/fai.org.co\/serintegral\/#website\",\"url\":\"https:\/\/fai.org.co\/serintegral\/\",\"name\":\"Ser integral\",\"description\":\"\",\"potentialAction\":[{\"@type\":\"SearchAction\",\"target\":{\"@type\":\"EntryPoint\",\"urlTemplate\":\"https:\/\/fai.org.co\/serintegral\/?s={search_term_string}\"},\"query-input\":\"required name=search_term_string\"}],\"inLanguage\":\"es-CO\"},{\"@type\":\"ImageObject\",\"@id\":\"https:\/\/fai.org.co\/serintegral\/meningitis\/meningitis-que-es-que-sintomas-produce-y-como-se-transmite\/#primaryimage\",\"inLanguage\":\"es-CO\",\"url\":\"https:\/\/fai.org.co\/serintegral\/wp-content\/uploads\/2021\/10\/cifras-y-realidades-de-la-meningitis-en-colombia.jpg\",\"contentUrl\":\"https:\/\/fai.org.co\/serintegral\/wp-content\/uploads\/2021\/10\/cifras-y-realidades-de-la-meningitis-en-colombia.jpg\",\"width\":539,\"height\":369,\"caption\":\"meningitis\"},{\"@type\":\"WebPage\",\"@id\":\"https:\/\/fai.org.co\/serintegral\/meningitis\/meningitis-que-es-que-sintomas-produce-y-como-se-transmite\/#webpage\",\"url\":\"https:\/\/fai.org.co\/serintegral\/meningitis\/meningitis-que-es-que-sintomas-produce-y-como-se-transmite\/\",\"name\":\"Meningitis, qu\\u00e9 es, que s\\u00edntomas produce y como se transmite - Ser integral\",\"isPartOf\":{\"@id\":\"https:\/\/fai.org.co\/serintegral\/#website\"},\"primaryImageOfPage\":{\"@id\":\"https:\/\/fai.org.co\/serintegral\/meningitis\/meningitis-que-es-que-sintomas-produce-y-como-se-transmite\/#primaryimage\"},\"datePublished\":\"2024-09-16T15:38:29+00:00\",\"dateModified\":\"2024-09-16T15:38:29+00:00\",\"author\":{\"@id\":\"https:\/\/fai.org.co\/serintegral\/#\/schema\/person\/74dd1a4f199288dd897a5596d0ffce8d\"},\"breadcrumb\":{\"@id\":\"https:\/\/fai.org.co\/serintegral\/meningitis\/meningitis-que-es-que-sintomas-produce-y-como-se-transmite\/#breadcrumb\"},\"inLanguage\":\"es-CO\",\"potentialAction\":[{\"@type\":\"ReadAction\",\"target\":[\"https:\/\/fai.org.co\/serintegral\/meningitis\/meningitis-que-es-que-sintomas-produce-y-como-se-transmite\/\"]}]},{\"@type\":\"BreadcrumbList\",\"@id\":\"https:\/\/fai.org.co\/serintegral\/meningitis\/meningitis-que-es-que-sintomas-produce-y-como-se-transmite\/#breadcrumb\",\"itemListElement\":[{\"@type\":\"ListItem\",\"position\":1,\"name\":\"Inicio\",\"item\":\"https:\/\/fai.org.co\/serintegral\/\"},{\"@type\":\"ListItem\",\"position\":2,\"name\":\"Meningitis, qu\\u00e9 es, que s\\u00edntomas produce y como se transmite\"}]},{\"@type\":\"Person\",\"@id\":\"https:\/\/fai.org.co\/serintegral\/#\/schema\/person\/74dd1a4f199288dd897a5596d0ffce8d\",\"name\":\"Isabel Arroyave\",\"image\":{\"@type\":\"ImageObject\",\"@id\":\"https:\/\/fai.org.co\/serintegral\/#personlogo\",\"inLanguage\":\"es-CO\",\"url\":\"https:\/\/secure.gravatar.com\/avatar\/c77ed908fda95f30709d773f4a4ede4bf137f7206d1cb98ae6bb01840a1990f0?s=96&d=mm&r=g\",\"contentUrl\":\"https:\/\/secure.gravatar.com\/avatar\/c77ed908fda95f30709d773f4a4ede4bf137f7206d1cb98ae6bb01840a1990f0?s=96&d=mm&r=g\",\"caption\":\"Isabel Arroyave\"},\"url\":\"https:\/\/fai.org.co\/serintegral\/author\/isabel-arroyave\/\"}]}<\/script>\n<!-- \/ Yoast SEO plugin. -->","yoast_head_json":{"title":"Meningitis, qu\u00e9 es, que s\u00edntomas produce y como se transmite - Ser integral","robots":{"index":"index","follow":"follow","max-snippet":"max-snippet:-1","max-image-preview":"max-image-preview:large","max-video-preview":"max-video-preview:-1"},"canonical":"https:\/\/fai.org.co\/serintegral\/meningitis\/meningitis-que-es-que-sintomas-produce-y-como-se-transmite\/","og_locale":"es_ES","og_type":"article","og_title":"Meningitis, qu\u00e9 es, que s\u00edntomas produce y como se transmite - Ser integral","og_description":"La meningitis es una condici\u00f3n m\u00e9dica caracterizada por la inflamaci\u00f3n de las membranas que recubren el cerebro y la m\u00e9dula espinal, conocidas como meninges. Esta inflamaci\u00f3n, puede ser causada por diversos agentes pat\u00f3genos, incluidos bacterias, virus, hongos y par\u00e1sitos, as\u00ed, como por reacciones adversas a ciertos medicamentos o la presencia de tumores. Entre las variaciones [&hellip;]","og_url":"https:\/\/fai.org.co\/serintegral\/meningitis\/meningitis-que-es-que-sintomas-produce-y-como-se-transmite\/","og_site_name":"Ser integral","article_published_time":"2024-09-16T15:38:29+00:00","og_image":[{"width":539,"height":369,"url":"https:\/\/fai.org.co\/serintegral\/wp-content\/uploads\/2021\/10\/cifras-y-realidades-de-la-meningitis-en-colombia.jpg","type":"image\/jpeg"}],"twitter_card":"summary_large_image","twitter_misc":{"Escrito por":"Isabel Arroyave","Tiempo estimado de lectura":"2 minutos"},"schema":{"@context":"https:\/\/schema.org","@graph":[{"@type":"WebSite","@id":"https:\/\/fai.org.co\/serintegral\/#website","url":"https:\/\/fai.org.co\/serintegral\/","name":"Ser integral","description":"","potentialAction":[{"@type":"SearchAction","target":{"@type":"EntryPoint","urlTemplate":"https:\/\/fai.org.co\/serintegral\/?s={search_term_string}"},"query-input":"required name=search_term_string"}],"inLanguage":"es-CO"},{"@type":"ImageObject","@id":"https:\/\/fai.org.co\/serintegral\/meningitis\/meningitis-que-es-que-sintomas-produce-y-como-se-transmite\/#primaryimage","inLanguage":"es-CO","url":"https:\/\/fai.org.co\/serintegral\/wp-content\/uploads\/2021\/10\/cifras-y-realidades-de-la-meningitis-en-colombia.jpg","contentUrl":"https:\/\/fai.org.co\/serintegral\/wp-content\/uploads\/2021\/10\/cifras-y-realidades-de-la-meningitis-en-colombia.jpg","width":539,"height":369,"caption":"meningitis"},{"@type":"WebPage","@id":"https:\/\/fai.org.co\/serintegral\/meningitis\/meningitis-que-es-que-sintomas-produce-y-como-se-transmite\/#webpage","url":"https:\/\/fai.org.co\/serintegral\/meningitis\/meningitis-que-es-que-sintomas-produce-y-como-se-transmite\/","name":"Meningitis, qu\u00e9 es, que s\u00edntomas produce y como se transmite - Ser integral","isPartOf":{"@id":"https:\/\/fai.org.co\/serintegral\/#website"},"primaryImageOfPage":{"@id":"https:\/\/fai.org.co\/serintegral\/meningitis\/meningitis-que-es-que-sintomas-produce-y-como-se-transmite\/#primaryimage"},"datePublished":"2024-09-16T15:38:29+00:00","dateModified":"2024-09-16T15:38:29+00:00","author":{"@id":"https:\/\/fai.org.co\/serintegral\/#\/schema\/person\/74dd1a4f199288dd897a5596d0ffce8d"},"breadcrumb":{"@id":"https:\/\/fai.org.co\/serintegral\/meningitis\/meningitis-que-es-que-sintomas-produce-y-como-se-transmite\/#breadcrumb"},"inLanguage":"es-CO","potentialAction":[{"@type":"ReadAction","target":["https:\/\/fai.org.co\/serintegral\/meningitis\/meningitis-que-es-que-sintomas-produce-y-como-se-transmite\/"]}]},{"@type":"BreadcrumbList","@id":"https:\/\/fai.org.co\/serintegral\/meningitis\/meningitis-que-es-que-sintomas-produce-y-como-se-transmite\/#breadcrumb","itemListElement":[{"@type":"ListItem","position":1,"name":"Inicio","item":"https:\/\/fai.org.co\/serintegral\/"},{"@type":"ListItem","position":2,"name":"Meningitis, qu\u00e9 es, que s\u00edntomas produce y como se transmite"}]},{"@type":"Person","@id":"https:\/\/fai.org.co\/serintegral\/#\/schema\/person\/74dd1a4f199288dd897a5596d0ffce8d","name":"Isabel Arroyave","image":{"@type":"ImageObject","@id":"https:\/\/fai.org.co\/serintegral\/#personlogo","inLanguage":"es-CO","url":"https:\/\/secure.gravatar.com\/avatar\/c77ed908fda95f30709d773f4a4ede4bf137f7206d1cb98ae6bb01840a1990f0?s=96&d=mm&r=g","contentUrl":"https:\/\/secure.gravatar.com\/avatar\/c77ed908fda95f30709d773f4a4ede4bf137f7206d1cb98ae6bb01840a1990f0?s=96&d=mm&r=g","caption":"Isabel Arroyave"},"url":"https:\/\/fai.org.co\/serintegral\/author\/isabel-arroyave\/"}]}},"jetpack_featured_media_url":"https:\/\/fai.org.co\/serintegral\/wp-content\/uploads\/2021\/10\/cifras-y-realidades-de-la-meningitis-en-colombia.jpg","_links":{"self":[{"href":"https:\/\/fai.org.co\/serintegral\/wp-json\/wp\/v2\/posts\/2706","targetHints":{"allow":["GET"]}}],"collection":[{"href":"https:\/\/fai.org.co\/serintegral\/wp-json\/wp\/v2\/posts"}],"about":[{"href":"https:\/\/fai.org.co\/serintegral\/wp-json\/wp\/v2\/types\/post"}],"author":[{"embeddable":true,"href":"https:\/\/fai.org.co\/serintegral\/wp-json\/wp\/v2\/users\/3"}],"replies":[{"embeddable":true,"href":"https:\/\/fai.org.co\/serintegral\/wp-json\/wp\/v2\/comments?post=2706"}],"version-history":[{"count":1,"href":"https:\/\/fai.org.co\/serintegral\/wp-json\/wp\/v2\/posts\/2706\/revisions"}],"predecessor-version":[{"id":2707,"href":"https:\/\/fai.org.co\/serintegral\/wp-json\/wp\/v2\/posts\/2706\/revisions\/2707"}],"wp:featuredmedia":[{"embeddable":true,"href":"https:\/\/fai.org.co\/serintegral\/wp-json\/wp\/v2\/media\/1645"}],"wp:attachment":[{"href":"https:\/\/fai.org.co\/serintegral\/wp-json\/wp\/v2\/media?parent=2706"}],"wp:term":[{"taxonomy":"category","embeddable":true,"href":"https:\/\/fai.org.co\/serintegral\/wp-json\/wp\/v2\/categories?post=2706"},{"taxonomy":"post_tag","embeddable":true,"href":"https:\/\/fai.org.co\/serintegral\/wp-json\/wp\/v2\/tags?post=2706"}],"curies":[{"name":"wp","href":"https:\/\/api.w.org\/{rel}","templated":true}]}}