{"id":2708,"date":"2024-10-15T11:55:24","date_gmt":"2024-10-15T16:55:24","guid":{"rendered":"https:\/\/fai.org.co\/serintegral\/?p=2708"},"modified":"2024-10-15T11:56:42","modified_gmt":"2024-10-15T16:56:42","slug":"resistencia-antimicrobiana-una-problematica-actual","status":"publish","type":"post","link":"https:\/\/fai.org.co\/serintegral\/sin-categoria\/resistencia-antimicrobiana-una-problematica-actual\/","title":{"rendered":"Resistencia Antimicrobiana, una problem\u00e1tica actual"},"content":{"rendered":"<p><strong>La resistencia antimicrobiana (RAM)<\/strong> es uno de los desaf\u00edos m\u00e1s apremiantes en la salud p\u00fablica a nivel mundial. Se define como la capacidad de los microorganismos, como bacterias, virus, hongos y par\u00e1sitos, para resistir los efectos de los medicamentos antimicrobianos que antes eran eficaces. Este fen\u00f3meno, no solo compromete la eficacia de tratamientos m\u00e9dicos, sino que tambi\u00e9n pone en riesgo procedimientos quir\u00fargicos, la atenci\u00f3n a pacientes inmunocomprometidos y la salud p\u00fablica en general.<\/p>\n<p>Uno de los factores que contribuyen a la <strong>RAM,<\/strong> es el uso inadecuado de los antimicrobianos. En la mayor\u00eda de los casos, se prescriben antibi\u00f3ticos para infecciones virales, donde no son efectivos. El uso excesivo, a medida que m\u00e1s microorganismos desarrollan resistencia, motiva el uso de antibi\u00f3ticos m\u00e1s potentes, lo que a su vez aumenta la probabilidad de que surjan nuevas resistencias, y como se mencion\u00f3 anteriormente, esto genere complicaciones a futuro.<\/p>\n<p>Actualmente, las consecuencias de la <strong>RAM<\/strong> son altamente preocupantes, se estima que en unos a\u00f1os, esta \u201camenaza\u201d podr\u00eda causar hasta 10 millones de muertes anuales a nivel mundial, superando el n\u00famero de muertes por c\u00e1ncer. Adem\u00e1s, las infecciones resistentes prolongan las hospitalizaciones y aumentan los costos de la atenci\u00f3n en salud, lo que representa una carga econ\u00f3mica significativa para los sistemas de salud. La resistencia no solo afecta a los individuos, sino que tambi\u00e9n impacta a las comunidades y a la econom\u00eda global.<\/p>\n<p>La investigaci\u00f3n y desarrollo de <strong>nuevos antimicrobianos<\/strong>, se ha visto obstaculizada por diversos factores. El proceso de descubrimiento de nuevos medicamentos es largo y complejo, adem\u00e1s, varias compa\u00f1\u00edas farmac\u00e9uticas han reducido su inversi\u00f3n en este campo, debido a la baja rentabilidad de los nuevos antibi\u00f3ticos en comparaci\u00f3n con otros medicamentos. Como resultado, la innovaci\u00f3n en tratamientos antimicrobianos se ha estancado, lo que agrava a\u00fan m\u00e1s el problema de la resistencia.<\/p>\n<p>Ante esta situaci\u00f3n, se requieren esfuerzos coordinados a nivel global para combatir la <strong>RAM<\/strong>. La Organizaci\u00f3n Mundial de la Salud <strong>(OMS)<\/strong> ha iniciado campa\u00f1as en algunos pa\u00edses para implementar planes de acci\u00f3n, que promuevan el uso responsable de antimicrobianos. La educaci\u00f3n de los profesionales de la salud y del p\u00fablico en general sobre el uso adecuado de los antimicrobianos es esencial para frenar el avance de la resistencia.<\/p>\n<p>En Colombia por ejemplo, durante el primer semestre del a\u00f1o, la <strong>Fundaci\u00f3n Antioque\u00f1a de Infectolog\u00eda (FAI)<\/strong> con el apoyo de Pfizer, lanzaron la campa\u00f1a educativa &#8220;<strong>Infectoman\u00eda<\/strong>&#8221; con el fin de sensibilizar sobre el uso responsable de antimicrobianos, y combatir la <strong>resistencia antimicrobiana (RAM)<\/strong>. Esta campa\u00f1a impact\u00f3 a m\u00e1s de 1.000 personas en diferentes regiones del pa\u00eds, demostrando un firme compromiso con la salud p\u00fablica. Esta idea surge a ra\u00edz de la creciente resistencia a los antibi\u00f3ticos, que constituye una amenaza global cada vez m\u00e1s grave para la salud publica en general.<\/p>\n","protected":false},"excerpt":{"rendered":"<p>La resistencia antimicrobiana (RAM) es uno de los desaf\u00edos m\u00e1s apremiantes en la salud p\u00fablica a nivel mundial. Se define como la capacidad de los microorganismos, como bacterias, virus, hongos y par\u00e1sitos, para resistir los efectos de los medicamentos antimicrobianos que antes eran eficaces. Este fen\u00f3meno, no solo compromete la eficacia de tratamientos m\u00e9dicos, sino [&hellip;]<\/p>\n","protected":false},"author":3,"featured_media":2660,"comment_status":"open","ping_status":"open","sticky":false,"template":"","format":"standard","meta":{"_monsterinsights_skip_tracking":false,"_monsterinsights_sitenote_active":false,"_monsterinsights_sitenote_note":"","_monsterinsights_sitenote_category":0,"spay_email":"","footnotes":""},"categories":[1],"tags":[],"class_list":["post-2708","post","type-post","status-publish","format-standard","has-post-thumbnail","hentry","category-sin-categoria"],"aioseo_notices":[],"yoast_head":"<!-- This site is optimized with the Yoast SEO plugin v17.5 - https:\/\/yoast.com\/wordpress\/plugins\/seo\/ -->\n<title>Resistencia Antimicrobiana, una problem\u00e1tica actual - Ser integral<\/title>\n<meta name=\"robots\" content=\"index, follow, max-snippet:-1, max-image-preview:large, max-video-preview:-1\" \/>\n<link rel=\"canonical\" href=\"https:\/\/fai.org.co\/serintegral\/sin-categoria\/resistencia-antimicrobiana-una-problematica-actual\/\" \/>\n<meta property=\"og:locale\" content=\"es_ES\" \/>\n<meta property=\"og:type\" content=\"article\" \/>\n<meta property=\"og:title\" content=\"Resistencia Antimicrobiana, una problem\u00e1tica actual - Ser integral\" \/>\n<meta property=\"og:description\" content=\"La resistencia antimicrobiana (RAM) es uno de los desaf\u00edos m\u00e1s apremiantes en la salud p\u00fablica a nivel mundial. Se define como la capacidad de los microorganismos, como bacterias, virus, hongos y par\u00e1sitos, para resistir los efectos de los medicamentos antimicrobianos que antes eran eficaces. Este fen\u00f3meno, no solo compromete la eficacia de tratamientos m\u00e9dicos, sino [&hellip;]\" \/>\n<meta property=\"og:url\" content=\"https:\/\/fai.org.co\/serintegral\/sin-categoria\/resistencia-antimicrobiana-una-problematica-actual\/\" \/>\n<meta property=\"og:site_name\" content=\"Ser integral\" \/>\n<meta property=\"article:published_time\" content=\"2024-10-15T16:55:24+00:00\" \/>\n<meta property=\"article:modified_time\" content=\"2024-10-15T16:56:42+00:00\" \/>\n<meta property=\"og:image\" content=\"https:\/\/fai.org.co\/serintegral\/wp-content\/uploads\/2023\/11\/Cafptura.jpg\" \/>\n\t<meta property=\"og:image:width\" content=\"302\" \/>\n\t<meta property=\"og:image:height\" content=\"188\" \/>\n<meta name=\"twitter:card\" content=\"summary_large_image\" \/>\n<meta name=\"twitter:label1\" content=\"Escrito por\" \/>\n\t<meta name=\"twitter:data1\" content=\"Isabel Arroyave\" \/>\n\t<meta name=\"twitter:label2\" content=\"Tiempo estimado de lectura\" \/>\n\t<meta name=\"twitter:data2\" content=\"3 minutos\" \/>\n<script type=\"application\/ld+json\" class=\"yoast-schema-graph\">{\"@context\":\"https:\/\/schema.org\",\"@graph\":[{\"@type\":\"WebSite\",\"@id\":\"https:\/\/fai.org.co\/serintegral\/#website\",\"url\":\"https:\/\/fai.org.co\/serintegral\/\",\"name\":\"Ser integral\",\"description\":\"\",\"potentialAction\":[{\"@type\":\"SearchAction\",\"target\":{\"@type\":\"EntryPoint\",\"urlTemplate\":\"https:\/\/fai.org.co\/serintegral\/?s={search_term_string}\"},\"query-input\":\"required name=search_term_string\"}],\"inLanguage\":\"es-CO\"},{\"@type\":\"ImageObject\",\"@id\":\"https:\/\/fai.org.co\/serintegral\/sin-categoria\/resistencia-antimicrobiana-una-problematica-actual\/#primaryimage\",\"inLanguage\":\"es-CO\",\"url\":\"https:\/\/fai.org.co\/serintegral\/wp-content\/uploads\/2023\/11\/Cafptura.jpg\",\"contentUrl\":\"https:\/\/fai.org.co\/serintegral\/wp-content\/uploads\/2023\/11\/Cafptura.jpg\",\"width\":302,\"height\":188},{\"@type\":\"WebPage\",\"@id\":\"https:\/\/fai.org.co\/serintegral\/sin-categoria\/resistencia-antimicrobiana-una-problematica-actual\/#webpage\",\"url\":\"https:\/\/fai.org.co\/serintegral\/sin-categoria\/resistencia-antimicrobiana-una-problematica-actual\/\",\"name\":\"Resistencia Antimicrobiana, una problem\\u00e1tica actual - Ser integral\",\"isPartOf\":{\"@id\":\"https:\/\/fai.org.co\/serintegral\/#website\"},\"primaryImageOfPage\":{\"@id\":\"https:\/\/fai.org.co\/serintegral\/sin-categoria\/resistencia-antimicrobiana-una-problematica-actual\/#primaryimage\"},\"datePublished\":\"2024-10-15T16:55:24+00:00\",\"dateModified\":\"2024-10-15T16:56:42+00:00\",\"author\":{\"@id\":\"https:\/\/fai.org.co\/serintegral\/#\/schema\/person\/74dd1a4f199288dd897a5596d0ffce8d\"},\"breadcrumb\":{\"@id\":\"https:\/\/fai.org.co\/serintegral\/sin-categoria\/resistencia-antimicrobiana-una-problematica-actual\/#breadcrumb\"},\"inLanguage\":\"es-CO\",\"potentialAction\":[{\"@type\":\"ReadAction\",\"target\":[\"https:\/\/fai.org.co\/serintegral\/sin-categoria\/resistencia-antimicrobiana-una-problematica-actual\/\"]}]},{\"@type\":\"BreadcrumbList\",\"@id\":\"https:\/\/fai.org.co\/serintegral\/sin-categoria\/resistencia-antimicrobiana-una-problematica-actual\/#breadcrumb\",\"itemListElement\":[{\"@type\":\"ListItem\",\"position\":1,\"name\":\"Inicio\",\"item\":\"https:\/\/fai.org.co\/serintegral\/\"},{\"@type\":\"ListItem\",\"position\":2,\"name\":\"Resistencia Antimicrobiana, una problem\\u00e1tica actual\"}]},{\"@type\":\"Person\",\"@id\":\"https:\/\/fai.org.co\/serintegral\/#\/schema\/person\/74dd1a4f199288dd897a5596d0ffce8d\",\"name\":\"Isabel Arroyave\",\"image\":{\"@type\":\"ImageObject\",\"@id\":\"https:\/\/fai.org.co\/serintegral\/#personlogo\",\"inLanguage\":\"es-CO\",\"url\":\"https:\/\/secure.gravatar.com\/avatar\/c77ed908fda95f30709d773f4a4ede4bf137f7206d1cb98ae6bb01840a1990f0?s=96&d=mm&r=g\",\"contentUrl\":\"https:\/\/secure.gravatar.com\/avatar\/c77ed908fda95f30709d773f4a4ede4bf137f7206d1cb98ae6bb01840a1990f0?s=96&d=mm&r=g\",\"caption\":\"Isabel Arroyave\"},\"url\":\"https:\/\/fai.org.co\/serintegral\/author\/isabel-arroyave\/\"}]}<\/script>\n<!-- \/ Yoast SEO plugin. -->","yoast_head_json":{"title":"Resistencia Antimicrobiana, una problem\u00e1tica actual - Ser integral","robots":{"index":"index","follow":"follow","max-snippet":"max-snippet:-1","max-image-preview":"max-image-preview:large","max-video-preview":"max-video-preview:-1"},"canonical":"https:\/\/fai.org.co\/serintegral\/sin-categoria\/resistencia-antimicrobiana-una-problematica-actual\/","og_locale":"es_ES","og_type":"article","og_title":"Resistencia Antimicrobiana, una problem\u00e1tica actual - Ser integral","og_description":"La resistencia antimicrobiana (RAM) es uno de los desaf\u00edos m\u00e1s apremiantes en la salud p\u00fablica a nivel mundial. Se define como la capacidad de los microorganismos, como bacterias, virus, hongos y par\u00e1sitos, para resistir los efectos de los medicamentos antimicrobianos que antes eran eficaces. Este fen\u00f3meno, no solo compromete la eficacia de tratamientos m\u00e9dicos, sino [&hellip;]","og_url":"https:\/\/fai.org.co\/serintegral\/sin-categoria\/resistencia-antimicrobiana-una-problematica-actual\/","og_site_name":"Ser integral","article_published_time":"2024-10-15T16:55:24+00:00","article_modified_time":"2024-10-15T16:56:42+00:00","og_image":[{"width":302,"height":188,"url":"https:\/\/fai.org.co\/serintegral\/wp-content\/uploads\/2023\/11\/Cafptura.jpg","type":"image\/jpeg"}],"twitter_card":"summary_large_image","twitter_misc":{"Escrito por":"Isabel Arroyave","Tiempo estimado de lectura":"3 minutos"},"schema":{"@context":"https:\/\/schema.org","@graph":[{"@type":"WebSite","@id":"https:\/\/fai.org.co\/serintegral\/#website","url":"https:\/\/fai.org.co\/serintegral\/","name":"Ser integral","description":"","potentialAction":[{"@type":"SearchAction","target":{"@type":"EntryPoint","urlTemplate":"https:\/\/fai.org.co\/serintegral\/?s={search_term_string}"},"query-input":"required name=search_term_string"}],"inLanguage":"es-CO"},{"@type":"ImageObject","@id":"https:\/\/fai.org.co\/serintegral\/sin-categoria\/resistencia-antimicrobiana-una-problematica-actual\/#primaryimage","inLanguage":"es-CO","url":"https:\/\/fai.org.co\/serintegral\/wp-content\/uploads\/2023\/11\/Cafptura.jpg","contentUrl":"https:\/\/fai.org.co\/serintegral\/wp-content\/uploads\/2023\/11\/Cafptura.jpg","width":302,"height":188},{"@type":"WebPage","@id":"https:\/\/fai.org.co\/serintegral\/sin-categoria\/resistencia-antimicrobiana-una-problematica-actual\/#webpage","url":"https:\/\/fai.org.co\/serintegral\/sin-categoria\/resistencia-antimicrobiana-una-problematica-actual\/","name":"Resistencia Antimicrobiana, una problem\u00e1tica actual - Ser integral","isPartOf":{"@id":"https:\/\/fai.org.co\/serintegral\/#website"},"primaryImageOfPage":{"@id":"https:\/\/fai.org.co\/serintegral\/sin-categoria\/resistencia-antimicrobiana-una-problematica-actual\/#primaryimage"},"datePublished":"2024-10-15T16:55:24+00:00","dateModified":"2024-10-15T16:56:42+00:00","author":{"@id":"https:\/\/fai.org.co\/serintegral\/#\/schema\/person\/74dd1a4f199288dd897a5596d0ffce8d"},"breadcrumb":{"@id":"https:\/\/fai.org.co\/serintegral\/sin-categoria\/resistencia-antimicrobiana-una-problematica-actual\/#breadcrumb"},"inLanguage":"es-CO","potentialAction":[{"@type":"ReadAction","target":["https:\/\/fai.org.co\/serintegral\/sin-categoria\/resistencia-antimicrobiana-una-problematica-actual\/"]}]},{"@type":"BreadcrumbList","@id":"https:\/\/fai.org.co\/serintegral\/sin-categoria\/resistencia-antimicrobiana-una-problematica-actual\/#breadcrumb","itemListElement":[{"@type":"ListItem","position":1,"name":"Inicio","item":"https:\/\/fai.org.co\/serintegral\/"},{"@type":"ListItem","position":2,"name":"Resistencia Antimicrobiana, una problem\u00e1tica actual"}]},{"@type":"Person","@id":"https:\/\/fai.org.co\/serintegral\/#\/schema\/person\/74dd1a4f199288dd897a5596d0ffce8d","name":"Isabel Arroyave","image":{"@type":"ImageObject","@id":"https:\/\/fai.org.co\/serintegral\/#personlogo","inLanguage":"es-CO","url":"https:\/\/secure.gravatar.com\/avatar\/c77ed908fda95f30709d773f4a4ede4bf137f7206d1cb98ae6bb01840a1990f0?s=96&d=mm&r=g","contentUrl":"https:\/\/secure.gravatar.com\/avatar\/c77ed908fda95f30709d773f4a4ede4bf137f7206d1cb98ae6bb01840a1990f0?s=96&d=mm&r=g","caption":"Isabel Arroyave"},"url":"https:\/\/fai.org.co\/serintegral\/author\/isabel-arroyave\/"}]}},"jetpack_featured_media_url":"https:\/\/fai.org.co\/serintegral\/wp-content\/uploads\/2023\/11\/Cafptura.jpg","_links":{"self":[{"href":"https:\/\/fai.org.co\/serintegral\/wp-json\/wp\/v2\/posts\/2708","targetHints":{"allow":["GET"]}}],"collection":[{"href":"https:\/\/fai.org.co\/serintegral\/wp-json\/wp\/v2\/posts"}],"about":[{"href":"https:\/\/fai.org.co\/serintegral\/wp-json\/wp\/v2\/types\/post"}],"author":[{"embeddable":true,"href":"https:\/\/fai.org.co\/serintegral\/wp-json\/wp\/v2\/users\/3"}],"replies":[{"embeddable":true,"href":"https:\/\/fai.org.co\/serintegral\/wp-json\/wp\/v2\/comments?post=2708"}],"version-history":[{"count":1,"href":"https:\/\/fai.org.co\/serintegral\/wp-json\/wp\/v2\/posts\/2708\/revisions"}],"predecessor-version":[{"id":2709,"href":"https:\/\/fai.org.co\/serintegral\/wp-json\/wp\/v2\/posts\/2708\/revisions\/2709"}],"wp:featuredmedia":[{"embeddable":true,"href":"https:\/\/fai.org.co\/serintegral\/wp-json\/wp\/v2\/media\/2660"}],"wp:attachment":[{"href":"https:\/\/fai.org.co\/serintegral\/wp-json\/wp\/v2\/media?parent=2708"}],"wp:term":[{"taxonomy":"category","embeddable":true,"href":"https:\/\/fai.org.co\/serintegral\/wp-json\/wp\/v2\/categories?post=2708"},{"taxonomy":"post_tag","embeddable":true,"href":"https:\/\/fai.org.co\/serintegral\/wp-json\/wp\/v2\/tags?post=2708"}],"curies":[{"name":"wp","href":"https:\/\/api.w.org\/{rel}","templated":true}]}}