{"id":2710,"date":"2024-11-15T12:12:47","date_gmt":"2024-11-15T17:12:47","guid":{"rendered":"https:\/\/fai.org.co\/serintegral\/?p=2710"},"modified":"2024-11-15T12:12:47","modified_gmt":"2024-11-15T17:12:47","slug":"que-es-sintomas-y-como-prevenir-la-influenza","status":"publish","type":"post","link":"https:\/\/fai.org.co\/serintegral\/influenza\/que-es-sintomas-y-como-prevenir-la-influenza\/","title":{"rendered":"Qu\u00e9 es, s\u00edntomas y como prevenir la influenza"},"content":{"rendered":"<p><b><span style=\"font-size: 11.0pt; font-family: 'Arial',sans-serif;\">La influenza<\/span><\/b><span style=\"font-size: 11.0pt; font-family: 'Arial',sans-serif;\"> es una enfermedad viral altamente contagiosa, que afecta principalmente el sistema respiratorio. <b>Es causada por los virus de la influenza A, B y C<\/b>, y se presenta com\u00fanmente en brotes estacionales, especialmente durante los meses m\u00e1s fr\u00edos y lluviosos del a\u00f1o. Esta enfermedad puede manifestarse de manera leve, pero en ciertos grupos, como ni\u00f1os y personas mayores, puede ser grave e incluso mortal.<\/span><\/p>\n<p><b><span style=\"font-size: 11.0pt; font-family: 'Arial',sans-serif;\">Los s\u00edntomas de la influenza incluyen fiebre, tos, dolor de garganta, congesti\u00f3n nasal, dolores musculares y fatiga<\/span><\/b><span style=\"font-size: 11.0pt; font-family: 'Arial',sans-serif;\">. Estos s\u00edntomas suelen aparecer de manera abrupta, y pueden durar de una a dos semanas. Sin embargo, en poblaciones vulnerables, como los ancianos y los ni\u00f1os, la influenza puede llevar a complicaciones severas, como <b>neumon\u00eda, bronquitis o infecciones secundarias<\/b>, que requieren atenci\u00f3n m\u00e9dica urgente.<\/span><\/p>\n<p><b><span style=\"font-size: 11.0pt; font-family: 'Arial',sans-serif;\">La transmisi\u00f3n del virus de la influenza<\/span><\/b><span style=\"font-size: 11.0pt; font-family: 'Arial',sans-serif;\">, se produce principalmente a trav\u00e9s de las <b>gotas respiratorias que se expulsan al toser, estornudar o incluso al hablar<\/b>. Adem\u00e1s, el virus puede sobrevivir en superficies durante varias horas, lo que facilita su propagaci\u00f3n. La cercan\u00eda en espacios cerrados, com\u00fan en invierno, contribuye a que <b>el virus se transmita con mayor facilidad<\/b>, haciendo que la prevenci\u00f3n sea crucial durante esta \u00e9poca.<\/span><\/p>\n<p><b><span style=\"font-size: 11.0pt; font-family: 'Arial',sans-serif;\">La vacunaci\u00f3n <\/span><\/b><span style=\"font-size: 11.0pt; font-family: 'Arial',sans-serif;\">es una de las estrategias m\u00e1s efectivas para prevenir esta enfermedad y sus complicaciones<b>. La vacuna<\/b> es recomendada especialmente para los grupos de alto riesgo, como los ni\u00f1os menores de 5 a\u00f1os, los adultos mayores de 65 a\u00f1os y aquellos con enfermedades cr\u00f3nicas. <b>Es recomendable recibir la vacuna anualmente<\/b>, ya que los virus de la influenza pueden evolucionar con el tiempo.<\/span><\/p>\n<p><span style=\"font-size: 11.0pt; font-family: 'Arial',sans-serif;\">Un aspecto importante con respecto a <b>la vacuna de influenza<\/b>, es que aun que com\u00fanmente la llaman \u201canti-gripal\u201d, esta vacuna no previene la gripe o el catarro com\u00fan, pues es una enfermedad distinta, contra la que no existe vacuna, e incluso en muchas ocasiones, posterior a la vacuna contra <b>la influenza<\/b>, el paciente puede presentar gripe, haci\u00e9ndolo pensar err\u00f3neamente que la vacuna le produjo gripe, pero esta, no tiene efecto contra la gripe, sino contra una enfermedad totalmente diferente<b>, la influenza<\/b>.<\/span><\/p>\n<p><span style=\"font-size: 11.0pt; font-family: 'Arial',sans-serif;\">Adem\u00e1s de la vacunaci\u00f3n, se recomienda adoptar medidas de higiene como lavarse las manos con frecuencia, evitar el contacto cercano con personas enfermas, y cubrirse la boca y la nariz al toser o estornudar. Estas pr\u00e1cticas pueden ayudar a reducir la transmisi\u00f3n del virus y proteger a las poblaciones m\u00e1s vulnerables.<\/span><\/p>\n<p><span style=\"font-size: 11.0pt; font-family: 'Arial',sans-serif;\">En resumen, <b>la influenza<\/b> es una enfermedad viral que puede tener un impacto significativo en la salud p\u00fablica, especialmente en \u00e9pocas de fr\u00edo y lluvias. La concienciaci\u00f3n sobre sus s\u00edntomas, formas de transmisi\u00f3n y m\u00e9todos de prevenci\u00f3n es fundamental para mitigar su impacto, garantizando as\u00ed una mejor salud respiratoria para todos.<\/span><\/p>\n","protected":false},"excerpt":{"rendered":"<p>La influenza es una enfermedad viral altamente contagiosa, que afecta principalmente el sistema respiratorio. Es causada por los virus de la influenza A, B y C, y se presenta com\u00fanmente en brotes estacionales, especialmente durante los meses m\u00e1s fr\u00edos y lluviosos del a\u00f1o. Esta enfermedad puede manifestarse de manera leve, pero en ciertos grupos, como [&hellip;]<\/p>\n","protected":false},"author":3,"featured_media":2642,"comment_status":"open","ping_status":"open","sticky":false,"template":"","format":"standard","meta":{"_monsterinsights_skip_tracking":false,"_monsterinsights_sitenote_active":false,"_monsterinsights_sitenote_note":"","_monsterinsights_sitenote_category":0,"spay_email":"","footnotes":""},"categories":[14],"tags":[],"class_list":["post-2710","post","type-post","status-publish","format-standard","has-post-thumbnail","hentry","category-influenza"],"aioseo_notices":[],"yoast_head":"<!-- This site is optimized with the Yoast SEO plugin v17.5 - https:\/\/yoast.com\/wordpress\/plugins\/seo\/ -->\n<title>Qu\u00e9 es, s\u00edntomas y como prevenir la influenza - Ser integral<\/title>\n<meta name=\"robots\" content=\"index, follow, max-snippet:-1, max-image-preview:large, max-video-preview:-1\" \/>\n<link rel=\"canonical\" href=\"https:\/\/fai.org.co\/serintegral\/influenza\/que-es-sintomas-y-como-prevenir-la-influenza\/\" \/>\n<meta property=\"og:locale\" content=\"es_ES\" \/>\n<meta property=\"og:type\" content=\"article\" \/>\n<meta property=\"og:title\" content=\"Qu\u00e9 es, s\u00edntomas y como prevenir la influenza - Ser integral\" \/>\n<meta property=\"og:description\" content=\"La influenza es una enfermedad viral altamente contagiosa, que afecta principalmente el sistema respiratorio. Es causada por los virus de la influenza A, B y C, y se presenta com\u00fanmente en brotes estacionales, especialmente durante los meses m\u00e1s fr\u00edos y lluviosos del a\u00f1o. Esta enfermedad puede manifestarse de manera leve, pero en ciertos grupos, como [&hellip;]\" \/>\n<meta property=\"og:url\" content=\"https:\/\/fai.org.co\/serintegral\/influenza\/que-es-sintomas-y-como-prevenir-la-influenza\/\" \/>\n<meta property=\"og:site_name\" content=\"Ser integral\" \/>\n<meta property=\"article:published_time\" content=\"2024-11-15T17:12:47+00:00\" \/>\n<meta property=\"og:image\" content=\"https:\/\/fai.org.co\/serintegral\/wp-content\/uploads\/2023\/09\/Captura-1.jpg\" \/>\n\t<meta property=\"og:image:width\" content=\"667\" \/>\n\t<meta property=\"og:image:height\" content=\"443\" \/>\n<meta name=\"twitter:card\" content=\"summary_large_image\" \/>\n<meta name=\"twitter:label1\" content=\"Escrito por\" \/>\n\t<meta name=\"twitter:data1\" content=\"Isabel Arroyave\" \/>\n\t<meta name=\"twitter:label2\" content=\"Tiempo estimado de lectura\" \/>\n\t<meta name=\"twitter:data2\" content=\"2 minutos\" \/>\n<script type=\"application\/ld+json\" class=\"yoast-schema-graph\">{\"@context\":\"https:\/\/schema.org\",\"@graph\":[{\"@type\":\"WebSite\",\"@id\":\"https:\/\/fai.org.co\/serintegral\/#website\",\"url\":\"https:\/\/fai.org.co\/serintegral\/\",\"name\":\"Ser integral\",\"description\":\"\",\"potentialAction\":[{\"@type\":\"SearchAction\",\"target\":{\"@type\":\"EntryPoint\",\"urlTemplate\":\"https:\/\/fai.org.co\/serintegral\/?s={search_term_string}\"},\"query-input\":\"required name=search_term_string\"}],\"inLanguage\":\"es-CO\"},{\"@type\":\"ImageObject\",\"@id\":\"https:\/\/fai.org.co\/serintegral\/influenza\/que-es-sintomas-y-como-prevenir-la-influenza\/#primaryimage\",\"inLanguage\":\"es-CO\",\"url\":\"https:\/\/fai.org.co\/serintegral\/wp-content\/uploads\/2023\/09\/Captura-1.jpg\",\"contentUrl\":\"https:\/\/fai.org.co\/serintegral\/wp-content\/uploads\/2023\/09\/Captura-1.jpg\",\"width\":667,\"height\":443},{\"@type\":\"WebPage\",\"@id\":\"https:\/\/fai.org.co\/serintegral\/influenza\/que-es-sintomas-y-como-prevenir-la-influenza\/#webpage\",\"url\":\"https:\/\/fai.org.co\/serintegral\/influenza\/que-es-sintomas-y-como-prevenir-la-influenza\/\",\"name\":\"Qu\\u00e9 es, s\\u00edntomas y como prevenir la influenza - Ser integral\",\"isPartOf\":{\"@id\":\"https:\/\/fai.org.co\/serintegral\/#website\"},\"primaryImageOfPage\":{\"@id\":\"https:\/\/fai.org.co\/serintegral\/influenza\/que-es-sintomas-y-como-prevenir-la-influenza\/#primaryimage\"},\"datePublished\":\"2024-11-15T17:12:47+00:00\",\"dateModified\":\"2024-11-15T17:12:47+00:00\",\"author\":{\"@id\":\"https:\/\/fai.org.co\/serintegral\/#\/schema\/person\/74dd1a4f199288dd897a5596d0ffce8d\"},\"breadcrumb\":{\"@id\":\"https:\/\/fai.org.co\/serintegral\/influenza\/que-es-sintomas-y-como-prevenir-la-influenza\/#breadcrumb\"},\"inLanguage\":\"es-CO\",\"potentialAction\":[{\"@type\":\"ReadAction\",\"target\":[\"https:\/\/fai.org.co\/serintegral\/influenza\/que-es-sintomas-y-como-prevenir-la-influenza\/\"]}]},{\"@type\":\"BreadcrumbList\",\"@id\":\"https:\/\/fai.org.co\/serintegral\/influenza\/que-es-sintomas-y-como-prevenir-la-influenza\/#breadcrumb\",\"itemListElement\":[{\"@type\":\"ListItem\",\"position\":1,\"name\":\"Inicio\",\"item\":\"https:\/\/fai.org.co\/serintegral\/\"},{\"@type\":\"ListItem\",\"position\":2,\"name\":\"Qu\\u00e9 es, s\\u00edntomas y como prevenir la influenza\"}]},{\"@type\":\"Person\",\"@id\":\"https:\/\/fai.org.co\/serintegral\/#\/schema\/person\/74dd1a4f199288dd897a5596d0ffce8d\",\"name\":\"Isabel Arroyave\",\"image\":{\"@type\":\"ImageObject\",\"@id\":\"https:\/\/fai.org.co\/serintegral\/#personlogo\",\"inLanguage\":\"es-CO\",\"url\":\"https:\/\/secure.gravatar.com\/avatar\/c77ed908fda95f30709d773f4a4ede4bf137f7206d1cb98ae6bb01840a1990f0?s=96&d=mm&r=g\",\"contentUrl\":\"https:\/\/secure.gravatar.com\/avatar\/c77ed908fda95f30709d773f4a4ede4bf137f7206d1cb98ae6bb01840a1990f0?s=96&d=mm&r=g\",\"caption\":\"Isabel Arroyave\"},\"url\":\"https:\/\/fai.org.co\/serintegral\/author\/isabel-arroyave\/\"}]}<\/script>\n<!-- \/ Yoast SEO plugin. -->","yoast_head_json":{"title":"Qu\u00e9 es, s\u00edntomas y como prevenir la influenza - Ser integral","robots":{"index":"index","follow":"follow","max-snippet":"max-snippet:-1","max-image-preview":"max-image-preview:large","max-video-preview":"max-video-preview:-1"},"canonical":"https:\/\/fai.org.co\/serintegral\/influenza\/que-es-sintomas-y-como-prevenir-la-influenza\/","og_locale":"es_ES","og_type":"article","og_title":"Qu\u00e9 es, s\u00edntomas y como prevenir la influenza - Ser integral","og_description":"La influenza es una enfermedad viral altamente contagiosa, que afecta principalmente el sistema respiratorio. Es causada por los virus de la influenza A, B y C, y se presenta com\u00fanmente en brotes estacionales, especialmente durante los meses m\u00e1s fr\u00edos y lluviosos del a\u00f1o. Esta enfermedad puede manifestarse de manera leve, pero en ciertos grupos, como [&hellip;]","og_url":"https:\/\/fai.org.co\/serintegral\/influenza\/que-es-sintomas-y-como-prevenir-la-influenza\/","og_site_name":"Ser integral","article_published_time":"2024-11-15T17:12:47+00:00","og_image":[{"width":667,"height":443,"url":"https:\/\/fai.org.co\/serintegral\/wp-content\/uploads\/2023\/09\/Captura-1.jpg","type":"image\/jpeg"}],"twitter_card":"summary_large_image","twitter_misc":{"Escrito por":"Isabel Arroyave","Tiempo estimado de lectura":"2 minutos"},"schema":{"@context":"https:\/\/schema.org","@graph":[{"@type":"WebSite","@id":"https:\/\/fai.org.co\/serintegral\/#website","url":"https:\/\/fai.org.co\/serintegral\/","name":"Ser integral","description":"","potentialAction":[{"@type":"SearchAction","target":{"@type":"EntryPoint","urlTemplate":"https:\/\/fai.org.co\/serintegral\/?s={search_term_string}"},"query-input":"required name=search_term_string"}],"inLanguage":"es-CO"},{"@type":"ImageObject","@id":"https:\/\/fai.org.co\/serintegral\/influenza\/que-es-sintomas-y-como-prevenir-la-influenza\/#primaryimage","inLanguage":"es-CO","url":"https:\/\/fai.org.co\/serintegral\/wp-content\/uploads\/2023\/09\/Captura-1.jpg","contentUrl":"https:\/\/fai.org.co\/serintegral\/wp-content\/uploads\/2023\/09\/Captura-1.jpg","width":667,"height":443},{"@type":"WebPage","@id":"https:\/\/fai.org.co\/serintegral\/influenza\/que-es-sintomas-y-como-prevenir-la-influenza\/#webpage","url":"https:\/\/fai.org.co\/serintegral\/influenza\/que-es-sintomas-y-como-prevenir-la-influenza\/","name":"Qu\u00e9 es, s\u00edntomas y como prevenir la influenza - Ser integral","isPartOf":{"@id":"https:\/\/fai.org.co\/serintegral\/#website"},"primaryImageOfPage":{"@id":"https:\/\/fai.org.co\/serintegral\/influenza\/que-es-sintomas-y-como-prevenir-la-influenza\/#primaryimage"},"datePublished":"2024-11-15T17:12:47+00:00","dateModified":"2024-11-15T17:12:47+00:00","author":{"@id":"https:\/\/fai.org.co\/serintegral\/#\/schema\/person\/74dd1a4f199288dd897a5596d0ffce8d"},"breadcrumb":{"@id":"https:\/\/fai.org.co\/serintegral\/influenza\/que-es-sintomas-y-como-prevenir-la-influenza\/#breadcrumb"},"inLanguage":"es-CO","potentialAction":[{"@type":"ReadAction","target":["https:\/\/fai.org.co\/serintegral\/influenza\/que-es-sintomas-y-como-prevenir-la-influenza\/"]}]},{"@type":"BreadcrumbList","@id":"https:\/\/fai.org.co\/serintegral\/influenza\/que-es-sintomas-y-como-prevenir-la-influenza\/#breadcrumb","itemListElement":[{"@type":"ListItem","position":1,"name":"Inicio","item":"https:\/\/fai.org.co\/serintegral\/"},{"@type":"ListItem","position":2,"name":"Qu\u00e9 es, s\u00edntomas y como prevenir la influenza"}]},{"@type":"Person","@id":"https:\/\/fai.org.co\/serintegral\/#\/schema\/person\/74dd1a4f199288dd897a5596d0ffce8d","name":"Isabel Arroyave","image":{"@type":"ImageObject","@id":"https:\/\/fai.org.co\/serintegral\/#personlogo","inLanguage":"es-CO","url":"https:\/\/secure.gravatar.com\/avatar\/c77ed908fda95f30709d773f4a4ede4bf137f7206d1cb98ae6bb01840a1990f0?s=96&d=mm&r=g","contentUrl":"https:\/\/secure.gravatar.com\/avatar\/c77ed908fda95f30709d773f4a4ede4bf137f7206d1cb98ae6bb01840a1990f0?s=96&d=mm&r=g","caption":"Isabel Arroyave"},"url":"https:\/\/fai.org.co\/serintegral\/author\/isabel-arroyave\/"}]}},"jetpack_featured_media_url":"https:\/\/fai.org.co\/serintegral\/wp-content\/uploads\/2023\/09\/Captura-1.jpg","_links":{"self":[{"href":"https:\/\/fai.org.co\/serintegral\/wp-json\/wp\/v2\/posts\/2710","targetHints":{"allow":["GET"]}}],"collection":[{"href":"https:\/\/fai.org.co\/serintegral\/wp-json\/wp\/v2\/posts"}],"about":[{"href":"https:\/\/fai.org.co\/serintegral\/wp-json\/wp\/v2\/types\/post"}],"author":[{"embeddable":true,"href":"https:\/\/fai.org.co\/serintegral\/wp-json\/wp\/v2\/users\/3"}],"replies":[{"embeddable":true,"href":"https:\/\/fai.org.co\/serintegral\/wp-json\/wp\/v2\/comments?post=2710"}],"version-history":[{"count":1,"href":"https:\/\/fai.org.co\/serintegral\/wp-json\/wp\/v2\/posts\/2710\/revisions"}],"predecessor-version":[{"id":2711,"href":"https:\/\/fai.org.co\/serintegral\/wp-json\/wp\/v2\/posts\/2710\/revisions\/2711"}],"wp:featuredmedia":[{"embeddable":true,"href":"https:\/\/fai.org.co\/serintegral\/wp-json\/wp\/v2\/media\/2642"}],"wp:attachment":[{"href":"https:\/\/fai.org.co\/serintegral\/wp-json\/wp\/v2\/media?parent=2710"}],"wp:term":[{"taxonomy":"category","embeddable":true,"href":"https:\/\/fai.org.co\/serintegral\/wp-json\/wp\/v2\/categories?post=2710"},{"taxonomy":"post_tag","embeddable":true,"href":"https:\/\/fai.org.co\/serintegral\/wp-json\/wp\/v2\/tags?post=2710"}],"curies":[{"name":"wp","href":"https:\/\/api.w.org\/{rel}","templated":true}]}}