{"id":510,"date":"2021-08-24T14:11:24","date_gmt":"2021-08-24T19:11:24","guid":{"rendered":"https:\/\/fai.org.co\/serintegral\/?p=510"},"modified":"2021-08-31T00:59:54","modified_gmt":"2021-08-31T05:59:54","slug":"hepatitis-virales-informarse-significa-prevencion","status":"publish","type":"post","link":"https:\/\/fai.org.co\/serintegral\/hepatitis-c\/hepatitis-virales-informarse-significa-prevencion\/","title":{"rendered":"Las hepatitis virales, de la A a la E, informarse significa prevenci\u00f3n"},"content":{"rendered":"<h2>Una de las patolog\u00edas de la que m\u00e1s escuchamos hablar es la hepatitis, debido a su alta prevalencia en adultos y los constantes avances m\u00e9dicos para diagnosticar y tratar a los pacientes con esta condici\u00f3n. Pero \u00bfqu\u00e9 es? y \u00bfc\u00f3mo se diferencian los diferentes tipos?<\/h2>\n<p>Para empezar, la hepatitis es una enfermedad causada a trav\u00e9s de un virus que resulta en la inflamaci\u00f3n en el h\u00edgado, afectando el buen funcionamiento de este \u00f3rgano encargado de procesar nutrientes, filtrar la sangre y combatir infecciones. Dicha inflamaci\u00f3n puede causar diferentes enfermedades, tales como c\u00e1ncer de h\u00edgado y cirrosis, patolog\u00edas que pueden ocasionar la muerte.<\/p>\n<h3><strong>\u00bfQu\u00e9 son las hepatitis virales?<\/strong><\/h3>\n<p>Cuando se habla de las hepatitis virales, usualmente se refiere a uno de los distintos virus causantes de la hepatitis. Son cinco tipos diferentes, que cambian en sus modos de transmisi\u00f3n, duraci\u00f3n, prevenci\u00f3n, diagn\u00f3stico y tratamiento. Las hepatitis virales son responsables de alrededor de 1,4 millones de muertes al a\u00f1o a nivel mundial, donde el 47% representa la hepatitis B , el 48% la hepatitis C, y el porcentaje restante entre las de tipo A y E.<\/p>\n<h3><strong>\u00bfC\u00f3mo se transmiten las hepatitis?<\/strong><\/h3>\n<p>El tipo A y E, usualmente se transmiten a trav\u00e9s del contacto o ingesta de alimentos o agua, que han sido contaminados con las heces de una persona con hepatitis; tambi\u00e9n por la falta de medidas higi\u00e9nicas en actividades cotidianas y, en algunos casos, por relaciones sexuales, orales o anales, sin protecci\u00f3n.<\/p>\n<p>Las de tipo B y C; son transmitidas por contacto con fluidos corporales como sangre, semen y otros fluidos corporales de una persona infectada. Encontramos situaciones de riesgo en relaciones sexuales sin cond\u00f3n, compartir elementos personales como agujas, cuchillas de afeitar o cepillos de dientes y, en los partos, la infecci\u00f3n vertical causada de la madre al hijo. La D solamente se adquiere si ya se est\u00e1 afectado con la tipo B o en simult\u00e1neo con la misma.<\/p>\n<h3><strong>\u00bfCu\u00e1les son los s\u00edntomas?<\/strong><\/h3>\n<p>Los s\u00edntomas de la hepatitis pueden variar desde la fiebre, fatiga, p\u00e9rdida de apetito, n\u00e1useas, v\u00f3mitos, dolor abdominal, hasta la orina oscura, heces de color claro, dolor en las articulaciones e ictericia. Aunque cabe anotar que muchas personas no presentan s\u00edntomas y no saben que est\u00e1n infectadas, porque los s\u00edntomas pueden aparecer entre 2 semanas hasta 6 meses desde la exposici\u00f3n y, en el caso de la hepatitis C cr\u00f3nica, estos s\u00edntomas pueden tardar d\u00e9cadas en presentarse.<\/p>\n<p>Por esto, es importante la prevenci\u00f3n, ya que la \u00fanica manera de diferenciar o conocer si una persona est\u00e1 infectada, es con ex\u00e1menes de laboratorio. Pero con un diagn\u00f3stico y tratamiento adelantado, se puede reducir la posibilidad de que ocurran complicaciones de las mismas.<\/p>\n<h3><strong>Tratamiento y prevenci\u00f3n<\/strong><\/h3>\n<p>Principalmente las medidas de prevenci\u00f3n son de vital importancia para no contagiarse con ninguno de los diferentes tipos de virus que causan las hepatitis. Las de tipo A y B se pueden prevenir por medio de vacunas, las C, D y E con cuidado ante situaciones de riesgo. Las hepatitis A y E no tienen un tratamiento espec\u00edfico, usualmente requieren de cuidado b\u00e1sico y de reposo en casa. Las de tipo B y C son tratables y el \u00e9xito del tratamiento depende de que tan pronto se diagnostiquen y los medicamentos que se utilicen.<\/p>\n<p>Para recordar, estas son algunas tareas cotidianas que pueden reducir el riesgo de contagio:<\/p>\n<ul>\n<li>Beber agua potable.<\/li>\n<li>Uso de cond\u00f3n en las pr\u00e1cticas sexuales<\/li>\n<li>Lavado de manos constante y de alimentos antes del consumo.<\/li>\n<li>No compartir elementos personales.<\/li>\n<li>Cocinar bien los alimentos.<\/li>\n<\/ul>\n<p>Y lo m\u00e1s importante, hacerse pruebas de chequeo con constancia porque la prevenci\u00f3n puede salvar vidas.<\/p>\n<hr \/>\n<p><strong>Fuente:<\/strong><br \/>\n<strong>Juan Carlos Restrepo Guti\u00e9rrez &#8211; Hepat\u00f3logo<\/strong><\/p>\n<h6 style=\"text-align: center;\"><em>Nota: Ser Integral-FAI es un proyecto acad\u00e9mico y cient\u00edfico sin \u00e1nimo de lucro, patrocinado por Grupo Biotoscana-GBT. Se autoriza su reproducci\u00f3n parcial o total, citando la fuente.<\/em><\/h6>\n<p><a href=\"https:\/\/www.quenocescondadeti.co\/\" target=\"_blank\" rel=\"noopener\"><img loading=\"lazy\" decoding=\"async\" class=\"aligncenter wp-image-1228 size-large\" src=\"https:\/\/fai.org.co\/serintegral\/wp-content\/uploads\/2021\/08\/boton_QueNoCEscondaDeTi_Ser-Integral-FAI_VHC01-1-1024x256.png\" alt=\"hepatitis\" width=\"800\" height=\"200\" srcset=\"https:\/\/fai.org.co\/serintegral\/wp-content\/uploads\/2021\/08\/boton_QueNoCEscondaDeTi_Ser-Integral-FAI_VHC01-1-1024x256.png 1024w, https:\/\/fai.org.co\/serintegral\/wp-content\/uploads\/2021\/08\/boton_QueNoCEscondaDeTi_Ser-Integral-FAI_VHC01-1-300x75.png 300w, https:\/\/fai.org.co\/serintegral\/wp-content\/uploads\/2021\/08\/boton_QueNoCEscondaDeTi_Ser-Integral-FAI_VHC01-1-768x192.png 768w, https:\/\/fai.org.co\/serintegral\/wp-content\/uploads\/2021\/08\/boton_QueNoCEscondaDeTi_Ser-Integral-FAI_VHC01-1-1536x384.png 1536w, https:\/\/fai.org.co\/serintegral\/wp-content\/uploads\/2021\/08\/boton_QueNoCEscondaDeTi_Ser-Integral-FAI_VHC01-1-2048x512.png 2048w\" sizes=\"auto, (max-width: 800px) 100vw, 800px\" \/><\/a><\/p>\n","protected":false},"excerpt":{"rendered":"<p>Una de las patolog\u00edas de la que m\u00e1s escuchamos hablar es la hepatitis, debido a su alta prevalencia en adultos y los constantes avances m\u00e9dicos para diagnosticar y tratar a los pacientes con esta condici\u00f3n. Pero \u00bfqu\u00e9 es? y \u00bfc\u00f3mo se diferencian los diferentes tipos? Para empezar, la hepatitis es una enfermedad causada a trav\u00e9s [&hellip;]<\/p>\n","protected":false},"author":2,"featured_media":1258,"comment_status":"open","ping_status":"open","sticky":false,"template":"","format":"standard","meta":{"_monsterinsights_skip_tracking":false,"_monsterinsights_sitenote_active":false,"_monsterinsights_sitenote_note":"","_monsterinsights_sitenote_category":0,"spay_email":"","footnotes":""},"categories":[8],"tags":[],"class_list":["post-510","post","type-post","status-publish","format-standard","has-post-thumbnail","hentry","category-hepatitis-c"],"aioseo_notices":[],"yoast_head":"<!-- This site is optimized with the Yoast SEO plugin v17.5 - https:\/\/yoast.com\/wordpress\/plugins\/seo\/ -->\n<title>Las hepatitis virales, de la A a la E, informarse significa prevenci\u00f3n<\/title>\n<meta name=\"description\" content=\"Una de las patolog\u00edas de la que m\u00e1s escuchamos hablar es la hepatitis. Pero \u00bfqu\u00e9 es? y \u00bfc\u00f3mo se diferencian los diferentes tipos?\" \/>\n<meta name=\"robots\" content=\"index, follow, max-snippet:-1, max-image-preview:large, max-video-preview:-1\" \/>\n<link rel=\"canonical\" href=\"https:\/\/fai.org.co\/serintegral\/hepatitis-c\/hepatitis-virales-informarse-significa-prevencion\/\" \/>\n<meta property=\"og:locale\" content=\"es_ES\" \/>\n<meta property=\"og:type\" content=\"article\" \/>\n<meta property=\"og:title\" content=\"Las hepatitis virales, de la A a la E, informarse significa prevenci\u00f3n\" \/>\n<meta property=\"og:description\" content=\"Una de las patolog\u00edas de la que m\u00e1s escuchamos hablar es la hepatitis. Pero \u00bfqu\u00e9 es? y \u00bfc\u00f3mo se diferencian los diferentes tipos?\" \/>\n<meta property=\"og:url\" content=\"https:\/\/fai.org.co\/serintegral\/hepatitis-c\/hepatitis-virales-informarse-significa-prevencion\/\" \/>\n<meta property=\"og:site_name\" content=\"Ser integral\" \/>\n<meta property=\"article:published_time\" content=\"2021-08-24T19:11:24+00:00\" \/>\n<meta property=\"article:modified_time\" content=\"2021-08-31T05:59:54+00:00\" \/>\n<meta property=\"og:image\" content=\"https:\/\/fai.org.co\/serintegral\/wp-content\/uploads\/2021\/07\/hepatitis-virales-informarse-significa-prevencion.jpg\" \/>\n\t<meta property=\"og:image:width\" content=\"539\" \/>\n\t<meta property=\"og:image:height\" content=\"369\" \/>\n<meta name=\"twitter:card\" content=\"summary_large_image\" \/>\n<meta name=\"twitter:label1\" content=\"Escrito por\" \/>\n\t<meta name=\"twitter:data1\" content=\"ser_integral\" \/>\n\t<meta name=\"twitter:label2\" content=\"Tiempo estimado de lectura\" \/>\n\t<meta name=\"twitter:data2\" content=\"3 minutos\" \/>\n<script type=\"application\/ld+json\" class=\"yoast-schema-graph\">{\"@context\":\"https:\/\/schema.org\",\"@graph\":[{\"@type\":\"WebSite\",\"@id\":\"https:\/\/fai.org.co\/serintegral\/#website\",\"url\":\"https:\/\/fai.org.co\/serintegral\/\",\"name\":\"Ser integral\",\"description\":\"\",\"potentialAction\":[{\"@type\":\"SearchAction\",\"target\":{\"@type\":\"EntryPoint\",\"urlTemplate\":\"https:\/\/fai.org.co\/serintegral\/?s={search_term_string}\"},\"query-input\":\"required name=search_term_string\"}],\"inLanguage\":\"es-CO\"},{\"@type\":\"ImageObject\",\"@id\":\"https:\/\/fai.org.co\/serintegral\/hepatitis-c\/hepatitis-virales-informarse-significa-prevencion\/#primaryimage\",\"inLanguage\":\"es-CO\",\"url\":\"https:\/\/fai.org.co\/serintegral\/wp-content\/uploads\/2021\/07\/hepatitis-virales-informarse-significa-prevencion.jpg\",\"contentUrl\":\"https:\/\/fai.org.co\/serintegral\/wp-content\/uploads\/2021\/07\/hepatitis-virales-informarse-significa-prevencion.jpg\",\"width\":539,\"height\":369,\"caption\":\"hepatitis\"},{\"@type\":\"WebPage\",\"@id\":\"https:\/\/fai.org.co\/serintegral\/hepatitis-c\/hepatitis-virales-informarse-significa-prevencion\/#webpage\",\"url\":\"https:\/\/fai.org.co\/serintegral\/hepatitis-c\/hepatitis-virales-informarse-significa-prevencion\/\",\"name\":\"Las hepatitis virales, de la A a la E, informarse significa prevenci\\u00f3n\",\"isPartOf\":{\"@id\":\"https:\/\/fai.org.co\/serintegral\/#website\"},\"primaryImageOfPage\":{\"@id\":\"https:\/\/fai.org.co\/serintegral\/hepatitis-c\/hepatitis-virales-informarse-significa-prevencion\/#primaryimage\"},\"datePublished\":\"2021-08-24T19:11:24+00:00\",\"dateModified\":\"2021-08-31T05:59:54+00:00\",\"author\":{\"@id\":\"https:\/\/fai.org.co\/serintegral\/#\/schema\/person\/07947feccb7e085e4a0897f398e7e09c\"},\"description\":\"Una de las patolog\\u00edas de la que m\\u00e1s escuchamos hablar es la hepatitis. Pero \\u00bfqu\\u00e9 es? y \\u00bfc\\u00f3mo se diferencian los diferentes tipos?\",\"breadcrumb\":{\"@id\":\"https:\/\/fai.org.co\/serintegral\/hepatitis-c\/hepatitis-virales-informarse-significa-prevencion\/#breadcrumb\"},\"inLanguage\":\"es-CO\",\"potentialAction\":[{\"@type\":\"ReadAction\",\"target\":[\"https:\/\/fai.org.co\/serintegral\/hepatitis-c\/hepatitis-virales-informarse-significa-prevencion\/\"]}]},{\"@type\":\"BreadcrumbList\",\"@id\":\"https:\/\/fai.org.co\/serintegral\/hepatitis-c\/hepatitis-virales-informarse-significa-prevencion\/#breadcrumb\",\"itemListElement\":[{\"@type\":\"ListItem\",\"position\":1,\"name\":\"Inicio\",\"item\":\"https:\/\/fai.org.co\/serintegral\/\"},{\"@type\":\"ListItem\",\"position\":2,\"name\":\"Las hepatitis virales, de la A a la E, informarse significa prevenci\\u00f3n\"}]},{\"@type\":\"Person\",\"@id\":\"https:\/\/fai.org.co\/serintegral\/#\/schema\/person\/07947feccb7e085e4a0897f398e7e09c\",\"name\":\"ser_integral\",\"image\":{\"@type\":\"ImageObject\",\"@id\":\"https:\/\/fai.org.co\/serintegral\/#personlogo\",\"inLanguage\":\"es-CO\",\"url\":\"https:\/\/secure.gravatar.com\/avatar\/d019f5050c26fda22d47330ce0f99cf86745e4f9d41b4f7de838ecf51eeb5eaa?s=96&d=mm&r=g\",\"contentUrl\":\"https:\/\/secure.gravatar.com\/avatar\/d019f5050c26fda22d47330ce0f99cf86745e4f9d41b4f7de838ecf51eeb5eaa?s=96&d=mm&r=g\",\"caption\":\"ser_integral\"},\"url\":\"https:\/\/fai.org.co\/serintegral\/author\/ser_integral\/\"}]}<\/script>\n<!-- \/ Yoast SEO plugin. -->","yoast_head_json":{"title":"Las hepatitis virales, de la A a la E, informarse significa prevenci\u00f3n","description":"Una de las patolog\u00edas de la que m\u00e1s escuchamos hablar es la hepatitis. Pero \u00bfqu\u00e9 es? y \u00bfc\u00f3mo se diferencian los diferentes tipos?","robots":{"index":"index","follow":"follow","max-snippet":"max-snippet:-1","max-image-preview":"max-image-preview:large","max-video-preview":"max-video-preview:-1"},"canonical":"https:\/\/fai.org.co\/serintegral\/hepatitis-c\/hepatitis-virales-informarse-significa-prevencion\/","og_locale":"es_ES","og_type":"article","og_title":"Las hepatitis virales, de la A a la E, informarse significa prevenci\u00f3n","og_description":"Una de las patolog\u00edas de la que m\u00e1s escuchamos hablar es la hepatitis. Pero \u00bfqu\u00e9 es? y \u00bfc\u00f3mo se diferencian los diferentes tipos?","og_url":"https:\/\/fai.org.co\/serintegral\/hepatitis-c\/hepatitis-virales-informarse-significa-prevencion\/","og_site_name":"Ser integral","article_published_time":"2021-08-24T19:11:24+00:00","article_modified_time":"2021-08-31T05:59:54+00:00","og_image":[{"width":539,"height":369,"url":"https:\/\/fai.org.co\/serintegral\/wp-content\/uploads\/2021\/07\/hepatitis-virales-informarse-significa-prevencion.jpg","type":"image\/jpeg"}],"twitter_card":"summary_large_image","twitter_misc":{"Escrito por":"ser_integral","Tiempo estimado de lectura":"3 minutos"},"schema":{"@context":"https:\/\/schema.org","@graph":[{"@type":"WebSite","@id":"https:\/\/fai.org.co\/serintegral\/#website","url":"https:\/\/fai.org.co\/serintegral\/","name":"Ser integral","description":"","potentialAction":[{"@type":"SearchAction","target":{"@type":"EntryPoint","urlTemplate":"https:\/\/fai.org.co\/serintegral\/?s={search_term_string}"},"query-input":"required name=search_term_string"}],"inLanguage":"es-CO"},{"@type":"ImageObject","@id":"https:\/\/fai.org.co\/serintegral\/hepatitis-c\/hepatitis-virales-informarse-significa-prevencion\/#primaryimage","inLanguage":"es-CO","url":"https:\/\/fai.org.co\/serintegral\/wp-content\/uploads\/2021\/07\/hepatitis-virales-informarse-significa-prevencion.jpg","contentUrl":"https:\/\/fai.org.co\/serintegral\/wp-content\/uploads\/2021\/07\/hepatitis-virales-informarse-significa-prevencion.jpg","width":539,"height":369,"caption":"hepatitis"},{"@type":"WebPage","@id":"https:\/\/fai.org.co\/serintegral\/hepatitis-c\/hepatitis-virales-informarse-significa-prevencion\/#webpage","url":"https:\/\/fai.org.co\/serintegral\/hepatitis-c\/hepatitis-virales-informarse-significa-prevencion\/","name":"Las hepatitis virales, de la A a la E, informarse significa prevenci\u00f3n","isPartOf":{"@id":"https:\/\/fai.org.co\/serintegral\/#website"},"primaryImageOfPage":{"@id":"https:\/\/fai.org.co\/serintegral\/hepatitis-c\/hepatitis-virales-informarse-significa-prevencion\/#primaryimage"},"datePublished":"2021-08-24T19:11:24+00:00","dateModified":"2021-08-31T05:59:54+00:00","author":{"@id":"https:\/\/fai.org.co\/serintegral\/#\/schema\/person\/07947feccb7e085e4a0897f398e7e09c"},"description":"Una de las patolog\u00edas de la que m\u00e1s escuchamos hablar es la hepatitis. Pero \u00bfqu\u00e9 es? y \u00bfc\u00f3mo se diferencian los diferentes tipos?","breadcrumb":{"@id":"https:\/\/fai.org.co\/serintegral\/hepatitis-c\/hepatitis-virales-informarse-significa-prevencion\/#breadcrumb"},"inLanguage":"es-CO","potentialAction":[{"@type":"ReadAction","target":["https:\/\/fai.org.co\/serintegral\/hepatitis-c\/hepatitis-virales-informarse-significa-prevencion\/"]}]},{"@type":"BreadcrumbList","@id":"https:\/\/fai.org.co\/serintegral\/hepatitis-c\/hepatitis-virales-informarse-significa-prevencion\/#breadcrumb","itemListElement":[{"@type":"ListItem","position":1,"name":"Inicio","item":"https:\/\/fai.org.co\/serintegral\/"},{"@type":"ListItem","position":2,"name":"Las hepatitis virales, de la A a la E, informarse significa prevenci\u00f3n"}]},{"@type":"Person","@id":"https:\/\/fai.org.co\/serintegral\/#\/schema\/person\/07947feccb7e085e4a0897f398e7e09c","name":"ser_integral","image":{"@type":"ImageObject","@id":"https:\/\/fai.org.co\/serintegral\/#personlogo","inLanguage":"es-CO","url":"https:\/\/secure.gravatar.com\/avatar\/d019f5050c26fda22d47330ce0f99cf86745e4f9d41b4f7de838ecf51eeb5eaa?s=96&d=mm&r=g","contentUrl":"https:\/\/secure.gravatar.com\/avatar\/d019f5050c26fda22d47330ce0f99cf86745e4f9d41b4f7de838ecf51eeb5eaa?s=96&d=mm&r=g","caption":"ser_integral"},"url":"https:\/\/fai.org.co\/serintegral\/author\/ser_integral\/"}]}},"jetpack_featured_media_url":"https:\/\/fai.org.co\/serintegral\/wp-content\/uploads\/2021\/07\/hepatitis-virales-informarse-significa-prevencion.jpg","_links":{"self":[{"href":"https:\/\/fai.org.co\/serintegral\/wp-json\/wp\/v2\/posts\/510","targetHints":{"allow":["GET"]}}],"collection":[{"href":"https:\/\/fai.org.co\/serintegral\/wp-json\/wp\/v2\/posts"}],"about":[{"href":"https:\/\/fai.org.co\/serintegral\/wp-json\/wp\/v2\/types\/post"}],"author":[{"embeddable":true,"href":"https:\/\/fai.org.co\/serintegral\/wp-json\/wp\/v2\/users\/2"}],"replies":[{"embeddable":true,"href":"https:\/\/fai.org.co\/serintegral\/wp-json\/wp\/v2\/comments?post=510"}],"version-history":[{"count":4,"href":"https:\/\/fai.org.co\/serintegral\/wp-json\/wp\/v2\/posts\/510\/revisions"}],"predecessor-version":[{"id":1256,"href":"https:\/\/fai.org.co\/serintegral\/wp-json\/wp\/v2\/posts\/510\/revisions\/1256"}],"wp:featuredmedia":[{"embeddable":true,"href":"https:\/\/fai.org.co\/serintegral\/wp-json\/wp\/v2\/media\/1258"}],"wp:attachment":[{"href":"https:\/\/fai.org.co\/serintegral\/wp-json\/wp\/v2\/media?parent=510"}],"wp:term":[{"taxonomy":"category","embeddable":true,"href":"https:\/\/fai.org.co\/serintegral\/wp-json\/wp\/v2\/categories?post=510"},{"taxonomy":"post_tag","embeddable":true,"href":"https:\/\/fai.org.co\/serintegral\/wp-json\/wp\/v2\/tags?post=510"}],"curies":[{"name":"wp","href":"https:\/\/api.w.org\/{rel}","templated":true}]}}